{"id":308880,"date":"2026-03-14T12:54:44","date_gmt":"2026-03-14T09:54:44","guid":{"rendered":"https:\/\/www.tgrthaber.com\/mavikadin\/?p=308880"},"modified":"2026-03-14T12:54:45","modified_gmt":"2026-03-14T09:54:45","slug":"tarkanin-yurt-disi-konserlerinde-yeni-bir-gelisme-yasandi-unlu-sanatci-abu-dhabi-organizasyonlarini-iptal-etti","status":"publish","type":"post","link":"https:\/\/www.tgrthaber.com\/mavikadin\/tarkanin-yurt-disi-konserlerinde-yeni-bir-gelisme-yasandi-unlu-sanatci-abu-dhabi-organizasyonlarini-iptal-etti\/","title":{"rendered":"Tarkan\u2019\u0131n yurt d\u0131\u015f\u0131 konserlerinde yeni bir geli\u015fme ya\u015fand\u0131! \u00dcnl\u00fc sanat\u00e7\u0131 Abu Dhabi organizasyonlar\u0131n\u0131 iptal etti"},"content":{"rendered":"<p><a href=\"https:\/\/www.tgrthaber.com\/mavikadin\/tasacak-bu-denizin-setinde-surpriz-iddia-burcu-cavrar-ve-onur-dilber-gercekten-asik-mi\/\">Tarkan<\/a>, yakla\u015f\u0131k 7 y\u0131l aradan sonra \u0130stanbul\u2019da konser vermi\u015fti. \u00dcnl\u00fc \u015fark\u0131c\u0131n\u0131n konserlerine binlerce ki\u015fi ak\u0131n etmi\u015f ve b\u00fcy\u00fck ilgi g\u00f6rm\u00fc\u015ft\u00fc. Y\u00fcksek bilet fiyatlar\u0131yla magazine damga vuran Tarkan\u2019\u0131n g\u00fcnlerce konu\u015fulan konser serisinin ard\u0131ndan yeni duraklar\u0131 da merak edilmeye ba\u015flanm\u0131\u015ft\u0131. Sahne performans\u0131 ve konserleriyle magazin g\u00fcndeminden uzun bir s\u00fcre d\u00fc\u015fmeyen Tarkan\u2019\u0131n yurt d\u0131\u015f\u0131 konserlerinde yeni bir geli\u015fme ya\u015fand\u0131. Megastar, Abu Dhabi organizasyonlar\u0131n\u0131 iptal etti. Konserlerin iptal edilmesi sonras\u0131 yerel y\u00f6netimin de devreye girdi\u011fi \u00f6\u011frenildi.<\/p>\n<h3>TARKAN\u2019IN YURT DI\u015eI KONSERLER\u0130NDE YEN\u0130 B\u0130R GEL\u0130\u015eME YA\u015eANDI!<\/h3>\n<p>Son zamanlarda verdi\u011fi konserlerle b\u00fcy\u00fck ses getiren <a href=\"https:\/\/www.tgrthaber.com\/mavikadin\/unlulerin-ramazan-bayrami-sahne-ucretleri-belli-oldu-fiyatlar-dudak-ucuklatiyor\/\">Tarkan\u2019\u0131n<\/a> yurt d\u0131\u015f\u0131 konserlerinde yeni bir geli\u015fme ya\u015fand\u0131. Megastar lakab\u0131yla tan\u0131nan Tarkan, uzun bir aran\u0131n ard\u0131ndan \u0130stanbul\u2019da sevenlerinin ve dinleyicilerinin kar\u015f\u0131s\u0131na \u00e7\u0131km\u0131\u015ft\u0131. Sevilen \u015fark\u0131lar\u0131yla ve danslar\u0131yla hayranlar\u0131n\u0131 co\u015fturan Tarkan, ge\u00e7ti\u011fimiz ay \u0130stanbul\u2019daki konser serisiyle b\u00fcy\u00fck ses getirmi\u015fti.<\/p>\n<p><img loading=\"lazy\" decoding=\"async\" class=\"size-full wp-image-308886\" src=\"https:\/\/www.tgrthaber.com\/mavikadin\/wp-content\/uploads\/2026\/03\/Tarkan-17.jpg\" alt=\"Tarkan\u2019\u0131n yurt d\u0131\u015f\u0131 konserlerinde yeni bir geli\u015fme ya\u015fand\u0131! \u00dcnl\u00fc sanat\u00e7\u0131 Abu Dhabi organizasyonlar\u0131n\u0131 iptal etti\" width=\"1208\" height=\"680\" title=\"\" srcset=\"https:\/\/www.tgrthaber.com\/mavikadin\/wp-content\/uploads\/2026\/03\/Tarkan-17.jpg 1208w, https:\/\/www.tgrthaber.com\/mavikadin\/wp-content\/uploads\/2026\/03\/Tarkan-17-300x169.jpg 300w, https:\/\/www.tgrthaber.com\/mavikadin\/wp-content\/uploads\/2026\/03\/Tarkan-17-1024x576.jpg 1024w, https:\/\/www.tgrthaber.com\/mavikadin\/wp-content\/uploads\/2026\/03\/Tarkan-17-768x432.jpg 768w\" sizes=\"(max-width: 1208px) 100vw, 1208px\" \/><\/p>\n<hr \/>\n<p>T\u00fcrk Pop m\u00fczi\u011finin sevilen isimlerinden megastar Tarkan\u2019\u0131n uzun bir aran\u0131n ard\u0131ndan ger\u00e7ekle\u015fen konserine binlerce ki\u015fi ak\u0131n etmi\u015fti. \u00d6zellikle y\u00fcksek bilet fiyatlar\u0131yla da magazin g\u00fcndemine bomba gibi d\u00fc\u015fen Tarkan, toplam 10 konser boyunca sahne alm\u0131\u015ft\u0131. Uzun bir aran\u0131n ard\u0131ndan sahnelere geri d\u00f6nene Tarkan, g\u00fc\u00e7l\u00fc sesi ve sahne performans\u0131yla magazin d\u00fcnyas\u0131na da damga vurmu\u015ftu.<\/p>\n<p><img loading=\"lazy\" decoding=\"async\" class=\"size-full wp-image-308884\" src=\"https:\/\/www.tgrthaber.com\/mavikadin\/wp-content\/uploads\/2026\/03\/Tarkan-21.jpg\" alt=\"Tarkan\u2019\u0131n yurt d\u0131\u015f\u0131 konserlerinde yeni bir geli\u015fme ya\u015fand\u0131! \u00dcnl\u00fc sanat\u00e7\u0131 Abu Dhabi organizasyonlar\u0131n\u0131 iptal etti\" width=\"1208\" height=\"680\" title=\"\" srcset=\"https:\/\/www.tgrthaber.com\/mavikadin\/wp-content\/uploads\/2026\/03\/Tarkan-21.jpg 1208w, https:\/\/www.tgrthaber.com\/mavikadin\/wp-content\/uploads\/2026\/03\/Tarkan-21-300x169.jpg 300w, https:\/\/www.tgrthaber.com\/mavikadin\/wp-content\/uploads\/2026\/03\/Tarkan-21-1024x576.jpg 1024w, https:\/\/www.tgrthaber.com\/mavikadin\/wp-content\/uploads\/2026\/03\/Tarkan-21-768x432.jpg 768w\" sizes=\"(max-width: 1208px) 100vw, 1208px\" \/><\/p>\n<hr \/>\n<p>\u0130stanbul konser maratonu 4 \u015eubat\u2019ta son bulan Tarkan\u2019\u0131n yeni konser planlar\u0131n\u0131n oldu\u011fu da duyurulmu\u015ftu. Sahne \u015fovlar\u0131, g\u00fc\u00e7l\u00fc sesi ve kost\u00fcmleriyle konser maratonuna damga vuran Tarkan\u2019\u0131n yurt d\u0131\u015f\u0131 konserlerinde yeni bir geli\u015fme ya\u015fand\u0131.<\/p>\n<p><img loading=\"lazy\" decoding=\"async\" class=\"size-full wp-image-308883\" src=\"https:\/\/www.tgrthaber.com\/mavikadin\/wp-content\/uploads\/2026\/03\/Tarkan-20.jpg\" alt=\"Tarkan\u2019\u0131n yurt d\u0131\u015f\u0131 konserlerinde yeni bir geli\u015fme ya\u015fand\u0131! \u00dcnl\u00fc sanat\u00e7\u0131 Abu Dhabi organizasyonlar\u0131n\u0131 iptal etti\" width=\"1208\" height=\"680\" title=\"\" srcset=\"https:\/\/www.tgrthaber.com\/mavikadin\/wp-content\/uploads\/2026\/03\/Tarkan-20.jpg 1208w, https:\/\/www.tgrthaber.com\/mavikadin\/wp-content\/uploads\/2026\/03\/Tarkan-20-300x169.jpg 300w, https:\/\/www.tgrthaber.com\/mavikadin\/wp-content\/uploads\/2026\/03\/Tarkan-20-1024x576.jpg 1024w, https:\/\/www.tgrthaber.com\/mavikadin\/wp-content\/uploads\/2026\/03\/Tarkan-20-768x432.jpg 768w\" sizes=\"(max-width: 1208px) 100vw, 1208px\" \/><\/p>\n<hr \/>\n<p>Program\u0131nda yurt d\u0131\u015f\u0131 konserleri de bulunan Tarkan\u2019\u0131n planlanan konserlerini iptal etti\u011fi ortaya \u00e7\u0131kt\u0131. \u00dcnl\u00fc sanat\u00e7\u0131 Abu Dhabi organizasyonlar\u0131n\u0131 iptal etti. Abu Dhabi\u2019de yap\u0131lmas\u0131 planlanan organizasyonlar g\u00fcndeme geldi. Konserlerin iptal edilmesi sonras\u0131 yerel y\u00f6netimin de devreye girdi\u011fi \u00f6\u011frenildi.<\/p>\n<p><img loading=\"lazy\" decoding=\"async\" class=\"size-full wp-image-308881\" src=\"https:\/\/www.tgrthaber.com\/mavikadin\/wp-content\/uploads\/2026\/03\/Tarkan-18.jpg\" alt=\"Tarkan\u2019\u0131n yurt d\u0131\u015f\u0131 konserlerinde yeni bir geli\u015fme ya\u015fand\u0131! \u00dcnl\u00fc sanat\u00e7\u0131 Abu Dhabi organizasyonlar\u0131n\u0131 iptal etti\" width=\"1208\" height=\"680\" title=\"\" srcset=\"https:\/\/www.tgrthaber.com\/mavikadin\/wp-content\/uploads\/2026\/03\/Tarkan-18.jpg 1208w, https:\/\/www.tgrthaber.com\/mavikadin\/wp-content\/uploads\/2026\/03\/Tarkan-18-300x169.jpg 300w, https:\/\/www.tgrthaber.com\/mavikadin\/wp-content\/uploads\/2026\/03\/Tarkan-18-1024x576.jpg 1024w, https:\/\/www.tgrthaber.com\/mavikadin\/wp-content\/uploads\/2026\/03\/Tarkan-18-768x432.jpg 768w\" sizes=\"(max-width: 1208px) 100vw, 1208px\" \/><\/p>\n<hr \/>\n<h3>TARKAN ABU DHAB\u0130 ORGAN\u0130ZASYONLARINI \u0130PTAL ETT\u0130!<\/h3>\n<p><a href=\"https:\/\/www.tgrthaber.com\/mavikadin\/acun-ilicalidan-canli-yayinda-surpriz-telefon-29-yillik-hayraniyla-tesadufen-tanisti\/\">Tarkan\u2019\u0131n<\/a> Abu Dhabi konserleri duyurulmas\u0131yla birlikte b\u00fcy\u00fck heyecan olu\u015fturulmu\u015ftu. \u00dcnl\u00fc sanat\u00e7\u0131n\u0131n burada 2 konser vermesi planlan\u0131yordu. 16 ve 17 Nisan tarihlerinde yap\u0131laca\u011f\u0131 belirtilen Tarkan\u2019\u0131n programla ilgili yeni bir geli\u015fme ya\u015fand\u0131. Tarkan ve ekibinin bu konserleri iptal etme karar\u0131 ald\u0131\u011f\u0131 \u00f6\u011frenildi. Karar\u0131n b\u00f6lgede ya\u015fanan geli\u015fmeler nedeniyle al\u0131nd\u0131\u011f\u0131 a\u00e7\u0131kland\u0131.<\/p>\n<p><img loading=\"lazy\" decoding=\"async\" class=\"size-full wp-image-308882\" src=\"https:\/\/www.tgrthaber.com\/mavikadin\/wp-content\/uploads\/2026\/03\/Tarkan-19.jpg\" alt=\"Tarkan\u2019\u0131n yurt d\u0131\u015f\u0131 konserlerinde yeni bir geli\u015fme ya\u015fand\u0131! \u00dcnl\u00fc sanat\u00e7\u0131 Abu Dhabi organizasyonlar\u0131n\u0131 iptal etti\" width=\"1208\" height=\"680\" title=\"\" srcset=\"https:\/\/www.tgrthaber.com\/mavikadin\/wp-content\/uploads\/2026\/03\/Tarkan-19.jpg 1208w, https:\/\/www.tgrthaber.com\/mavikadin\/wp-content\/uploads\/2026\/03\/Tarkan-19-300x169.jpg 300w, https:\/\/www.tgrthaber.com\/mavikadin\/wp-content\/uploads\/2026\/03\/Tarkan-19-1024x576.jpg 1024w, https:\/\/www.tgrthaber.com\/mavikadin\/wp-content\/uploads\/2026\/03\/Tarkan-19-768x432.jpg 768w\" sizes=\"(max-width: 1208px) 100vw, 1208px\" \/><\/p>\n<hr \/>\n<p>TV8 ekranlar\u0131nda yay\u0131nlanan Gel Konu\u015fal\u0131m program\u0131nda a\u00e7\u0131klamalarda bulunan Mehmet \u00dcst\u00fcnda\u011f\u2019\u0131n haberine g\u00f6re; Tarkan\u2019\u0131n konserlerini iptal etmesi \u00fczerine b\u00f6lgedeki yerel y\u00f6netimin konuya dahil oldu\u011fu belirtildi. Organizasyonlar\u0131n iptal edilmesinin b\u00f6lgeyi g\u00fcvensiz g\u00f6sterebilece\u011fi nedeniyle yetkililerin konserlerin ger\u00e7ekle\u015fmesi i\u00e7in g\u00f6r\u00fc\u015fmeler yapt\u0131\u011f\u0131 konu\u015fuluyor. \u00dcnl\u00fc sanat\u00e7\u0131 Tarkan cephesinden ise konuyla ilgili yeni bir a\u00e7\u0131klama yap\u0131lmad\u0131. Konserlerin yeniden planlan\u0131p planlanmayaca\u011f\u0131n\u0131n ise \u00f6n\u00fcm\u00fczdeki g\u00fcnlerde netle\u015fece\u011fi \u00f6\u011frenildi.<\/p>\n","protected":false},"excerpt":{"rendered":"<p>Pop m\u00fczi\u011fin sevilen ismi Tarkan, son d\u00f6nemlerde verdi\u011fi konserlerle dikkatleri \u00fczerine \u00e7ekmi\u015fti. Sahne performans\u0131 ve konserleriyle magazin g\u00fcndeminden uzun bir s\u00fcre d\u00fc\u015fmeyen Tarkan\u2019\u0131n yurt d\u0131\u015f\u0131 konserlerinde yeni bir geli\u015fme ya\u015fand\u0131. \u00dcnl\u00fc sanat\u00e7\u0131 Abu Dhabi organizasyonlar\u0131n\u0131 iptal etti. \u0130\u015fte detaylar\u2026<\/p>\n","protected":false},"author":26,"featured_media":308885,"comment_status":"closed","ping_status":"closed","sticky":false,"template":"","format":"standard","meta":{"rank_math_lock_modified_date":false,"footnotes":""},"categories":[76],"tags":[133,2218,2941,73342,71953],"class_list":["post-308880","post","type-post","status-publish","format-standard","has-post-thumbnail","hentry","category-magazin","tag-magazin","tag-magazin-haberleri","tag-tarkan","tag-tarkan-abu-dhabi-konserleri","tag-tarkan-konserleri"],"_links":{"self":[{"href":"https:\/\/www.tgrthaber.com\/mavikadin\/wp-json\/wp\/v2\/posts\/308880"}],"collection":[{"href":"https:\/\/www.tgrthaber.com\/mavikadin\/wp-json\/wp\/v2\/posts"}],"about":[{"href":"https:\/\/www.tgrthaber.com\/mavikadin\/wp-json\/wp\/v2\/types\/post"}],"author":[{"embeddable":true,"href":"https:\/\/www.tgrthaber.com\/mavikadin\/wp-json\/wp\/v2\/users\/26"}],"replies":[{"embeddable":true,"href":"https:\/\/www.tgrthaber.com\/mavikadin\/wp-json\/wp\/v2\/comments?post=308880"}],"version-history":[{"count":2,"href":"https:\/\/www.tgrthaber.com\/mavikadin\/wp-json\/wp\/v2\/posts\/308880\/revisions"}],"predecessor-version":[{"id":308889,"href":"https:\/\/www.tgrthaber.com\/mavikadin\/wp-json\/wp\/v2\/posts\/308880\/revisions\/308889"}],"wp:featuredmedia":[{"embeddable":true,"href":"https:\/\/www.tgrthaber.com\/mavikadin\/wp-json\/wp\/v2\/media\/308885"}],"wp:attachment":[{"href":"https:\/\/www.tgrthaber.com\/mavikadin\/wp-json\/wp\/v2\/media?parent=308880"}],"wp:term":[{"taxonomy":"category","embeddable":true,"href":"https:\/\/www.tgrthaber.com\/mavikadin\/wp-json\/wp\/v2\/categories?post=308880"},{"taxonomy":"post_tag","embeddable":true,"href":"https:\/\/www.tgrthaber.com\/mavikadin\/wp-json\/wp\/v2\/tags?post=308880"}],"curies":[{"name":"wp","href":"https:\/\/api.w.org\/{rel}","templated":true}]}}