{"id":308887,"date":"2026-03-14T13:14:33","date_gmt":"2026-03-14T10:14:33","guid":{"rendered":"https:\/\/www.tgrthaber.com\/mavikadin\/?p=308887"},"modified":"2026-03-14T13:14:33","modified_gmt":"2026-03-14T10:14:33","slug":"yeni-dogan-bebeklerin-kulaklarini-korumak-icin-tigla-yapilan-orgu-bandana-modelleri-2026","status":"publish","type":"post","link":"https:\/\/www.tgrthaber.com\/mavikadin\/yeni-dogan-bebeklerin-kulaklarini-korumak-icin-tigla-yapilan-orgu-bandana-modelleri-2026\/","title":{"rendered":"Yeni do\u011fan bebeklerin kulaklar\u0131n\u0131 korumak i\u00e7in t\u0131\u011fla yap\u0131lan \u00f6rg\u00fc bandana modelleri 2026"},"content":{"rendered":"<p>Yeni do\u011fan bebeklerin sa\u011fl\u0131\u011f\u0131 ve konforu, her anne ve baban\u0131n \u00f6ncelikli kayg\u0131lar\u0131ndan biridir. \u00d6zellikle k\u0131\u015f aylar\u0131nda so\u011fuk havan\u0131n etkisiyle bebeklerin kulaklar\u0131 kolayca \u00fc\u015f\u00fcyebilir ve bu durum \u00e7e\u015fitli sa\u011fl\u0131k sorunlar\u0131na yol a\u00e7abilir. 2026 y\u0131l\u0131nda annelerin ve bebek giyim tutkunlar\u0131n\u0131n dikkatini \u00e7eken t\u0131\u011fla yap\u0131lan \u00f6rg\u00fc <a href=\"https:\/\/www.tgrthaber.com\/mavikadin\/bandana-ve-boyun-atki-tutkunlarinin-kacirmamasi-gereken-2025te-trend-olacak-fular-modelleri\/\">bandana<\/a> modelleri, hem \u015f\u0131kl\u0131\u011f\u0131 hem de fonksiyonelli\u011fiyle \u00f6ne \u00e7\u0131k\u0131yor.<\/p>\n<h3>TI\u011e \u00d6RG\u00dc BANDANALAR: HEM \u015eIK HEM KORUYUCU<\/h3>\n<p>T\u0131\u011fla yap\u0131lan \u00f6rg\u00fc bandanalar, bebeklerin kulaklar\u0131n\u0131 so\u011fuktan koruman\u0131n yan\u0131 s\u0131ra sevimli tasar\u0131mlar\u0131yla da dikkat \u00e7ekiyor. Pamuk, y\u00fcn ve bambu ipliklerinden \u00fcretilen bu bandanalar, cilt dostu yap\u0131lar\u0131 sayesinde hassas bebek cildine zarar vermiyor. 2026 trendleri, \u00f6zellikle pastel tonlar ve do\u011fal renkleri \u00f6n plana \u00e7\u0131kar\u0131rken, \u00f6rg\u00fc <a href=\"https:\/\/www.tgrthaber.com\/mavikadin\/gomleklerin-sikligini-artiracak-fular-orgu-sallar-2026\/\">bandana<\/a> modellerinde k\u00fc\u00e7\u00fck detaylar, fiyonklar ve dantel s\u00fcslemeler pop\u00fcler hale geldi.<\/p>\n<p><img loading=\"lazy\" decoding=\"async\" class=\"aligncenter size-full wp-image-308890\" src=\"https:\/\/www.tgrthaber.com\/mavikadin\/wp-content\/uploads\/2026\/03\/bebek-bandana-1.jpg\" alt=\"\" width=\"1280\" height=\"720\" title=\"\" srcset=\"https:\/\/www.tgrthaber.com\/mavikadin\/wp-content\/uploads\/2026\/03\/bebek-bandana-1.jpg 1280w, https:\/\/www.tgrthaber.com\/mavikadin\/wp-content\/uploads\/2026\/03\/bebek-bandana-1-300x169.jpg 300w, https:\/\/www.tgrthaber.com\/mavikadin\/wp-content\/uploads\/2026\/03\/bebek-bandana-1-1024x576.jpg 1024w, https:\/\/www.tgrthaber.com\/mavikadin\/wp-content\/uploads\/2026\/03\/bebek-bandana-1-768x432.jpg 768w\" sizes=\"(max-width: 1280px) 100vw, 1280px\" \/><\/p>\n<hr \/>\n<p>Uzmanlar, bebeklerin kulaklar\u0131n\u0131n so\u011fuk hava ile do\u011frudan temas\u0131n\u0131 \u00f6nlemenin enfeksiyon riskini azaltabilece\u011fini belirtiyor. Bu nedenle, t\u0131\u011fla yap\u0131lan \u00f6rg\u00fc bandanalar sadece bir aksesuar de\u011fil, ayn\u0131 zamanda sa\u011fl\u0131k i\u00e7in \u00f6nemli bir koruyucu \u00fcr\u00fcn olarak g\u00f6r\u00fcl\u00fcyor.<\/p>\n<h3>2026\u2019DA \u00d6NE \u00c7IKAN \u00d6RG\u00dc BANDANA MODELLER\u0130<\/h3>\n<p>2026 y\u0131l\u0131nda bebek modas\u0131nda t\u0131\u011f \u00f6rg\u00fc bandanalar, hem el yap\u0131m\u0131 hem de haz\u0131r olarak sunuluyor. \u00d6zellikle el yap\u0131m\u0131 modeller, ki\u015fiselle\u015ftirilebilir yap\u0131s\u0131yla ebeveynlerin ilgisini \u00e7ekiyor. \u00d6ne \u00e7\u0131kan baz\u0131 model ve trendler \u015funlar:<\/p>\n<p><strong>Pastel Renkli Bandanalar:<\/strong> A\u00e7\u0131k pembe, mint ye\u015fili ve krem tonlar\u0131 2026\u2019n\u0131n en \u00e7ok tercih edilen renkleri aras\u0131nda yer al\u0131yor.<\/p>\n<p><img loading=\"lazy\" decoding=\"async\" class=\"aligncenter size-full wp-image-308891\" src=\"https:\/\/www.tgrthaber.com\/mavikadin\/wp-content\/uploads\/2026\/03\/bebek-bandana-2.png\" alt=\"\" width=\"1208\" height=\"680\" title=\"\" srcset=\"https:\/\/www.tgrthaber.com\/mavikadin\/wp-content\/uploads\/2026\/03\/bebek-bandana-2.png 1208w, https:\/\/www.tgrthaber.com\/mavikadin\/wp-content\/uploads\/2026\/03\/bebek-bandana-2-300x169.png 300w, https:\/\/www.tgrthaber.com\/mavikadin\/wp-content\/uploads\/2026\/03\/bebek-bandana-2-1024x576.png 1024w, https:\/\/www.tgrthaber.com\/mavikadin\/wp-content\/uploads\/2026\/03\/bebek-bandana-2-768x432.png 768w\" sizes=\"(max-width: 1208px) 100vw, 1208px\" \/><\/p>\n<hr \/>\n<p><strong>Hayvan Fig\u00fcrl\u00fc Tasar\u0131mlar:<\/strong> K\u00fc\u00e7\u00fck ay\u0131c\u0131k, tav\u015fan veya kedi motifleri bandanalar\u0131n \u00f6n k\u0131sm\u0131nda yer al\u0131yor ve bebeklerin sevimlili\u011fini art\u0131r\u0131yor.<\/p>\n<p><strong>Dantel ve Fiyonk Detaylar\u0131:<\/strong> Hafif dantel i\u015flemeleri ve minik fiyonklar, bandanalar\u0131 \u00f6zel g\u00fcnlerde veya foto\u011fraf \u00e7ekimlerinde de kullan\u0131labilir hale getiriyor.<\/p>\n<p><strong>\u00c7ift Katl\u0131 ve Kal\u0131n Modeller:<\/strong> So\u011fuk k\u0131\u015f aylar\u0131 i\u00e7in kulaklar\u0131 daha iyi koruyan \u00e7ift katl\u0131 \u00f6rg\u00fc bandanalar trendini olu\u015fturuyor.<\/p>\n<p><img loading=\"lazy\" decoding=\"async\" class=\"aligncenter size-full wp-image-308892\" src=\"https:\/\/www.tgrthaber.com\/mavikadin\/wp-content\/uploads\/2026\/03\/bebek-bandana-3.jpg\" alt=\"\" width=\"1280\" height=\"720\" title=\"\" srcset=\"https:\/\/www.tgrthaber.com\/mavikadin\/wp-content\/uploads\/2026\/03\/bebek-bandana-3.jpg 1280w, https:\/\/www.tgrthaber.com\/mavikadin\/wp-content\/uploads\/2026\/03\/bebek-bandana-3-300x169.jpg 300w, https:\/\/www.tgrthaber.com\/mavikadin\/wp-content\/uploads\/2026\/03\/bebek-bandana-3-1024x576.jpg 1024w, https:\/\/www.tgrthaber.com\/mavikadin\/wp-content\/uploads\/2026\/03\/bebek-bandana-3-768x432.jpg 768w\" sizes=\"(max-width: 1280px) 100vw, 1280px\" \/><\/p>\n<hr \/>\n<h3>BEBEK SA\u011eLI\u011eI \u0130\u00c7\u0130N \u00d6NER\u0130LER<\/h3>\n<p>Uzmanlar, bebeklere bandana veya bere takarken baz\u0131 noktalara dikkat edilmesi gerekti\u011fini vurguluyor:<\/p>\n<p>Bandana \u00e7ok s\u0131k\u0131 olmamal\u0131, bebe\u011fin ba\u015f\u0131n\u0131 ve kulaklar\u0131n\u0131 rahat\u00e7a kapatmal\u0131.<\/p>\n<p>Organik ve hipoalerjenik iplikler tercih edilmeli.<\/p>\n<p><img loading=\"lazy\" decoding=\"async\" class=\"aligncenter size-full wp-image-308893\" src=\"https:\/\/www.tgrthaber.com\/mavikadin\/wp-content\/uploads\/2026\/03\/bebek-bandana-4.jpg\" alt=\"\" width=\"1920\" height=\"1080\" title=\"\" srcset=\"https:\/\/www.tgrthaber.com\/mavikadin\/wp-content\/uploads\/2026\/03\/bebek-bandana-4.jpg 1920w, https:\/\/www.tgrthaber.com\/mavikadin\/wp-content\/uploads\/2026\/03\/bebek-bandana-4-300x169.jpg 300w, https:\/\/www.tgrthaber.com\/mavikadin\/wp-content\/uploads\/2026\/03\/bebek-bandana-4-1024x576.jpg 1024w, https:\/\/www.tgrthaber.com\/mavikadin\/wp-content\/uploads\/2026\/03\/bebek-bandana-4-768x432.jpg 768w, https:\/\/www.tgrthaber.com\/mavikadin\/wp-content\/uploads\/2026\/03\/bebek-bandana-4-1536x864.jpg 1536w\" sizes=\"(max-width: 1920px) 100vw, 1920px\" \/><\/p>\n<hr \/>\n<p>Bandana kullan\u0131m s\u00fcresi uzun olmamal\u0131; \u00f6zellikle uyku s\u0131ras\u0131nda gev\u015fek ve rahat bir bandana kullan\u0131lmal\u0131.<\/p>\n<p>Bu \u00f6nlemler, t\u0131\u011fla yap\u0131lan \u00f6rg\u00fc bandanalar\u0131n hem \u015f\u0131k hem de g\u00fcvenli bir \u015fekilde kullan\u0131lmas\u0131n\u0131 sa\u011fl\u0131yor.<\/p>\n<h3>EL YAPIMI BANDANALAR VE K\u0130\u015e\u0130SELLE\u015eT\u0130RME TRENDLER\u0130<\/h3>\n<p>2026 y\u0131l\u0131nda el yap\u0131m\u0131 t\u0131\u011f \u00f6rg\u00fc bandanalar, ki\u015fiselle\u015ftirilebilme \u00f6zellikleriyle de \u00f6n plana \u00e7\u0131k\u0131yor. Anne ve babalar, bandanalar\u0131n \u00fczerine bebe\u011fin ismini veya k\u00fc\u00e7\u00fck motifleri ekleyebiliyor. Bu, hem \u00f6zel bir hediye alternatifi olu\u015fturuyor hem de bebek odas\u0131 dekorasyonu ile uyumlu hale geliyor.<\/p>\n<p><img loading=\"lazy\" decoding=\"async\" class=\"aligncenter size-full wp-image-308894\" src=\"https:\/\/www.tgrthaber.com\/mavikadin\/wp-content\/uploads\/2026\/03\/bebek-bandana-5.jpg\" alt=\"\" width=\"1280\" height=\"720\" title=\"\" srcset=\"https:\/\/www.tgrthaber.com\/mavikadin\/wp-content\/uploads\/2026\/03\/bebek-bandana-5.jpg 1280w, https:\/\/www.tgrthaber.com\/mavikadin\/wp-content\/uploads\/2026\/03\/bebek-bandana-5-300x169.jpg 300w, https:\/\/www.tgrthaber.com\/mavikadin\/wp-content\/uploads\/2026\/03\/bebek-bandana-5-1024x576.jpg 1024w, https:\/\/www.tgrthaber.com\/mavikadin\/wp-content\/uploads\/2026\/03\/bebek-bandana-5-768x432.jpg 768w\" sizes=\"(max-width: 1280px) 100vw, 1280px\" \/><\/p>\n<hr \/>\n<p>Ayr\u0131ca sosyal medya platformlar\u0131nda, t\u0131\u011f \u00f6rg\u00fc bandana yap\u0131m\u0131 videolar\u0131 b\u00fcy\u00fck ilgi g\u00f6r\u00fcyor. Anne ve babalar, kendi bebeklerine uygun renk ve motiflerde bandana \u00f6rebiliyor. Bu da ki\u015fiselle\u015ftirme trendini g\u00fc\u00e7lendiriyor ve 2026\u2019n\u0131n en dikkat \u00e7eken bebek aksesuarlar\u0131ndan biri haline getiriyor.<\/p>\n<p><img loading=\"lazy\" decoding=\"async\" class=\"aligncenter size-full wp-image-308895\" src=\"https:\/\/www.tgrthaber.com\/mavikadin\/wp-content\/uploads\/2026\/03\/bebek-bandana-6.jpg\" alt=\"\" width=\"1280\" height=\"720\" title=\"\" srcset=\"https:\/\/www.tgrthaber.com\/mavikadin\/wp-content\/uploads\/2026\/03\/bebek-bandana-6.jpg 1280w, https:\/\/www.tgrthaber.com\/mavikadin\/wp-content\/uploads\/2026\/03\/bebek-bandana-6-300x169.jpg 300w, https:\/\/www.tgrthaber.com\/mavikadin\/wp-content\/uploads\/2026\/03\/bebek-bandana-6-1024x576.jpg 1024w, https:\/\/www.tgrthaber.com\/mavikadin\/wp-content\/uploads\/2026\/03\/bebek-bandana-6-768x432.jpg 768w\" sizes=\"(max-width: 1280px) 100vw, 1280px\" \/><\/p>\n<hr \/>\n<h3>\u015eIKLIK VE FONKS\u0130YONELL\u0130K B\u0130R ARADA<\/h3>\n<p>2026 y\u0131l\u0131 bebek giyimi trendlerinde t\u0131\u011fla yap\u0131lan \u00f6rg\u00fc bandanalar, sadece bir moda \u00fcr\u00fcn\u00fc de\u011fil, ayn\u0131 zamanda bebek sa\u011fl\u0131\u011f\u0131n\u0131 koruyan \u00f6nemli bir aksesuar olarak \u00f6ne \u00e7\u0131k\u0131yor.<\/p>\n<p><img loading=\"lazy\" decoding=\"async\" class=\"aligncenter size-full wp-image-308896\" src=\"https:\/\/www.tgrthaber.com\/mavikadin\/wp-content\/uploads\/2026\/03\/bebek-bandana-7.jpg\" alt=\"\" width=\"1280\" height=\"720\" title=\"\" srcset=\"https:\/\/www.tgrthaber.com\/mavikadin\/wp-content\/uploads\/2026\/03\/bebek-bandana-7.jpg 1280w, https:\/\/www.tgrthaber.com\/mavikadin\/wp-content\/uploads\/2026\/03\/bebek-bandana-7-300x169.jpg 300w, https:\/\/www.tgrthaber.com\/mavikadin\/wp-content\/uploads\/2026\/03\/bebek-bandana-7-1024x576.jpg 1024w, https:\/\/www.tgrthaber.com\/mavikadin\/wp-content\/uploads\/2026\/03\/bebek-bandana-7-768x432.jpg 768w\" sizes=\"(max-width: 1280px) 100vw, 1280px\" \/><\/p>\n<hr \/>\n<p>Pastel tonlar, el yap\u0131m\u0131 detaylar ve ki\u015fiselle\u015ftirme se\u00e7enekleri ile bu bandanalar, anneler i\u00e7in vazge\u00e7ilmez bir se\u00e7enek haline geliyor. Hem \u015f\u0131k hem de fonksiyonel olan \u00f6rg\u00fc bandanalar, k\u0131\u015f aylar\u0131nda bebeklerin kulaklar\u0131n\u0131 s\u0131cak tutarken, ailelere de estetik bir deneyim sunuyor.<\/p>\n<p>Bebeklerin sa\u011fl\u0131\u011f\u0131 ve konforu i\u00e7in do\u011fru bandana se\u00e7imi, 2026 trendleriyle birle\u015fti\u011finde hem stil hem de koruma a\u00e7\u0131s\u0131ndan m\u00fckemmel bir \u00e7\u00f6z\u00fcm sunuyor.<\/p>\n","protected":false},"excerpt":{"rendered":"<p>Yeni do\u011fan bebeklerin sa\u011fl\u0131\u011f\u0131 ve konforu, her ailenin \u00f6nceli\u011fi olmaya devam ediyor. So\u011fuk k\u0131\u015f g\u00fcnlerinde \u00f6zellikle bebeklerin kulaklar\u0131 h\u0131zla \u00fc\u015f\u00fcyebilir ve bu durum \u00e7e\u015fitli sa\u011fl\u0131k sorunlar\u0131n\u0131 beraberinde getirebilir. 2026 y\u0131l\u0131nda \u00f6ne \u00e7\u0131kan t\u0131\u011fla yap\u0131lan \u00f6rg\u00fc bandana modelleri, hem \u015f\u0131k tasar\u0131mlar\u0131 hem de bebeklerin kulaklar\u0131n\u0131 s\u0131cak tutan fonksiyonel \u00f6zellikleriyle annelerin ve bebek modas\u0131 tutkunlar\u0131n\u0131n ilgisini \u00e7ekiyor.<\/p>\n","protected":false},"author":5,"featured_media":308897,"comment_status":"closed","ping_status":"closed","sticky":false,"template":"","format":"standard","meta":{"rank_math_lock_modified_date":false,"footnotes":""},"categories":[1797],"tags":[57755,73344,73343,24835],"class_list":["post-308887","post","type-post","status-publish","format-standard","has-post-thumbnail","hentry","category-orgu-hobi","tag-bandana-modelleri","tag-bebek-bandana-2026","tag-orgu-bandana","tag-orgu-hobi"],"_links":{"self":[{"href":"https:\/\/www.tgrthaber.com\/mavikadin\/wp-json\/wp\/v2\/posts\/308887"}],"collection":[{"href":"https:\/\/www.tgrthaber.com\/mavikadin\/wp-json\/wp\/v2\/posts"}],"about":[{"href":"https:\/\/www.tgrthaber.com\/mavikadin\/wp-json\/wp\/v2\/types\/post"}],"author":[{"embeddable":true,"href":"https:\/\/www.tgrthaber.com\/mavikadin\/wp-json\/wp\/v2\/users\/5"}],"replies":[{"embeddable":true,"href":"https:\/\/www.tgrthaber.com\/mavikadin\/wp-json\/wp\/v2\/comments?post=308887"}],"version-history":[{"count":1,"href":"https:\/\/www.tgrthaber.com\/mavikadin\/wp-json\/wp\/v2\/posts\/308887\/revisions"}],"predecessor-version":[{"id":308898,"href":"https:\/\/www.tgrthaber.com\/mavikadin\/wp-json\/wp\/v2\/posts\/308887\/revisions\/308898"}],"wp:featuredmedia":[{"embeddable":true,"href":"https:\/\/www.tgrthaber.com\/mavikadin\/wp-json\/wp\/v2\/media\/308897"}],"wp:attachment":[{"href":"https:\/\/www.tgrthaber.com\/mavikadin\/wp-json\/wp\/v2\/media?parent=308887"}],"wp:term":[{"taxonomy":"category","embeddable":true,"href":"https:\/\/www.tgrthaber.com\/mavikadin\/wp-json\/wp\/v2\/categories?post=308887"},{"taxonomy":"post_tag","embeddable":true,"href":"https:\/\/www.tgrthaber.com\/mavikadin\/wp-json\/wp\/v2\/tags?post=308887"}],"curies":[{"name":"wp","href":"https:\/\/api.w.org\/{rel}","templated":true}]}}