{"id":308899,"date":"2026-03-14T14:28:34","date_gmt":"2026-03-14T11:28:34","guid":{"rendered":"https:\/\/www.tgrthaber.com\/mavikadin\/?p=308899"},"modified":"2026-03-14T14:28:35","modified_gmt":"2026-03-14T11:28:35","slug":"hicran-akindan-esi-kanbolat-gorkem-arslanin-vefatinin-ardindan-ilk-paylasim-geldi-ne-desem-kederime-denk-degil","status":"publish","type":"post","link":"https:\/\/www.tgrthaber.com\/mavikadin\/hicran-akindan-esi-kanbolat-gorkem-arslanin-vefatinin-ardindan-ilk-paylasim-geldi-ne-desem-kederime-denk-degil\/","title":{"rendered":"Hicran Ak\u0131n\u2019dan e\u015fi Kanbolat G\u00f6rkem Arslan\u2019\u0131n vefat\u0131n\u0131n ard\u0131ndan ilk payla\u015f\u0131m geldi! \u201cNe desem kederime denk de\u011fil\u201d"},"content":{"rendered":"<p>Hicran Ak\u0131n, ge\u00e7ti\u011fimiz ay hayat\u0131n\u0131 kaybeden e\u015fi Kanbolat G\u00f6rkem Arslan\u2019\u0131n vedas\u0131n\u0131n ard\u0131ndan sosyal medya hesab\u0131ndan ilk kez payla\u015f\u0131m yapt\u0131. Poyraz Karayel dizisinde \u2018Sefer\u2019 karakteriyle haf\u0131zalara kaz\u0131nan Kanbolat G\u00f6rkem Arslan, 11 \u015eubat 2026 tarihinde hayat\u0131n\u0131 kaybetmi\u015fti. Kalp krizi nedeniyle hayat\u0131n\u0131 kaybeden oyuncu Kanbolat G\u00f6rkem Arslan\u2019\u0131n e\u015fi Hicran Ak\u0131n\u2019dan 32 g\u00fcn sonra ilk payla\u015f\u0131m geldi. S\u00f6zleriyle sevenlerini derin bir h\u00fczne bo\u011fan Hicran Ak\u0131n, y\u00fcrekleri da\u011flayan payla\u015f\u0131m\u0131yla dikkatleri \u00fczerine \u00e7ekti.<\/p>\n<h3>H\u0130CRAN AKIN\u2019DAN E\u015e\u0130 KANBOLAT G\u00d6RKEM ARSLAN\u2019IN VEFATININ ARDINDAN \u0130LK PAYLA\u015eIM GELD\u0130!<\/h3>\n<p>Kanbolat G\u00f6rkem Arslan\u2019\u0131n ani vefat\u0131n\u0131n ard\u0131ndan e\u015fi <a href=\"https:\/\/www.tgrthaber.com\/mavikadin\/tarkanin-yurt-disi-konserlerinde-yeni-bir-gelisme-yasandi-unlu-sanatci-abu-dhabi-organizasyonlarini-iptal-etti\/\">Hicran Ak\u0131n\u2019dan<\/a> y\u00fcrekleri da\u011flayan payla\u015f\u0131m geldi. Ba\u015far\u0131l\u0131 oyunculuk kariyeriyle ad\u0131n\u0131 geni\u015f kitlelere duyuran Arslan, Poyraz Karayel dizisinde \u2018Sefer\u2019 karakteriyle haf\u0131zalara kaz\u0131nm\u0131\u015ft\u0131. T\u00fcrk televizyon ve tiyatro d\u00fcnyas\u0131n\u0131n sevilen isimleri aras\u0131nda yer alan Arslan, 11 \u015eubat 2026 gecesi \u0130stanbul Beyo\u011flu&#8217;ndaki evinde ge\u00e7irdi\u011fi ani rahats\u0131zl\u0131k sonucu 45 ya\u015f\u0131nda hayat\u0131n\u0131 kaybetmi\u015fti.<\/p>\n<p><img loading=\"lazy\" decoding=\"async\" class=\"size-full wp-image-308903\" src=\"https:\/\/www.tgrthaber.com\/mavikadin\/wp-content\/uploads\/2026\/03\/Hicrann-Akin-5.jpg\" alt=\"Hicran Ak\u0131n\u2019dan e\u015fi Kanbolat G\u00f6rkem Arslan\u2019\u0131n vefat\u0131n\u0131n ard\u0131ndan ilk payla\u015f\u0131m geldi! \u201cNe desem kederime denk de\u011fil\u201d \" width=\"1208\" height=\"680\" title=\"\" srcset=\"https:\/\/www.tgrthaber.com\/mavikadin\/wp-content\/uploads\/2026\/03\/Hicrann-Akin-5.jpg 1208w, https:\/\/www.tgrthaber.com\/mavikadin\/wp-content\/uploads\/2026\/03\/Hicrann-Akin-5-300x169.jpg 300w, https:\/\/www.tgrthaber.com\/mavikadin\/wp-content\/uploads\/2026\/03\/Hicrann-Akin-5-1024x576.jpg 1024w, https:\/\/www.tgrthaber.com\/mavikadin\/wp-content\/uploads\/2026\/03\/Hicrann-Akin-5-768x432.jpg 768w\" sizes=\"(max-width: 1208px) 100vw, 1208px\" \/><\/p>\n<hr \/>\n<p>Ba\u015far\u0131l\u0131 oyunculuk kariyeriyle ad\u0131n\u0131 geni\u015f kitlelere duyuran Kanbolat G\u00f6rkem Arslan, ani vefat\u0131yla t\u00fcm sanat camias\u0131n\u0131 ve sevenlerini derin bir h\u00fczne bo\u011fmu\u015ftu. 45 ya\u015f\u0131ndaki oyuncunun gece yar\u0131s\u0131 evinde fenala\u015ft\u0131\u011f\u0131 ve kalp krizi ge\u00e7irdi\u011fi \u00f6\u011frenilmi\u015fti.<\/p>\n<p><img loading=\"lazy\" decoding=\"async\" class=\"size-full wp-image-308905\" src=\"https:\/\/www.tgrthaber.com\/mavikadin\/wp-content\/uploads\/2026\/03\/Hicrann-Akin-1.jpg\" alt=\"Hicran Ak\u0131n\u2019dan e\u015fi Kanbolat G\u00f6rkem Arslan\u2019\u0131n vefat\u0131n\u0131n ard\u0131ndan ilk payla\u015f\u0131m geldi! \u201cNe desem kederime denk de\u011fil\u201d \" width=\"1208\" height=\"680\" title=\"\" srcset=\"https:\/\/www.tgrthaber.com\/mavikadin\/wp-content\/uploads\/2026\/03\/Hicrann-Akin-1.jpg 1208w, https:\/\/www.tgrthaber.com\/mavikadin\/wp-content\/uploads\/2026\/03\/Hicrann-Akin-1-300x169.jpg 300w, https:\/\/www.tgrthaber.com\/mavikadin\/wp-content\/uploads\/2026\/03\/Hicrann-Akin-1-1024x576.jpg 1024w, https:\/\/www.tgrthaber.com\/mavikadin\/wp-content\/uploads\/2026\/03\/Hicrann-Akin-1-768x432.jpg 768w\" sizes=\"(max-width: 1208px) 100vw, 1208px\" \/><\/p>\n<hr \/>\n<p>&#8216;\u00c7emberimde G\u00fcl Oya&#8217;, &#8216;Poyraz Karayel&#8217;, &#8216;Muhte\u015fem Y\u00fczy\u0131l&#8217;, &#8216;Hayat Bazen Tatl\u0131d\u0131r&#8217;, &#8216;Kurulu\u015f Osman&#8217; ve &#8216;Tatar Ramazan&#8217; gibi birbirinden ba\u015far\u0131l\u0131 projelerde yer alan Kanbolat G\u00f6rkem Arslan, yap\u0131lan t\u00fcm m\u00fcdahalelere ra\u011fmen kurtar\u0131lamam\u0131\u015ft\u0131.<\/p>\n<p><img loading=\"lazy\" decoding=\"async\" class=\"size-full wp-image-308904\" src=\"https:\/\/www.tgrthaber.com\/mavikadin\/wp-content\/uploads\/2026\/03\/Hicrann-Akin-6.jpg\" alt=\"Hicran Ak\u0131n\u2019dan e\u015fi Kanbolat G\u00f6rkem Arslan\u2019\u0131n vefat\u0131n\u0131n ard\u0131ndan ilk payla\u015f\u0131m geldi! \u201cNe desem kederime denk de\u011fil\u201d \" width=\"1208\" height=\"680\" title=\"\" srcset=\"https:\/\/www.tgrthaber.com\/mavikadin\/wp-content\/uploads\/2026\/03\/Hicrann-Akin-6.jpg 1208w, https:\/\/www.tgrthaber.com\/mavikadin\/wp-content\/uploads\/2026\/03\/Hicrann-Akin-6-300x169.jpg 300w, https:\/\/www.tgrthaber.com\/mavikadin\/wp-content\/uploads\/2026\/03\/Hicrann-Akin-6-1024x576.jpg 1024w, https:\/\/www.tgrthaber.com\/mavikadin\/wp-content\/uploads\/2026\/03\/Hicrann-Akin-6-768x432.jpg 768w\" sizes=\"(max-width: 1208px) 100vw, 1208px\" \/><\/p>\n<hr \/>\n<p>Kalp krizi nedeniyle hayat\u0131n\u0131 kaybeden oyuncu Kanbolat G\u00f6rkem Arslan\u2019\u0131n e\u015fi Hicran Ak\u0131n\u2019dan 32 g\u00fcn sonra ilk payla\u015f\u0131m geldi. S\u00f6zleriyle sevenlerini derin bir h\u00fczne bo\u011fan Hicran Ak\u0131n, y\u00fcrekleri da\u011flayan payla\u015f\u0131m\u0131yla dikkatleri \u00fczerine \u00e7ekti.<\/p>\n<p><img loading=\"lazy\" decoding=\"async\" class=\"size-full wp-image-308902\" src=\"https:\/\/www.tgrthaber.com\/mavikadin\/wp-content\/uploads\/2026\/03\/Hicrann-Akin-4.jpg\" alt=\"Hicran Ak\u0131n\u2019dan e\u015fi Kanbolat G\u00f6rkem Arslan\u2019\u0131n vefat\u0131n\u0131n ard\u0131ndan ilk payla\u015f\u0131m geldi! \u201cNe desem kederime denk de\u011fil\u201d \" width=\"1208\" height=\"680\" title=\"\" srcset=\"https:\/\/www.tgrthaber.com\/mavikadin\/wp-content\/uploads\/2026\/03\/Hicrann-Akin-4.jpg 1208w, https:\/\/www.tgrthaber.com\/mavikadin\/wp-content\/uploads\/2026\/03\/Hicrann-Akin-4-300x169.jpg 300w, https:\/\/www.tgrthaber.com\/mavikadin\/wp-content\/uploads\/2026\/03\/Hicrann-Akin-4-1024x576.jpg 1024w, https:\/\/www.tgrthaber.com\/mavikadin\/wp-content\/uploads\/2026\/03\/Hicrann-Akin-4-768x432.jpg 768w\" sizes=\"(max-width: 1208px) 100vw, 1208px\" \/><\/p>\n<hr \/>\n<h3>KANBOLAT G\u00d6RKEM ARSLAN\u2019IN E\u015e\u0130 H\u0130CRAN AKIN PAYLA\u015eIMIYLA Y\u00dcREKLER\u0130 DA\u011eLADI!<\/h3>\n<p>Kalp krizi y\u00fcz\u00fcnden ani bir \u015fekilde hayat\u0131n\u0131 kaybeden \u00fcnl\u00fc oyuncu Kanbolat G\u00f6rkem Arslan\u2019\u0131n e\u015fi <a href=\"https:\/\/www.tgrthaber.com\/mavikadin\/unlulerin-ramazan-bayrami-sahne-ucretleri-belli-oldu-fiyatlar-dudak-ucuklatiyor\/\">Hicran Ak\u0131n<\/a>, sosyal medya payla\u015f\u0131m\u0131yla y\u00fcrekleri da\u011flad\u0131. 11 \u015eubat\u2019ta hayat\u0131n\u0131 kaybeden oyuncu Arslan\u2019\u0131n e\u015fi Ak\u0131n\u2019dan 32 g\u00fcn sonra ilk payla\u015f\u0131m geldi.<\/p>\n<p><img loading=\"lazy\" decoding=\"async\" class=\"size-full wp-image-308901\" src=\"https:\/\/www.tgrthaber.com\/mavikadin\/wp-content\/uploads\/2026\/03\/Hicrann-Akin-3.jpg\" alt=\"Hicran Ak\u0131n\u2019dan e\u015fi Kanbolat G\u00f6rkem Arslan\u2019\u0131n vefat\u0131n\u0131n ard\u0131ndan ilk payla\u015f\u0131m geldi! \u201cNe desem kederime denk de\u011fil\u201d \" width=\"1208\" height=\"680\" title=\"\" srcset=\"https:\/\/www.tgrthaber.com\/mavikadin\/wp-content\/uploads\/2026\/03\/Hicrann-Akin-3.jpg 1208w, https:\/\/www.tgrthaber.com\/mavikadin\/wp-content\/uploads\/2026\/03\/Hicrann-Akin-3-300x169.jpg 300w, https:\/\/www.tgrthaber.com\/mavikadin\/wp-content\/uploads\/2026\/03\/Hicrann-Akin-3-1024x576.jpg 1024w, https:\/\/www.tgrthaber.com\/mavikadin\/wp-content\/uploads\/2026\/03\/Hicrann-Akin-3-768x432.jpg 768w\" sizes=\"(max-width: 1208px) 100vw, 1208px\" \/><\/p>\n<hr \/>\n<p>Payla\u015f\u0131m\u0131nda duygusal a\u00e7\u0131klamalara yer veren Hicran Ak\u0131n, y\u00fcrekleri da\u011flayan payla\u015f\u0131m\u0131yla dikkatleri \u00fczerine \u00e7ekti. Ak\u0131n, payla\u015f\u0131m\u0131nda \u015fu ifadelere yer verdi:<\/p>\n<p>\u201cS\u0131r\u00e7a k\u00f6\u015fk\u00fcm\u00fcn koca \u015fahini, sevgisi pek, co\u015fkusu derya deniz sevgilim\u2026 Ne desem kederime denk de\u011fil.<\/p>\n<p>Zaman ge\u00e7er, hakikat kal\u0131r.<\/p>\n<p>Bu d\u00fcnyadan bir Kanbolat ge\u00e7ti\u2026<\/p>\n<p>\u0130yi ki canparem<\/p>\n<p>G\u00f6\u00e7t\u00fc\u011f\u00fcne de\u011fsin kocam\u201d<\/p>\n","protected":false},"excerpt":{"rendered":"<p>Kanbolat G\u00f6rkem Arslan\u2019\u0131n e\u015fi Hicran Ak\u0131n\u2019dan y\u00fcrekleri da\u011flayan payla\u015f\u0131m geldi. Hicran Ak\u0131n, e\u015fi Kanbolat G\u00f6rkem Arslan\u2019\u0131n vefat\u0131n\u0131n ard\u0131ndan ilk kez payla\u015f\u0131m yapt\u0131. S\u00f6zleriyle sevenlerini derin bir h\u00fczne bo\u011fan Hicran Ak\u0131n, magazin g\u00fcndeminde yerini ald\u0131. \u0130\u015fte detaylar\u2026<\/p>\n","protected":false},"author":26,"featured_media":308900,"comment_status":"closed","ping_status":"closed","sticky":false,"template":"","format":"standard","meta":{"rank_math_lock_modified_date":false,"footnotes":""},"categories":[76],"tags":[73345,73346,72367,133,2218],"class_list":["post-308899","post","type-post","status-publish","format-standard","has-post-thumbnail","hentry","category-magazin","tag-hicran-akin","tag-hicran-akin-paylasim","tag-kanbolat-gorkem-arslan","tag-magazin","tag-magazin-haberleri"],"_links":{"self":[{"href":"https:\/\/www.tgrthaber.com\/mavikadin\/wp-json\/wp\/v2\/posts\/308899"}],"collection":[{"href":"https:\/\/www.tgrthaber.com\/mavikadin\/wp-json\/wp\/v2\/posts"}],"about":[{"href":"https:\/\/www.tgrthaber.com\/mavikadin\/wp-json\/wp\/v2\/types\/post"}],"author":[{"embeddable":true,"href":"https:\/\/www.tgrthaber.com\/mavikadin\/wp-json\/wp\/v2\/users\/26"}],"replies":[{"embeddable":true,"href":"https:\/\/www.tgrthaber.com\/mavikadin\/wp-json\/wp\/v2\/comments?post=308899"}],"version-history":[{"count":1,"href":"https:\/\/www.tgrthaber.com\/mavikadin\/wp-json\/wp\/v2\/posts\/308899\/revisions"}],"predecessor-version":[{"id":308906,"href":"https:\/\/www.tgrthaber.com\/mavikadin\/wp-json\/wp\/v2\/posts\/308899\/revisions\/308906"}],"wp:featuredmedia":[{"embeddable":true,"href":"https:\/\/www.tgrthaber.com\/mavikadin\/wp-json\/wp\/v2\/media\/308900"}],"wp:attachment":[{"href":"https:\/\/www.tgrthaber.com\/mavikadin\/wp-json\/wp\/v2\/media?parent=308899"}],"wp:term":[{"taxonomy":"category","embeddable":true,"href":"https:\/\/www.tgrthaber.com\/mavikadin\/wp-json\/wp\/v2\/categories?post=308899"},{"taxonomy":"post_tag","embeddable":true,"href":"https:\/\/www.tgrthaber.com\/mavikadin\/wp-json\/wp\/v2\/tags?post=308899"}],"curies":[{"name":"wp","href":"https:\/\/api.w.org\/{rel}","templated":true}]}}