{"id":308925,"date":"2026-03-14T17:50:35","date_gmt":"2026-03-14T14:50:35","guid":{"rendered":"https:\/\/www.tgrthaber.com\/mavikadin\/?p=308925"},"modified":"2026-03-14T17:51:03","modified_gmt":"2026-03-14T14:51:03","slug":"bilal-yigit-kocak-nejat-islerle-istanbul-hatirasi-dizisi-hakkinda-ilk-kez-konustu-basarili-oyuncunun-roluyle-ilgili-ipuclari","status":"publish","type":"post","link":"https:\/\/www.tgrthaber.com\/mavikadin\/bilal-yigit-kocak-nejat-islerle-istanbul-hatirasi-dizisi-hakkinda-ilk-kez-konustu-basarili-oyuncunun-roluyle-ilgili-ipuclari\/","title":{"rendered":"Bilal Yi\u011fit Ko\u00e7ak \u0130stanbul Hat\u0131ras\u0131 dizisi hakk\u0131nda ilk kez konu\u015ftu! Ba\u015far\u0131l\u0131 oyuncunun rol\u00fcyle ilgili ipu\u00e7lar\u0131"},"content":{"rendered":"<p>Son d\u00f6nemde gen\u00e7 ku\u015fa\u011f\u0131n \u00f6ne \u00e7\u0131kan isimlerinden biri olan Bilal Yi\u011fit Ko\u00e7ak, yeni projesiyle g\u00fcndeme geldi. Ba\u015far\u0131l\u0131 oyuncu, duayen y\u00f6netmen Abdullah O\u011fuz\u2019un Ahmet \u00dcmit\u2019in \u00e7ok konu\u015fulan roman\u0131ndan uyarlad\u0131\u011f\u0131 <a href=\"https:\/\/www.tgrthaber.com\/mavikadin\/istanbul-hatirasi-dizisinde-bilal-yigit-kocakin-partneri-netlesti-ali-komiserin-yanina-zeynep-geliyor\/\">\u0130stanbul Hat\u0131ras\u0131<\/a> dizisinde rol almaya haz\u0131rlan\u0131yor. Netflix i\u00e7in haz\u0131rlanan projede Ko\u00e7ak, usta oyuncu Nejat \u0130\u015fler ile ayn\u0131 kadroda yer alacak. Polisiye ve gizem t\u00fcr\u00fcndeki yap\u0131m, g\u00fc\u00e7l\u00fc hik\u00e2yesi ve oyuncu kadrosuyla \u015fimdiden b\u00fcy\u00fck merak uyand\u0131rd\u0131.<\/p>\n<h3>B\u0130LAL Y\u0130\u011e\u0130T KO\u00c7AK \u0130STANBUL HATIRASI D\u0130Z\u0130S\u0130NDE!<\/h3>\n<p>Gen\u00e7 ve ba\u015far\u0131l\u0131 oyuncu <a href=\"https:\/\/www.tgrthaber.com\/mavikadin\/oyuncu-yigit-kocak-ayni-dizide-rol-aldigi-sevgilisi-lizge-comert-ile-iliskisini-anlatti\/\">Bilal Yi\u011fit Ko\u00e7ak<\/a>, Bereketli Topraklar dizisinden sonra setlere bir s\u00fcre ara vermi\u015fti. Oyuncu bir mekan \u00e7\u0131k\u0131\u015f\u0131nda muhabirlerin sorular\u0131n\u0131 yan\u0131tlad\u0131.<\/p>\n<p><img loading=\"lazy\" decoding=\"async\" class=\"alignnone wp-image-308929 size-full\" src=\"https:\/\/www.tgrthaber.com\/mavikadin\/wp-content\/uploads\/2026\/03\/Adsiz-tasarim-7-4.jpg\" alt=\"\" width=\"1208\" height=\"680\" title=\"\" srcset=\"https:\/\/www.tgrthaber.com\/mavikadin\/wp-content\/uploads\/2026\/03\/Adsiz-tasarim-7-4.jpg 1208w, https:\/\/www.tgrthaber.com\/mavikadin\/wp-content\/uploads\/2026\/03\/Adsiz-tasarim-7-4-300x169.jpg 300w, https:\/\/www.tgrthaber.com\/mavikadin\/wp-content\/uploads\/2026\/03\/Adsiz-tasarim-7-4-1024x576.jpg 1024w, https:\/\/www.tgrthaber.com\/mavikadin\/wp-content\/uploads\/2026\/03\/Adsiz-tasarim-7-4-768x432.jpg 768w\" sizes=\"(max-width: 1208px) 100vw, 1208px\" \/><\/p>\n<hr \/>\n<p>Yeni projesi hakk\u0131nda konu\u015fan Bilal Yi\u011fit Ko\u00e7ak, \u201c Ahmet \u00dcmit\u2019in roman\u0131ndan uyarlanacak olan i\u015fimiz var. Polisiye. \u00c7ok heyecanl\u0131y\u0131z, \u00e7ok g\u00fczel olacak. Kitab\u0131 \u015fahane bir kitap, bir s\u00fcr\u00fcde dile \u00e7evrilmi\u015f. Netflix\u2019tede g\u00fczel bir kar\u015f\u0131l\u0131k bulaca\u011f\u0131na inan\u0131yorum.\u201d \u015feklinde konu\u015ftu.<\/p>\n<p><img loading=\"lazy\" decoding=\"async\" class=\"alignnone wp-image-308926 size-full\" src=\"https:\/\/www.tgrthaber.com\/mavikadin\/wp-content\/uploads\/2026\/03\/Bilal-Yigit-Kocak-Nejat-Islerle-Istanbul-Hatirasi-dizisinde.jpg\" alt=\"\" width=\"1208\" height=\"680\" title=\"\" srcset=\"https:\/\/www.tgrthaber.com\/mavikadin\/wp-content\/uploads\/2026\/03\/Bilal-Yigit-Kocak-Nejat-Islerle-Istanbul-Hatirasi-dizisinde.jpg 1208w, https:\/\/www.tgrthaber.com\/mavikadin\/wp-content\/uploads\/2026\/03\/Bilal-Yigit-Kocak-Nejat-Islerle-Istanbul-Hatirasi-dizisinde-300x169.jpg 300w, https:\/\/www.tgrthaber.com\/mavikadin\/wp-content\/uploads\/2026\/03\/Bilal-Yigit-Kocak-Nejat-Islerle-Istanbul-Hatirasi-dizisinde-1024x576.jpg 1024w, https:\/\/www.tgrthaber.com\/mavikadin\/wp-content\/uploads\/2026\/03\/Bilal-Yigit-Kocak-Nejat-Islerle-Istanbul-Hatirasi-dizisinde-768x432.jpg 768w\" sizes=\"(max-width: 1208px) 100vw, 1208px\" \/><\/p>\n<hr \/>\n<h3>B\u0130LAL Y\u0130\u011e\u0130T AL\u0130 KOM\u0130SER ROL\u00dcYLE GEL\u0130YOR<\/h3>\n<p>\u00dcnl\u00fc oyuncu \u0130stanbul Hat\u0131ras\u0131 dizisinde oynayaca\u011f\u0131 karakter hakk\u0131nda ipu\u00e7lar\u0131 verdi. Dizide Ali Komiser rol\u00fcn\u00fc oynayacak olan Bilal Yi\u011fit Ko\u00e7ak karakteri hakk\u0131nda \u015funlar\u0131 s\u00f6yledi:<\/p>\n<p><img loading=\"lazy\" decoding=\"async\" class=\"alignnone wp-image-308927 size-full\" src=\"https:\/\/www.tgrthaber.com\/mavikadin\/wp-content\/uploads\/2026\/03\/bilal-yigit-kocak-ali-komiser-roluyle-istanbul-hatirasi-dizisinde.jpg\" alt=\"\" width=\"1208\" height=\"680\" title=\"\" srcset=\"https:\/\/www.tgrthaber.com\/mavikadin\/wp-content\/uploads\/2026\/03\/bilal-yigit-kocak-ali-komiser-roluyle-istanbul-hatirasi-dizisinde.jpg 1208w, https:\/\/www.tgrthaber.com\/mavikadin\/wp-content\/uploads\/2026\/03\/bilal-yigit-kocak-ali-komiser-roluyle-istanbul-hatirasi-dizisinde-300x169.jpg 300w, https:\/\/www.tgrthaber.com\/mavikadin\/wp-content\/uploads\/2026\/03\/bilal-yigit-kocak-ali-komiser-roluyle-istanbul-hatirasi-dizisinde-1024x576.jpg 1024w, https:\/\/www.tgrthaber.com\/mavikadin\/wp-content\/uploads\/2026\/03\/bilal-yigit-kocak-ali-komiser-roluyle-istanbul-hatirasi-dizisinde-768x432.jpg 768w\" sizes=\"(max-width: 1208px) 100vw, 1208px\" \/><\/p>\n<hr \/>\n<p>\u201c Beni bir polis olarak izleyeceksiniz. Benim i\u00e7inde yeni bir deneyim olacak. Onun i\u00e7in e\u011fitimlere falan gidiyorum. At\u0131\u015f e\u011fitimi olsun, di\u011fer e\u011fitimler olsun. Ben de \u00e7ok heyecanl\u0131y\u0131m, nas\u0131l bir \u015fey \u00e7\u0131kaca\u011f\u0131n\u0131 bende \u00e7ok merak ediyorum. Dijital platforma ilk defa bir i\u015f yapaca\u011f\u0131m. Oda ayr\u0131 bir heyecan benim i\u00e7in.\u201d<\/p>\n<p><img loading=\"lazy\" decoding=\"async\" class=\"alignnone wp-image-308928 size-full\" src=\"https:\/\/www.tgrthaber.com\/mavikadin\/wp-content\/uploads\/2026\/03\/Adsiz-tasarim-6-3.jpg\" alt=\"\" width=\"1208\" height=\"680\" title=\"\" srcset=\"https:\/\/www.tgrthaber.com\/mavikadin\/wp-content\/uploads\/2026\/03\/Adsiz-tasarim-6-3.jpg 1208w, https:\/\/www.tgrthaber.com\/mavikadin\/wp-content\/uploads\/2026\/03\/Adsiz-tasarim-6-3-300x169.jpg 300w, https:\/\/www.tgrthaber.com\/mavikadin\/wp-content\/uploads\/2026\/03\/Adsiz-tasarim-6-3-1024x576.jpg 1024w, https:\/\/www.tgrthaber.com\/mavikadin\/wp-content\/uploads\/2026\/03\/Adsiz-tasarim-6-3-768x432.jpg 768w\" sizes=\"(max-width: 1208px) 100vw, 1208px\" \/><\/p>\n<hr \/>\n<h3>B\u0130LAL Y\u0130\u011e\u0130T KO\u00c7AK YEN\u0130 \u0130MAJI HAKKINDA KONU\u015eTU<\/h3>\n<p>Bilal Yi\u011fit Ko\u00e7ak, b\u0131rakt\u0131\u011f\u0131 b\u0131y\u0131klarla sosyal medyada dikkat \u00e7ekmi\u015fti. \u00dcnl\u00fc oyuncuya b\u0131y\u0131klar\u0131 hakk\u0131nda gelen sorular\u0131 cevaplad\u0131. Ko\u00e7ak, \u201c Yeni i\u015fin heyecan\u0131 var. B\u0131y\u0131k \u015fans eseri oldu. d\u00fc\u015f\u00fcnd\u00fc\u011f\u00fcm bir \u015fey de\u011fildi. Keserken b\u0131rak\u0131rs\u0131n ya hani! Dedim g\u00fczel oldu falan bir de kamuoyu ara\u015ft\u0131rmas\u0131 yapt\u0131m. Herkesin ho\u015funa gitti.\u201d ifadeleriyle a\u00e7\u0131klad\u0131.<\/p>\n","protected":false},"excerpt":{"rendered":"<p>Gen\u00e7 ku\u015fa\u011f\u0131n dikkat \u00e7eken oyuncular\u0131ndan Bilal Yi\u011fit Ko\u00e7ak, usta oyuncu Nejat \u0130\u015fler ile ayn\u0131 projede bulu\u015fuyor. \u00dcnl\u00fc y\u00f6netmen Abdullah O\u011fuz\u2019un, Ahmet \u00dcmit\u2019in ayn\u0131 adl\u0131 eserinden Netflix i\u00e7in uyarlad\u0131\u011f\u0131 \u0130stanbul Hat\u0131ras\u0131 dizisi i\u00e7in haz\u0131rl\u0131klar ba\u015flad\u0131. Bilal Yi\u011fit Ko\u00e7ak, Ali komiser rol\u00fcyle sevenlerinin kar\u015f\u0131s\u0131na \u00e7\u0131kmaya haz\u0131rlan\u0131yor. <\/p>\n","protected":false},"author":10,"featured_media":308930,"comment_status":"closed","ping_status":"closed","sticky":false,"template":"","format":"standard","meta":{"rank_math_lock_modified_date":false,"footnotes":""},"categories":[602],"tags":[3092,32159,10390,71972,5064],"class_list":["post-308925","post","type-post","status-publish","format-standard","has-post-thumbnail","hentry","category-diziler","tag-bilal-yigit-kocak","tag-dizi","tag-dizi-magazin","tag-istanbul-hatirasi","tag-nejat-isler"],"_links":{"self":[{"href":"https:\/\/www.tgrthaber.com\/mavikadin\/wp-json\/wp\/v2\/posts\/308925"}],"collection":[{"href":"https:\/\/www.tgrthaber.com\/mavikadin\/wp-json\/wp\/v2\/posts"}],"about":[{"href":"https:\/\/www.tgrthaber.com\/mavikadin\/wp-json\/wp\/v2\/types\/post"}],"author":[{"embeddable":true,"href":"https:\/\/www.tgrthaber.com\/mavikadin\/wp-json\/wp\/v2\/users\/10"}],"replies":[{"embeddable":true,"href":"https:\/\/www.tgrthaber.com\/mavikadin\/wp-json\/wp\/v2\/comments?post=308925"}],"version-history":[{"count":3,"href":"https:\/\/www.tgrthaber.com\/mavikadin\/wp-json\/wp\/v2\/posts\/308925\/revisions"}],"predecessor-version":[{"id":308933,"href":"https:\/\/www.tgrthaber.com\/mavikadin\/wp-json\/wp\/v2\/posts\/308925\/revisions\/308933"}],"wp:featuredmedia":[{"embeddable":true,"href":"https:\/\/www.tgrthaber.com\/mavikadin\/wp-json\/wp\/v2\/media\/308930"}],"wp:attachment":[{"href":"https:\/\/www.tgrthaber.com\/mavikadin\/wp-json\/wp\/v2\/media?parent=308925"}],"wp:term":[{"taxonomy":"category","embeddable":true,"href":"https:\/\/www.tgrthaber.com\/mavikadin\/wp-json\/wp\/v2\/categories?post=308925"},{"taxonomy":"post_tag","embeddable":true,"href":"https:\/\/www.tgrthaber.com\/mavikadin\/wp-json\/wp\/v2\/tags?post=308925"}],"curies":[{"name":"wp","href":"https:\/\/api.w.org\/{rel}","templated":true}]}}