{"id":308943,"date":"2026-03-14T21:41:03","date_gmt":"2026-03-14T18:41:03","guid":{"rendered":"https:\/\/www.tgrthaber.com\/mavikadin\/?p=308943"},"modified":"2026-03-14T21:41:03","modified_gmt":"2026-03-14T18:41:03","slug":"sahtekarlar-final-bolumu-kamera-arkasi-goruntuleri-yayinladi-sahtekarlar-oyunculari-izleyicisine-veda-etti","status":"publish","type":"post","link":"https:\/\/www.tgrthaber.com\/mavikadin\/sahtekarlar-final-bolumu-kamera-arkasi-goruntuleri-yayinladi-sahtekarlar-oyunculari-izleyicisine-veda-etti\/","title":{"rendered":"Sahtekarlar final b\u00f6l\u00fcm\u00fc kamera arkas\u0131 g\u00f6r\u00fcnt\u00fcleri yay\u0131nlad\u0131! Sahtekarlar oyuncular\u0131 izleyicisine veda etti!"},"content":{"rendered":"<p>Sevilen dizi Sahtekarlar, ekranlara veda ederken hayranlar\u0131na unutulmaz bir s\u00fcrpriz yapt\u0131. Final b\u00f6l\u00fcm\u00fcn\u00fcn \u00f6ncesinde yay\u0131nlanan kamera arkas\u0131 g\u00f6r\u00fcnt\u00fclerinde oyuncular\u0131n setteki samimi ve e\u011flenceli anlar\u0131 yer ald\u0131. Dizinin ba\u015frol isimleri izleyicilere duygusal veda mesajlar\u0131 g\u00f6ndererek, te\u015fekk\u00fcrlerini iletti. Sahtekarlar final b\u00f6l\u00fcm\u00fcnde neler oldu?<\/p>\n<h3>SAHTEKARLAR F\u0130NAL B\u00d6L\u00dcM\u00dc \u00d6NCES\u0130 KAMERA ARKASI<\/h3>\n<p>NOW TV ekranlar\u0131n\u0131n b\u00fcy\u00fck bir ilgiyle takip edilen dizisi Sahtekarlar 22. b\u00f6l\u00fcm\u00fcyle izleyicilerine veda etmeye haz\u0131rlan\u0131yor. Ba\u015frollerinde Burak Deniz ve Hilal Alt\u0131nbilek\u2019in yer ald\u0131\u011f\u0131 dizi, 14 Mart 2026 Cumartesi ak\u015fam\u0131 yay\u0131nlanacak final b\u00f6l\u00fcm\u00fcyle ekranlara kal\u0131c\u0131 olarak veda edecek.<\/p>\n<p><img loading=\"lazy\" decoding=\"async\" class=\"alignnone wp-image-308945 size-full\" src=\"https:\/\/www.tgrthaber.com\/mavikadin\/wp-content\/uploads\/2026\/03\/sahtekarlar-final-bolumu.jpg\" alt=\"\" width=\"1208\" height=\"680\" title=\"\" srcset=\"https:\/\/www.tgrthaber.com\/mavikadin\/wp-content\/uploads\/2026\/03\/sahtekarlar-final-bolumu.jpg 1208w, https:\/\/www.tgrthaber.com\/mavikadin\/wp-content\/uploads\/2026\/03\/sahtekarlar-final-bolumu-300x169.jpg 300w, https:\/\/www.tgrthaber.com\/mavikadin\/wp-content\/uploads\/2026\/03\/sahtekarlar-final-bolumu-1024x576.jpg 1024w, https:\/\/www.tgrthaber.com\/mavikadin\/wp-content\/uploads\/2026\/03\/sahtekarlar-final-bolumu-768x432.jpg 768w\" sizes=\"(max-width: 1208px) 100vw, 1208px\" \/><\/p>\n<hr \/>\n<p>Final \u00f6ncesi dizinin kamera arkas\u0131 g\u00f6r\u00fcnt\u00fcleri payla\u015f\u0131ld\u0131 ve setteki samimi, e\u011flenceli anlar izleyicilerle bulu\u015fturuldu. Oyuncular, hem set arkas\u0131ndaki komik ve s\u0131cak anlar\u0131 hem de izleyicilerine duygusal veda mesajlar\u0131n\u0131 sosyal medyada payla\u015ft\u0131. Bu payla\u015f\u0131m, fanlar aras\u0131nda b\u00fcy\u00fck ilgi g\u00f6rd\u00fc ve dizinin finalinin ard\u0131ndan unutulmaz bir hat\u0131ra olarak de\u011ferlendirildi.<\/p>\n<p><img loading=\"lazy\" decoding=\"async\" class=\"alignnone wp-image-308946 size-full\" src=\"https:\/\/www.tgrthaber.com\/mavikadin\/wp-content\/uploads\/2026\/03\/sahtekarlar-final-bolumu-ne-oldu.jpg\" alt=\"\" width=\"1208\" height=\"680\" title=\"\" srcset=\"https:\/\/www.tgrthaber.com\/mavikadin\/wp-content\/uploads\/2026\/03\/sahtekarlar-final-bolumu-ne-oldu.jpg 1208w, https:\/\/www.tgrthaber.com\/mavikadin\/wp-content\/uploads\/2026\/03\/sahtekarlar-final-bolumu-ne-oldu-300x169.jpg 300w, https:\/\/www.tgrthaber.com\/mavikadin\/wp-content\/uploads\/2026\/03\/sahtekarlar-final-bolumu-ne-oldu-1024x576.jpg 1024w, https:\/\/www.tgrthaber.com\/mavikadin\/wp-content\/uploads\/2026\/03\/sahtekarlar-final-bolumu-ne-oldu-768x432.jpg 768w\" sizes=\"(max-width: 1208px) 100vw, 1208px\" \/><\/p>\n<hr \/>\n<h3>SAHTEKARLAR 22. F\u0130NAL B\u00d6L\u00dcM\u00dc NELER OLDU?<\/h3>\n<p>Ertan\u2019\u0131n izini s\u00fcrd\u00fc\u011f\u00fc ipu\u00e7lar\u0131 onu giderek daha karanl\u0131k bir noktaya g\u00f6t\u00fcr\u00fcrken, Bakizade Vakf\u0131 etraf\u0131nda ya\u015fanan geli\u015fmeler dikkat \u00e7ekmeye ba\u015flar. Ertan\u2019dan haber alamayan Asya \u015f\u00fcphelerinin pe\u015finden gider.<\/p>\n<p><img loading=\"lazy\" decoding=\"async\" class=\"alignnone wp-image-308947 size-full\" src=\"https:\/\/www.tgrthaber.com\/mavikadin\/wp-content\/uploads\/2026\/03\/Adsiz-tasarim-7-5.jpg\" alt=\"\" width=\"1208\" height=\"680\" title=\"\" srcset=\"https:\/\/www.tgrthaber.com\/mavikadin\/wp-content\/uploads\/2026\/03\/Adsiz-tasarim-7-5.jpg 1208w, https:\/\/www.tgrthaber.com\/mavikadin\/wp-content\/uploads\/2026\/03\/Adsiz-tasarim-7-5-300x169.jpg 300w, https:\/\/www.tgrthaber.com\/mavikadin\/wp-content\/uploads\/2026\/03\/Adsiz-tasarim-7-5-1024x576.jpg 1024w, https:\/\/www.tgrthaber.com\/mavikadin\/wp-content\/uploads\/2026\/03\/Adsiz-tasarim-7-5-768x432.jpg 768w\" sizes=\"(max-width: 1208px) 100vw, 1208px\" \/><\/p>\n<hr \/>\n<p>\u00d6te yandan vak\u0131f i\u00e7inde fark edilen k\u00fc\u00e7\u00fck bir detay, uzun s\u00fcredir gizli kalan bir ger\u00e7e\u011fin kap\u0131s\u0131n\u0131 aralayabilecek kadar g\u00fc\u00e7l\u00fcd\u00fcr. Bu hikayenin sonunda acaba y\u0131llar\u0131n hesab\u0131 g\u00f6r\u00fcl\u00fcrken, su\u00e7lular cezas\u0131n\u0131 \u00e7ekip iyiler kazanabilecek mi?<\/p>\n<p><img loading=\"lazy\" decoding=\"async\" class=\"alignnone wp-image-308948 size-full\" src=\"https:\/\/www.tgrthaber.com\/mavikadin\/wp-content\/uploads\/2026\/03\/sahtekarlar-neden-final-oluyor.jpg\" alt=\"\" width=\"1208\" height=\"680\" title=\"\" srcset=\"https:\/\/www.tgrthaber.com\/mavikadin\/wp-content\/uploads\/2026\/03\/sahtekarlar-neden-final-oluyor.jpg 1208w, https:\/\/www.tgrthaber.com\/mavikadin\/wp-content\/uploads\/2026\/03\/sahtekarlar-neden-final-oluyor-300x169.jpg 300w, https:\/\/www.tgrthaber.com\/mavikadin\/wp-content\/uploads\/2026\/03\/sahtekarlar-neden-final-oluyor-1024x576.jpg 1024w, https:\/\/www.tgrthaber.com\/mavikadin\/wp-content\/uploads\/2026\/03\/sahtekarlar-neden-final-oluyor-768x432.jpg 768w\" sizes=\"(max-width: 1208px) 100vw, 1208px\" \/><\/p>\n<hr \/>\n<h3>SAHTEKARLAR NEDEN F\u0130NAL OLUYOR?<\/h3>\n<p>Now kanal\u0131nda yay\u0131nlanan Sahtekarlar dizisi Pazar ak\u015famlar\u0131 ekrana geliyordu. \u0130lk b\u00f6l\u00fcm\u00fcyle reytinglerde ba\u015far\u0131l\u0131 giden Sahtekarlar dizisi son zamanlarda yay\u0131nlad\u0131\u011f\u0131 b\u00f6l\u00fcmlerle izleyici kaybetti. Reytinglerde d\u00fc\u015fmeye ba\u015flayan Sahtekarlar dizisi 22. B\u00f6l\u00fcm\u00fcnde final karar\u0131 ald\u0131. \u0130zleyiciler sosyal medyada yapt\u0131klar\u0131 yorumlarda hikayenin ak\u0131\u015f\u0131nda \u00e7ok fazla ilerleme olmad\u0131\u011f\u0131n\u0131 dile getirdi.<\/p>\n<p><img loading=\"lazy\" decoding=\"async\" class=\"alignnone wp-image-308949 size-full\" src=\"https:\/\/www.tgrthaber.com\/mavikadin\/wp-content\/uploads\/2026\/03\/sahtekarlar-final-bolumu-nereden-izlenir.jpg\" alt=\"\" width=\"1208\" height=\"680\" title=\"\" srcset=\"https:\/\/www.tgrthaber.com\/mavikadin\/wp-content\/uploads\/2026\/03\/sahtekarlar-final-bolumu-nereden-izlenir.jpg 1208w, https:\/\/www.tgrthaber.com\/mavikadin\/wp-content\/uploads\/2026\/03\/sahtekarlar-final-bolumu-nereden-izlenir-300x169.jpg 300w, https:\/\/www.tgrthaber.com\/mavikadin\/wp-content\/uploads\/2026\/03\/sahtekarlar-final-bolumu-nereden-izlenir-1024x576.jpg 1024w, https:\/\/www.tgrthaber.com\/mavikadin\/wp-content\/uploads\/2026\/03\/sahtekarlar-final-bolumu-nereden-izlenir-768x432.jpg 768w\" sizes=\"(max-width: 1208px) 100vw, 1208px\" \/><\/p>\n<hr \/>\n<h3>SAHTEKARLAR F\u0130NAL B\u00d6L\u00dcM\u00dc NEREDEN \u0130ZLEN\u0130R?<\/h3>\n<p>Sahtekarlar dizisi 22. b\u00f6l\u00fcm\u00fc ile izleyenlere veda ediyor. Sahtekarlar son b\u00f6l\u00fcm\u00fcn\u00fc ka\u00e7\u0131ranlar YouTube kanal\u0131ndan ya da NOW kanal\u0131n\u0131n resmi sitesinden final b\u00f6l\u00fcm\u00fcn\u00fc yeniden izleyebilirler.<\/p>\n","protected":false},"excerpt":{"rendered":"<p>FOX ekranlar\u0131n\u0131n sevilen dizisi Sahtekarlar final b\u00f6l\u00fcm\u00fc sonras\u0131 s\u00fcrpriz bir payla\u015f\u0131m yapt\u0131. Dizinin kamera arkas\u0131 g\u00f6r\u00fcnt\u00fcleri izleyicilerle bulu\u015ftu ve oyuncular hem sahneler arkas\u0131ndaki e\u011flenceli anlar\u0131 g\u00f6sterdi hem de izleyicilerine duygusal bir veda mesaj\u0131 iletti. Sosyal medyada b\u00fcy\u00fck ilgi g\u00f6ren foto\u011fraflar, dizinin fanlar\u0131 taraf\u0131ndan yo\u011fun \u015fekilde payla\u015f\u0131larak yorum ya\u011fmuruna tutuldu.<\/p>\n","protected":false},"author":10,"featured_media":308944,"comment_status":"closed","ping_status":"closed","sticky":false,"template":"","format":"standard","meta":{"rank_math_lock_modified_date":false,"footnotes":""},"categories":[602],"tags":[32159,30619,64297,73349,73350],"class_list":["post-308943","post","type-post","status-publish","format-standard","has-post-thumbnail","hentry","category-diziler","tag-dizi","tag-sahtekarlar","tag-sahtekarlar-dizi","tag-sahtekarlar-final","tag-sahtekarlar-final-bolumu"],"_links":{"self":[{"href":"https:\/\/www.tgrthaber.com\/mavikadin\/wp-json\/wp\/v2\/posts\/308943"}],"collection":[{"href":"https:\/\/www.tgrthaber.com\/mavikadin\/wp-json\/wp\/v2\/posts"}],"about":[{"href":"https:\/\/www.tgrthaber.com\/mavikadin\/wp-json\/wp\/v2\/types\/post"}],"author":[{"embeddable":true,"href":"https:\/\/www.tgrthaber.com\/mavikadin\/wp-json\/wp\/v2\/users\/10"}],"replies":[{"embeddable":true,"href":"https:\/\/www.tgrthaber.com\/mavikadin\/wp-json\/wp\/v2\/comments?post=308943"}],"version-history":[{"count":1,"href":"https:\/\/www.tgrthaber.com\/mavikadin\/wp-json\/wp\/v2\/posts\/308943\/revisions"}],"predecessor-version":[{"id":308950,"href":"https:\/\/www.tgrthaber.com\/mavikadin\/wp-json\/wp\/v2\/posts\/308943\/revisions\/308950"}],"wp:featuredmedia":[{"embeddable":true,"href":"https:\/\/www.tgrthaber.com\/mavikadin\/wp-json\/wp\/v2\/media\/308944"}],"wp:attachment":[{"href":"https:\/\/www.tgrthaber.com\/mavikadin\/wp-json\/wp\/v2\/media?parent=308943"}],"wp:term":[{"taxonomy":"category","embeddable":true,"href":"https:\/\/www.tgrthaber.com\/mavikadin\/wp-json\/wp\/v2\/categories?post=308943"},{"taxonomy":"post_tag","embeddable":true,"href":"https:\/\/www.tgrthaber.com\/mavikadin\/wp-json\/wp\/v2\/tags?post=308943"}],"curies":[{"name":"wp","href":"https:\/\/api.w.org\/{rel}","templated":true}]}}