{"id":308951,"date":"2026-03-14T22:09:42","date_gmt":"2026-03-14T19:09:42","guid":{"rendered":"https:\/\/www.tgrthaber.com\/mavikadin\/?p=308951"},"modified":"2026-03-14T22:10:31","modified_gmt":"2026-03-14T19:10:31","slug":"emre-altug-pinar-yuzbasigil-ile-sevgili-emre-altugun-sevgilisi-pinar-yuzbasigil-kim-meslegi-ne","status":"publish","type":"post","link":"https:\/\/www.tgrthaber.com\/mavikadin\/emre-altug-pinar-yuzbasigil-ile-sevgili-emre-altugun-sevgilisi-pinar-yuzbasigil-kim-meslegi-ne\/","title":{"rendered":"Emre Altu\u011f P\u0131nar Y\u00fczba\u015f\u0131gil ile sevgili! Emre Altu\u011f\u2019un sevgilisi P\u0131nar Y\u00fczba\u015f\u0131gil kim mesle\u011fi ne?"},"content":{"rendered":"<p>Magazin d\u00fcnyas\u0131nda s\u00fcrpriz bir a\u015fk haberi g\u00fcndeme geldi. \u00dcnl\u00fc sanat\u00e7\u0131 <a href=\"https:\/\/www.tgrthaber.com\/mavikadin\/emre-altug-gozlerden-uzak-tuttugu-sevgilisini-yere-goge-sigdiramiyor-sozleri-cok-konusuldu\/\">Emre Altu\u011f<\/a>\u2019un uzun s\u00fcredir s\u0131r gibi saklad\u0131\u011f\u0131 sevgilisinin kim oldu\u011fu ortaya \u00e7\u0131kt\u0131. Altu\u011f\u2019un kalbini \u00e7alan ismin, televizyon projelerinde koordinat\u00f6rl\u00fck yapan P\u0131nar Y\u00fczba\u015f\u0131gil oldu\u011fu \u00f6\u011frenildi. Magazin kulislerinde konu\u015fulan bu s\u00fcrpriz ili\u015fki k\u0131sa s\u00fcrede sosyal medyada g\u00fcndem olurken, P\u0131nar Y\u00fczba\u015f\u0131gil\u2019in kim oldu\u011fu ve ne i\u015f yapt\u0131\u011f\u0131 da merak edilen konular aras\u0131nda yer ald\u0131. Peki, Emre Altu\u011f\u2019un sevgilisi P\u0131nar Y\u00fczba\u015f\u0131gil kimdir? P\u0131nar Y\u00fczba\u015f\u0131gil mesle\u011fi ne?<\/p>\n<h3>EMRE ALTU\u011e SEVG\u0130L\u0130S\u0130 ORTAYA \u00c7IKTI<\/h3>\n<p>\u00dcnl\u00fc \u015fark\u0131c\u0131 <a href=\"https:\/\/www.tgrthaber.com\/mavikadin\/emre-altugdan-gizemli-sevgiliye-ovgu-dolu-sozler-adini-sir-gibi-saklamaya-devam-ediyor\/\">Emre Altu\u011f<\/a>\u2019un uzun zamand\u0131r birlikte oldu\u011fu ve g\u00f6zlerden uzak bir ili\u015fki ya\u015fad\u0131\u011f\u0131n\u0131 biliniyordu. Altu\u011f\u2019un verdi\u011fi bir r\u00f6portajda sevgilisinin medya sekt\u00f6r\u00fcnden biri oldu\u011funu ve kimsenin tan\u0131mad\u0131\u011f\u0131n\u0131 dile getirmi\u015fti. Emre Altu\u011f\u2019un yan\u0131nda hi\u00e7bir zaman g\u00f6z\u00fckmeyen sevgilisinin kim oldu\u011fu merak ediliyordu.<\/p>\n<p><img loading=\"lazy\" decoding=\"async\" class=\"alignnone wp-image-308952 size-full\" src=\"https:\/\/www.tgrthaber.com\/mavikadin\/wp-content\/uploads\/2026\/03\/emre-altug-pinar-yuzbasigil.jpg\" alt=\"\" width=\"1208\" height=\"680\" title=\"\" srcset=\"https:\/\/www.tgrthaber.com\/mavikadin\/wp-content\/uploads\/2026\/03\/emre-altug-pinar-yuzbasigil.jpg 1208w, https:\/\/www.tgrthaber.com\/mavikadin\/wp-content\/uploads\/2026\/03\/emre-altug-pinar-yuzbasigil-300x169.jpg 300w, https:\/\/www.tgrthaber.com\/mavikadin\/wp-content\/uploads\/2026\/03\/emre-altug-pinar-yuzbasigil-1024x576.jpg 1024w, https:\/\/www.tgrthaber.com\/mavikadin\/wp-content\/uploads\/2026\/03\/emre-altug-pinar-yuzbasigil-768x432.jpg 768w\" sizes=\"(max-width: 1208px) 100vw, 1208px\" \/><\/p>\n<hr \/>\n<p>Kulislerden gelen bilgilere g\u00f6re pop m\u00fczi\u011finin sevilen sanat\u00e7\u0131lar\u0131ndan Emre Altu\u011f\u2019un sevgilisi P\u0131nar Y\u00fczba\u015f\u0131gil oldu\u011fu ortaya \u00e7\u0131kt\u0131. Yuzba\u015f\u0131gil\u2019in Okan Bayulgen\u2019in dada ekibinde g\u00f6rev ald\u0131\u011f\u0131 bilinmektedir.<\/p>\n<h3>EMRE ALTU\u011e\u2019UN SEVG\u0130L\u0130S\u0130 PINAR Y\u00dcZBA\u015eIG\u0130L K\u0130MD\u0130R KA\u00c7 YA\u015eINDADIR?<\/h3>\n<p>\u00dcnl\u00fc \u015fark\u0131c\u0131 ve oyuncu Emre Altu\u011f\u2019un \u00f6zel hayat\u0131 yeniden magazin g\u00fcndeminin en \u00e7ok konu\u015fulan konular\u0131ndan biri oldu. Uzun s\u00fcredir g\u00f6zlerden uzak bir ili\u015fki ya\u015fad\u0131\u011f\u0131 konu\u015fulan Altu\u011f\u2019un sevgilisinin P\u0131nar Y\u00fczba\u015f\u0131gil oldu\u011fu ortaya \u00e7\u0131kt\u0131. Bu geli\u015fmenin ard\u0131ndan P\u0131nar Y\u00fczba\u015f\u0131gil\u2019in kim oldu\u011fu ve ka\u00e7 ya\u015f\u0131nda oldu\u011fu da merak edilmeye ba\u015flad\u0131.<\/p>\n<p><img loading=\"lazy\" decoding=\"async\" class=\"alignnone wp-image-308954 size-full\" src=\"https:\/\/www.tgrthaber.com\/mavikadin\/wp-content\/uploads\/2026\/03\/Emre-Altugun-sevgilisi-Pinar-Yuzbasigil-kimdir-Pinar-Yuzbasigil-meslegi-ne.jpg\" alt=\"\" width=\"1208\" height=\"680\" title=\"\" srcset=\"https:\/\/www.tgrthaber.com\/mavikadin\/wp-content\/uploads\/2026\/03\/Emre-Altugun-sevgilisi-Pinar-Yuzbasigil-kimdir-Pinar-Yuzbasigil-meslegi-ne.jpg 1208w, https:\/\/www.tgrthaber.com\/mavikadin\/wp-content\/uploads\/2026\/03\/Emre-Altugun-sevgilisi-Pinar-Yuzbasigil-kimdir-Pinar-Yuzbasigil-meslegi-ne-300x169.jpg 300w, https:\/\/www.tgrthaber.com\/mavikadin\/wp-content\/uploads\/2026\/03\/Emre-Altugun-sevgilisi-Pinar-Yuzbasigil-kimdir-Pinar-Yuzbasigil-meslegi-ne-1024x576.jpg 1024w, https:\/\/www.tgrthaber.com\/mavikadin\/wp-content\/uploads\/2026\/03\/Emre-Altugun-sevgilisi-Pinar-Yuzbasigil-kimdir-Pinar-Yuzbasigil-meslegi-ne-768x432.jpg 768w\" sizes=\"(max-width: 1208px) 100vw, 1208px\" \/><\/p>\n<hr \/>\n<p>Televizyon sekt\u00f6r\u00fcnde \u00e7al\u0131\u015fan P\u0131nar Y\u00fczba\u015f\u0131gil, 2002 \u2013 2006 Marmara \u00dcniversitesi Radyo Televizyon ve Sinema mezundur. Kamera arkas\u0131nda g\u00f6rev alan P\u0131nar Y\u00fczba\u015f\u0131gil, \u00fcnl\u00fc televizyoncu Okan Bay\u00fclgen\u2019in ekibinde koordinat\u00f6r olarak g\u00f6rev yapt\u0131\u011f\u0131 biliniyor. Uzun y\u0131llard\u0131r televizyon projelerinde yer ald\u0131\u011f\u0131 ifade edilen Y\u00fczba\u015f\u0131gil, ekran arkas\u0131nda y\u00fcr\u00fctt\u00fc\u011f\u00fc \u00e7al\u0131\u015fmalarla tan\u0131nan bir isim. \u00d6zel hayat\u0131n\u0131 g\u00f6zlerden uzak ya\u015famay\u0131 tercih eden Y\u00fczba\u015f\u0131gil hakk\u0131nda kamuoyuna yans\u0131yan detaylar olduk\u00e7a s\u0131n\u0131rl\u0131. Ka\u00e7 ya\u015f\u0131nda oldu\u011funa dair net bir bilgi bulunmasa da televizyon sekt\u00f6r\u00fcndeki \u00e7al\u0131\u015fmalar\u0131yla dikkat \u00e7ekmeye devam ediyor. Emre Altu\u011f ile ya\u015fad\u0131\u011f\u0131 ili\u015fki ise magazin d\u00fcnyas\u0131nda k\u0131sa s\u00fcrede g\u00fcndem oldu<\/p>\n<p><img loading=\"lazy\" decoding=\"async\" class=\"alignnone wp-image-308955 size-full\" src=\"https:\/\/www.tgrthaber.com\/mavikadin\/wp-content\/uploads\/2026\/03\/Adsiz-tasarim-9-4.jpg\" alt=\"\" width=\"1208\" height=\"680\" title=\"\" srcset=\"https:\/\/www.tgrthaber.com\/mavikadin\/wp-content\/uploads\/2026\/03\/Adsiz-tasarim-9-4.jpg 1208w, https:\/\/www.tgrthaber.com\/mavikadin\/wp-content\/uploads\/2026\/03\/Adsiz-tasarim-9-4-300x169.jpg 300w, https:\/\/www.tgrthaber.com\/mavikadin\/wp-content\/uploads\/2026\/03\/Adsiz-tasarim-9-4-1024x576.jpg 1024w, https:\/\/www.tgrthaber.com\/mavikadin\/wp-content\/uploads\/2026\/03\/Adsiz-tasarim-9-4-768x432.jpg 768w\" sizes=\"(max-width: 1208px) 100vw, 1208px\" \/><\/p>\n<hr \/>\n<h3>PINAR Y\u00dcZBA\u015eIG\u0130L\u2019\u0130N MESLE\u011e\u0130 NE?<\/h3>\n<p>P\u0131nar Y\u00fczba\u015f\u0131gil, televizyon sekt\u00f6r\u00fcnde koordinat\u00f6r olarak g\u00f6rev yapan bir isimdir. \u00d6zellikle televizyon programlar\u0131n\u0131n haz\u0131rl\u0131k ve organizasyon s\u00fcre\u00e7lerinde aktif rol ald\u0131\u011f\u0131 biliniyor. Y\u00fczba\u015f\u0131gil\u2019in, \u00fcnl\u00fc televizyoncu Okan Bay\u00fclgen\u2019in ekibinde koordinat\u00f6r olarak \u00e7al\u0131\u015ft\u0131\u011f\u0131 ve bir\u00e7ok televizyon projesinin perde arkas\u0131nda yer ald\u0131\u011f\u0131 ifade ediliyor. Ekran \u00f6n\u00fcnde de\u011fil, daha \u00e7ok kamera arkas\u0131nda g\u00f6rev alan Y\u00fczba\u015f\u0131gil; programlar\u0131n planlanmas\u0131, ekip koordinasyonu ve \u00e7ekim s\u00fcre\u00e7lerinin d\u00fczenlenmesi gibi alanlarda g\u00f6rev alarak televizyon d\u00fcnyas\u0131nda \u00e7al\u0131\u015fmalar\u0131n\u0131 s\u00fcrd\u00fcr\u00fcyor. Bu nedenle televizyon sekt\u00f6r\u00fcnde deneyimli bir ekip koordinat\u00f6r\u00fc olarak biliniyor.<\/p>\n","protected":false},"excerpt":{"rendered":"<p>\u00dcnl\u00fc \u015fark\u0131c\u0131 ve oyuncu Emre Altu\u011f\u2019un uzun s\u00fcredir g\u00f6zlerden uzak ya\u015fad\u0131\u011f\u0131 ili\u015fkisinin detaylar\u0131 ortaya \u00e7\u0131kt\u0131. Altu\u011f\u2019un sevgilisinin, televizyon d\u00fcnyas\u0131nda \u00e7al\u0131\u015fan P\u0131nar Y\u00fczba\u015f\u0131gil oldu\u011fu \u00f6\u011frenildi. Y\u00fczba\u015f\u0131gil\u2019in, kim, mesle\u011finin ne oldu\u011fu merak ediliyor. Peki, Emre Altu\u011f\u2019un sevgilisi P\u0131nar Y\u00fczba\u015f\u0131gil kimdir? P\u0131nar Y\u00fczba\u015f\u0131gil mesle\u011fi ne? <\/p>\n","protected":false},"author":10,"featured_media":308953,"comment_status":"closed","ping_status":"closed","sticky":false,"template":"","format":"standard","meta":{"rank_math_lock_modified_date":false,"footnotes":""},"categories":[76],"tags":[73351,3752,133,73352],"class_list":["post-308951","post","type-post","status-publish","format-standard","has-post-thumbnail","hentry","category-magazin","tag-emra-altug-sevgilisi-pinar-yuzbasigil","tag-emre-altug","tag-magazin","tag-pinar-yuzbasigil-kim"],"_links":{"self":[{"href":"https:\/\/www.tgrthaber.com\/mavikadin\/wp-json\/wp\/v2\/posts\/308951"}],"collection":[{"href":"https:\/\/www.tgrthaber.com\/mavikadin\/wp-json\/wp\/v2\/posts"}],"about":[{"href":"https:\/\/www.tgrthaber.com\/mavikadin\/wp-json\/wp\/v2\/types\/post"}],"author":[{"embeddable":true,"href":"https:\/\/www.tgrthaber.com\/mavikadin\/wp-json\/wp\/v2\/users\/10"}],"replies":[{"embeddable":true,"href":"https:\/\/www.tgrthaber.com\/mavikadin\/wp-json\/wp\/v2\/comments?post=308951"}],"version-history":[{"count":3,"href":"https:\/\/www.tgrthaber.com\/mavikadin\/wp-json\/wp\/v2\/posts\/308951\/revisions"}],"predecessor-version":[{"id":308958,"href":"https:\/\/www.tgrthaber.com\/mavikadin\/wp-json\/wp\/v2\/posts\/308951\/revisions\/308958"}],"wp:featuredmedia":[{"embeddable":true,"href":"https:\/\/www.tgrthaber.com\/mavikadin\/wp-json\/wp\/v2\/media\/308953"}],"wp:attachment":[{"href":"https:\/\/www.tgrthaber.com\/mavikadin\/wp-json\/wp\/v2\/media?parent=308951"}],"wp:term":[{"taxonomy":"category","embeddable":true,"href":"https:\/\/www.tgrthaber.com\/mavikadin\/wp-json\/wp\/v2\/categories?post=308951"},{"taxonomy":"post_tag","embeddable":true,"href":"https:\/\/www.tgrthaber.com\/mavikadin\/wp-json\/wp\/v2\/tags?post=308951"}],"curies":[{"name":"wp","href":"https:\/\/api.w.org\/{rel}","templated":true}]}}