{"id":308965,"date":"2026-03-15T09:19:50","date_gmt":"2026-03-15T06:19:50","guid":{"rendered":"https:\/\/www.tgrthaber.com\/mavikadin\/?p=308965"},"modified":"2026-03-15T09:19:50","modified_gmt":"2026-03-15T06:19:50","slug":"pinar-yuzbasigil-kimdir-kac-yasinda-pinar-yuzbasigil-kiminle-sevgili","status":"publish","type":"post","link":"https:\/\/www.tgrthaber.com\/mavikadin\/pinar-yuzbasigil-kimdir-kac-yasinda-pinar-yuzbasigil-kiminle-sevgili\/","title":{"rendered":"P\u0131nar Y\u00fczba\u015f\u0131gil kimdir, ka\u00e7 ya\u015f\u0131nda? P\u0131nar Y\u00fczba\u015f\u0131gil kiminle sevgili?"},"content":{"rendered":"<p>Uzun s\u00fcredir magazin kulislerinde konu\u015fulan \u00fcnl\u00fc \u015fark\u0131c\u0131 Emre Altu\u011f\u2019un sevgilisinin kim oldu\u011fu ortaya \u00e7\u0131kt\u0131. P\u0131nar Y\u00fczba\u015f\u0131gil oldu\u011fu iddia edilen isim merak edilerek ara\u015ft\u0131r\u0131lmaya ba\u015fland\u0131. P\u0131nar Y\u00fczba\u015f\u0131gil\u2019in hayat\u0131 arama motorlar\u0131nda en \u00e7ok arat\u0131lan konulardan biri oldu. Peki, <a href=\"https:\/\/www.tgrthaber.com\/mavikadin\/emre-altug-pinar-yuzbasigil-ile-sevgili-emre-altugun-sevgilisi-pinar-yuzbasigil-kim-meslegi-ne\/\">P\u0131nar Y\u00fczba\u015f\u0131gil<\/a> kimdir, ka\u00e7 ya\u015f\u0131nda? P\u0131nar Y\u00fczba\u015f\u0131gil kiminle sevgili? Sorular\u0131n\u0131 sizin i\u00e7in ara\u015ft\u0131rd\u0131k. \u0130\u015fte detaylar\u2026<\/p>\n<h3>PINAR Y\u00dcZBA\u015eIG\u0130L K\u0130MD\u0130R?<\/h3>\n<p>Magazin g\u00fcndemine bomba gibi d\u00fc\u015fen Emre Altu\u011f, sevgilisiyle dikkatleri \u00fczerine \u00e7ekti. Uzun bir zamand\u0131r magazin g\u00fcndeminde yer alan haberlerde Emre Altu\u011f\u2019un sevgili oldu\u011fu biliniyordu. Ancak o ki\u015finin kim oldu\u011fu bilinmiyordu.<\/p>\n<p><img loading=\"lazy\" decoding=\"async\" class=\"alignnone size-full wp-image-308972\" src=\"https:\/\/www.tgrthaber.com\/mavikadin\/wp-content\/uploads\/2026\/03\/ARZU-55.jpg\" alt=\"P\u0131nar Y\u00fczba\u015f\u0131gil kimdir, ka\u00e7 ya\u015f\u0131nda? P\u0131nar Y\u00fczba\u015f\u0131gil kiminle sevgili?\" width=\"1208\" height=\"680\" title=\"\" srcset=\"https:\/\/www.tgrthaber.com\/mavikadin\/wp-content\/uploads\/2026\/03\/ARZU-55.jpg 1208w, https:\/\/www.tgrthaber.com\/mavikadin\/wp-content\/uploads\/2026\/03\/ARZU-55-300x169.jpg 300w, https:\/\/www.tgrthaber.com\/mavikadin\/wp-content\/uploads\/2026\/03\/ARZU-55-1024x576.jpg 1024w, https:\/\/www.tgrthaber.com\/mavikadin\/wp-content\/uploads\/2026\/03\/ARZU-55-768x432.jpg 768w\" sizes=\"(max-width: 1208px) 100vw, 1208px\" \/><\/p>\n<hr \/>\n<p>Magazin kulislerinde ortaya at\u0131lan bir iddia ile Emre Altu\u011f\u2019un sevgilisinin kim oldu\u011fu \u00f6\u011frenildi. Hatta bir kere bir r\u00f6portaj\u0131nda ili\u015fkisi hakk\u0131nda a\u00e7\u0131klama yapan Emre Altu\u011f\u2019un ad\u0131 P\u0131nar Y\u00fczba\u015f\u0131gil\u2019le an\u0131lmaya ba\u015fland\u0131.<\/p>\n<p><img loading=\"lazy\" decoding=\"async\" class=\"alignnone size-full wp-image-308971\" src=\"https:\/\/www.tgrthaber.com\/mavikadin\/wp-content\/uploads\/2026\/03\/ARZU-1-2.jpg\" alt=\"\" width=\"1208\" height=\"680\" title=\"\" srcset=\"https:\/\/www.tgrthaber.com\/mavikadin\/wp-content\/uploads\/2026\/03\/ARZU-1-2.jpg 1208w, https:\/\/www.tgrthaber.com\/mavikadin\/wp-content\/uploads\/2026\/03\/ARZU-1-2-300x169.jpg 300w, https:\/\/www.tgrthaber.com\/mavikadin\/wp-content\/uploads\/2026\/03\/ARZU-1-2-1024x576.jpg 1024w, https:\/\/www.tgrthaber.com\/mavikadin\/wp-content\/uploads\/2026\/03\/ARZU-1-2-768x432.jpg 768w\" sizes=\"(max-width: 1208px) 100vw, 1208px\" \/><\/p>\n<hr \/>\n<p>\u0130ddia edilene g\u00f6re P\u0131nar Y\u00fczba\u015f\u0131gil, \u00fcnl\u00fc \u015fark\u0131c\u0131 Emre Altu\u011f\u2019un sevgilisi. Bu haberler sonras\u0131 P\u0131nar Y\u00fczba\u015f\u0131gil hayat\u0131yla merak edildi. Ancak P\u0131nar Y\u00fczba\u015f\u0131gil hakk\u0131nda kamuoyunda net bir bilgi bulunmamaktad\u0131r.<\/p>\n<h3><img loading=\"lazy\" decoding=\"async\" class=\"alignnone size-full wp-image-308967\" src=\"https:\/\/www.tgrthaber.com\/mavikadin\/wp-content\/uploads\/2026\/03\/ARZU-5-4.jpg\" alt=\"\" width=\"1208\" height=\"680\" title=\"\" srcset=\"https:\/\/www.tgrthaber.com\/mavikadin\/wp-content\/uploads\/2026\/03\/ARZU-5-4.jpg 1208w, https:\/\/www.tgrthaber.com\/mavikadin\/wp-content\/uploads\/2026\/03\/ARZU-5-4-300x169.jpg 300w, https:\/\/www.tgrthaber.com\/mavikadin\/wp-content\/uploads\/2026\/03\/ARZU-5-4-1024x576.jpg 1024w, https:\/\/www.tgrthaber.com\/mavikadin\/wp-content\/uploads\/2026\/03\/ARZU-5-4-768x432.jpg 768w\" sizes=\"(max-width: 1208px) 100vw, 1208px\" \/><\/h3>\n<hr \/>\n<h3>PINAR Y\u00dcZBA\u015eIG\u0130L KA\u00c7 YA\u015eINDA?<\/h3>\n<p>\u00dcnl\u00fc \u015fark\u0131c\u0131 Emre Altu\u011f ile sevgili oldu\u011fu iddia edilen P\u0131nar Y\u00fczba\u015f\u0131gil\u2019in ya\u015f\u0131 da merak edilerek ara\u015ft\u0131r\u0131lmaya ba\u015fland\u0131. P\u0131nar Y\u00fczba\u015f\u0131gil hakk\u0131nda kamuoyunda net bir bilgi bulunmazken, ya\u015f\u0131 hakk\u0131nda da net bir bilgi bulunmamaktad\u0131r.<\/p>\n<p><img loading=\"lazy\" decoding=\"async\" class=\"alignnone size-full wp-image-308970\" src=\"https:\/\/www.tgrthaber.com\/mavikadin\/wp-content\/uploads\/2026\/03\/ARZU-2-2.jpg\" alt=\"P\u0131nar Y\u00fczba\u015f\u0131gil kimdir, ka\u00e7 ya\u015f\u0131nda? P\u0131nar Y\u00fczba\u015f\u0131gil kiminle sevgili?\" width=\"1208\" height=\"680\" title=\"\" srcset=\"https:\/\/www.tgrthaber.com\/mavikadin\/wp-content\/uploads\/2026\/03\/ARZU-2-2.jpg 1208w, https:\/\/www.tgrthaber.com\/mavikadin\/wp-content\/uploads\/2026\/03\/ARZU-2-2-300x169.jpg 300w, https:\/\/www.tgrthaber.com\/mavikadin\/wp-content\/uploads\/2026\/03\/ARZU-2-2-1024x576.jpg 1024w, https:\/\/www.tgrthaber.com\/mavikadin\/wp-content\/uploads\/2026\/03\/ARZU-2-2-768x432.jpg 768w\" sizes=\"(max-width: 1208px) 100vw, 1208px\" \/><\/p>\n<hr \/>\n<p>Emre Altu\u011f\u2019un yan\u0131nda hi\u00e7bir zaman g\u00f6z\u00fckmeyen P\u0131nar Y\u00fczba\u015f\u0131gil, hakk\u0131nda kamuoyunda k\u0131s\u0131tl\u0131 bilgiler bulunmaktad\u0131r. Sadece ad\u0131 yazan P\u0131nar Y\u00fczba\u015f\u0131gil, medya sekt\u00f6r\u00fcnde \u00e7al\u0131\u015fan biri oldu\u011fu bilinmektedir.<\/p>\n<h3><img loading=\"lazy\" decoding=\"async\" class=\"alignnone size-full wp-image-308969\" src=\"https:\/\/www.tgrthaber.com\/mavikadin\/wp-content\/uploads\/2026\/03\/ARZU-3-3.jpg\" alt=\"P\u0131nar Y\u00fczba\u015f\u0131gil kimdir, ka\u00e7 ya\u015f\u0131nda? P\u0131nar Y\u00fczba\u015f\u0131gil kiminle sevgili?\" width=\"1208\" height=\"680\" title=\"\" srcset=\"https:\/\/www.tgrthaber.com\/mavikadin\/wp-content\/uploads\/2026\/03\/ARZU-3-3.jpg 1208w, https:\/\/www.tgrthaber.com\/mavikadin\/wp-content\/uploads\/2026\/03\/ARZU-3-3-300x169.jpg 300w, https:\/\/www.tgrthaber.com\/mavikadin\/wp-content\/uploads\/2026\/03\/ARZU-3-3-1024x576.jpg 1024w, https:\/\/www.tgrthaber.com\/mavikadin\/wp-content\/uploads\/2026\/03\/ARZU-3-3-768x432.jpg 768w\" sizes=\"(max-width: 1208px) 100vw, 1208px\" \/><\/h3>\n<hr \/>\n<h3><strong>PINAR Y\u00dcZBA\u015eIG\u0130L K\u0130M\u0130NLE SEVG\u0130L\u0130?<\/strong><\/h3>\n<p>\u00dcnl\u00fc \u015fark\u0131c\u0131 ve oyuncu Emre Altu\u011f ile magazin kulislerinde dikkatleri \u00fczerine \u00e7eken P\u0131nar Y\u00fczba\u015f\u0131gil, iddia edilene g\u00f6re sevgililer. Uzun bir s\u00fcredir ili\u015fkilerini g\u00f6zlerden uzak ya\u015fayan \u00e7ift, \u015fimdilerde g\u00fcndemdeki yerlerini al\u0131yorlar.<\/p>\n<p><img loading=\"lazy\" decoding=\"async\" class=\"alignnone size-full wp-image-308968\" src=\"https:\/\/www.tgrthaber.com\/mavikadin\/wp-content\/uploads\/2026\/03\/ARZU-4-4.jpg\" alt=\"P\u0131nar Y\u00fczba\u015f\u0131gil kimdir, ka\u00e7 ya\u015f\u0131nda? P\u0131nar Y\u00fczba\u015f\u0131gil kiminle sevgili?\" width=\"1208\" height=\"680\" title=\"\" srcset=\"https:\/\/www.tgrthaber.com\/mavikadin\/wp-content\/uploads\/2026\/03\/ARZU-4-4.jpg 1208w, https:\/\/www.tgrthaber.com\/mavikadin\/wp-content\/uploads\/2026\/03\/ARZU-4-4-300x169.jpg 300w, https:\/\/www.tgrthaber.com\/mavikadin\/wp-content\/uploads\/2026\/03\/ARZU-4-4-1024x576.jpg 1024w, https:\/\/www.tgrthaber.com\/mavikadin\/wp-content\/uploads\/2026\/03\/ARZU-4-4-768x432.jpg 768w\" sizes=\"(max-width: 1208px) 100vw, 1208px\" \/><\/p>\n<hr \/>\n<p>Okan Bay\u00fclgen\u2019in ekibinde \u00e7al\u0131\u015fan P\u0131nar Y\u00fczba\u015f\u0131gil, uzun y\u0131llard\u0131r televizyon \u00e7al\u0131\u015fmalar\u0131yla dikkatleri \u00fczerine \u00e7ekiyor. \u00d6zel hayat\u0131n\u0131 genellikle g\u00f6zlerden uzak ya\u015fayan P\u0131nar Y\u00fczba\u015f\u0131gil, kamuoyunda da hakk\u0131ndaki bilgiler s\u0131n\u0131rl\u0131 oluyor. Emre Altu\u011f ile sevgili olduklar\u0131 iddia edilmesiyle g\u00fcndemdeki yerlerini almay\u0131 ba\u015fard\u0131lar.<\/p>\n","protected":false},"excerpt":{"rendered":"<p>Emre Altu\u011f ile sevgili oldu\u011fu iddia edilen P\u0131nar Y\u00fcba\u015f\u0131gil, hayat\u0131 ve kariyeriyle merak edilerek ara\u015ft\u0131r\u0131lmaya ba\u015fland\u0131. Arama motorlar\u0131nda P\u0131nar Y\u00fczba\u015f\u0131gil\u2019in kim oldu\u011f\u0131, nereli oldu\u011fu ve mesle\u011finin de ne oldu\u011fu merak ediliyor. Peki, P\u0131nar Y\u00fczba\u015f\u0131gil kimdir, ka\u00e7 ya\u015f\u0131nda? P\u0131nar Y\u00fczba\u015f\u0131gil kiminle sevgili? \u0130\u015fte detaylar\u2026<\/p>\n","protected":false},"author":34,"featured_media":308966,"comment_status":"closed","ping_status":"closed","sticky":false,"template":"","format":"standard","meta":{"rank_math_lock_modified_date":false,"footnotes":""},"categories":[491],"tags":[16521,3752,133,73353],"class_list":["post-308965","post","type-post","status-publish","format-standard","has-post-thumbnail","hentry","category-biyografi","tag-biyografi-haberleri","tag-emre-altug","tag-magazin","tag-pinar-yuzbasigil"],"_links":{"self":[{"href":"https:\/\/www.tgrthaber.com\/mavikadin\/wp-json\/wp\/v2\/posts\/308965"}],"collection":[{"href":"https:\/\/www.tgrthaber.com\/mavikadin\/wp-json\/wp\/v2\/posts"}],"about":[{"href":"https:\/\/www.tgrthaber.com\/mavikadin\/wp-json\/wp\/v2\/types\/post"}],"author":[{"embeddable":true,"href":"https:\/\/www.tgrthaber.com\/mavikadin\/wp-json\/wp\/v2\/users\/34"}],"replies":[{"embeddable":true,"href":"https:\/\/www.tgrthaber.com\/mavikadin\/wp-json\/wp\/v2\/comments?post=308965"}],"version-history":[{"count":2,"href":"https:\/\/www.tgrthaber.com\/mavikadin\/wp-json\/wp\/v2\/posts\/308965\/revisions"}],"predecessor-version":[{"id":308974,"href":"https:\/\/www.tgrthaber.com\/mavikadin\/wp-json\/wp\/v2\/posts\/308965\/revisions\/308974"}],"wp:featuredmedia":[{"embeddable":true,"href":"https:\/\/www.tgrthaber.com\/mavikadin\/wp-json\/wp\/v2\/media\/308966"}],"wp:attachment":[{"href":"https:\/\/www.tgrthaber.com\/mavikadin\/wp-json\/wp\/v2\/media?parent=308965"}],"wp:term":[{"taxonomy":"category","embeddable":true,"href":"https:\/\/www.tgrthaber.com\/mavikadin\/wp-json\/wp\/v2\/categories?post=308965"},{"taxonomy":"post_tag","embeddable":true,"href":"https:\/\/www.tgrthaber.com\/mavikadin\/wp-json\/wp\/v2\/tags?post=308965"}],"curies":[{"name":"wp","href":"https:\/\/api.w.org\/{rel}","templated":true}]}}