{"id":308975,"date":"2026-03-15T11:04:48","date_gmt":"2026-03-15T08:04:48","guid":{"rendered":"https:\/\/www.tgrthaber.com\/mavikadin\/?p=308975"},"modified":"2026-03-15T11:05:46","modified_gmt":"2026-03-15T08:05:46","slug":"baris-alper-yilmaz-annesiyle-horon-tepti-eglenceli-anlar-sosyal-medyada-viral-oldu","status":"publish","type":"post","link":"https:\/\/www.tgrthaber.com\/mavikadin\/baris-alper-yilmaz-annesiyle-horon-tepti-eglenceli-anlar-sosyal-medyada-viral-oldu\/","title":{"rendered":"Bar\u0131\u015f Alper Y\u0131lmaz annesiyle horon tepti! E\u011flenceli anlar sosyal medyada viral oldu"},"content":{"rendered":"<p>Galatasaray&#8217;\u0131n sevilen futbolcusu <a href=\"https:\/\/www.tgrthaber.com\/mavikadin\/ebru-avsar-kimdir-baris-alper-yilmazin-sevgilisi-mi-ebru-avsar-kac-yasinda\/\">Bar\u0131\u015f Alper Y\u0131lmaz<\/a>, sosyal medya hesab\u0131ndan yay\u0131nlad\u0131\u011f\u0131 horon videosuyla g\u00fcndemde. 25 ya\u015f\u0131ndaki milli futbolcu, annesi Emine Y\u0131lmaz&#8217;la ge\u00e7irdi\u011fi keyifli anlar\u0131 takip\u00e7ileriyle payla\u015ft\u0131. Birlikte <a href=\"https:\/\/www.tgrthaber.com\/mavikadin\/imajimi-kotulemeye-calisiyorlar-ama-umurumda-degil-diyen-baris-alper-yilmaz-kimdir\/\">horon tepen<\/a> ikili hem enerjileriyle hem de keyifli halleriyle olduk\u00e7a be\u011fenildi. Horon dans\u0131yla kendine bir kere daha hayran b\u0131rakan gen\u00e7 futbolcu Bar\u0131\u015f Alper Y\u0131lmaz&#8217;a sosyal medyadan adeta yorum ya\u011f\u0131yor. \u0130\u015fte detaylar&#8230;<\/p>\n<h3>BARI\u015e ALPER YILMAZ ANNES\u0130YLE HORON TEPT\u0130<\/h3>\n<p><a href=\"https:\/\/www.tgrthaber.com\/mavikadin\/ebru-avsardan-cok-konusulacak-baris-alper-yilmaz-aciklamasi\/\">Bar\u0131\u015f Alper Y\u0131lmaz<\/a> sahadaki ba\u015far\u0131lar\u0131yla ad\u0131ndan s\u00f6z ettirmeye devam ediyor. Herkesin gen\u00e7 ya\u015fta takdirini alan milli futbolcu, \u00f6zel hayat\u0131yla da magazin g\u00fcndemine oturdu.<\/p>\n<p><img loading=\"lazy\" decoding=\"async\" class=\"alignnone wp-image-308999 \" src=\"https:\/\/www.tgrthaber.com\/mavikadin\/wp-content\/uploads\/2026\/03\/i-69.webp\" alt=\"\" width=\"1281\" height=\"670\" title=\"\" srcset=\"https:\/\/www.tgrthaber.com\/mavikadin\/wp-content\/uploads\/2026\/03\/i-69.webp 480w, https:\/\/www.tgrthaber.com\/mavikadin\/wp-content\/uploads\/2026\/03\/i-69-300x157.webp 300w\" sizes=\"(max-width: 1281px) 100vw, 1281px\" \/><\/p>\n<hr \/>\n<p>Memleketi Rize&#8217;nin sevilen oyunu horonu annesi Emine Han\u0131m&#8217;la oynayarak, sosyal medya hesab\u0131 \u00fczerinden de o anlar\u0131 payla\u015fan Y\u0131lmaz, k\u0131vrak hareketleri ve ne\u015feli halleriyle t\u00fcm dikkatleri \u00fczerine \u00e7ekti. Anne o\u011ful, g\u00f6r\u00fcnt\u00fclerin payla\u015f\u0131lmas\u0131 ard\u0131ndan viral listesinin ba\u015f\u0131n\u0131 \u00e7ekti. \u0130\u015fte Galatasarayl\u0131 milli futbolcu <a href=\"https:\/\/www.tgrthaber.com\/mavikadin\/galatasarayli-futbolcu-baris-alper-yilmaz-3-kiz-arkadasiyla-kameralara-yakalandi\/\">Bar\u0131\u015f Alper Y\u0131lmaz<\/a>&#8216;\u0131n annesiyle <a href=\"https:\/\/www.tgrthaber.com\/mavikadin\/ne-baris-alper-yilmaz-ne-de-dj-sevgili-ben-yine-asik-oldum-diyen-seyma-subasinin-yeni-sevgilisi-tanidik-cikti\/\">horon tepti\u011fi<\/a> o anlar&#8230;<\/p>\n<div style=\"width: 640px;\" class=\"wp-video\"><!--[if lt IE 9]><script>document.createElement('video');<\/script><![endif]-->\n<video class=\"wp-video-shortcode\" id=\"video-308975-1\" width=\"640\" height=\"1138\" preload=\"metadata\" controls=\"controls\"><source type=\"video\/mp4\" src=\"https:\/\/www.tgrthaber.com\/mavikadin\/wp-content\/uploads\/2026\/03\/Instagram-barisalperyilmaz-stories-3852927531653033952-1.mp4?_=1\" \/><a href=\"https:\/\/www.tgrthaber.com\/mavikadin\/wp-content\/uploads\/2026\/03\/Instagram-barisalperyilmaz-stories-3852927531653033952-1.mp4\">https:\/\/www.tgrthaber.com\/mavikadin\/wp-content\/uploads\/2026\/03\/Instagram-barisalperyilmaz-stories-3852927531653033952-1.mp4<\/a><\/video><\/div>\n<h3>E\u011eLENCEL\u0130 ANLAR SOSYAL MEDYADA V\u0130RAL OLDU<\/h3>\n<p>Galatasaray\u0131n yo\u011fun ilgi g\u00f6ren futbolcusu <a href=\"https:\/\/www.tgrthaber.com\/mavikadin\/baris-alper-yilmaz-kimin-ogludur-baris-alper-yilmaz-nereli-ve-kac-yasindadir\/\">Bar\u0131\u015f Alper Y\u0131lmaz<\/a>, 3 milyona yak\u0131n takip\u00e7isi bulunan hesab\u0131ndan payla\u015ft\u0131\u011f\u0131 e\u011flenceli videsouyla konu\u015fuluyor. Annesi Emine Y\u0131lmaz&#8217;la horon tepti\u011fi anlar g\u00fcn\u00fcn en \u00e7ok konu\u015fulan ba\u015fl\u0131klar\u0131 aras\u0131nda yerini alm\u0131\u015f durumda.<\/p>\n<p><img loading=\"lazy\" decoding=\"async\" class=\"alignnone wp-image-309000 \" src=\"https:\/\/www.tgrthaber.com\/mavikadin\/wp-content\/uploads\/2026\/03\/i-68.webp\" alt=\"\" width=\"1192\" height=\"790\" title=\"\" srcset=\"https:\/\/www.tgrthaber.com\/mavikadin\/wp-content\/uploads\/2026\/03\/i-68.webp 480w, https:\/\/www.tgrthaber.com\/mavikadin\/wp-content\/uploads\/2026\/03\/i-68-300x199.webp 300w\" sizes=\"(max-width: 1192px) 100vw, 1192px\" \/><\/p>\n<hr \/>\n<p>Bar\u0131\u015f Alper Y\u0131lmaz, futbol kariyerine Rize&#8217;de ba\u015flad\u0131ktan sonra 2021 y\u0131l\u0131nda Galatasaray&#8217;a transfer olmu\u015ftu. Memleketi Rize&#8217;den takip\u00e7ileri i\u00e7in samimi payla\u015f\u0131m yapan Bar\u0131\u015f Alper Y\u0131lmaz&#8217;\u0131 sevenleri de yorum ya\u011fmuruna tuttu.<\/p>\n<p><img loading=\"lazy\" decoding=\"async\" class=\"alignnone wp-image-309002 \" src=\"https:\/\/www.tgrthaber.com\/mavikadin\/wp-content\/uploads\/2026\/03\/i-66.webp\" alt=\"\" width=\"1337\" height=\"752\" title=\"\" srcset=\"https:\/\/www.tgrthaber.com\/mavikadin\/wp-content\/uploads\/2026\/03\/i-66.webp 480w, https:\/\/www.tgrthaber.com\/mavikadin\/wp-content\/uploads\/2026\/03\/i-66-300x169.webp 300w\" sizes=\"(max-width: 1337px) 100vw, 1337px\" \/><\/p>\n<hr \/>\n<p>&#8216;Bizim \u00e7ocuk i\u015fte. Rize&#8217;nin horonu damar\u0131nda var. Seviliyorsun Bar\u0131\u015f&#8217;, &#8216;Ma\u00e7lardarakiplere aman vermeyen Bar\u0131\u015f, horonda da zirveyi kimseye b\u0131rakmayacak g\u00f6r\u00fcn\u00fcyor. Harikas\u0131n\u0131z Emine Teyze, o\u011flunu g\u00fczel yeti\u015ftirmi\u015fssin&#8217;, &#8216;Ma\u015fallah diyelim g\u00f6z nazar de\u011fmesin. Anne o\u011ful s\u00fcper horon oynuyorsunuz&#8217;, &#8216;Sen orda oynarken, biz de yerimizde duramad\u0131k harikas\u0131n\u0131z&#8217; gibi yorumlar gen\u00e7 yetenek Bar\u0131\u015f Alper Y\u0131lmaz ve annesi Emine Y\u0131lmaz&#8217;a pe\u015f pe\u015fe geldi.<\/p>\n<p><img loading=\"lazy\" decoding=\"async\" class=\"alignnone wp-image-309003 \" src=\"https:\/\/www.tgrthaber.com\/mavikadin\/wp-content\/uploads\/2026\/03\/i-65.webp\" alt=\"\" width=\"1284\" height=\"706\" title=\"\" srcset=\"https:\/\/www.tgrthaber.com\/mavikadin\/wp-content\/uploads\/2026\/03\/i-65.webp 480w, https:\/\/www.tgrthaber.com\/mavikadin\/wp-content\/uploads\/2026\/03\/i-65-300x165.webp 300w\" sizes=\"(max-width: 1284px) 100vw, 1284px\" \/><\/p>\n<hr \/>\n<h3>BARI\u015e ALPER YILMAZ K\u0130MD\u0130R, ASLEN NEREL\u0130?<\/h3>\n<p>23 May\u0131s 2000 tarihinde Rize&#8217;de d\u00fcnyaya gelen Bar\u0131\u015f Alper Y\u0131lmaz, \u015fu anda 25 ya\u015f\u0131ndad\u0131r. S\u00fcper Lig ekiplerinden Glatasaray&#8217;da ve T\u00fcrkiye milli tak\u0131m\u0131nda forma giymi\u015ftir.<\/p>\n<p><img loading=\"lazy\" decoding=\"async\" class=\"alignnone wp-image-309001 \" src=\"https:\/\/www.tgrthaber.com\/mavikadin\/wp-content\/uploads\/2026\/03\/i-67.webp\" alt=\"\" width=\"1276\" height=\"718\" title=\"\" srcset=\"https:\/\/www.tgrthaber.com\/mavikadin\/wp-content\/uploads\/2026\/03\/i-67.webp 480w, https:\/\/www.tgrthaber.com\/mavikadin\/wp-content\/uploads\/2026\/03\/i-67-300x169.webp 300w\" sizes=\"(max-width: 1276px) 100vw, 1276px\" \/><\/p>\n<hr \/>\n<p>Bar\u0131\u015f Alper Y\u0131lmaz futbol kariyerine \u00f6ncelikle Rize \u00d6zel \u0130dare Spor&#8217;da ba\u015flam\u0131\u015f ancak gen\u00e7 yetenek ke\u015ffedilerek, Ankara Demirspor ve Ankara Ke\u00e7i\u00f6reng\u00fcc\u00fc formalar\u0131n\u0131 da giydikten sonra, 2021 y\u0131l\u0131nda Galatasaray&#8217;a transfer olmu\u015ftur.<\/p>\n","protected":false},"excerpt":{"rendered":"<p>Galatasaray&#8217;\u0131n ba\u015far\u0131l\u0131 futbolcusu Bar\u0131\u015f Alper Y\u0131lmaz, annesi Emine Y\u0131lmaz&#8217;la horon tepti\u011fi anlar\u0131 sosyal medya hesab\u0131ndan payla\u015ft\u0131. K\u0131sa s\u00fcrede trend listesine giren g\u00f6r\u00fcnt\u00fcler binlerce be\u011feni al\u0131rken, yorumlar ya\u011fmur gibi ya\u011fd\u0131. \u0130\u015fte sosyal medyada g\u00fcndem olan Bar\u0131\u015f Alper Y\u0131lmaz ve annesinin horon tepti\u011fi o anlar&#8230;<\/p>\n","protected":false},"author":35,"featured_media":308976,"comment_status":"closed","ping_status":"closed","sticky":false,"template":"","format":"standard","meta":{"rank_math_lock_modified_date":false,"footnotes":""},"categories":[76],"tags":[2476,26546,73360,73359,133],"class_list":["post-308975","post","type-post","status-publish","format-standard","has-post-thumbnail","hentry","category-magazin","tag-baris-alper-yilmaz","tag-baris-alper-yilmaz-kimdir","tag-emine-yilmaz","tag-horon","tag-magazin"],"_links":{"self":[{"href":"https:\/\/www.tgrthaber.com\/mavikadin\/wp-json\/wp\/v2\/posts\/308975"}],"collection":[{"href":"https:\/\/www.tgrthaber.com\/mavikadin\/wp-json\/wp\/v2\/posts"}],"about":[{"href":"https:\/\/www.tgrthaber.com\/mavikadin\/wp-json\/wp\/v2\/types\/post"}],"author":[{"embeddable":true,"href":"https:\/\/www.tgrthaber.com\/mavikadin\/wp-json\/wp\/v2\/users\/35"}],"replies":[{"embeddable":true,"href":"https:\/\/www.tgrthaber.com\/mavikadin\/wp-json\/wp\/v2\/comments?post=308975"}],"version-history":[{"count":2,"href":"https:\/\/www.tgrthaber.com\/mavikadin\/wp-json\/wp\/v2\/posts\/308975\/revisions"}],"predecessor-version":[{"id":309005,"href":"https:\/\/www.tgrthaber.com\/mavikadin\/wp-json\/wp\/v2\/posts\/308975\/revisions\/309005"}],"wp:featuredmedia":[{"embeddable":true,"href":"https:\/\/www.tgrthaber.com\/mavikadin\/wp-json\/wp\/v2\/media\/308976"}],"wp:attachment":[{"href":"https:\/\/www.tgrthaber.com\/mavikadin\/wp-json\/wp\/v2\/media?parent=308975"}],"wp:term":[{"taxonomy":"category","embeddable":true,"href":"https:\/\/www.tgrthaber.com\/mavikadin\/wp-json\/wp\/v2\/categories?post=308975"},{"taxonomy":"post_tag","embeddable":true,"href":"https:\/\/www.tgrthaber.com\/mavikadin\/wp-json\/wp\/v2\/tags?post=308975"}],"curies":[{"name":"wp","href":"https:\/\/api.w.org\/{rel}","templated":true}]}}