{"id":308978,"date":"2026-03-15T10:46:43","date_gmt":"2026-03-15T07:46:43","guid":{"rendered":"https:\/\/www.tgrthaber.com\/mavikadin\/?p=308978"},"modified":"2026-03-15T10:52:02","modified_gmt":"2026-03-15T07:52:02","slug":"baran-alp-vardar-kimdir-baran-alp-vardar-kac-yasinda-neden-oldu","status":"publish","type":"post","link":"https:\/\/www.tgrthaber.com\/mavikadin\/baran-alp-vardar-kimdir-baran-alp-vardar-kac-yasinda-neden-oldu\/","title":{"rendered":"Baran Alp Vardar kimdir? Baran Alp Vardar ka\u00e7 ya\u015f\u0131nda, neden \u00f6ld\u00fc?"},"content":{"rendered":"<p><a href=\"https:\/\/www.tgrthaber.com\/mavikadin\/omer-sarialioglu-kimdir-kac-yasinda-omer-sarialioglu-kimin-oglu\/\">Baran Alp Vardar<\/a> ismi, gen\u00e7 ya\u015fta hayata veda eden \u0130stanbulsporlu futbolcunun ard\u0131ndan en \u00e7ok ara\u015ft\u0131r\u0131lan konular\u0131n ba\u015f\u0131nda geliyor. 20 ya\u015f\u0131ndaki stoperin kanser tedavisi g\u00f6rd\u00fc\u011f\u00fc ve tedavi s\u00fcrecinde hayat\u0131n\u0131 kaybetti\u011fi \u00f6\u011frenilirken, spor camias\u0131 yasa bo\u011fuldu. \u0130stanbulspor&#8217;un &#8220;can\u0131m\u0131z&#8221; diyerek and\u0131\u011f\u0131 gen\u00e7 oyuncunun kim oldu\u011fu, ka\u00e7 ya\u015f\u0131nda oldu\u011fu ve \u00f6l\u00fcm nedeni, sevenleri taraf\u0131ndan merak edilerek ara\u015ft\u0131r\u0131l\u0131yor.<\/p>\n<h3>BARAN ALP VARDAR K\u0130MD\u0130R?<\/h3>\n<p>\u0130stanbulspor&#8217;un 20 ya\u015f\u0131ndaki stoperi <a href=\"https:\/\/www.tgrthaber.com\/mavikadin\/ecmel-faik-sarialioglu-kimdir-kac-yasinda-ecmel-faik-sarialioglu-meslegi-nedir\/\">Baran Alp Vardar<\/a>, bir s\u00fcredir kanser hastal\u0131\u011f\u0131 ile m\u00fccadele ediyordu. Sar\u0131-siyahl\u0131 kul\u00fcb\u00fcn altyap\u0131s\u0131ndan yeti\u015fen ve bu sezon A tak\u0131mda 21 ma\u00e7ta forma giyen gen\u00e7 futbolcunun vefat\u0131 spor camias\u0131n\u0131 adeta yasa bo\u011fdu.<\/p>\n<p><img loading=\"lazy\" decoding=\"async\" class=\"alignnone wp-image-308984 \" src=\"https:\/\/www.tgrthaber.com\/mavikadin\/wp-content\/uploads\/2026\/03\/i-71.webp\" alt=\"\" width=\"1444\" height=\"812\" title=\"\" srcset=\"https:\/\/www.tgrthaber.com\/mavikadin\/wp-content\/uploads\/2026\/03\/i-71.webp 480w, https:\/\/www.tgrthaber.com\/mavikadin\/wp-content\/uploads\/2026\/03\/i-71-300x169.webp 300w\" sizes=\"(max-width: 1444px) 100vw, 1444px\" \/><\/p>\n<hr \/>\n<p>Baran Alp Vardar, 2005 y\u0131l\u0131nda d\u00fcnyaya geldi. Futbol hayat\u0131na \u0130stanbulspor altyap\u0131s\u0131nda ba\u015flayan gen\u00e7 yetenek, stoper cephesinde g\u00f6rev yap\u0131yordu. Vardar, altyap\u0131 kategorilerinde g\u00f6sterdi\u011fi ba\u015far\u0131l\u0131 performans ve savunmadaki yetenekleriyle k\u0131sa s\u00fcrede dikkatleri \u00fczerine \u00e7ekmi\u015fti.<\/p>\n<p><img loading=\"lazy\" decoding=\"async\" class=\"alignnone wp-image-308982 \" src=\"https:\/\/www.tgrthaber.com\/mavikadin\/wp-content\/uploads\/2026\/03\/66b363ece22720552ef5b851.webp\" alt=\"\" width=\"1243\" height=\"1007\" title=\"\" srcset=\"https:\/\/www.tgrthaber.com\/mavikadin\/wp-content\/uploads\/2026\/03\/66b363ece22720552ef5b851.webp 770w, https:\/\/www.tgrthaber.com\/mavikadin\/wp-content\/uploads\/2026\/03\/66b363ece22720552ef5b851-300x243.webp 300w, https:\/\/www.tgrthaber.com\/mavikadin\/wp-content\/uploads\/2026\/03\/66b363ece22720552ef5b851-768x622.webp 768w\" sizes=\"(max-width: 1243px) 100vw, 1243px\" \/><\/p>\n<hr \/>\n<p><a href=\"https:\/\/www.tgrthaber.com\/mavikadin\/vedat-inceefe-kimdir-ve-kac-yasinda-vedat-inceefe-catli-filmiyle-basrolde\/\">Baran Alp Vardar<\/a> A tak\u0131m kadrosuna y\u00fckselmeyi ba\u015fard\u0131. Hem sahadaki m\u00fccadelesi hem de tak\u0131m arkada\u015flar\u0131yla kurdu\u011fu g\u00fc\u00e7l\u00fc ba\u011flarla tan\u0131nan gen\u00e7 futbolcu, g\u00fcler y\u00fcz\u00fc ve karakteriyle herkesin g\u00f6nl\u00fcnde taht kurmu\u015ftu.<\/p>\n<p><img loading=\"lazy\" decoding=\"async\" class=\"alignnone wp-image-308985 \" src=\"https:\/\/www.tgrthaber.com\/mavikadin\/wp-content\/uploads\/2026\/03\/69b655479260115a9e5cf595.gif\" alt=\"\" width=\"1254\" height=\"690\" title=\"\"><\/p>\n<hr \/>\n<h3>BARAN ALP VARDAR KA\u00c7 YA\u015eINDA, NEDEN \u00d6LD\u00dc?<\/h3>\n<p>Gen\u00e7 stoper Baran Alp Vardar, hen\u00fcz 20 ya\u015f\u0131nda hayata veda etti. 2005 do\u011fumlu olan Baran Alp Vardar, futbol kariyerinin en verimli d\u00f6neminde yakaland\u0131\u011f\u0131 amans\u0131z hastal\u0131k nedeniyle ya\u015fam m\u00fccadelesini kaybetti. Bu sezon \u0130stanbulspor formas\u0131yla 21 kar\u015f\u0131la\u015fmada g\u00f6rev alan Vardar, gen\u00e7 ya\u015f\u0131na ra\u011fmen tak\u0131m\u0131n\u0131n \u00f6nemli oyuncular\u0131ndan biri olmay\u0131 ba\u015farm\u0131\u015ft\u0131.<\/p>\n<p><img loading=\"lazy\" decoding=\"async\" class=\"alignnone wp-image-308980 \" src=\"https:\/\/www.tgrthaber.com\/mavikadin\/wp-content\/uploads\/2026\/03\/i-75.webp\" alt=\"\" width=\"1207\" height=\"679\" title=\"\" srcset=\"https:\/\/www.tgrthaber.com\/mavikadin\/wp-content\/uploads\/2026\/03\/i-75.webp 480w, https:\/\/www.tgrthaber.com\/mavikadin\/wp-content\/uploads\/2026\/03\/i-75-300x169.webp 300w\" sizes=\"(max-width: 1207px) 100vw, 1207px\" \/><\/p>\n<hr \/>\n<p>\u0130stanbulspor Kul\u00fcb\u00fc&#8217;n\u00fcn resmi a\u00e7\u0131klamas\u0131na g\u00f6re, Baran Alp Vardar bir s\u00fcredir kanser tedavisi g\u00f6r\u00fcyordu. Gen\u00e7 futbolcu, hastal\u0131\u011f\u0131 s\u00fcresince \u00e7ok fazla m\u00fccadele etse de kansere yenik d\u00fc\u015ft\u00fc. Kul\u00fcpten yap\u0131lan duygusal a\u00e7\u0131klamada, &#8216;Bir s\u00fcredir kanser tedavisi g\u00f6ren futbolcumuz, can\u0131m\u0131z Baran Alp Vardar&#8217;\u0131 kaybetmenin derin \u00fcz\u00fcnt\u00fcs\u00fcn\u00fc ya\u015f\u0131yoruz&#8217; ifadeleri kullan\u0131ld\u0131.<\/p>\n<p><img loading=\"lazy\" decoding=\"async\" class=\"alignnone wp-image-308981 \" src=\"https:\/\/www.tgrthaber.com\/mavikadin\/wp-content\/uploads\/2026\/03\/i-74.webp\" alt=\"\" width=\"1263\" height=\"705\" title=\"\" srcset=\"https:\/\/www.tgrthaber.com\/mavikadin\/wp-content\/uploads\/2026\/03\/i-74.webp 480w, https:\/\/www.tgrthaber.com\/mavikadin\/wp-content\/uploads\/2026\/03\/i-74-300x168.webp 300w\" sizes=\"(max-width: 1263px) 100vw, 1263px\" \/><\/p>\n<hr \/>\n<h3>BARAN ALP VARDAR CENAZES\u0130 NE ZAMAN, NEREDE?<\/h3>\n<p>\u0130stanbulspor Kul\u00fcb\u00fc, gen\u00e7 futbolcu Baran Alp Vardar&#8217;\u0131n cenaze program\u0131n\u0131 da sevenleriyle payla\u015ft\u0131. Buna g\u00f6re Baran Alp Vardar&#8217;\u0131n cenazesi, bug\u00fcn \u00f6\u011fle namaz\u0131na m\u00fcteakip Beylikd\u00fcz\u00fc Mevlana Camii&#8217;nde k\u0131l\u0131nacak cenaze namaz\u0131n\u0131n ard\u0131ndan topra\u011fa verilecek. Cenazeye tak\u0131m arkada\u015flar\u0131, kul\u00fcp y\u00f6neticileri ve sevenlerinin kat\u0131lmas\u0131 bekleniyor.<\/p>\n","protected":false},"excerpt":{"rendered":"<p>\u0130stanbulspor&#8217;un gen\u00e7 ya\u015ftaki stoperi Baran Alp Vardar&#8217;\u0131n vefat\u0131, spor camias\u0131n\u0131 derinden sarst\u0131. Gen\u00e7 futbocunun vefat haberi sonras\u0131 arama motorlar\u0131 adeta kilitlendi. &#8216;Baran Alp Vardar kimdir?&#8217;, &#8216;Bar\u0131\u015f Alp Vardar ka\u00e7 ya\u015f\u0131ndayd\u0131, neden \u00f6ld\u00fc?&#8217; gibi sorular acil cevap ar\u0131yor. \u0130\u015fte \u0130stanbulspor&#8217;un sevilen stoperi Baran Alp Vardar&#8217;a dair merak edilen t\u00fcm detaylar&#8230;<\/p>\n","protected":false},"author":35,"featured_media":308979,"comment_status":"closed","ping_status":"closed","sticky":false,"template":"","format":"standard","meta":{"rank_math_lock_modified_date":false,"footnotes":""},"categories":[491],"tags":[73354,73355,73356,73357,3374],"class_list":["post-308978","post","type-post","status-publish","format-standard","has-post-thumbnail","hentry","category-biyografi","tag-baran-alp-vardar","tag-baran-alp-vardar-kimdir","tag-baran-alp-vardar-neden-oldu","tag-baran-alp-vardar-yasi","tag-biyografi"],"_links":{"self":[{"href":"https:\/\/www.tgrthaber.com\/mavikadin\/wp-json\/wp\/v2\/posts\/308978"}],"collection":[{"href":"https:\/\/www.tgrthaber.com\/mavikadin\/wp-json\/wp\/v2\/posts"}],"about":[{"href":"https:\/\/www.tgrthaber.com\/mavikadin\/wp-json\/wp\/v2\/types\/post"}],"author":[{"embeddable":true,"href":"https:\/\/www.tgrthaber.com\/mavikadin\/wp-json\/wp\/v2\/users\/35"}],"replies":[{"embeddable":true,"href":"https:\/\/www.tgrthaber.com\/mavikadin\/wp-json\/wp\/v2\/comments?post=308978"}],"version-history":[{"count":4,"href":"https:\/\/www.tgrthaber.com\/mavikadin\/wp-json\/wp\/v2\/posts\/308978\/revisions"}],"predecessor-version":[{"id":308997,"href":"https:\/\/www.tgrthaber.com\/mavikadin\/wp-json\/wp\/v2\/posts\/308978\/revisions\/308997"}],"wp:featuredmedia":[{"embeddable":true,"href":"https:\/\/www.tgrthaber.com\/mavikadin\/wp-json\/wp\/v2\/media\/308979"}],"wp:attachment":[{"href":"https:\/\/www.tgrthaber.com\/mavikadin\/wp-json\/wp\/v2\/media?parent=308978"}],"wp:term":[{"taxonomy":"category","embeddable":true,"href":"https:\/\/www.tgrthaber.com\/mavikadin\/wp-json\/wp\/v2\/categories?post=308978"},{"taxonomy":"post_tag","embeddable":true,"href":"https:\/\/www.tgrthaber.com\/mavikadin\/wp-json\/wp\/v2\/tags?post=308978"}],"curies":[{"name":"wp","href":"https:\/\/api.w.org\/{rel}","templated":true}]}}