{"id":308988,"date":"2026-03-15T10:53:43","date_gmt":"2026-03-15T07:53:43","guid":{"rendered":"https:\/\/www.tgrthaber.com\/mavikadin\/?p=308988"},"modified":"2026-03-15T10:53:44","modified_gmt":"2026-03-15T07:53:44","slug":"veliaht-dizisi-ne-zaman-final-yapacak-veliaht-bitiyor-mu","status":"publish","type":"post","link":"https:\/\/www.tgrthaber.com\/mavikadin\/veliaht-dizisi-ne-zaman-final-yapacak-veliaht-bitiyor-mu\/","title":{"rendered":"Veliaht dizisi ne zaman final yapacak? Veliaht bitiyor mu?"},"content":{"rendered":"<p>Ekranlar\u0131n sevilerek takip edilen dizisi <a href=\"https:\/\/www.tgrthaber.com\/medya\/veliaht-dizisine-ercan-kesaldan-duygusal-veda-bayramdan-sonra-final-bolumu-yayinlanac-3288185\">Veliaht<\/a>, d\u00fc\u015fen reytingleri nedeniyle final haberleriyle g\u00fcndem oldu. Arama motorlar\u0131nda dizinin final yap\u0131p yapmayaca\u011f\u0131 ile ilgili merak edilenler ara\u015ft\u0131r\u0131lmaya ba\u015fland\u0131. Peki, Veliaht dizisi ne zaman final yapacak? Veliaht bitiyor mu? sorular\u0131n\u0131 sizin i\u00e7in ara\u015ft\u0131rd\u0131k.<\/p>\n<h3>VEL\u0130AHT D\u0130Z\u0130S\u0130 NE ZAMAN F\u0130NAL YAPACAK?<\/h3>\n<p>Show TV ekranlar\u0131n\u0131n sevilerek takip edilen dizi Veliaht, izleyicinin merak ederek ara\u015ft\u0131r\u0131lan diziler aras\u0131nda yer al\u0131yor. Per\u015fembe ak\u015famlar\u0131 ekranlara gelen Veliaht dizisi, ekranlara veda ediyor.<\/p>\n<p><img loading=\"lazy\" decoding=\"async\" class=\"alignnone size-full wp-image-308995\" src=\"https:\/\/www.tgrthaber.com\/mavikadin\/wp-content\/uploads\/2026\/03\/veliaht-7.jpg\" alt=\"Veliaht dizisi ne zaman final yapacak? Veliaht bitiyor mu?\" width=\"1208\" height=\"680\" title=\"\" srcset=\"https:\/\/www.tgrthaber.com\/mavikadin\/wp-content\/uploads\/2026\/03\/veliaht-7.jpg 1208w, https:\/\/www.tgrthaber.com\/mavikadin\/wp-content\/uploads\/2026\/03\/veliaht-7-300x169.jpg 300w, https:\/\/www.tgrthaber.com\/mavikadin\/wp-content\/uploads\/2026\/03\/veliaht-7-1024x576.jpg 1024w, https:\/\/www.tgrthaber.com\/mavikadin\/wp-content\/uploads\/2026\/03\/veliaht-7-768x432.jpg 768w\" sizes=\"(max-width: 1208px) 100vw, 1208px\" \/><\/p>\n<hr \/>\n<p>Per\u015fembe ak\u015famlar\u0131n\u0131n yo\u011fun ilgi ile izlenen dizilerinden biri olan Veliaht son zamanlarda ya\u015fad\u0131\u011f\u0131 d\u00fc\u015f\u00fck reyting durumlar\u0131 nedeniyle dizi ekranlara veda ediyor. FARO ve Gold yap\u0131m imzas\u0131 ta\u015f\u0131yan Veliaht, 26. b\u00f6l\u00fcm\u00fcyle ekran maceras\u0131n\u0131 noktalayacak.<\/p>\n<p><img loading=\"lazy\" decoding=\"async\" class=\"alignnone size-full wp-image-308994\" src=\"https:\/\/www.tgrthaber.com\/mavikadin\/wp-content\/uploads\/2026\/03\/veliaht-6.jpg\" alt=\"Veliaht dizisi ne zaman final yapacak? Veliaht bitiyor mu?\" width=\"1208\" height=\"680\" title=\"\" srcset=\"https:\/\/www.tgrthaber.com\/mavikadin\/wp-content\/uploads\/2026\/03\/veliaht-6.jpg 1208w, https:\/\/www.tgrthaber.com\/mavikadin\/wp-content\/uploads\/2026\/03\/veliaht-6-300x169.jpg 300w, https:\/\/www.tgrthaber.com\/mavikadin\/wp-content\/uploads\/2026\/03\/veliaht-6-1024x576.jpg 1024w, https:\/\/www.tgrthaber.com\/mavikadin\/wp-content\/uploads\/2026\/03\/veliaht-6-768x432.jpg 768w\" sizes=\"(max-width: 1208px) 100vw, 1208px\" \/><\/p>\n<hr \/>\n<p>Dizi, en son Kars\u2019ta \u00e7ekimlerini devam ederken 26. B\u00f6l\u00fcm\u00fcyle ekranlara veda eden Veliaht dizisi, bayram aras\u0131 tatilinde sonra yay\u0131nlanan b\u00f6l\u00fcm\u00fcyle ekranlara veda edecek. Ge\u00e7ti\u011fimiz haftalarda yay\u0131nlanan b\u00f6l\u00fcm\u00fcyle olduk\u00e7a g\u00fcndemde yer al\u0131rken izlenme oranlar\u0131 yap\u0131mc\u0131lar\u0131n beklentilerini kar\u015f\u0131layamad\u0131.<\/p>\n<p><img loading=\"lazy\" decoding=\"async\" class=\"alignnone size-full wp-image-308993\" src=\"https:\/\/www.tgrthaber.com\/mavikadin\/wp-content\/uploads\/2026\/03\/veliaht-5.jpg\" alt=\"Veliaht dizisi ne zaman final yapacak? Veliaht bitiyor mu?\" width=\"1208\" height=\"680\" title=\"\" srcset=\"https:\/\/www.tgrthaber.com\/mavikadin\/wp-content\/uploads\/2026\/03\/veliaht-5.jpg 1208w, https:\/\/www.tgrthaber.com\/mavikadin\/wp-content\/uploads\/2026\/03\/veliaht-5-300x169.jpg 300w, https:\/\/www.tgrthaber.com\/mavikadin\/wp-content\/uploads\/2026\/03\/veliaht-5-1024x576.jpg 1024w, https:\/\/www.tgrthaber.com\/mavikadin\/wp-content\/uploads\/2026\/03\/veliaht-5-768x432.jpg 768w\" sizes=\"(max-width: 1208px) 100vw, 1208px\" \/><\/p>\n<hr \/>\n<p>Birsen Altunta\u015f\u2019\u0131n haberine g\u00f6re, yap\u0131m eki uzun zamand\u0131r dizinin zarar etti\u011fini a\u00e7\u0131kl\u0131yor. Veliaht i\u00e7in 26 b\u00f6l\u00fcml\u00fck \u015fans verilmi\u015f ve son durumun final olmas\u0131 gerekti\u011fine karar verilmi\u015f. Veliaht dizisi \u00e7ok k\u0131sa bir vakitte ekran maceras\u0131n\u0131 noktalayacak.<\/p>\n<h3><img loading=\"lazy\" decoding=\"async\" class=\"alignnone size-full wp-image-308992\" src=\"https:\/\/www.tgrthaber.com\/mavikadin\/wp-content\/uploads\/2026\/03\/veliaht-4.jpg\" alt=\"Veliaht dizisi ne zaman final yapacak? Veliaht bitiyor mu?\" width=\"1208\" height=\"680\" title=\"\" srcset=\"https:\/\/www.tgrthaber.com\/mavikadin\/wp-content\/uploads\/2026\/03\/veliaht-4.jpg 1208w, https:\/\/www.tgrthaber.com\/mavikadin\/wp-content\/uploads\/2026\/03\/veliaht-4-300x169.jpg 300w, https:\/\/www.tgrthaber.com\/mavikadin\/wp-content\/uploads\/2026\/03\/veliaht-4-1024x576.jpg 1024w, https:\/\/www.tgrthaber.com\/mavikadin\/wp-content\/uploads\/2026\/03\/veliaht-4-768x432.jpg 768w\" sizes=\"(max-width: 1208px) 100vw, 1208px\" \/><\/h3>\n<hr \/>\n<h3>VEL\u0130AHT B\u0130T\u0130YOR MU?<\/h3>\n<p>Veliaht dizisi ge\u00e7ti\u011fimiz b\u00f6l\u00fcmlerde g\u00fczel reytinglerle ekranlara gelse de reytinglerde istenilen rakamlara ula\u015famad\u0131\u011f\u0131 i\u00e7in ekranlara veda ediyor. \u0130zlenme oranlar\u0131 yap\u0131mc\u0131lar\u0131n beklentisini kar\u015f\u0131layamad\u0131\u011f\u0131 i\u00e7in 26. b\u00f6l\u00fcm\u00fcyle ekranlara veda ediyor.<\/p>\n<p><img loading=\"lazy\" decoding=\"async\" class=\"alignnone size-full wp-image-308991\" src=\"https:\/\/www.tgrthaber.com\/mavikadin\/wp-content\/uploads\/2026\/03\/veliaht-3.jpg\" alt=\"Veliaht dizisi ne zaman final yapacak? Veliaht bitiyor mu?\" width=\"1208\" height=\"680\" title=\"\" srcset=\"https:\/\/www.tgrthaber.com\/mavikadin\/wp-content\/uploads\/2026\/03\/veliaht-3.jpg 1208w, https:\/\/www.tgrthaber.com\/mavikadin\/wp-content\/uploads\/2026\/03\/veliaht-3-300x169.jpg 300w, https:\/\/www.tgrthaber.com\/mavikadin\/wp-content\/uploads\/2026\/03\/veliaht-3-1024x576.jpg 1024w, https:\/\/www.tgrthaber.com\/mavikadin\/wp-content\/uploads\/2026\/03\/veliaht-3-768x432.jpg 768w\" sizes=\"(max-width: 1208px) 100vw, 1208px\" \/><\/p>\n<hr \/>\n<p>Dizi ekibi Kars\u2019a da giderek devam etseler de Veliaht \u00e7ekimlerini tamamlad\u0131ktan sonra \u0130stanbul\u2019a d\u00f6necek. Ge\u00e7ti\u011fimiz haftalarda yay\u0131nlanan b\u00f6l\u00fcm\u00fcyle olduk\u00e7a dikkat \u00e7eken Veliaht, Zafer Karsl\u0131\u2019n\u0131n \u00f6lmesiyle b\u00fcy\u00fck yank\u0131 uyand\u0131rm\u0131\u015ft\u0131.<\/p>\n<p><img loading=\"lazy\" decoding=\"async\" class=\"alignnone size-full wp-image-308990\" src=\"https:\/\/www.tgrthaber.com\/mavikadin\/wp-content\/uploads\/2026\/03\/veliaht-2.jpg\" alt=\"Veliaht dizisi ne zaman final yapacak? Veliaht bitiyor mu?\" width=\"1208\" height=\"680\" title=\"\" srcset=\"https:\/\/www.tgrthaber.com\/mavikadin\/wp-content\/uploads\/2026\/03\/veliaht-2.jpg 1208w, https:\/\/www.tgrthaber.com\/mavikadin\/wp-content\/uploads\/2026\/03\/veliaht-2-300x169.jpg 300w, https:\/\/www.tgrthaber.com\/mavikadin\/wp-content\/uploads\/2026\/03\/veliaht-2-1024x576.jpg 1024w, https:\/\/www.tgrthaber.com\/mavikadin\/wp-content\/uploads\/2026\/03\/veliaht-2-768x432.jpg 768w\" sizes=\"(max-width: 1208px) 100vw, 1208px\" \/><\/p>\n<hr \/>\n<p>Hatta \u00fcnl\u00fc \u015fark\u0131c\u0131 Sezen Aksu\u2019nun da Zafer Karsl\u0131\u2019n\u0131n hayat\u0131n\u0131 kaybetmesinin ard\u0131ndan o sahnelerden etkilenerek \u2018Kar\u2019 adl\u0131 \u015fark\u0131y\u0131 yazd\u0131\u011f\u0131 da kamuoyunda yer ald\u0131. Senaryosu ve dizi kadrosuyla dikkatleri \u00fczerine \u00e7eken Veliaht dizisi, bayramdan sonra ekranlara veda edecek.<\/p>\n","protected":false},"excerpt":{"rendered":"<p>Show TV\u2019nin dikkat \u00e7eken yap\u0131mlar\u0131ndan biri olan Veliaht, final haberleriyle g\u00fcndemdeki yerini ald\u0131. Arama motorlar\u0131nda finalle alakal\u0131 merak edilenler ara\u015ft\u0131r\u0131lmaya ba\u015fland\u0131. Peki, Veliaht dizisi ne zaman final yapacak? Veliaht bitiyor mu? \u0130\u015fte detaylar\u2026<\/p>\n","protected":false},"author":34,"featured_media":308989,"comment_status":"closed","ping_status":"closed","sticky":false,"template":"","format":"standard","meta":{"rank_math_lock_modified_date":false,"footnotes":""},"categories":[602],"tags":[2628,24737,24724,73358],"class_list":["post-308988","post","type-post","status-publish","format-standard","has-post-thumbnail","hentry","category-diziler","tag-dizi-haberleri","tag-veliaht","tag-veliaht-dizisi","tag-veliaht-final"],"_links":{"self":[{"href":"https:\/\/www.tgrthaber.com\/mavikadin\/wp-json\/wp\/v2\/posts\/308988"}],"collection":[{"href":"https:\/\/www.tgrthaber.com\/mavikadin\/wp-json\/wp\/v2\/posts"}],"about":[{"href":"https:\/\/www.tgrthaber.com\/mavikadin\/wp-json\/wp\/v2\/types\/post"}],"author":[{"embeddable":true,"href":"https:\/\/www.tgrthaber.com\/mavikadin\/wp-json\/wp\/v2\/users\/34"}],"replies":[{"embeddable":true,"href":"https:\/\/www.tgrthaber.com\/mavikadin\/wp-json\/wp\/v2\/comments?post=308988"}],"version-history":[{"count":1,"href":"https:\/\/www.tgrthaber.com\/mavikadin\/wp-json\/wp\/v2\/posts\/308988\/revisions"}],"predecessor-version":[{"id":308998,"href":"https:\/\/www.tgrthaber.com\/mavikadin\/wp-json\/wp\/v2\/posts\/308988\/revisions\/308998"}],"wp:featuredmedia":[{"embeddable":true,"href":"https:\/\/www.tgrthaber.com\/mavikadin\/wp-json\/wp\/v2\/media\/308989"}],"wp:attachment":[{"href":"https:\/\/www.tgrthaber.com\/mavikadin\/wp-json\/wp\/v2\/media?parent=308988"}],"wp:term":[{"taxonomy":"category","embeddable":true,"href":"https:\/\/www.tgrthaber.com\/mavikadin\/wp-json\/wp\/v2\/categories?post=308988"},{"taxonomy":"post_tag","embeddable":true,"href":"https:\/\/www.tgrthaber.com\/mavikadin\/wp-json\/wp\/v2\/tags?post=308988"}],"curies":[{"name":"wp","href":"https:\/\/api.w.org\/{rel}","templated":true}]}}