{"id":309006,"date":"2026-03-15T11:36:01","date_gmt":"2026-03-15T08:36:01","guid":{"rendered":"https:\/\/www.tgrthaber.com\/mavikadin\/?p=309006"},"modified":"2026-03-15T11:36:01","modified_gmt":"2026-03-15T08:36:01","slug":"hande-ercel-ve-gamze-ercelin-fotograflari-gundem-oldu-kiz-kardesler-guzellikleriyle-dikkat-cekti","status":"publish","type":"post","link":"https:\/\/www.tgrthaber.com\/mavikadin\/hande-ercel-ve-gamze-ercelin-fotograflari-gundem-oldu-kiz-kardesler-guzellikleriyle-dikkat-cekti\/","title":{"rendered":"Hande Er\u00e7el ve Gamze Er\u00e7el\u2019in foto\u011fraflar\u0131 g\u00fcndem oldu! K\u0131z karde\u015fler g\u00fczellikleriyle dikkat \u00e7ekti"},"content":{"rendered":"<p>Son y\u0131llarda magazin g\u00fcndeminden d\u00fc\u015fmeyen <a href=\"https:\/\/www.tgrthaber.com\/mavikadin\/hande-ercel-londrada-bakici-oldu-caner-yildirimdan-olay-paylasim\/\">Hande Er\u00e7el<\/a>, ablas\u0131 Gamze Er\u00e7el\u2019le ge\u00e7ti\u011fimiz g\u00fcnlerde bir \u00e7ekim yapt\u0131lar. K\u0131z karde\u015flerin \u00e7ekimleri k\u0131sa s\u00fcrede dikkat \u00e7ekerken g\u00fcndem oldu. K\u0131z karde\u015fler g\u00fczellikleriyle adeta dikkatleri \u00fczerlerine \u00e7ektiler. Foto\u011fraflar k\u0131sa s\u00fcre de binlerce be\u011feni ve yorum ald\u0131. \u0130\u015fte detaylar\u2026<\/p>\n<h3>HANDE ER\u00c7EL VE GAMZE ER\u00c7EL\u2019\u0130N FOTO\u011eRAFLARI G\u00dcNDEM OLDU!<\/h3>\n<p>\u00dcnl\u00fc oyuncu Hande Er\u00e7el, magazin g\u00fcndemine gelmeye devam ediyor. \u00d6zellikle de son y\u0131llarda a\u015fk hayat\u0131yla s\u0131kl\u0131kla g\u00fcndem olan Hande Er\u00e7el, ayr\u0131ca g\u00fczelli\u011fi ve global de de yapt\u0131\u011f\u0131 i\u015flerle dikkatleri \u00fczerine \u00e7ekmeye devam ediyor.<\/p>\n<p><img loading=\"lazy\" decoding=\"async\" class=\"alignnone size-full wp-image-309013\" src=\"https:\/\/www.tgrthaber.com\/mavikadin\/wp-content\/uploads\/2026\/03\/ARZU-7-2.jpg\" alt=\"Hande Er\u00e7el ve Gamze Er\u00e7el\u2019in foto\u011fraflar\u0131 g\u00fcndem oldu! K\u0131z karde\u015fler g\u00fczellikleriyle dikkat \u00e7ekti\" width=\"1208\" height=\"680\" title=\"\" srcset=\"https:\/\/www.tgrthaber.com\/mavikadin\/wp-content\/uploads\/2026\/03\/ARZU-7-2.jpg 1208w, https:\/\/www.tgrthaber.com\/mavikadin\/wp-content\/uploads\/2026\/03\/ARZU-7-2-300x169.jpg 300w, https:\/\/www.tgrthaber.com\/mavikadin\/wp-content\/uploads\/2026\/03\/ARZU-7-2-1024x576.jpg 1024w, https:\/\/www.tgrthaber.com\/mavikadin\/wp-content\/uploads\/2026\/03\/ARZU-7-2-768x432.jpg 768w\" sizes=\"(max-width: 1208px) 100vw, 1208px\" \/><\/p>\n<hr \/>\n<p>\u015eimdilerde de kendisi gibi sosyal medya fenomeni olan ablas\u0131 Gamze Er\u00e7el ile kamera kar\u015f\u0131s\u0131na \u00e7ekerek \u00e7ektirdikleri foto\u011fraflar ile g\u00fcndem oldular. \u0130kilinin foto\u011fraflar\u0131n\u0131 g\u00f6renler olduk\u00e7a tatl\u0131 ve samimi bulurken Hande Er\u00e7el ve Gamze Er\u00f6el\u2019in foto\u011fraflar\u0131 k\u0131sa s\u00fcrede binlerce be\u011feni ald\u0131.<\/p>\n<h3><img loading=\"lazy\" decoding=\"async\" class=\"alignnone size-full wp-image-309012\" src=\"https:\/\/www.tgrthaber.com\/mavikadin\/wp-content\/uploads\/2026\/03\/ARZU-8-2.jpg\" alt=\"Hande Er\u00e7el ve Gamze Er\u00e7el\u2019in foto\u011fraflar\u0131 g\u00fcndem oldu! K\u0131z karde\u015fler g\u00fczellikleriyle dikkat \u00e7ekti\" width=\"1208\" height=\"680\" title=\"\" srcset=\"https:\/\/www.tgrthaber.com\/mavikadin\/wp-content\/uploads\/2026\/03\/ARZU-8-2.jpg 1208w, https:\/\/www.tgrthaber.com\/mavikadin\/wp-content\/uploads\/2026\/03\/ARZU-8-2-300x169.jpg 300w, https:\/\/www.tgrthaber.com\/mavikadin\/wp-content\/uploads\/2026\/03\/ARZU-8-2-1024x576.jpg 1024w, https:\/\/www.tgrthaber.com\/mavikadin\/wp-content\/uploads\/2026\/03\/ARZU-8-2-768x432.jpg 768w\" sizes=\"(max-width: 1208px) 100vw, 1208px\" \/><\/h3>\n<hr \/>\n<h3>KIZ KARDE\u015eLER G\u00dcZELL\u0130KLER\u0130YLE D\u0130KKAT \u00c7EKT\u0130<\/h3>\n<p>\u00dcnl\u00fc oyuncu Hande Er\u00e7el, T\u00fcrkiye\u2019nin en pop\u00fcler isimlerden bir olarak \u00f6ne \u00e7\u0131k\u0131yor. Oyunculu\u011fu, g\u00fczelli\u011fi ve sosyal medya payla\u015f\u0131mlar\u0131yla olduk\u00e7a yak\u0131ndan takip edilen Hande Er\u00e7el, moda, ya\u015fam tarz\u0131yla da olduk\u00e7a sevilerek takip edilen isimler aras\u0131nda yer al\u0131yor.<\/p>\n<p><img loading=\"lazy\" decoding=\"async\" class=\"alignnone size-full wp-image-309011\" src=\"https:\/\/www.tgrthaber.com\/mavikadin\/wp-content\/uploads\/2026\/03\/ARZU-9-2.jpg\" alt=\"Hande Er\u00e7el ve Gamze Er\u00e7el\u2019in foto\u011fraflar\u0131 g\u00fcndem oldu! K\u0131z karde\u015fler g\u00fczellikleriyle dikkat \u00e7ekti\" width=\"1208\" height=\"680\" title=\"\" srcset=\"https:\/\/www.tgrthaber.com\/mavikadin\/wp-content\/uploads\/2026\/03\/ARZU-9-2.jpg 1208w, https:\/\/www.tgrthaber.com\/mavikadin\/wp-content\/uploads\/2026\/03\/ARZU-9-2-300x169.jpg 300w, https:\/\/www.tgrthaber.com\/mavikadin\/wp-content\/uploads\/2026\/03\/ARZU-9-2-1024x576.jpg 1024w, https:\/\/www.tgrthaber.com\/mavikadin\/wp-content\/uploads\/2026\/03\/ARZU-9-2-768x432.jpg 768w\" sizes=\"(max-width: 1208px) 100vw, 1208px\" \/><\/p>\n<hr \/>\n<p>Magazin g\u00fcndeminin de dikkatle takip etti\u011fi isim ge\u00e7ti\u011fimiz g\u00fcnlerde ablas\u0131 Gamze Er\u00e7el\u2019le dergi \u00e7ekimi i\u00e7in objektif kar\u015f\u0131s\u0131na ge\u00e7mesiyle g\u00fcndem oldular. K\u0131z karde\u015fler adeta g\u00fczellikleriyle dikkat \u00e7ekti.<\/p>\n<p><img loading=\"lazy\" decoding=\"async\" class=\"alignnone size-full wp-image-309010\" src=\"https:\/\/www.tgrthaber.com\/mavikadin\/wp-content\/uploads\/2026\/03\/ARZU-10-2.jpg\" alt=\"Hande Er\u00e7el ve Gamze Er\u00e7el\u2019in foto\u011fraflar\u0131 g\u00fcndem oldu! K\u0131z karde\u015fler g\u00fczellikleriyle dikkat \u00e7ekti\" width=\"1208\" height=\"680\" title=\"\" srcset=\"https:\/\/www.tgrthaber.com\/mavikadin\/wp-content\/uploads\/2026\/03\/ARZU-10-2.jpg 1208w, https:\/\/www.tgrthaber.com\/mavikadin\/wp-content\/uploads\/2026\/03\/ARZU-10-2-300x169.jpg 300w, https:\/\/www.tgrthaber.com\/mavikadin\/wp-content\/uploads\/2026\/03\/ARZU-10-2-1024x576.jpg 1024w, https:\/\/www.tgrthaber.com\/mavikadin\/wp-content\/uploads\/2026\/03\/ARZU-10-2-768x432.jpg 768w\" sizes=\"(max-width: 1208px) 100vw, 1208px\" \/>,<\/p>\n<hr \/>\n<p>Gamze Er\u00e7el sosyal medya \u00fczerinden yay\u0131nlad\u0131\u011f\u0131 videolar ya da foto\u011fraflarla birlikte olduk\u00e7a geni\u015f kitleye hitap ediyor. influencer kimli\u011fiyle \u00f6ne \u00e7\u0131kan Gamze Er\u00e7el\u2019de karde\u015fi Hande Er\u00e7el\u2019i gibi s\u0131k s\u0131k g\u00fcndeme geliyor. Karde\u015fiyle yak\u0131n ili\u015fkisiyle de olduk\u00e7a dikkat \u00e7eken k\u0131z karde\u015fler g\u00fczellikleriyle adeta hayran da b\u0131rak\u0131yorlar.<\/p>\n<p><img loading=\"lazy\" decoding=\"async\" class=\"alignnone size-full wp-image-309009\" src=\"https:\/\/www.tgrthaber.com\/mavikadin\/wp-content\/uploads\/2026\/03\/ARZU-11-2.jpg\" alt=\"Hande Er\u00e7el ve Gamze Er\u00e7el\u2019in foto\u011fraflar\u0131 g\u00fcndem oldu! K\u0131z karde\u015fler g\u00fczellikleriyle dikkat \u00e7ekti\" width=\"1208\" height=\"680\" title=\"\" srcset=\"https:\/\/www.tgrthaber.com\/mavikadin\/wp-content\/uploads\/2026\/03\/ARZU-11-2.jpg 1208w, https:\/\/www.tgrthaber.com\/mavikadin\/wp-content\/uploads\/2026\/03\/ARZU-11-2-300x169.jpg 300w, https:\/\/www.tgrthaber.com\/mavikadin\/wp-content\/uploads\/2026\/03\/ARZU-11-2-1024x576.jpg 1024w, https:\/\/www.tgrthaber.com\/mavikadin\/wp-content\/uploads\/2026\/03\/ARZU-11-2-768x432.jpg 768w\" sizes=\"(max-width: 1208px) 100vw, 1208px\" \/><\/p>\n<hr \/>\n<p>\u0130ki karde\u015fim uyumu zaman zaman sosyal medyada konu\u015fulan k\u0131z karde\u015fler, Bazaar i\u00e7in dergi \u00e7ekiminde \u00f6zel bir foto\u011fraf \u00e7ekimi ger\u00e7ekle\u015ftirdiler. Dergi i\u00e7in kamera kar\u015f\u0131s\u0131na \u00e7\u0131kan ikili Bella ve Gibi Hadid yorumlar\u0131 geldi.<\/p>\n<p><img loading=\"lazy\" decoding=\"async\" class=\"alignnone size-full wp-image-309008\" src=\"https:\/\/www.tgrthaber.com\/mavikadin\/wp-content\/uploads\/2026\/03\/ARZU-12-2.jpg\" alt=\"Hande Er\u00e7el ve Gamze Er\u00e7el\u2019in foto\u011fraflar\u0131 g\u00fcndem oldu! K\u0131z karde\u015fler g\u00fczellikleriyle dikkat \u00e7ekti\" width=\"1208\" height=\"680\" title=\"\" srcset=\"https:\/\/www.tgrthaber.com\/mavikadin\/wp-content\/uploads\/2026\/03\/ARZU-12-2.jpg 1208w, https:\/\/www.tgrthaber.com\/mavikadin\/wp-content\/uploads\/2026\/03\/ARZU-12-2-300x169.jpg 300w, https:\/\/www.tgrthaber.com\/mavikadin\/wp-content\/uploads\/2026\/03\/ARZU-12-2-1024x576.jpg 1024w, https:\/\/www.tgrthaber.com\/mavikadin\/wp-content\/uploads\/2026\/03\/ARZU-12-2-768x432.jpg 768w\" sizes=\"(max-width: 1208px) 100vw, 1208px\" \/><\/p>\n<hr \/>\n<p>\u0130ddial\u0131 kombinleriyle dikkatleri \u00fczerlerine \u00e7eken k\u0131z karde\u015fler, yerli \u2018Hadid Karde\u015fler\u2019 yorumlar\u0131 al\u0131rken ikilinin g\u00fczelli\u011fi hayranlar\u0131n\u0131 hayran b\u0131rakt\u0131. \u00c7ekimden payla\u015f\u0131lan kareler k\u0131sa s\u00fcrede binlerce be\u011feni ve yorum alarak magazin g\u00fcndeminde geni\u015f bir yank\u0131 buldu.<\/p>\n","protected":false},"excerpt":{"rendered":"<p>\u00dcnl\u00fc isimler Hande Er\u00e7el ve Gamze Er\u00e7el, son zamanlarda magazin g\u00fcndeminde yer almaya devam ediyor. Ge\u00e7ti\u011fimiz g\u00fcnlerde iki k\u0131z karde\u015f birlikte yapt\u0131klar\u0131 \u00f6zel bir foto\u011fraf \u00e7ekimiyle g\u00fcndem oldu. K\u0131z karde\u015fler g\u00fczellikleriyle dikkat \u00e7ekti. <\/p>\n","protected":false},"author":34,"featured_media":309007,"comment_status":"closed","ping_status":"closed","sticky":false,"template":"","format":"standard","meta":{"rank_math_lock_modified_date":false,"footnotes":""},"categories":[76],"tags":[5906,1564,15864,2391,73361,2218],"class_list":["post-309006","post","type-post","status-publish","format-standard","has-post-thumbnail","hentry","category-magazin","tag-cekim","tag-fotograf","tag-gamze-ercel","tag-hande-ercel","tag-kiz-kardes","tag-magazin-haberleri"],"_links":{"self":[{"href":"https:\/\/www.tgrthaber.com\/mavikadin\/wp-json\/wp\/v2\/posts\/309006"}],"collection":[{"href":"https:\/\/www.tgrthaber.com\/mavikadin\/wp-json\/wp\/v2\/posts"}],"about":[{"href":"https:\/\/www.tgrthaber.com\/mavikadin\/wp-json\/wp\/v2\/types\/post"}],"author":[{"embeddable":true,"href":"https:\/\/www.tgrthaber.com\/mavikadin\/wp-json\/wp\/v2\/users\/34"}],"replies":[{"embeddable":true,"href":"https:\/\/www.tgrthaber.com\/mavikadin\/wp-json\/wp\/v2\/comments?post=309006"}],"version-history":[{"count":2,"href":"https:\/\/www.tgrthaber.com\/mavikadin\/wp-json\/wp\/v2\/posts\/309006\/revisions"}],"predecessor-version":[{"id":309015,"href":"https:\/\/www.tgrthaber.com\/mavikadin\/wp-json\/wp\/v2\/posts\/309006\/revisions\/309015"}],"wp:featuredmedia":[{"embeddable":true,"href":"https:\/\/www.tgrthaber.com\/mavikadin\/wp-json\/wp\/v2\/media\/309007"}],"wp:attachment":[{"href":"https:\/\/www.tgrthaber.com\/mavikadin\/wp-json\/wp\/v2\/media?parent=309006"}],"wp:term":[{"taxonomy":"category","embeddable":true,"href":"https:\/\/www.tgrthaber.com\/mavikadin\/wp-json\/wp\/v2\/categories?post=309006"},{"taxonomy":"post_tag","embeddable":true,"href":"https:\/\/www.tgrthaber.com\/mavikadin\/wp-json\/wp\/v2\/tags?post=309006"}],"curies":[{"name":"wp","href":"https:\/\/api.w.org\/{rel}","templated":true}]}}