{"id":309016,"date":"2026-03-15T12:47:02","date_gmt":"2026-03-15T09:47:02","guid":{"rendered":"https:\/\/www.tgrthaber.com\/mavikadin\/?p=309016"},"modified":"2026-03-15T12:59:13","modified_gmt":"2026-03-15T09:59:13","slug":"sunay-kurtulus-kimdir-kac-yasinda-sunay-kurtulus-meslegi-nedir","status":"publish","type":"post","link":"https:\/\/www.tgrthaber.com\/mavikadin\/sunay-kurtulus-kimdir-kac-yasinda-sunay-kurtulus-meslegi-nedir\/","title":{"rendered":"Sunay Kurtulu\u015f kimdir, ka\u00e7 ya\u015f\u0131nda? Sunay Kurtulu\u015f mesle\u011fi nedir?"},"content":{"rendered":"<p>Ekranlar\u0131n reyting k\u0131ran dizisi Yeralt\u0131&#8217;nda oynad\u0131\u011f\u0131 Adnan karakteriyle ad\u0131n\u0131 geni\u015f kitlelere duyurmay\u0131 ba\u015faran <a href=\"https:\/\/www.tgrthaber.com\/mavikadin\/yeraltinda-sultan-ferhati-basiyor-sultan-ali-haydari-mi-sevecek-yeralti-dizisi-son-bolum\/\">Sunay Kurtulu\u015f<\/a>, bug\u00fcn Ay\u015feg\u00fcl Eraslan&#8217;\u0131n \u015f\u00fchpehi \u00f6l\u00fcm\u00fcyle lgili olarak g\u00fcndemin zirvesine oturdu. Yay\u0131nlanan g\u00f6r\u00fcnt\u00fcler sonras\u0131 Sunay Kurtulu\u015f&#8217;un \u00f6zel hayat\u0131 da mercek alt\u0131na al\u0131nd\u0131. Peki Sunay Kurtulu\u015f kimdir, ka\u00e7 ya\u015f\u0131ndad\u0131r? Sunay Kurtulu\u015f mesle\u011fi nedir, neden g\u00fcndemde? \u0130\u015fte detaylar&#8230;<\/p>\n<h3>SUNAY KURTULU\u015e K\u0130MD\u0130R, KA\u00c7 YA\u015eINDA?<\/h3>\n<p><a href=\"https:\/\/www.tgrthaber.com\/mavikadin\/yeralti-dizisinin-avukati-hande-kimdir-beyza-gumulcine-kimdir-hangi-dizilerde-rol-aldi\/\">Sunay Kurtulu\u015f<\/a>, 1 Ocak 1998 tarihinde Bal\u0131kesir&#8217;de d\u00fcnyaya gelmi\u015ftir. 2026 y\u0131l\u0131 itibar\u0131yla 28 ya\u015f\u0131nda olan gen\u00e7 oyuncu, aslen Bal\u0131kesirlidir. \u00dcniversite e\u011fitimini Pamukkale \u00dcniversitesinde tamamlayan Sunay Kurtulu\u015f, maliye mezunudur. E\u011fitimin ard\u0131ndan oyunculu\u011fa y\u00f6nelen Sunay Kurtulu\u015f, yetene\u011fi sayesinde k\u0131sa s\u00fcrede dikkatleri \u00fczerine \u00e7ekmi\u015ftir.<\/p>\n<p><img loading=\"lazy\" decoding=\"async\" class=\"alignnone wp-image-309031 \" src=\"https:\/\/www.tgrthaber.com\/mavikadin\/wp-content\/uploads\/2026\/03\/Sunay-Kurtulus-nerel.webp\" alt=\"\" width=\"1323\" height=\"970\" title=\"\" srcset=\"https:\/\/www.tgrthaber.com\/mavikadin\/wp-content\/uploads\/2026\/03\/Sunay-Kurtulus-nerel.webp 790w, https:\/\/www.tgrthaber.com\/mavikadin\/wp-content\/uploads\/2026\/03\/Sunay-Kurtulus-nerel-300x220.webp 300w, https:\/\/www.tgrthaber.com\/mavikadin\/wp-content\/uploads\/2026\/03\/Sunay-Kurtulus-nerel-768x563.webp 768w\" sizes=\"(max-width: 1323px) 100vw, 1323px\" \/><\/p>\n<hr \/>\n<h3>SUNAY KURTULU\u015e MESLE\u011e\u0130 NED\u0130R?<\/h3>\n<p>Son zamanlarda NOW&#8217;un yeni dizisi Yeralt\u0131 ile ad\u0131ndan s\u00f6z ettiren Sunay Kurtulu\u015f, kariyerini oyunculuk \u00fczerine \u015fekillendirmi\u015ftir. Bug\u00fcne kadar pek \u00e7ok dikkat \u00e7eken yap\u0131da yer alan Kurtulu\u015f&#8217;un rol ald\u0131\u011f\u0131 projeler aras\u0131nda, Bir A\u015fk \u0130ki Hayat, Bizim \u0130\u00e7in \u015eampiyon ve K\u0131s\u0131k Ate\u015fte 15 Dakika gibi iddial\u0131 yap\u0131mlar bulunuyor. Fakat <a href=\"https:\/\/www.tgrthaber.com\/mavikadin\/iste-benim-stilim-yarismacisi-aysegul-kimdir-kac-yasinda-ne-is-yapiyor\/\">Sunay Kurtulu\u015f<\/a> as\u0131l \u00e7\u0131k\u0131\u015f\u0131n\u0131 2026 sezonuna damga vuran Yeralt\u0131 dizisiyle yakalam\u0131\u015ft\u0131r.<\/p>\n<p><img loading=\"lazy\" decoding=\"async\" class=\"alignnone wp-image-309035 size-full\" src=\"https:\/\/www.tgrthaber.com\/mavikadin\/wp-content\/uploads\/2026\/03\/5914-iscihaber-resim.webp\" alt=\"\" width=\"1280\" height=\"720\" title=\"\" srcset=\"https:\/\/www.tgrthaber.com\/mavikadin\/wp-content\/uploads\/2026\/03\/5914-iscihaber-resim.webp 1280w, https:\/\/www.tgrthaber.com\/mavikadin\/wp-content\/uploads\/2026\/03\/5914-iscihaber-resim-300x169.webp 300w, https:\/\/www.tgrthaber.com\/mavikadin\/wp-content\/uploads\/2026\/03\/5914-iscihaber-resim-1024x576.webp 1024w, https:\/\/www.tgrthaber.com\/mavikadin\/wp-content\/uploads\/2026\/03\/5914-iscihaber-resim-768x432.webp 768w\" sizes=\"(max-width: 1280px) 100vw, 1280px\" \/><\/p>\n<hr \/>\n<h3>SUNAY KURTULU\u015e NEDEN G\u00dcNDEMDE?<\/h3>\n<p><a href=\"https:\/\/www.tgrthaber.com\/mavikadin\/iste-benim-stilim-galasinda-buyuk-kavga-pinar-ve-nadia-birbirine-girdi\/\">Sunay Kurtulu\u015f<\/a>&#8216;un bir anda t\u00fcm arama motorlar\u0131nda ara\u015ft\u0131r\u0131lmas\u0131n\u0131n iki ana sebebi bulunuyor. Bunlardan ilki Yeralt\u0131 dizisinde oynad\u0131\u011f\u0131 pop\u00fcler Adnan karakteri, ikincisi ise Ay\u015feg\u00fcl Eraslan olay\u0131.<\/p>\n<p><img loading=\"lazy\" decoding=\"async\" class=\"alignnone wp-image-309028 \" src=\"https:\/\/www.tgrthaber.com\/mavikadin\/wp-content\/uploads\/2026\/03\/i-84.webp\" alt=\"\" width=\"1227\" height=\"690\" title=\"\" srcset=\"https:\/\/www.tgrthaber.com\/mavikadin\/wp-content\/uploads\/2026\/03\/i-84.webp 480w, https:\/\/www.tgrthaber.com\/mavikadin\/wp-content\/uploads\/2026\/03\/i-84-300x169.webp 300w\" sizes=\"(max-width: 1227px) 100vw, 1227px\" \/><\/p>\n<hr \/>\n<p>Kurtulu\u015f, NOW TV&#8217;de yay\u0131nlanan ve Medyap\u0131m imzal\u0131 Yeralt\u0131 dizisinde Adnan Yolcu karakterini oynamaktad\u0131r. Dizide Uraz Kayg\u0131laro\u011flu&#8217;nun oynad\u0131\u011f\u0131 Bozo&#8217;nun g\u00fcvendi\u011fi adamlar\u0131ndan biri olan Adnan, d\u00fcr\u00fcstl\u00fc\u011f\u00fc ve sadakatiyle \u00f6ne \u00e7\u0131k\u0131yor. Kurtulu\u015f&#8217;un dizideki oyuncu performans\u0131 geni\u015f bir hayran kitlesi edinmesini sa\u011flad\u0131.<\/p>\n<p><img loading=\"lazy\" decoding=\"async\" class=\"alignnone wp-image-309032 \" src=\"https:\/\/www.tgrthaber.com\/mavikadin\/wp-content\/uploads\/2026\/03\/i-83.webp\" alt=\"\" width=\"1273\" height=\"716\" title=\"\" srcset=\"https:\/\/www.tgrthaber.com\/mavikadin\/wp-content\/uploads\/2026\/03\/i-83.webp 480w, https:\/\/www.tgrthaber.com\/mavikadin\/wp-content\/uploads\/2026\/03\/i-83-300x169.webp 300w\" sizes=\"(max-width: 1273px) 100vw, 1273px\" \/><\/p>\n<hr \/>\n<p>Sunay Kurtulu\u015f&#8217;u as\u0131l g\u00fcndeme oturtan olay ise, moda tasar\u0131mc\u0131s\u0131 vesosyal medya fenomeni ve bir zamanlar \u0130\u015fte Benim Stilim yar\u0131\u015fmas\u0131nda dikkat \u00e7eken 27 ya\u015f\u0131ndaki Ay\u015feg\u00fcl Eraslan&#8217;\u0131n \u00f6l\u00fcm\u00fcyle ilgili olarak ifade vermesi oldu. Eraslan, 13 Mart 2026 tarihinde Ka\u011f\u0131thane&#8217;deki evinde \u00f6l\u00fc bulunmu\u015ftu .<\/p>\n<p><img loading=\"lazy\" decoding=\"async\" class=\"alignnone wp-image-309030 size-full\" src=\"https:\/\/www.tgrthaber.com\/mavikadin\/wp-content\/uploads\/2026\/03\/efbd62d7-1mkq99a3gk6sc5qwcz3eh.webp\" alt=\"\" width=\"1280\" height=\"720\" title=\"\" srcset=\"https:\/\/www.tgrthaber.com\/mavikadin\/wp-content\/uploads\/2026\/03\/efbd62d7-1mkq99a3gk6sc5qwcz3eh.webp 1280w, https:\/\/www.tgrthaber.com\/mavikadin\/wp-content\/uploads\/2026\/03\/efbd62d7-1mkq99a3gk6sc5qwcz3eh-300x169.webp 300w, https:\/\/www.tgrthaber.com\/mavikadin\/wp-content\/uploads\/2026\/03\/efbd62d7-1mkq99a3gk6sc5qwcz3eh-1024x576.webp 1024w, https:\/\/www.tgrthaber.com\/mavikadin\/wp-content\/uploads\/2026\/03\/efbd62d7-1mkq99a3gk6sc5qwcz3eh-768x432.webp 768w\" sizes=\"(max-width: 1280px) 100vw, 1280px\" \/><\/p>\n<hr \/>\n<p>Polisin yapt\u0131\u011f\u0131 incelemelerde, bina g\u00fcvenlik kameralar\u0131 Eraslan&#8217;\u0131n \u00f6l\u00fcm\u00fcnden yakla\u015f\u0131k 1 saat \u00f6nce Sunay Kurtulu\u015f&#8217;un Ay\u015feg\u00fcl Eraslan&#8217;\u0131n evine girdi\u011fini ortaya \u00e7\u0131kard\u0131 . Bunun \u00fczerine ifadesine ba\u015fvurulan Kurtulu\u015f&#8217;un emniyette verdi\u011fi ifade ise geni\u015f yank\u0131 uyand\u0131rd\u0131.<\/p>\n<p>Kurtulu\u015f, Ay\u015feg\u00fcl Eraslan ile yakla\u015f\u0131k 3 hafta \u00f6nce sosyal medya \u00fczerinden tan\u0131\u015ft\u0131klar\u0131n\u0131, daha \u00f6nce iki kez evine gitti\u011fini ve bir kez de d\u0131\u015far\u0131da y\u00fcr\u00fcy\u00fc\u015f yapt\u0131klar\u0131n\u0131 ifade etti.<\/p>\n<p><img loading=\"lazy\" decoding=\"async\" class=\"alignnone wp-image-309034 \" src=\"https:\/\/www.tgrthaber.com\/mavikadin\/wp-content\/uploads\/2026\/03\/69b66e7da802d8e34762789b.webp\" alt=\"\" width=\"1287\" height=\"732\" title=\"\" srcset=\"https:\/\/www.tgrthaber.com\/mavikadin\/wp-content\/uploads\/2026\/03\/69b66e7da802d8e34762789b.webp 770w, https:\/\/www.tgrthaber.com\/mavikadin\/wp-content\/uploads\/2026\/03\/69b66e7da802d8e34762789b-300x171.webp 300w, https:\/\/www.tgrthaber.com\/mavikadin\/wp-content\/uploads\/2026\/03\/69b66e7da802d8e34762789b-768x437.webp 768w\" sizes=\"(max-width: 1287px) 100vw, 1287px\" \/><\/p>\n<hr \/>\n<p>Olay g\u00fcn\u00fc Eraslan&#8217;\u0131n kendisiyle ileti\u015fime ge\u00e7ti\u011fini ve g\u00f6r\u00fc\u015fmek istedi\u011fini belirten Kurtulu\u015f, evine gitti\u011fini anlatm\u0131\u015ft\u0131r. \u0130kili evde \u00e7ay i\u00e7ip sohbet ederken, \u015fakala\u015ft\u0131klar\u0131 s\u0131rada Eraslan&#8217;\u0131n kendisine tokat att\u0131\u011f\u0131n\u0131 iddia etmi\u015ftir. Bunun \u00fczerine Kurtulu\u015f&#8217;un &#8216;Ben b\u00f6yle el \u015fakalar\u0131n\u0131 sevmem&#8217; diyerek tepki g\u00f6sterdi\u011fi de gelen bilgiler aras\u0131nda yer al\u0131yor.<\/p>\n<p><img loading=\"lazy\" decoding=\"async\" class=\"alignnone wp-image-309033 \" src=\"https:\/\/www.tgrthaber.com\/mavikadin\/wp-content\/uploads\/2026\/03\/i-82.webp\" alt=\"\" width=\"1215\" height=\"719\" title=\"\" srcset=\"https:\/\/www.tgrthaber.com\/mavikadin\/wp-content\/uploads\/2026\/03\/i-82.webp 480w, https:\/\/www.tgrthaber.com\/mavikadin\/wp-content\/uploads\/2026\/03\/i-82-300x178.webp 300w\" sizes=\"(max-width: 1215px) 100vw, 1215px\" \/><\/p>\n<hr \/>\n<p>T\u00fcm bu ya\u015fananlardan sonra Eraslan&#8217;\u0131n odaya ge\u00e7ti\u011fini, kendisinin de evden ayr\u0131lmak i\u00e7in haz\u0131rland\u0131\u011f\u0131n\u0131 s\u00f6yleyen Sunay Kurtulu\u015f, Eraslan&#8217;\u0131n kendisine bir \u015fapka hediye etti\u011fini ve daha sonra kendisinin evden \u00e7\u0131kt\u0131\u011f\u0131n\u0131 dile getirmi\u015ftir. Daha sonra mesajla\u015ft\u0131klar\u0131n\u0131 ve Eraslan&#8217;\u0131n kendisini engelledi\u011fini de s\u00f6ylemi\u015ftir.<\/p>\n","protected":false},"excerpt":{"rendered":"<p>Sabah satlerinden itibaren arama motorlar\u0131nda ad\u0131 ge\u00e7en Sunay Kurtulu\u015f, Yeralt\u0131 dizisinde oynad\u0131\u011f\u0131 Adnan karakteriyle haf\u0131zalarda yerini ald\u0131. Ba\u015far\u0131l\u0131 oyuncu Sunay Kurtulu\u015f&#8217;un kim oldu\u011fu, mesle\u011fi ve ya\u015f\u0131 da merak ediliyor. Peki Sunay Kurtulu\u015f kimdir, neden g\u00fcndemde? Yeralt\u0131 dizisi Adnan&#8217;\u0131 Sunay Kurtulu\u015f ka\u00e7 ya\u015f\u0131ndad\u0131r, ne i\u015f yap\u0131yor? \u0130\u015fte Sunay Kurtulu\u015f&#8217;a dair merak edilen t\u00fcm detaylar&#8230;<\/p>\n","protected":false},"author":35,"featured_media":309017,"comment_status":"closed","ping_status":"closed","sticky":false,"template":"","format":"standard","meta":{"rank_math_lock_modified_date":false,"footnotes":""},"categories":[491],"tags":[3374,73363,73364,73365,73366],"class_list":["post-309016","post","type-post","status-publish","format-standard","has-post-thumbnail","hentry","category-biyografi","tag-biyografi","tag-sunay-kurtulus","tag-sunay-kurtulus-kimdir","tag-sunay-kurtulus-meslegi","tag-sunay-kurtulus-yasi"],"_links":{"self":[{"href":"https:\/\/www.tgrthaber.com\/mavikadin\/wp-json\/wp\/v2\/posts\/309016"}],"collection":[{"href":"https:\/\/www.tgrthaber.com\/mavikadin\/wp-json\/wp\/v2\/posts"}],"about":[{"href":"https:\/\/www.tgrthaber.com\/mavikadin\/wp-json\/wp\/v2\/types\/post"}],"author":[{"embeddable":true,"href":"https:\/\/www.tgrthaber.com\/mavikadin\/wp-json\/wp\/v2\/users\/35"}],"replies":[{"embeddable":true,"href":"https:\/\/www.tgrthaber.com\/mavikadin\/wp-json\/wp\/v2\/comments?post=309016"}],"version-history":[{"count":3,"href":"https:\/\/www.tgrthaber.com\/mavikadin\/wp-json\/wp\/v2\/posts\/309016\/revisions"}],"predecessor-version":[{"id":309041,"href":"https:\/\/www.tgrthaber.com\/mavikadin\/wp-json\/wp\/v2\/posts\/309016\/revisions\/309041"}],"wp:featuredmedia":[{"embeddable":true,"href":"https:\/\/www.tgrthaber.com\/mavikadin\/wp-json\/wp\/v2\/media\/309017"}],"wp:attachment":[{"href":"https:\/\/www.tgrthaber.com\/mavikadin\/wp-json\/wp\/v2\/media?parent=309016"}],"wp:term":[{"taxonomy":"category","embeddable":true,"href":"https:\/\/www.tgrthaber.com\/mavikadin\/wp-json\/wp\/v2\/categories?post=309016"},{"taxonomy":"post_tag","embeddable":true,"href":"https:\/\/www.tgrthaber.com\/mavikadin\/wp-json\/wp\/v2\/tags?post=309016"}],"curies":[{"name":"wp","href":"https:\/\/api.w.org\/{rel}","templated":true}]}}