{"id":309018,"date":"2026-03-15T12:44:29","date_gmt":"2026-03-15T09:44:29","guid":{"rendered":"https:\/\/www.tgrthaber.com\/mavikadin\/?p=309018"},"modified":"2026-03-15T12:44:29","modified_gmt":"2026-03-15T09:44:29","slug":"osmanli-saray-mutfaklarindan-cikip-cay-sohbetlerine-gelen-irmik-tatlisi-tarifi-kivamina-bayilacaksiniz","status":"publish","type":"post","link":"https:\/\/www.tgrthaber.com\/mavikadin\/osmanli-saray-mutfaklarindan-cikip-cay-sohbetlerine-gelen-irmik-tatlisi-tarifi-kivamina-bayilacaksiniz\/","title":{"rendered":"Osmanl\u0131 saray mutfaklar\u0131ndan \u00e7\u0131k\u0131p \u00e7ay sohbetlerine gelen irmik tatl\u0131s\u0131 tarifi! K\u0131vam\u0131na bay\u0131lacaks\u0131n\u0131z"},"content":{"rendered":"<p>T\u00fcrk mutfa\u011f\u0131nda her d\u00f6nemden sofralara gelen yemekler ve tatl\u0131lar g\u00fcn\u00fcm\u00fcze kadar tarifleriyle birlikte geliyor. Osmanl\u0131 saray mutfaklar\u0131ndan \u00e7\u0131k\u0131p \u00e7ay sohbetlerinize gelen<a href=\"https:\/\/www.tgrthaber.com\/mavikadin\/pisman-olmadan-tatli-yemek-isteyenlere-enfes-tadiyla-fit-irmik-tatlisi-tarifi\/\"> irmik tatl\u0131s\u0131<\/a> tarifiyle k\u0131vam\u0131na bay\u0131lacaks\u0131n\u0131z. \u0130\u015fte detaylar\u2026<\/p>\n<h3>OSMANLI SARAY MUTFAKLARINDAN \u00c7IKIP \u00c7AY SOHBETLER\u0130NE GELEN \u0130RM\u0130K TATLISI TAR\u0130F\u0130!<\/h3>\n<p>T\u00fcrk mutfa\u011f\u0131n\u0131n k\u00f6kl\u00fc ge\u00e7mi\u015fi, saray mutfaklar\u0131ndan g\u00fcn\u00fcm\u00fcze kadar uzanan pek \u00e7ok lezzeti bulunuyor. Bunlardan biri de bilindi\u011fi \u00fczere irmik tatl\u0131s\u0131 oldu. Osmanl\u0131 saraylar\u0131nda bile en \u00e7ok sevilen ve sevilerek t\u00fcketilen <a href=\"https:\/\/www.tgrthaber.com\/mavikadin\/tiryakilik-yapan-irmik-tatlisi-yapimi-iftardan-sonra-20-dakikanizi-almiyor\/\">irmik tatl\u0131s\u0131<\/a>, yap\u0131l\u0131\u015f\u0131yla da olduk\u00e7a kolay, tad\u0131yla da damaklarda iz b\u0131rak\u0131yor.<\/p>\n<p><img loading=\"lazy\" decoding=\"async\" class=\"alignnone size-full wp-image-309026\" src=\"https:\/\/www.tgrthaber.com\/mavikadin\/wp-content\/uploads\/2026\/03\/ARZU-15-2.jpg\" alt=\"Osmanl\u0131 saray mutfaklar\u0131ndan \u00e7\u0131k\u0131p \u00e7ay sohbetlerine gelen irmik tatl\u0131s\u0131 tarifi! K\u0131vam\u0131na bay\u0131lacaks\u0131n\u0131z  \" width=\"1208\" height=\"680\" title=\"\" srcset=\"https:\/\/www.tgrthaber.com\/mavikadin\/wp-content\/uploads\/2026\/03\/ARZU-15-2.jpg 1208w, https:\/\/www.tgrthaber.com\/mavikadin\/wp-content\/uploads\/2026\/03\/ARZU-15-2-300x169.jpg 300w, https:\/\/www.tgrthaber.com\/mavikadin\/wp-content\/uploads\/2026\/03\/ARZU-15-2-1024x576.jpg 1024w, https:\/\/www.tgrthaber.com\/mavikadin\/wp-content\/uploads\/2026\/03\/ARZU-15-2-768x432.jpg 768w\" sizes=\"(max-width: 1208px) 100vw, 1208px\" \/><\/p>\n<hr \/>\n<p>Pratik haz\u0131rlan\u0131\u015f\u0131 ve damakta ho\u015f bir etki b\u0131rakan bu hafif tatl\u0131 g\u00fcn\u00fcm\u00fczde de olduk\u00e7a sevilerek yenilen tatl\u0131lar aras\u0131nda yer al\u0131yor. G\u00fcn\u00fcm\u00fczde \u00e7ay saatlerinin vazge\u00e7ilmezleri aras\u0131nda yer alan irmik tatl\u0131s\u0131 o d\u00f6nemlerde herkes taraf\u0131ndan sevilerek t\u00fcketilen tatl\u0131lar aras\u0131nda yer almaktayd\u0131.<\/p>\n<p><img loading=\"lazy\" decoding=\"async\" class=\"alignnone size-full wp-image-309025\" src=\"https:\/\/www.tgrthaber.com\/mavikadin\/wp-content\/uploads\/2026\/03\/ARZU-16-2.jpg\" alt=\"Osmanl\u0131 saray mutfaklar\u0131ndan \u00e7\u0131k\u0131p \u00e7ay sohbetlerine gelen irmik tatl\u0131s\u0131 tarifi! K\u0131vam\u0131na bay\u0131lacaks\u0131n\u0131z  \" width=\"1208\" height=\"680\" title=\"\" srcset=\"https:\/\/www.tgrthaber.com\/mavikadin\/wp-content\/uploads\/2026\/03\/ARZU-16-2.jpg 1208w, https:\/\/www.tgrthaber.com\/mavikadin\/wp-content\/uploads\/2026\/03\/ARZU-16-2-300x169.jpg 300w, https:\/\/www.tgrthaber.com\/mavikadin\/wp-content\/uploads\/2026\/03\/ARZU-16-2-1024x576.jpg 1024w, https:\/\/www.tgrthaber.com\/mavikadin\/wp-content\/uploads\/2026\/03\/ARZU-16-2-768x432.jpg 768w\" sizes=\"(max-width: 1208px) 100vw, 1208px\" \/><\/p>\n<hr \/>\n<p>Bu tatl\u0131 k\u0131vam\u0131yla lezzetiyle ve a\u011f\u0131zda adeta damak \u00e7atlat\u0131yor. \u00d6zellikle de \u00e7ay sohbetlerinin \u00fcstesinden gelecek olan irmik tatl\u0131s\u0131n\u0131 yapt\u0131k\u00e7a yapas\u0131n\u0131z gelecektir. \u00dcstelik sadece \u00e7ay sohbetlerinde de\u011fil ak\u015fam yemeklerinden sonra da misafirlerinize bu tatl\u0131y\u0131 yapabilirsiniz.<\/p>\n<p><img loading=\"lazy\" decoding=\"async\" class=\"alignnone size-full wp-image-309024\" src=\"https:\/\/www.tgrthaber.com\/mavikadin\/wp-content\/uploads\/2026\/03\/ARZU-17-2.jpg\" alt=\"Osmanl\u0131 saray mutfaklar\u0131ndan \u00e7\u0131k\u0131p \u00e7ay sohbetlerine gelen irmik tatl\u0131s\u0131 tarifi! K\u0131vam\u0131na bay\u0131lacaks\u0131n\u0131z  \" width=\"1208\" height=\"680\" title=\"\" srcset=\"https:\/\/www.tgrthaber.com\/mavikadin\/wp-content\/uploads\/2026\/03\/ARZU-17-2.jpg 1208w, https:\/\/www.tgrthaber.com\/mavikadin\/wp-content\/uploads\/2026\/03\/ARZU-17-2-300x169.jpg 300w, https:\/\/www.tgrthaber.com\/mavikadin\/wp-content\/uploads\/2026\/03\/ARZU-17-2-1024x576.jpg 1024w, https:\/\/www.tgrthaber.com\/mavikadin\/wp-content\/uploads\/2026\/03\/ARZU-17-2-768x432.jpg 768w\" sizes=\"(max-width: 1208px) 100vw, 1208px\" \/><\/p>\n<hr \/>\n<p>\u00c7\u00fcnk\u00fc hafif yap\u0131s\u0131yla kendine hayran b\u0131rakt\u0131racak. Ak\u015fam yemeklerinden sonra hafif bir tatl\u0131 ar\u0131yorsan\u0131z irmik tatl\u0131s\u0131 tamda arad\u0131\u011f\u0131n\u0131z tatl\u0131 olacak. Osmanl\u0131 da bile o kadar tatl\u0131 varken bu irmik tatl\u0131s\u0131 tatl\u0131 sohbetlerin kaynaklar\u0131 aras\u0131nda yer almaktad\u0131r.<\/p>\n<p><img loading=\"lazy\" decoding=\"async\" class=\"alignnone size-full wp-image-309022\" src=\"https:\/\/www.tgrthaber.com\/mavikadin\/wp-content\/uploads\/2026\/03\/ARZU-19-2.jpg\" alt=\"Osmanl\u0131 saray mutfaklar\u0131ndan \u00e7\u0131k\u0131p \u00e7ay sohbetlerine gelen irmik tatl\u0131s\u0131 tarifi! K\u0131vam\u0131na bay\u0131lacaks\u0131n\u0131z  \" width=\"1208\" height=\"680\" title=\"\" srcset=\"https:\/\/www.tgrthaber.com\/mavikadin\/wp-content\/uploads\/2026\/03\/ARZU-19-2.jpg 1208w, https:\/\/www.tgrthaber.com\/mavikadin\/wp-content\/uploads\/2026\/03\/ARZU-19-2-300x169.jpg 300w, https:\/\/www.tgrthaber.com\/mavikadin\/wp-content\/uploads\/2026\/03\/ARZU-19-2-1024x576.jpg 1024w, https:\/\/www.tgrthaber.com\/mavikadin\/wp-content\/uploads\/2026\/03\/ARZU-19-2-768x432.jpg 768w\" sizes=\"(max-width: 1208px) 100vw, 1208px\" \/><\/p>\n<hr \/>\n<p>G\u00fcn\u00fcm\u00fczde de ev versiyonlar\u0131n\u0131 yaparak adeta saraydan \u00e7\u0131km\u0131\u015f gibi irmik tatl\u0131s\u0131 yapmak da olduk\u00e7a kolayd\u0131r. Bizde sizin i\u00e7in irmik tatl\u0131s\u0131n\u0131n nas\u0131l yap\u0131laca\u011f\u0131n\u0131 ara\u015ft\u0131rd\u0131k. i\u00e7eri\u011fi ile de kolay ula\u015f\u0131m sa\u011flanan irmik tatl\u0131s\u0131n\u0131 sofralar\u0131n aranan tatl\u0131s\u0131 olacak.<\/p>\n<p><img loading=\"lazy\" decoding=\"async\" class=\"alignnone size-full wp-image-309021\" src=\"https:\/\/www.tgrthaber.com\/mavikadin\/wp-content\/uploads\/2026\/03\/ARZU-20-2.jpg\" alt=\"Osmanl\u0131 saray mutfaklar\u0131ndan \u00e7\u0131k\u0131p \u00e7ay sohbetlerine gelen irmik tatl\u0131s\u0131 tarifi! K\u0131vam\u0131na bay\u0131lacaks\u0131n\u0131z  \" width=\"1208\" height=\"680\" title=\"\" srcset=\"https:\/\/www.tgrthaber.com\/mavikadin\/wp-content\/uploads\/2026\/03\/ARZU-20-2.jpg 1208w, https:\/\/www.tgrthaber.com\/mavikadin\/wp-content\/uploads\/2026\/03\/ARZU-20-2-300x169.jpg 300w, https:\/\/www.tgrthaber.com\/mavikadin\/wp-content\/uploads\/2026\/03\/ARZU-20-2-1024x576.jpg 1024w, https:\/\/www.tgrthaber.com\/mavikadin\/wp-content\/uploads\/2026\/03\/ARZU-20-2-768x432.jpg 768w\" sizes=\"(max-width: 1208px) 100vw, 1208px\" \/><\/p>\n<hr \/>\n<p><strong>\u0130rmik tatl\u0131s\u0131 tarifi!<\/strong><\/p>\n<p><strong>Malzemeler:<\/strong><\/p>\n<p>2 dolu dolu yemek ka\u015f\u0131\u011f\u0131 tereya\u011f\u0131<\/p>\n<p>2 su barda\u011f\u0131 irmik<\/p>\n<p>1,5 su barda\u011f\u0131 \u015feker (\u00c7ok \u015fekerli sevmeyenler 1\u2019e kadar indirebilirsiniz. )<\/p>\n<p>2 su barda\u011f\u0131 su<\/p>\n<p><img loading=\"lazy\" decoding=\"async\" class=\"alignnone size-full wp-image-309020\" src=\"https:\/\/www.tgrthaber.com\/mavikadin\/wp-content\/uploads\/2026\/03\/ARZU-21-2.jpg\" alt=\"Osmanl\u0131 saray mutfaklar\u0131ndan \u00e7\u0131k\u0131p \u00e7ay sohbetlerine gelen irmik tatl\u0131s\u0131 tarifi! K\u0131vam\u0131na bay\u0131lacaks\u0131n\u0131z  \" width=\"1208\" height=\"680\" title=\"\" srcset=\"https:\/\/www.tgrthaber.com\/mavikadin\/wp-content\/uploads\/2026\/03\/ARZU-21-2.jpg 1208w, https:\/\/www.tgrthaber.com\/mavikadin\/wp-content\/uploads\/2026\/03\/ARZU-21-2-300x169.jpg 300w, https:\/\/www.tgrthaber.com\/mavikadin\/wp-content\/uploads\/2026\/03\/ARZU-21-2-1024x576.jpg 1024w, https:\/\/www.tgrthaber.com\/mavikadin\/wp-content\/uploads\/2026\/03\/ARZU-21-2-768x432.jpg 768w\" sizes=\"(max-width: 1208px) 100vw, 1208px\" \/><\/p>\n<hr \/>\n<p><strong>Haz\u0131rlan\u0131\u015f\u0131:<\/strong><\/p>\n<p>Tereya\u011f\u0131n\u0131 tavada eritip irmi\u011fi \u00fczerine d\u00f6k\u00fcn ve orta b\u00fcy\u00fckl\u00fckteki ocakta, orta ate\u015fte yakla\u015f\u0131k 3 dakika s\u00fcrekli kar\u0131\u015ft\u0131rarak kavurun.3 dakika sonunda oca\u011f\u0131n alt\u0131n\u0131 k\u0131s\u0131p 3 dakika da k\u0131s\u0131k ate\u015fte iyice kavurun.<\/p>\n<p>Bu arada irmi\u011fin rengi baya\u011f\u0131 d\u00f6nm\u00fc\u015f oluyor. Kremken a\u00e7\u0131k s\u00fctl\u00fc kahve rengine d\u00f6n\u00fc\u015f\u00fcyor ayr\u0131nt\u0131l\u0131 yazmak gerekirse.<\/p>\n<p>Toplam 6 dakikal\u0131k bu s\u00fcrenin sonunda \u015fekeri ekleyin ve 4 dakika da \u015fekerle kavurun. Ba\u015fta da \u015fekeri belli bir tarif o y\u00fczden 1 barda\u011fa kadar \u015fekeri azaltabilirsiniz. Daha da azalt\u0131nca k\u0131vam\u0131n\u0131 etkileyebilir diye d\u00fc\u015f\u00fcn\u00fcyorum.<\/p>\n<p>Ayr\u0131ca bu etapta \u00e7ok \u00e7abuk kararaca\u011f\u0131 i\u00e7in h\u0131zl\u0131 davranmak ve irmi\u011fi yakmamak gerekiyor. Bu tarifin bir \u00f6zelli\u011fi de rengin biraz koyu olmas\u0131, bana b\u00f6yle \u00e7ok kavrulmu\u015f hali daha lezzetli geldi\u011fi i\u00e7in hep b\u00f6yle kavurun, siz sevmiyorsan\u0131z daha a\u00e7\u0131k renkli b\u0131rakabilirsiniz.<\/p>\n<p>Toplamda 10 dakikal\u0131k kavurman\u0131n sonunda alt\u0131n\u0131 k\u0131s\u0131ktan normale getirip suyu ekleyin. Su hemen kayn\u0131yor zaten, k\u0131s\u0131\u011fa tekrar getirip birka\u00e7 kez kar\u0131\u015ft\u0131rd\u0131ktan sonra (yakla\u015f\u0131k 1 dakika s\u00fcr\u00fcyor) birazc\u0131k ak\u0131\u015fkan ve sulu b\u0131rak\u0131p alt\u0131n\u0131 kapat\u0131yor ve dinlenmeye b\u0131rak\u0131n.<\/p>\n<h3><img loading=\"lazy\" decoding=\"async\" class=\"alignnone size-full wp-image-309019\" src=\"https:\/\/www.tgrthaber.com\/mavikadin\/wp-content\/uploads\/2026\/03\/ARZU-22-2.jpg\" alt=\"Osmanl\u0131 saray mutfaklar\u0131ndan \u00e7\u0131k\u0131p \u00e7ay sohbetlerine gelen irmik tatl\u0131s\u0131 tarifi! K\u0131vam\u0131na bay\u0131lacaks\u0131n\u0131z  \" width=\"1208\" height=\"680\" title=\"\" srcset=\"https:\/\/www.tgrthaber.com\/mavikadin\/wp-content\/uploads\/2026\/03\/ARZU-22-2.jpg 1208w, https:\/\/www.tgrthaber.com\/mavikadin\/wp-content\/uploads\/2026\/03\/ARZU-22-2-300x169.jpg 300w, https:\/\/www.tgrthaber.com\/mavikadin\/wp-content\/uploads\/2026\/03\/ARZU-22-2-1024x576.jpg 1024w, https:\/\/www.tgrthaber.com\/mavikadin\/wp-content\/uploads\/2026\/03\/ARZU-22-2-768x432.jpg 768w\" sizes=\"(max-width: 1208px) 100vw, 1208px\" \/><\/h3>\n<hr \/>\n<h3>KIVAMINA BAYILACAKSINIZ<\/h3>\n<p>Osmanl\u0131 saraylar\u0131ndan \u00e7\u0131kan bu tatl\u0131n\u0131n adeta k\u0131vam\u0131na bay\u0131lacaks\u0131n\u0131z. \u00c7\u00fcnk\u00fc hafif yap\u0131s\u0131yla tatl\u0131 sevmeyen insana bile tatl\u0131 sevdirir. Bu sebeple sizde yukar\u0131da belirtilen tarifle kolayl\u0131kla irmik tatl\u0131s\u0131 yapabilirsiniz.<\/p>\n","protected":false},"excerpt":{"rendered":"<p>Osmanl\u0131 saray mutfaklar\u0131ndan \u00e7\u0131k\u0131p gelen ve \u00e7ay sohbetlerinde damakta tatl\u0131 bir tat b\u0131rakan irmik tatl\u0131s\u0131 tarifini sizin i\u00e7in ara\u015ft\u0131rd\u0131k. \u00dcstelik yap\u0131m\u0131yla birlikte k\u0131vam\u0131na da bay\u0131lacaks\u0131n\u0131z. \u0130\u015fte detaylar\u2026  <\/p>\n","protected":false},"author":34,"featured_media":309023,"comment_status":"closed","ping_status":"closed","sticky":false,"template":"","format":"standard","meta":{"rank_math_lock_modified_date":false,"footnotes":""},"categories":[191],"tags":[11328,73362,1331,3411],"class_list":["post-309018","post","type-post","status-publish","format-standard","has-post-thumbnail","hentry","category-yemek-tarifleri","tag-irmik","tag-irmik-tatlsi","tag-tatli","tag-yemek-tarifleri"],"_links":{"self":[{"href":"https:\/\/www.tgrthaber.com\/mavikadin\/wp-json\/wp\/v2\/posts\/309018"}],"collection":[{"href":"https:\/\/www.tgrthaber.com\/mavikadin\/wp-json\/wp\/v2\/posts"}],"about":[{"href":"https:\/\/www.tgrthaber.com\/mavikadin\/wp-json\/wp\/v2\/types\/post"}],"author":[{"embeddable":true,"href":"https:\/\/www.tgrthaber.com\/mavikadin\/wp-json\/wp\/v2\/users\/34"}],"replies":[{"embeddable":true,"href":"https:\/\/www.tgrthaber.com\/mavikadin\/wp-json\/wp\/v2\/comments?post=309018"}],"version-history":[{"count":2,"href":"https:\/\/www.tgrthaber.com\/mavikadin\/wp-json\/wp\/v2\/posts\/309018\/revisions"}],"predecessor-version":[{"id":309037,"href":"https:\/\/www.tgrthaber.com\/mavikadin\/wp-json\/wp\/v2\/posts\/309018\/revisions\/309037"}],"wp:featuredmedia":[{"embeddable":true,"href":"https:\/\/www.tgrthaber.com\/mavikadin\/wp-json\/wp\/v2\/media\/309023"}],"wp:attachment":[{"href":"https:\/\/www.tgrthaber.com\/mavikadin\/wp-json\/wp\/v2\/media?parent=309018"}],"wp:term":[{"taxonomy":"category","embeddable":true,"href":"https:\/\/www.tgrthaber.com\/mavikadin\/wp-json\/wp\/v2\/categories?post=309018"},{"taxonomy":"post_tag","embeddable":true,"href":"https:\/\/www.tgrthaber.com\/mavikadin\/wp-json\/wp\/v2\/tags?post=309018"}],"curies":[{"name":"wp","href":"https:\/\/api.w.org\/{rel}","templated":true}]}}