{"id":309067,"date":"2026-03-15T17:35:19","date_gmt":"2026-03-15T14:35:19","guid":{"rendered":"https:\/\/www.tgrthaber.com\/mavikadin\/?p=309067"},"modified":"2026-03-15T17:35:20","modified_gmt":"2026-03-15T14:35:20","slug":"yesilcamin-usta-oyuncusu-nuri-alco-esref-ruya-dizisine-katiliyor-gecim-sikintisini-cektigini-kez-acikladi","status":"publish","type":"post","link":"https:\/\/www.tgrthaber.com\/mavikadin\/yesilcamin-usta-oyuncusu-nuri-alco-esref-ruya-dizisine-katiliyor-gecim-sikintisini-cektigini-kez-acikladi\/","title":{"rendered":"Ye\u015fil\u00e7am\u2019\u0131n usta oyuncusu Nuri Al\u00e7o E\u015fref R\u00fcya dizisine kat\u0131l\u0131yor! Ge\u00e7im s\u0131k\u0131nt\u0131s\u0131n\u0131 \u00e7ekti\u011fini kez a\u00e7\u0131klad\u0131"},"content":{"rendered":"<p>Ye\u015fil\u00e7am\u2019\u0131n sevilen isimlerinden, T\u00fcrk filmlerinin en iyi kalpli k\u00f6t\u00fc adam\u0131 olarak haf\u0131zalara kaz\u0131nan <a href=\"https:\/\/www.tgrthaber.com\/mavikadin\/esref-ruya-dizisine-bomba-transfer-yesilcamin-usta-ismi-nuri-alco-geliyor\/\">Nuri Al\u00e7o<\/a>, Yasemin\u2019in Penceresi program\u0131na konuk oldu. Programda dikkat \u00e7eken ve \u00e7arp\u0131c\u0131 a\u00e7\u0131klamalarda bulunan usta sanat\u00e7\u0131n\u0131n samimi s\u00f6zleri izleyiciler taraf\u0131ndan b\u00fcy\u00fck ilgi g\u00f6rd\u00fc. Usta oyuncu programda yapt\u0131\u011f\u0131 a\u00e7\u0131klamalarda zaman zaman kendine g\u00f6re ge\u00e7im s\u0131k\u0131nt\u0131s\u0131 ya\u015fad\u0131\u011f\u0131n\u0131 da dile getirirken, kariyeriyle ilgili yeni geli\u015fmeleri de payla\u015ft\u0131. <a href=\"https:\/\/www.tgrthaber.com\/mavikadin\/yesilcamin-efsane-ismi-nuri-alco-baba-mi-oluyor-itirafi-dikkat-cekti\/\">Nuri Al\u00e7o<\/a>, son d\u00f6nemde izleyicilerin ilgiyle takip etti\u011fi <a href=\"https:\/\/www.tgrthaber.com\/mavikadin\/esref-ruya-39-bolum-fragmani-yayinlandi-mi-esref-ruya-son-bolumde-neler-oldu\/\">E\u015fref R\u00fcya<\/a> dizisinden kendisine gelen ihtiyar karakteri rol teklifini kabul etti\u011fini a\u00e7\u0131klad\u0131. Uzun y\u0131llard\u0131r T\u00fcrk sinemas\u0131n\u0131n \u00f6nemli isimlerinden biri olarak an\u0131lan Al\u00e7o\u2019nun bu a\u00e7\u0131klamas\u0131, hem Ye\u015fil\u00e7am hayranlar\u0131 hem de dizi izleyicileri taraf\u0131ndan merak uyand\u0131rd\u0131. Usta oyuncunun E\u015fref R\u00fcya dizisinde nas\u0131l bir karakterle ve ne zaman izleyici kar\u015f\u0131s\u0131na \u00e7\u0131kaca\u011f\u0131 ise \u015fimdiden b\u00fcy\u00fck merak konusu oldu.<\/p>\n<h3>NUR\u0130 AL\u00c7O GE\u00c7\u0130M SIKINTISINI \u0130LK KEZ A\u00c7IKLADI<\/h3>\n<p>Ye\u015fil\u00e7am\u2019\u0131n k\u00f6t\u00fc adam\u0131 olarak da bilinen usta oyuncu <a href=\"https:\/\/www.tgrthaber.com\/mavikadin\/nuri-alco-mal-varligini-esine-mi-birakacak-iste-nuri-alcodan-aciklama\/\">Nuri Al\u00e7o<\/a>, her pazar saat 13.00\u2019da TGRT Haber ekranlar\u0131nda izleyiciyle bulu\u015fan Yasemin\u2019in Penceresi program\u0131na konuk oldu. Ba\u015far\u0131l\u0131 ve usta oyunculu\u011fuyla haf\u0131zalara kaz\u0131nan Nuri Al\u00e7o, programda yapt\u0131\u011f\u0131 samimi a\u00e7\u0131klamalarla g\u00fcndem oldu.<\/p>\n<p><img loading=\"lazy\" decoding=\"async\" class=\"alignnone size-full wp-image-309069\" src=\"https:\/\/www.tgrthaber.com\/mavikadin\/wp-content\/uploads\/2026\/03\/Asli-2026-03-15T163317.876.png\" alt=\"\" width=\"1208\" height=\"680\" title=\"\" srcset=\"https:\/\/www.tgrthaber.com\/mavikadin\/wp-content\/uploads\/2026\/03\/Asli-2026-03-15T163317.876.png 1208w, https:\/\/www.tgrthaber.com\/mavikadin\/wp-content\/uploads\/2026\/03\/Asli-2026-03-15T163317.876-300x169.png 300w, https:\/\/www.tgrthaber.com\/mavikadin\/wp-content\/uploads\/2026\/03\/Asli-2026-03-15T163317.876-1024x576.png 1024w, https:\/\/www.tgrthaber.com\/mavikadin\/wp-content\/uploads\/2026\/03\/Asli-2026-03-15T163317.876-768x432.png 768w\" sizes=\"(max-width: 1208px) 100vw, 1208px\" \/><\/p>\n<hr \/>\n<p>Y\u0131llarca Ye\u015fil\u00e7am filmlerinde canland\u0131rd\u0131\u011f\u0131 karakterlerle tan\u0131nan Al\u00e7o, Yasemin\u2019in Penceresi program\u0131nda kendi \u00e7ap\u0131nda ge\u00e7im s\u0131k\u0131nt\u0131s\u0131 ya\u015fad\u0131\u011f\u0131n\u0131 s\u00f6yleyerek dikkat \u00e7ekti. Usta oyuncunun ekonomik durumuyla ilgili yapt\u0131\u011f\u0131 a\u00e7\u0131klamalar k\u0131sa s\u00fcrede izleyicilerin ve Ye\u015fil\u00e7am hayranlar\u0131n\u0131n g\u00fcndemine oturdu.<\/p>\n<p><img loading=\"lazy\" decoding=\"async\" class=\"alignnone size-full wp-image-309070\" src=\"https:\/\/www.tgrthaber.com\/mavikadin\/wp-content\/uploads\/2026\/03\/Asli-2026-03-15T163145.043.png\" alt=\"\" width=\"1208\" height=\"680\" title=\"\" srcset=\"https:\/\/www.tgrthaber.com\/mavikadin\/wp-content\/uploads\/2026\/03\/Asli-2026-03-15T163145.043.png 1208w, https:\/\/www.tgrthaber.com\/mavikadin\/wp-content\/uploads\/2026\/03\/Asli-2026-03-15T163145.043-300x169.png 300w, https:\/\/www.tgrthaber.com\/mavikadin\/wp-content\/uploads\/2026\/03\/Asli-2026-03-15T163145.043-1024x576.png 1024w, https:\/\/www.tgrthaber.com\/mavikadin\/wp-content\/uploads\/2026\/03\/Asli-2026-03-15T163145.043-768x432.png 768w\" sizes=\"(max-width: 1208px) 100vw, 1208px\" \/><\/p>\n<hr \/>\n<p>Program\u0131n sunucusu Yasemin Bozkurt\u2019un Nuri Al\u00e7o\u2019ya y\u00f6neltti\u011fi \u015fu soru dikkat \u00e7ekti:<\/p>\n<p>&#8220;Ye\u015fil\u00e7am\u2019\u0131n bir tak\u0131m oyuncular\u0131, karakter oyuncular\u0131n\u0131n i\u015fsizlik ve paras\u0131zl\u0131k i\u00e7inde s\u0131\u011f\u0131n\u0131lacak yerleri arad\u0131\u011f\u0131n\u0131 g\u00f6r\u00fcyoruz. Evleri yok, yiyecekleri yok neden?&#8221;<\/p>\n<h3>NUR\u0130 AL\u00c7O CANLI YAYINDA D\u0130KKAT \u00c7EKEN A\u00c7IKLAMALAR YAPTI!<\/h3>\n<p>Canl\u0131 yay\u0131nda konu\u015fan Nuri Al\u00e7o, Ye\u015fil\u00e7am filmlerinin tekrar tekrar yay\u0131nlanmas\u0131na ra\u011fmen telif hakk\u0131 alamad\u0131klar\u0131n\u0131 \u015fu s\u00f6zlerle dile getirdi:<\/p>\n<p>&#8220;Tabii yani \u00e7ekilen filmlerde bug\u00fcn hi\u00e7bir telif hakk\u0131 yok. B\u00f6yle bir kanun \u00e7\u0131kmad\u0131. Benim 350 filmim var, oynam\u0131\u015f\u0131m ama hi\u00e7bir gelirim yok. O an i\u00e7in oynam\u0131\u015f\u0131m, bitmi\u015f onlar. Daha da g\u00f6steriliyor. T\u00fcrkiye\u2019nin her sinemas\u0131nda, yurt i\u00e7inde, yurt d\u0131\u015f\u0131nda oynuyor filmler. Ama hi\u00e7bir gelirimiz yok maalesef.&#8221;<\/p>\n<div style=\"width: 640px;\" class=\"wp-video\"><!--[if lt IE 9]><script>document.createElement('video');<\/script><![endif]-->\n<video class=\"wp-video-shortcode\" id=\"video-309067-1\" width=\"640\" height=\"1138\" preload=\"metadata\" controls=\"controls\"><source type=\"video\/mp4\" src=\"https:\/\/www.tgrthaber.com\/mavikadin\/wp-content\/uploads\/2026\/03\/reels-sessiz-41.mp4?_=1\" \/><a href=\"https:\/\/www.tgrthaber.com\/mavikadin\/wp-content\/uploads\/2026\/03\/reels-sessiz-41.mp4\">https:\/\/www.tgrthaber.com\/mavikadin\/wp-content\/uploads\/2026\/03\/reels-sessiz-41.mp4<\/a><\/video><\/div>\n<hr \/>\n<p>Sunucunun &#8220;Peki \u015fu anda ge\u00e7im s\u0131k\u0131nt\u0131s\u0131 \u00e7ekiyor musunuz?&#8221; sorusu \u00fczerine ise Ye\u015fil\u00e7am\u2019\u0131n unutulmaz oyuncular\u0131ndan Nuri Al\u00e7o, \u015fu ifadeleri kulland\u0131:<\/p>\n<p>\u201cYa kendi \u00e7ap\u0131mda tabii ki \u00e7ekiyorum. \u015eu anda millet bir filmde oynuyor, bir dizide oynuyor. Bir yal\u0131 dairesi al\u0131yor, son model arabalar\u0131 al\u0131yor. Ben daha \u015fu anda Allah\u2019a \u015f\u00fck\u00fcr kiraday\u0131m ama bir tak\u0131m s\u0131k\u0131nt\u0131lar \u00e7ekiyorum, zorluklar \u00e7ekiyorum. Eski filmler de yok. Yurt d\u0131\u015f\u0131nda bakt\u0131\u011f\u0131n\u0131z zaman insan ya\u015fland\u0131k\u00e7a babay\u0131 oynuyor, dedeyi oynuyor. Bir s\u00fcr\u00fc roller var, oynuyor, veriliyor. Bizde b\u00f6yle bir ekiple\u015fme var, bir grupla\u015fma var. Gen\u00e7 y\u00f6netmenler, arkada\u015flar gruplar\u0131, ayn\u0131 gruplar her filmde.\u201d<\/p>\n<p><img loading=\"lazy\" decoding=\"async\" class=\"alignnone size-full wp-image-309071\" src=\"https:\/\/www.tgrthaber.com\/mavikadin\/wp-content\/uploads\/2026\/03\/Asli-2026-03-15T155745.184.png\" alt=\"\" width=\"1208\" height=\"680\" title=\"\" srcset=\"https:\/\/www.tgrthaber.com\/mavikadin\/wp-content\/uploads\/2026\/03\/Asli-2026-03-15T155745.184.png 1208w, https:\/\/www.tgrthaber.com\/mavikadin\/wp-content\/uploads\/2026\/03\/Asli-2026-03-15T155745.184-300x169.png 300w, https:\/\/www.tgrthaber.com\/mavikadin\/wp-content\/uploads\/2026\/03\/Asli-2026-03-15T155745.184-1024x576.png 1024w, https:\/\/www.tgrthaber.com\/mavikadin\/wp-content\/uploads\/2026\/03\/Asli-2026-03-15T155745.184-768x432.png 768w\" sizes=\"(max-width: 1208px) 100vw, 1208px\" \/><\/p>\n<hr \/>\n<h3>YE\u015e\u0130L\u00c7AMIN K\u00d6T\u00dc ADAMI E\u015eREF R\u00dcYA KADROSUNDA<\/h3>\n<p>\u00c7a\u011fatay Ulusoy ve Demet \u00d6zdemir\u2019in ba\u015frollerinde yer ald\u0131\u011f\u0131 sevilen dizilerden E\u015fref R\u00fcya\u2019da ihtiyar karakterini kimin oynayaca\u011f\u0131 merak konusu oldu.<\/p>\n<p><img loading=\"lazy\" decoding=\"async\" class=\"alignnone size-full wp-image-309072\" src=\"https:\/\/www.tgrthaber.com\/mavikadin\/wp-content\/uploads\/2026\/03\/Asli-2026-03-15T162947.832-1.png\" alt=\"\" width=\"1208\" height=\"680\" title=\"\" srcset=\"https:\/\/www.tgrthaber.com\/mavikadin\/wp-content\/uploads\/2026\/03\/Asli-2026-03-15T162947.832-1.png 1208w, https:\/\/www.tgrthaber.com\/mavikadin\/wp-content\/uploads\/2026\/03\/Asli-2026-03-15T162947.832-1-300x169.png 300w, https:\/\/www.tgrthaber.com\/mavikadin\/wp-content\/uploads\/2026\/03\/Asli-2026-03-15T162947.832-1-1024x576.png 1024w, https:\/\/www.tgrthaber.com\/mavikadin\/wp-content\/uploads\/2026\/03\/Asli-2026-03-15T162947.832-1-768x432.png 768w\" sizes=\"(max-width: 1208px) 100vw, 1208px\" \/><\/p>\n<hr \/>\n<p>Usta oyuncu Nuri Al\u00e7o\u2019nun bu rolde yer al\u0131p almayaca\u011f\u0131 ise dizi izleyicileri taraf\u0131ndan g\u00fcndeme geldi. Nuri Al\u00e7o, Yasemin\u2019in Penceresi program\u0131nda dizilerden gelen teklifler hakk\u0131nda \u015fu a\u00e7\u0131klamay\u0131 yapt\u0131:<\/p>\n<p>&#8220;Gelmedi, \u015fu anda en son gelen bir E\u015fref R\u00fcya\u2019dan geldi. Orada bir ihtiyar rol\u00fc var. Daha da \u00e7\u0131kmad\u0131 kim o oldu. Neticesi gelmedi, kabul ettik, tamam dedik. Cevap bekliyorum.&#8221;<\/p>\n<p><img loading=\"lazy\" decoding=\"async\" class=\"alignnone size-full wp-image-309073\" src=\"https:\/\/www.tgrthaber.com\/mavikadin\/wp-content\/uploads\/2026\/03\/Asli-2026-03-15T163236.067.png\" alt=\"\" width=\"1208\" height=\"680\" title=\"\" srcset=\"https:\/\/www.tgrthaber.com\/mavikadin\/wp-content\/uploads\/2026\/03\/Asli-2026-03-15T163236.067.png 1208w, https:\/\/www.tgrthaber.com\/mavikadin\/wp-content\/uploads\/2026\/03\/Asli-2026-03-15T163236.067-300x169.png 300w, https:\/\/www.tgrthaber.com\/mavikadin\/wp-content\/uploads\/2026\/03\/Asli-2026-03-15T163236.067-1024x576.png 1024w, https:\/\/www.tgrthaber.com\/mavikadin\/wp-content\/uploads\/2026\/03\/Asli-2026-03-15T163236.067-768x432.png 768w\" sizes=\"(max-width: 1208px) 100vw, 1208px\" \/><\/p>\n<p>Usta oyuncunun bu a\u00e7\u0131klamas\u0131, E\u015fref R\u00fcya dizi izleyicileri aras\u0131nda b\u00fcy\u00fck merak uyand\u0131rd\u0131.<\/p>\n","protected":false},"excerpt":{"rendered":"<p>Sevilen duayen oyunculardan biri olan Nuri Al\u00e7o, Yasemin&#8217;in Penceresi program\u0131na konuk oldu. Programda dikkat \u00e7eken a\u00e7\u0131klamalarda ve samimi itiraflarda bulunan Nuri Al\u00e7o, sevilen dizilerden E\u015fref R\u00fcya dizisinden gelen rol teklifini kabul etti\u011fini a\u00e7\u0131klad\u0131. \u0130\u015fte detaylar\u2026<\/p>\n","protected":false},"author":37,"featured_media":309075,"comment_status":"closed","ping_status":"closed","sticky":false,"template":"","format":"standard","meta":{"rank_math_lock_modified_date":false,"footnotes":""},"categories":[76],"tags":[3602,4755,133,2218,3606],"class_list":["post-309067","post","type-post","status-publish","format-standard","has-post-thumbnail","hentry","category-magazin","tag-diziler","tag-esref-ruya","tag-magazin","tag-magazin-haberleri","tag-nuri-alco"],"_links":{"self":[{"href":"https:\/\/www.tgrthaber.com\/mavikadin\/wp-json\/wp\/v2\/posts\/309067"}],"collection":[{"href":"https:\/\/www.tgrthaber.com\/mavikadin\/wp-json\/wp\/v2\/posts"}],"about":[{"href":"https:\/\/www.tgrthaber.com\/mavikadin\/wp-json\/wp\/v2\/types\/post"}],"author":[{"embeddable":true,"href":"https:\/\/www.tgrthaber.com\/mavikadin\/wp-json\/wp\/v2\/users\/37"}],"replies":[{"embeddable":true,"href":"https:\/\/www.tgrthaber.com\/mavikadin\/wp-json\/wp\/v2\/comments?post=309067"}],"version-history":[{"count":2,"href":"https:\/\/www.tgrthaber.com\/mavikadin\/wp-json\/wp\/v2\/posts\/309067\/revisions"}],"predecessor-version":[{"id":309077,"href":"https:\/\/www.tgrthaber.com\/mavikadin\/wp-json\/wp\/v2\/posts\/309067\/revisions\/309077"}],"wp:featuredmedia":[{"embeddable":true,"href":"https:\/\/www.tgrthaber.com\/mavikadin\/wp-json\/wp\/v2\/media\/309075"}],"wp:attachment":[{"href":"https:\/\/www.tgrthaber.com\/mavikadin\/wp-json\/wp\/v2\/media?parent=309067"}],"wp:term":[{"taxonomy":"category","embeddable":true,"href":"https:\/\/www.tgrthaber.com\/mavikadin\/wp-json\/wp\/v2\/categories?post=309067"},{"taxonomy":"post_tag","embeddable":true,"href":"https:\/\/www.tgrthaber.com\/mavikadin\/wp-json\/wp\/v2\/tags?post=309067"}],"curies":[{"name":"wp","href":"https:\/\/api.w.org\/{rel}","templated":true}]}}