{"id":309078,"date":"2026-03-15T18:23:51","date_gmt":"2026-03-15T15:23:51","guid":{"rendered":"https:\/\/www.tgrthaber.com\/mavikadin\/?p=309078"},"modified":"2026-03-15T18:24:32","modified_gmt":"2026-03-15T15:24:32","slug":"sarp-apaktan-avrupa-yakasi-aciklamasi-sitcomlarin-geri-donmesinin-onundeki-engel-sasirtti","status":"publish","type":"post","link":"https:\/\/www.tgrthaber.com\/mavikadin\/sarp-apaktan-avrupa-yakasi-aciklamasi-sitcomlarin-geri-donmesinin-onundeki-engel-sasirtti\/","title":{"rendered":"Sarp Apak\u2019tan Avrupa Yakas\u0131 a\u00e7\u0131klamas\u0131! Sitcomlar\u0131n geri d\u00f6nmesinin \u00f6n\u00fcndeki engel \u015fa\u015f\u0131rtt\u0131"},"content":{"rendered":"<p>\u00dcnl\u00fc oyuncu Sarp Apak, d\u00f6neminin en \u00e7ok sevilen sitcom dizilerinden biri olan Avrupa Yakas\u0131 ile ilgili \u00e7arp\u0131c\u0131 a\u00e7\u0131klamalarda bulundu. Tanr\u0131verdi karakteriyle izleyicilerin g\u00f6nl\u00fcnde taht kurmay\u0131 ba\u015faran <a href=\"https:\/\/www.tgrthaber.com\/mavikadin\/sarp-apak-luks-dairesine-dusuk-kira-odeyen-kiracisiyla-mahkemelik-oldu\/\">Sarp Apak<\/a>, sitcom projelerinin geri d\u00f6nmesinin \u00f6n\u00fcndeki en b\u00fcy\u00fck engelin oyuncu maliyetleri oldu\u011funu belirtmesi dikkat \u00e7ekti. Ba\u015far\u0131l\u0131 oyuncu yapt\u0131\u011f\u0131 a\u00e7\u0131klamada, Avrupa Yakas\u0131 gibi unutulmaz dizilerin y\u00fcksek b\u00fct\u00e7eli oyuncu \u00fccretlerinin bu t\u00fcr projelerin yeniden ekranlara gelmesinin \u00f6n\u00fcn\u00fc kesti\u011fini belirtti. \u0130\u015fte <a href=\"https:\/\/www.tgrthaber.com\/mavikadin\/sarp-apakin-esi-bengisu-uzunoz-kimdir-bengisu-uzunoz-meslegi-nedir-aslen-nereli\/\">Sarp Apak<\/a>\u2019\u0131n Avrupa Yakas\u0131 dizisine dair a\u00e7\u0131klamas\u0131\u2026<\/p>\n<h3>SARP APAKTAN D\u0130KKAT \u00c7EKEN AVRUPA YAKASI A\u00c7IKLAMASI<\/h3>\n<p>D\u00f6neminin sevilen dizilerinden biri olan Avrupa Yakas\u0131, sitcom dizileri aras\u0131nda hala geni\u015f bir izleyici kitlesiyle konu\u015fulmaya devam ediyor ve \u00f6rnek g\u00f6sterilen yap\u0131mlar aras\u0131nda yer al\u0131yor. Ba\u015far\u0131l\u0131 oyuncu kadrosu ve g\u00fc\u00e7l\u00fc senaryosu sayesinde yay\u0131nland\u0131\u011f\u0131 d\u00f6nemde b\u00fcy\u00fck ilgi g\u00f6ren dizi, g\u00fcn\u00fcm\u00fczde bile benzer yap\u0131mlar\u0131n aranmaya ba\u015flamas\u0131na \u00f6nc\u00fcl\u00fck ediyor.<\/p>\n<p><img loading=\"lazy\" decoding=\"async\" class=\"alignnone size-full wp-image-309080\" src=\"https:\/\/www.tgrthaber.com\/mavikadin\/wp-content\/uploads\/2026\/03\/Asli-2026-03-15T180854.425.png\" alt=\"\" width=\"1208\" height=\"680\" title=\"\" srcset=\"https:\/\/www.tgrthaber.com\/mavikadin\/wp-content\/uploads\/2026\/03\/Asli-2026-03-15T180854.425.png 1208w, https:\/\/www.tgrthaber.com\/mavikadin\/wp-content\/uploads\/2026\/03\/Asli-2026-03-15T180854.425-300x169.png 300w, https:\/\/www.tgrthaber.com\/mavikadin\/wp-content\/uploads\/2026\/03\/Asli-2026-03-15T180854.425-1024x576.png 1024w, https:\/\/www.tgrthaber.com\/mavikadin\/wp-content\/uploads\/2026\/03\/Asli-2026-03-15T180854.425-768x432.png 768w\" sizes=\"(max-width: 1208px) 100vw, 1208px\" \/><\/p>\n<hr \/>\n<p>Avrupa Yakas\u0131 dizisinde yer alm\u0131\u015f ba\u015far\u0131l\u0131 oyuncu kadrosunda bulunan Sarp<a href=\"https:\/\/www.tgrthaber.com\/mavikadin\/bengisu-apak-kimdir-kac-yasinda-sarp-apak-ve-bengisu-apak-ne-zaman-evlendi\/\"> Apak<\/a>, dizide oynad\u0131\u011f\u0131 Tanr\u0131verdi karakteriyle haf\u0131zalara kaz\u0131nmay\u0131 ba\u015farm\u0131\u015ft\u0131. 6 sezon boyunca ekranlarda kalan dizinin g\u00fcn\u00fcm\u00fczde de hat\u0131rlanmas\u0131, hem eski hem yeni nesil izleyiciler taraf\u0131ndan takdirle kar\u015f\u0131lan\u0131yor.<\/p>\n<p><img loading=\"lazy\" decoding=\"async\" class=\"alignnone size-full wp-image-309081\" src=\"https:\/\/www.tgrthaber.com\/mavikadin\/wp-content\/uploads\/2026\/03\/Asli-2026-03-15T181133.671.png\" alt=\"\" width=\"1208\" height=\"680\" title=\"\" srcset=\"https:\/\/www.tgrthaber.com\/mavikadin\/wp-content\/uploads\/2026\/03\/Asli-2026-03-15T181133.671.png 1208w, https:\/\/www.tgrthaber.com\/mavikadin\/wp-content\/uploads\/2026\/03\/Asli-2026-03-15T181133.671-300x169.png 300w, https:\/\/www.tgrthaber.com\/mavikadin\/wp-content\/uploads\/2026\/03\/Asli-2026-03-15T181133.671-1024x576.png 1024w, https:\/\/www.tgrthaber.com\/mavikadin\/wp-content\/uploads\/2026\/03\/Asli-2026-03-15T181133.671-768x432.png 768w\" sizes=\"(max-width: 1208px) 100vw, 1208px\" \/><\/p>\n<hr \/>\n<p>Sarp Apak, Avrupa Yakas\u0131 dizisine dair yapt\u0131\u011f\u0131 a\u00e7\u0131klamalarda dikkat \u00e7eken ifadelerde bulundu:<\/p>\n<p>&#8220;Avrupa Yakas\u0131 gibi sitcom projelerin geri d\u00f6nmesinin \u00f6n\u00fcndeki en b\u00fcy\u00fck engel, oyuncu maliyetleri.&#8221;<\/p>\n<p><img loading=\"lazy\" decoding=\"async\" class=\"alignnone size-full wp-image-309082\" src=\"https:\/\/www.tgrthaber.com\/mavikadin\/wp-content\/uploads\/2026\/03\/Asli-2026-03-15T181033.195.png\" alt=\"\" width=\"1208\" height=\"680\" title=\"\" srcset=\"https:\/\/www.tgrthaber.com\/mavikadin\/wp-content\/uploads\/2026\/03\/Asli-2026-03-15T181033.195.png 1208w, https:\/\/www.tgrthaber.com\/mavikadin\/wp-content\/uploads\/2026\/03\/Asli-2026-03-15T181033.195-300x169.png 300w, https:\/\/www.tgrthaber.com\/mavikadin\/wp-content\/uploads\/2026\/03\/Asli-2026-03-15T181033.195-1024x576.png 1024w, https:\/\/www.tgrthaber.com\/mavikadin\/wp-content\/uploads\/2026\/03\/Asli-2026-03-15T181033.195-768x432.png 768w\" sizes=\"(max-width: 1208px) 100vw, 1208px\" \/><\/p>\n<hr \/>\n<p>Ba\u015far\u0131l\u0131 oyuncunun bu s\u00f6zleri, hem dizinin hayranlar\u0131 hem de T\u00fcrk televizyon sekt\u00f6r\u00fcn\u00fc takip eden izleyiciler taraf\u0131ndan b\u00fcy\u00fck ilgi g\u00f6rd\u00fc. Sarp Apak\u2019\u0131n a\u00e7\u0131klamalar\u0131, sitcom t\u00fcr\u00fcn\u00fcn g\u00fcn\u00fcm\u00fczde neden nadiren ekranlara geldi\u011fine dair \u00f6nemli bir bak\u0131\u015f a\u00e7\u0131s\u0131 sunarken, Avrupa Yakas\u0131 dizisinin hala neden \u00f6rnek g\u00f6sterilen bir yap\u0131m oldu\u011funu bir kez daha ortaya koydu.<\/p>\n<p><img loading=\"lazy\" decoding=\"async\" class=\"alignnone size-full wp-image-309083\" src=\"https:\/\/www.tgrthaber.com\/mavikadin\/wp-content\/uploads\/2026\/03\/Asli-2026-03-15T181159.531.png\" alt=\"\" width=\"1208\" height=\"680\" title=\"\" srcset=\"https:\/\/www.tgrthaber.com\/mavikadin\/wp-content\/uploads\/2026\/03\/Asli-2026-03-15T181159.531.png 1208w, https:\/\/www.tgrthaber.com\/mavikadin\/wp-content\/uploads\/2026\/03\/Asli-2026-03-15T181159.531-300x169.png 300w, https:\/\/www.tgrthaber.com\/mavikadin\/wp-content\/uploads\/2026\/03\/Asli-2026-03-15T181159.531-1024x576.png 1024w, https:\/\/www.tgrthaber.com\/mavikadin\/wp-content\/uploads\/2026\/03\/Asli-2026-03-15T181159.531-768x432.png 768w\" sizes=\"(max-width: 1208px) 100vw, 1208px\" \/><\/p>\n<hr \/>\n<h3>AVRUPA YAKASI OYUNCU KADROSU<\/h3>\n<ul>\n<li>Gazanfer \u00d6zcan<\/li>\n<li>H\u00fcmeyra<\/li>\n<li>G\u00fclse Birsel<\/li>\n<li>Ata Demirer<\/li>\n<li>Azim<\/li>\n<li>K\u0131br\u0131sl\u0131 Nadir<\/li>\n<li>Hasibe Eren<\/li>\n<li>Tolga \u00c7evik<\/li>\n<li>Engin G\u00fcnayd\u0131n<\/li>\n<li>M\u00fc\u015ffik Kenter<\/li>\n<li>G\u00f6n\u00fcl \u00dclk\u00fc \u00d6zcan<\/li>\n<li>Levent \u00dcz\u00fcmc\u00fc<\/li>\n<li>\u015eenay G\u00fcrler<\/li>\n<li>Y\u0131ld\u0131r\u0131m \u00d6cek<\/li>\n<li>Hale Canero\u011flu<\/li>\n<li>B\u00fclent Polat<\/li>\n<li>Evrim Ak\u0131n<\/li>\n<\/ul>\n<p><img loading=\"lazy\" decoding=\"async\" class=\"alignnone size-full wp-image-309085\" src=\"https:\/\/www.tgrthaber.com\/mavikadin\/wp-content\/uploads\/2026\/03\/Asli-2026-03-15T181014.110.png\" alt=\"\" width=\"1208\" height=\"680\" title=\"\" srcset=\"https:\/\/www.tgrthaber.com\/mavikadin\/wp-content\/uploads\/2026\/03\/Asli-2026-03-15T181014.110.png 1208w, https:\/\/www.tgrthaber.com\/mavikadin\/wp-content\/uploads\/2026\/03\/Asli-2026-03-15T181014.110-300x169.png 300w, https:\/\/www.tgrthaber.com\/mavikadin\/wp-content\/uploads\/2026\/03\/Asli-2026-03-15T181014.110-1024x576.png 1024w, https:\/\/www.tgrthaber.com\/mavikadin\/wp-content\/uploads\/2026\/03\/Asli-2026-03-15T181014.110-768x432.png 768w\" sizes=\"(max-width: 1208px) 100vw, 1208px\" \/><\/p>\n<ul>\n<li>Vural \u00c7elik<\/li>\n<li>G\u00fclenay Peynircio\u011flu<\/li>\n<li>Sarp Apak<\/li>\n<li>Binnur Kaya<\/li>\n<li>Dilber Hala<\/li>\n<li>Veysel Diker<\/li>\n<li>Yavuz Se\u00e7kin<\/li>\n<li>Timur Acar<\/li>\n<li>\u00d6m\u00fcr Arpac\u0131<\/li>\n<li>Peker A\u00e7\u0131kal\u0131n<\/li>\n<li>Celal Belgil<\/li>\n<li>\u015eensel Uykal<\/li>\n<li>Bihter \u00d6zdemir<\/li>\n<li>Ececan G\u00fcmeci<\/li>\n<li>G\u00fcrgen \u00d6z<\/li>\n<li>Rutkay Aziz<\/li>\n<li>Suna Keskin<\/li>\n<li>Hakan Y\u0131lmaz<\/li>\n<li>Didem Erol<\/li>\n<li>\u00d6zden \u00d6zg\u00fcrdal<\/li>\n<li>Yonca Cevher<\/li>\n<li>\u00c7i\u00e7ek Dilligil<\/li>\n<li>Sezgi Mengi<\/li>\n<li>\u00c7a\u011fla \u015eikel<\/li>\n<li>Nihal Yal\u00e7\u0131n<\/li>\n<\/ul>\n","protected":false},"excerpt":{"rendered":"<p>\u00dcnl\u00fc oyuncu Sarp Apak, Avrupa Yakas\u0131 dizisi gibi sitcom dizilerinin yap\u0131lamamas\u0131n\u0131n \u00f6n\u00fcndeki en b\u00fcy\u00fck engelin oyuncu maliyetleri oldu\u011funu a\u00e7\u0131klad\u0131. Aveupa yakas\u0131 dizisinde Tanr\u0131verdi rol\u00fcyle sevilen Sarp Apak, yapt\u0131\u011f\u0131 a\u00e7\u0131klamayla dizi sekt\u00f6r\u00fcndeki g\u00fcncel duruma dikkat \u00e7ekti.<\/p>\n","protected":false},"author":37,"featured_media":309079,"comment_status":"closed","ping_status":"closed","sticky":false,"template":"","format":"standard","meta":{"rank_math_lock_modified_date":false,"footnotes":""},"categories":[602],"tags":[3391,3602,133,16494],"class_list":["post-309078","post","type-post","status-publish","format-standard","has-post-thumbnail","hentry","category-diziler","tag-avrupa-yakasi","tag-diziler","tag-magazin","tag-sarp-apak"],"_links":{"self":[{"href":"https:\/\/www.tgrthaber.com\/mavikadin\/wp-json\/wp\/v2\/posts\/309078"}],"collection":[{"href":"https:\/\/www.tgrthaber.com\/mavikadin\/wp-json\/wp\/v2\/posts"}],"about":[{"href":"https:\/\/www.tgrthaber.com\/mavikadin\/wp-json\/wp\/v2\/types\/post"}],"author":[{"embeddable":true,"href":"https:\/\/www.tgrthaber.com\/mavikadin\/wp-json\/wp\/v2\/users\/37"}],"replies":[{"embeddable":true,"href":"https:\/\/www.tgrthaber.com\/mavikadin\/wp-json\/wp\/v2\/comments?post=309078"}],"version-history":[{"count":3,"href":"https:\/\/www.tgrthaber.com\/mavikadin\/wp-json\/wp\/v2\/posts\/309078\/revisions"}],"predecessor-version":[{"id":309088,"href":"https:\/\/www.tgrthaber.com\/mavikadin\/wp-json\/wp\/v2\/posts\/309078\/revisions\/309088"}],"wp:featuredmedia":[{"embeddable":true,"href":"https:\/\/www.tgrthaber.com\/mavikadin\/wp-json\/wp\/v2\/media\/309079"}],"wp:attachment":[{"href":"https:\/\/www.tgrthaber.com\/mavikadin\/wp-json\/wp\/v2\/media?parent=309078"}],"wp:term":[{"taxonomy":"category","embeddable":true,"href":"https:\/\/www.tgrthaber.com\/mavikadin\/wp-json\/wp\/v2\/categories?post=309078"},{"taxonomy":"post_tag","embeddable":true,"href":"https:\/\/www.tgrthaber.com\/mavikadin\/wp-json\/wp\/v2\/tags?post=309078"}],"curies":[{"name":"wp","href":"https:\/\/api.w.org\/{rel}","templated":true}]}}