{"id":309089,"date":"2026-03-16T08:47:31","date_gmt":"2026-03-16T05:47:31","guid":{"rendered":"https:\/\/www.tgrthaber.com\/mavikadin\/?p=309089"},"modified":"2026-03-16T08:47:31","modified_gmt":"2026-03-16T05:47:31","slug":"aslihan-gunerden-erkek-oyuncular-hakkinda-soke-eden-aciklama-asil-raf-omru-olan-kisiler-onlar","status":"publish","type":"post","link":"https:\/\/www.tgrthaber.com\/mavikadin\/aslihan-gunerden-erkek-oyuncular-hakkinda-soke-eden-aciklama-asil-raf-omru-olan-kisiler-onlar\/","title":{"rendered":"Asl\u0131han G\u00fcner\u2019den erkek oyuncular hakk\u0131nda \u015foke eden a\u00e7\u0131klama! \u201cAs\u0131l raf \u00f6mr\u00fc olan ki\u015filer onlar\u201d"},"content":{"rendered":"<p><a href=\"https:\/\/www.tgrthaber.com\/mavikadin\/yesilcamin-usta-oyuncusu-nuri-alco-esref-ruya-dizisine-katiliyor-gecim-sikintisini-cektigini-kez-acikladi\/\">Asl\u0131han G\u00fcner,<\/a> ba\u015far\u0131l\u0131 oyunculu\u011funun yan\u0131 s\u0131ra g\u00fczelli\u011fi, sosyal medya payla\u015f\u0131mlar\u0131 ve a\u00e7\u0131klamalar\u0131yla s\u0131k s\u0131k g\u00fcndeme geliyor. Uzun bir s\u00fcredir ekranlarda g\u00f6z\u00fckmeyen Asl\u0131han G\u00fcner, bu kez erkek oyuncular hakk\u0131nda \u015foke eden bir a\u00e7\u0131klamada bulundu. Sekt\u00f6rde oyuncular\u0131n raf \u00f6mr\u00fc hakk\u0131nda konu\u015fan \u00fcnl\u00fc oyuncu, s\u00f6yledikleriyle magazin g\u00fcndemine bomba gibi d\u00fc\u015ft\u00fc. \u00dcnl\u00fc oyuncu, meslekta\u015f\u0131 Deniz \u00c7ak\u0131r&#8217;\u0131n \u201cSekt\u00f6rde kad\u0131nlar\u0131n raf \u00f6mr\u00fc var\u201d s\u00f6zlerine kat\u0131lmad\u0131\u011f\u0131n\u0131 belirterek, as\u0131l raf \u00f6mr\u00fc olanlar\u0131n erkek oyuncular oldu\u011funu s\u00f6yledi. \u0130\u015fte Asl\u0131han G\u00fcner\u2019den erkek oyuncular hakk\u0131nda \u015foke eden a\u00e7\u0131klama\u2026<\/p>\n<h3>ASLIHAN G\u00dcNER\u2019DEN ERKEK OYUNCULAR HAKKINDA \u015eOKE EDEN A\u00c7IKLAMA!<\/h3>\n<p>Ba\u015far\u0131l\u0131 oyunculuk kariyerinin yan\u0131 s\u0131ra \u00f6zel hayat\u0131, sosyal medya payla\u015f\u0131mlar\u0131 ve g\u00fczelli\u011fiyle s\u0131k s\u0131k g\u00fcndeme gelen <a href=\"https:\/\/www.tgrthaber.com\/mavikadin\/bircan-baliden-zuhal-topala-agza-alinmayacak-sozler-irisin-bu-kiyafetleri-giyme\/\">Asl\u0131han G\u00fcner<\/a>, bu kez erkek oyuncular hakk\u0131nda \u015foke eden a\u00e7\u0131klamalar\u0131yla magazin g\u00fcndemine bomba gibi oturdu. Kuzey Y\u0131ld\u0131z\u0131 \u0130lk A\u015fk dizisiyle pop\u00fclerli\u011fini art\u0131ran G\u00fcner, s\u00f6yledikleriyle k\u0131sa s\u00fcrede sosyal medyada g\u00fcndem oldu.<\/p>\n<p><img loading=\"lazy\" decoding=\"async\" class=\"size-full wp-image-309090\" src=\"https:\/\/www.tgrthaber.com\/mavikadin\/wp-content\/uploads\/2026\/03\/Aslihan-Guner-2.jpg\" alt=\"Asl\u0131han G\u00fcner\u2019den erkek oyuncular hakk\u0131nda \u015foke eden a\u00e7\u0131klama! \u201cAs\u0131l raf \u00f6mr\u00fc olan ki\u015filer onlar\u201d\" width=\"1208\" height=\"680\" title=\"\" srcset=\"https:\/\/www.tgrthaber.com\/mavikadin\/wp-content\/uploads\/2026\/03\/Aslihan-Guner-2.jpg 1208w, https:\/\/www.tgrthaber.com\/mavikadin\/wp-content\/uploads\/2026\/03\/Aslihan-Guner-2-300x169.jpg 300w, https:\/\/www.tgrthaber.com\/mavikadin\/wp-content\/uploads\/2026\/03\/Aslihan-Guner-2-1024x576.jpg 1024w, https:\/\/www.tgrthaber.com\/mavikadin\/wp-content\/uploads\/2026\/03\/Aslihan-Guner-2-768x432.jpg 768w\" sizes=\"(max-width: 1208px) 100vw, 1208px\" \/><\/p>\n<hr \/>\n<p>Uzun bir s\u00fcredir televizyon ekranlar\u0131nda g\u00f6r\u00fcnmeyen Asl\u0131han G\u00fcner, meslekta\u015f\u0131 Deniz \u00c7ak\u0131r&#8217;\u0131n \u201cSekt\u00f6rde kad\u0131nlar\u0131n raf \u00f6mr\u00fc var\u201d s\u00f6zlerine kat\u0131lmad\u0131\u011f\u0131n\u0131 belirterek, as\u0131l raf \u00f6mr\u00fc olanlar\u0131n erkek oyuncular oldu\u011funu s\u00f6yledi. Daha sonra \u201cErkek oyuncular raf \u00f6mr\u00fc kayg\u0131s\u0131 ya\u015fad\u0131klar\u0131 i\u00e7in \u0131srarla 20 ya\u015f gen\u00e7 partnerler tercih ediyor\u201d ifadelerine yer veren \u00fcnl\u00fc oyuncu a\u00e7\u0131klamalar\u0131yla herkesi \u015fa\u015fk\u0131na \u00e7evirdi.<\/p>\n<p><img loading=\"lazy\" decoding=\"async\" class=\"size-full wp-image-309093\" src=\"https:\/\/www.tgrthaber.com\/mavikadin\/wp-content\/uploads\/2026\/03\/Aslihan-Guner-5.jpg\" alt=\"Asl\u0131han G\u00fcner\u2019den erkek oyuncular hakk\u0131nda \u015foke eden a\u00e7\u0131klama! \u201cAs\u0131l raf \u00f6mr\u00fc olan ki\u015filer onlar\u201d\" width=\"1208\" height=\"680\" title=\"\" srcset=\"https:\/\/www.tgrthaber.com\/mavikadin\/wp-content\/uploads\/2026\/03\/Aslihan-Guner-5.jpg 1208w, https:\/\/www.tgrthaber.com\/mavikadin\/wp-content\/uploads\/2026\/03\/Aslihan-Guner-5-300x169.jpg 300w, https:\/\/www.tgrthaber.com\/mavikadin\/wp-content\/uploads\/2026\/03\/Aslihan-Guner-5-1024x576.jpg 1024w, https:\/\/www.tgrthaber.com\/mavikadin\/wp-content\/uploads\/2026\/03\/Aslihan-Guner-5-768x432.jpg 768w\" sizes=\"(max-width: 1208px) 100vw, 1208px\" \/><\/p>\n<hr \/>\n<p>Son olarak Kanal D ekranlar\u0131nda yay\u0131nlanan \u2018Yalan\u2019 dizisiyle izleyici kar\u015f\u0131s\u0131na \u00e7\u0131kan 38 ya\u015f\u0131ndaki Asl\u0131han G\u00fcner, oyunculukta ya\u015f\u0131n belirleyici bir kriter olmad\u0131\u011f\u0131n\u0131 ifade etti. Kendisi i\u00e7in b\u00f6yle bir s\u0131n\u0131r olmad\u0131\u011f\u0131n\u0131 vurgulayan G\u00fcner, as\u0131l kayg\u0131y\u0131 ya\u015fayan taraf\u0131n erkek oyuncular oldu\u011funu belirterek, erkek oyuncular hakk\u0131nda \u00e7arp\u0131c\u0131 a\u00e7\u0131klamalara yer verdi.<\/p>\n<p><img loading=\"lazy\" decoding=\"async\" class=\"size-full wp-image-309092\" src=\"https:\/\/www.tgrthaber.com\/mavikadin\/wp-content\/uploads\/2026\/03\/Aslihan-Guner-4.jpg\" alt=\"Asl\u0131han G\u00fcner\u2019den erkek oyuncular hakk\u0131nda \u015foke eden a\u00e7\u0131klama! \u201cAs\u0131l raf \u00f6mr\u00fc olan ki\u015filer onlar\u201d\" width=\"1208\" height=\"680\" title=\"\" srcset=\"https:\/\/www.tgrthaber.com\/mavikadin\/wp-content\/uploads\/2026\/03\/Aslihan-Guner-4.jpg 1208w, https:\/\/www.tgrthaber.com\/mavikadin\/wp-content\/uploads\/2026\/03\/Aslihan-Guner-4-300x169.jpg 300w, https:\/\/www.tgrthaber.com\/mavikadin\/wp-content\/uploads\/2026\/03\/Aslihan-Guner-4-1024x576.jpg 1024w, https:\/\/www.tgrthaber.com\/mavikadin\/wp-content\/uploads\/2026\/03\/Aslihan-Guner-4-768x432.jpg 768w\" sizes=\"(max-width: 1208px) 100vw, 1208px\" \/><\/p>\n<hr \/>\n<h3>\u201cASIL RAF \u00d6MR\u00dc OLAN K\u0130\u015e\u0130LER ERKEK OYUNCULAR\u201d<\/h3>\n<p>\u015eimdilerde erkek oyuncular hakk\u0131ndaki \u00e7arp\u0131c\u0131 a\u00e7\u0131klamalar\u0131yla magazin g\u00fcndeminde yer alan <a href=\"https:\/\/www.tgrthaber.com\/mavikadin\/hande-ercel-ve-gamze-ercelin-fotograflari-gundem-oldu-kiz-kardesler-guzellikleriyle-dikkat-cekti\/\">Asl\u0131han G\u00fcner<\/a>, oyunculukta ya\u015f\u0131n belirleyici bir kriter olmad\u0131\u011f\u0131n\u0131 vurgulayarak \u015fu ifadelere yer verdi:<\/p>\n<p><img loading=\"lazy\" decoding=\"async\" class=\"size-full wp-image-309095\" src=\"https:\/\/www.tgrthaber.com\/mavikadin\/wp-content\/uploads\/2026\/03\/Aslihan-Guner-7.jpg\" alt=\"Asl\u0131han G\u00fcner\u2019den erkek oyuncular hakk\u0131nda \u015foke eden a\u00e7\u0131klama! \u201cAs\u0131l raf \u00f6mr\u00fc olan ki\u015filer onlar\u201d\" width=\"1208\" height=\"680\" title=\"\" srcset=\"https:\/\/www.tgrthaber.com\/mavikadin\/wp-content\/uploads\/2026\/03\/Aslihan-Guner-7.jpg 1208w, https:\/\/www.tgrthaber.com\/mavikadin\/wp-content\/uploads\/2026\/03\/Aslihan-Guner-7-300x169.jpg 300w, https:\/\/www.tgrthaber.com\/mavikadin\/wp-content\/uploads\/2026\/03\/Aslihan-Guner-7-1024x576.jpg 1024w, https:\/\/www.tgrthaber.com\/mavikadin\/wp-content\/uploads\/2026\/03\/Aslihan-Guner-7-768x432.jpg 768w\" sizes=\"(max-width: 1208px) 100vw, 1208px\" \/><\/p>\n<hr \/>\n<p>\u201cOyuncu olarak bir ya\u015f skalam yok. Kendimle ilgili asl\u0131nda raf \u00f6mr\u00fcm oldu\u011funu d\u00fc\u015f\u00fcnm\u00fcyorum. Bence as\u0131l raf \u00f6mr\u00fc olan ki\u015filer erkek oyuncular\u2026 Bu y\u00fczden de zaten bunun kayg\u0131s\u0131n\u0131 ya\u015fad\u0131klar\u0131 i\u00e7in \u0131srarla ya\u015f fark\u0131 20\u2019ye 25\u2019e varan partnerler tercih ediliyor gibi geliyor.<\/p>\n<p>Ben de \u00e7ok ho\u015f bulmuyorum. Seyirci olarak bunu \u00e7ok net g\u00f6r\u00fcyorum izledi\u011fim zaman. Bunu g\u00f6rm\u00fcyorum diyen de bence bu konuda \u00e7ok d\u00fcr\u00fc\u015ft bir yakla\u015f\u0131m sergilemiyordur\u201d<\/p>\n<p><img loading=\"lazy\" decoding=\"async\" class=\"size-full wp-image-309091\" src=\"https:\/\/www.tgrthaber.com\/mavikadin\/wp-content\/uploads\/2026\/03\/Aslihan-Guner-3.jpg\" alt=\"Asl\u0131han G\u00fcner\u2019den erkek oyuncular hakk\u0131nda \u015foke eden a\u00e7\u0131klama! \u201cAs\u0131l raf \u00f6mr\u00fc olan ki\u015filer onlar\u201d\" width=\"1208\" height=\"680\" title=\"\" srcset=\"https:\/\/www.tgrthaber.com\/mavikadin\/wp-content\/uploads\/2026\/03\/Aslihan-Guner-3.jpg 1208w, https:\/\/www.tgrthaber.com\/mavikadin\/wp-content\/uploads\/2026\/03\/Aslihan-Guner-3-300x169.jpg 300w, https:\/\/www.tgrthaber.com\/mavikadin\/wp-content\/uploads\/2026\/03\/Aslihan-Guner-3-1024x576.jpg 1024w, https:\/\/www.tgrthaber.com\/mavikadin\/wp-content\/uploads\/2026\/03\/Aslihan-Guner-3-768x432.jpg 768w\" sizes=\"(max-width: 1208px) 100vw, 1208px\" \/><\/p>\n<hr \/>\n<h3>\u201cOYUNCULUK MESLE\u011e\u0130 MODELL\u0130K DE\u011e\u0130L\u201d<\/h3>\n<p>\u00c7arp\u0131c\u0131 a\u00e7\u0131klamalar\u0131yla magazin d\u00fcnyas\u0131n\u0131n g\u00fcndemine bomba gibi d\u00fc\u015fen Asl\u0131han G\u00fcner, Deniz \u00c7ak\u0131r\u2019\u0131n \u201cSekt\u00f6rde kad\u0131nlar\u0131n raf \u00f6mr\u00fc var\u201d s\u00f6zlerine kat\u0131lmad\u0131\u011f\u0131n\u0131 belirterek \u015fu ifadelere yer verdi:<\/p>\n<p>\u201cKad\u0131nlar\u0131n tabii raf \u00f6mr\u00fc yok, inanm\u0131yorum. Ben ya\u015f\u0131 olmayan oyuncuyum. Ben 70 ya\u015f\u0131nda birini oynad\u0131m. 16 ya\u015fa da d\u00f6nebiliyorum. Teknoloji ve makyajla yapabiliyoruz. Oyunculuk sadece g\u00fczel veya yak\u0131\u015f\u0131kl\u0131 olmak de\u011fil. Son d\u00f6nemde g\u00fczellik ve yak\u0131\u015f\u0131kl\u0131l\u0131k konu\u015fuyor. Performans konu\u015fmamaya ba\u015flad\u0131k. Oyunculuk mesle\u011fi modellik de\u011fil.\u201d<\/p>\n","protected":false},"excerpt":{"rendered":"<p>Kuzey Y\u0131ld\u0131z\u0131 \u0130lk A\u015fk dizisiyle b\u00fcy\u00fck bir \u00e7\u0131k\u0131\u015f yakalayan Asl\u0131han G\u00fcner, erkek oyuncular hakk\u0131nda \u015foke eden bir a\u00e7\u0131klamada bulundu. Sekt\u00f6rde oyuncular\u0131n raf \u00f6mr\u00fc hakk\u0131nda konu\u015fan \u00fcnl\u00fc oyuncu, s\u00f6yledikleriyle magazin g\u00fcndemine bomba gibi d\u00fc\u015ft\u00fc. \u0130\u015fte detaylar\u2026<\/p>\n","protected":false},"author":26,"featured_media":309096,"comment_status":"closed","ping_status":"closed","sticky":false,"template":"","format":"standard","meta":{"rank_math_lock_modified_date":false,"footnotes":""},"categories":[76],"tags":[4032,3560,73369,73370,133,2218],"class_list":["post-309089","post","type-post","status-publish","format-standard","has-post-thumbnail","hentry","category-magazin","tag-aslihan-guner","tag-deniz-cakir","tag-erkek-oyuncularin-raf-omru","tag-kuzey-yildizi-ilk-ask","tag-magazin","tag-magazin-haberleri"],"_links":{"self":[{"href":"https:\/\/www.tgrthaber.com\/mavikadin\/wp-json\/wp\/v2\/posts\/309089"}],"collection":[{"href":"https:\/\/www.tgrthaber.com\/mavikadin\/wp-json\/wp\/v2\/posts"}],"about":[{"href":"https:\/\/www.tgrthaber.com\/mavikadin\/wp-json\/wp\/v2\/types\/post"}],"author":[{"embeddable":true,"href":"https:\/\/www.tgrthaber.com\/mavikadin\/wp-json\/wp\/v2\/users\/26"}],"replies":[{"embeddable":true,"href":"https:\/\/www.tgrthaber.com\/mavikadin\/wp-json\/wp\/v2\/comments?post=309089"}],"version-history":[{"count":2,"href":"https:\/\/www.tgrthaber.com\/mavikadin\/wp-json\/wp\/v2\/posts\/309089\/revisions"}],"predecessor-version":[{"id":309098,"href":"https:\/\/www.tgrthaber.com\/mavikadin\/wp-json\/wp\/v2\/posts\/309089\/revisions\/309098"}],"wp:featuredmedia":[{"embeddable":true,"href":"https:\/\/www.tgrthaber.com\/mavikadin\/wp-json\/wp\/v2\/media\/309096"}],"wp:attachment":[{"href":"https:\/\/www.tgrthaber.com\/mavikadin\/wp-json\/wp\/v2\/media?parent=309089"}],"wp:term":[{"taxonomy":"category","embeddable":true,"href":"https:\/\/www.tgrthaber.com\/mavikadin\/wp-json\/wp\/v2\/categories?post=309089"},{"taxonomy":"post_tag","embeddable":true,"href":"https:\/\/www.tgrthaber.com\/mavikadin\/wp-json\/wp\/v2\/tags?post=309089"}],"curies":[{"name":"wp","href":"https:\/\/api.w.org\/{rel}","templated":true}]}}