{"id":309100,"date":"2026-03-16T10:01:19","date_gmt":"2026-03-16T07:01:19","guid":{"rendered":"https:\/\/www.tgrthaber.com\/mavikadin\/?p=309100"},"modified":"2026-03-16T10:09:27","modified_gmt":"2026-03-16T07:09:27","slug":"doktor-baska-hayattanin-ilham-kaynagi-belli-oldu-gercek-bir-doktorun-yasamindan-mi-uyarlandi","status":"publish","type":"post","link":"https:\/\/www.tgrthaber.com\/mavikadin\/doktor-baska-hayattanin-ilham-kaynagi-belli-oldu-gercek-bir-doktorun-yasamindan-mi-uyarlandi\/","title":{"rendered":"Doktor: Ba\u015fka Hayatta\u2019n\u0131n ilham kayna\u011f\u0131 belli oldu! Ger\u00e7ek bir doktorun ya\u015fam\u0131ndan m\u0131 uyarland\u0131?"},"content":{"rendered":"<p>NOW TV\u2019de izleyiciyle bulu\u015fan ve ba\u015frollerinde S\u0131la T\u00fcrko\u011flu ile \u0130brahim \u00c7elikkol\u2019un yer ald\u0131\u011f\u0131 <a href=\"https:\/\/www.tgrthaber.com\/mavikadin\/doktor-baska-hayatta-dizisinin-fragmani-yayinlandi-mi-merakla-bekleniyordu-bu-aksam-yayinlanacak\/\">Doktor: Ba\u015fka Hayatta<\/a>, yay\u0131n hayat\u0131na ba\u015flamas\u0131yla birlikte b\u00fcy\u00fck ilgi g\u00f6rd\u00fc. Dizinin yaln\u0131zca kurgusal bir hik\u00e2ye olmad\u0131\u011f\u0131, ger\u00e7ek bir ya\u015fam \u00f6yk\u00fcs\u00fcnden esinlendi\u011fi ise dikkat \u00e7eken detaylardan biri oldu. Yap\u0131m\u0131n \u00e7\u0131k\u0131\u015f noktas\u0131, t\u0131p d\u00fcnyas\u0131nda \u201cger\u00e7ek bir mucize\u201d olarak an\u0131lan \u0130talyan doktor Pierdante Piccioni\u2019nin hayat\u0131.<\/p>\n<h3>DOKTOR: BA\u015eKA HAYATTA SILA T\u00dcRKO\u011eLU\u2019NUN YEN\u0130 PROJES\u0130<\/h3>\n<p>Daha \u00f6nce K\u0131z\u0131lc\u0131k \u015eerbeti dizisinde oynad\u0131\u011f\u0131 Do\u011fa karakteriyle geni\u015f bir hayran kitlesi kazanan S\u0131la T\u00fcrko\u011flu, yeni projesiyle yeniden ekranlara d\u00f6nd\u00fc.<\/p>\n<p><img loading=\"lazy\" decoding=\"async\" class=\"aligncenter size-full wp-image-309106\" src=\"https:\/\/www.tgrthaber.com\/mavikadin\/wp-content\/uploads\/2026\/03\/Doktor-Baska-Hayatta-4.webp\" alt=\"\" width=\"1080\" height=\"608\" title=\"\" srcset=\"https:\/\/www.tgrthaber.com\/mavikadin\/wp-content\/uploads\/2026\/03\/Doktor-Baska-Hayatta-4.webp 1080w, https:\/\/www.tgrthaber.com\/mavikadin\/wp-content\/uploads\/2026\/03\/Doktor-Baska-Hayatta-4-300x169.webp 300w, https:\/\/www.tgrthaber.com\/mavikadin\/wp-content\/uploads\/2026\/03\/Doktor-Baska-Hayatta-4-1024x576.webp 1024w, https:\/\/www.tgrthaber.com\/mavikadin\/wp-content\/uploads\/2026\/03\/Doktor-Baska-Hayatta-4-768x432.webp 768w\" sizes=\"(max-width: 1080px) 100vw, 1080px\" \/><\/p>\n<hr \/>\n<p>Oyuncunun, dizide ba\u015frol\u00fc \u0130brahim \u00c7elikkol ile payla\u015faca\u011f\u0131 a\u00e7\u0131klan\u0131r a\u00e7\u0131klanmaz yap\u0131m sosyal medyada g\u00fcndem olmu\u015ftu. Yay\u0131n hayat\u0131na ba\u015flayan dizi, k\u0131sa s\u00fcrede merak uyand\u0131ran konusuyla konu\u015fulmaya ba\u015flad\u0131.<\/p>\n<p><img loading=\"lazy\" decoding=\"async\" class=\"aligncenter size-full wp-image-309102\" src=\"https:\/\/www.tgrthaber.com\/mavikadin\/wp-content\/uploads\/2026\/03\/Doktor-Baska-Hayatta-1.jpg\" alt=\"\" width=\"1200\" height=\"675\" title=\"\" srcset=\"https:\/\/www.tgrthaber.com\/mavikadin\/wp-content\/uploads\/2026\/03\/Doktor-Baska-Hayatta-1.jpg 1200w, https:\/\/www.tgrthaber.com\/mavikadin\/wp-content\/uploads\/2026\/03\/Doktor-Baska-Hayatta-1-300x169.jpg 300w, https:\/\/www.tgrthaber.com\/mavikadin\/wp-content\/uploads\/2026\/03\/Doktor-Baska-Hayatta-1-1024x576.jpg 1024w, https:\/\/www.tgrthaber.com\/mavikadin\/wp-content\/uploads\/2026\/03\/Doktor-Baska-Hayatta-1-768x432.jpg 768w\" sizes=\"(max-width: 1200px) 100vw, 1200px\" \/><\/p>\n<hr \/>\n<h3>\u0130TALYAN YAPIMINDAN T\u00dcRK\u0130YE\u2019YE UYARLAMA<\/h3>\n<p>\u201c<a href=\"https:\/\/www.tgrthaber.com\/mavikadin\/doktor-baska-hayatta-ne-zaman-basliyor-doktor-baska-hayatta-hangi-kanalda-hangi-gun-saat-kacta-yayinlaniyor\/\">Doktor: Ba\u015fka Hayatta<\/a>\u201d, \u0130talya\u2019da yay\u0131nlanan ve b\u00fcy\u00fck ilgi g\u00f6ren Doc \u2013 Nelle tue mani dizisinden uyarlanarak haz\u0131rland\u0131. Ancak diziyi \u00f6zel k\u0131lan as\u0131l unsur, anlat\u0131lan hik\u00e2yenin ger\u00e7ek bir ya\u015fam deneyimine dayanmas\u0131.<\/p>\n<p><img loading=\"lazy\" decoding=\"async\" class=\"aligncenter size-full wp-image-309103\" src=\"https:\/\/www.tgrthaber.com\/mavikadin\/wp-content\/uploads\/2026\/03\/Doktor-Baska-Hayatta-1.webp\" alt=\"\" width=\"1080\" height=\"608\" title=\"\" srcset=\"https:\/\/www.tgrthaber.com\/mavikadin\/wp-content\/uploads\/2026\/03\/Doktor-Baska-Hayatta-1.webp 1080w, https:\/\/www.tgrthaber.com\/mavikadin\/wp-content\/uploads\/2026\/03\/Doktor-Baska-Hayatta-1-300x169.webp 300w, https:\/\/www.tgrthaber.com\/mavikadin\/wp-content\/uploads\/2026\/03\/Doktor-Baska-Hayatta-1-1024x576.webp 1024w, https:\/\/www.tgrthaber.com\/mavikadin\/wp-content\/uploads\/2026\/03\/Doktor-Baska-Hayatta-1-768x432.webp 768w\" sizes=\"(max-width: 1080px) 100vw, 1080px\" \/><\/p>\n<hr \/>\n<h3>HAFIZASINI KAYBEDEN B\u0130R DOKTORUN M\u00dcCADELES\u0130<\/h3>\n<p>Hik\u00e2yenin merkezinde, \u0130talyan doktor Pierdante Piccioni\u2019nin ya\u015fad\u0131\u011f\u0131 dramatik olay bulunuyor. Piccioni, 31 May\u0131s 2013\u2019te ge\u00e7irdi\u011fi a\u011f\u0131r bir trafik kazas\u0131n\u0131n ard\u0131ndan g\u00f6zlerini a\u00e7t\u0131\u011f\u0131nda hayat\u0131n\u0131n son 12 y\u0131l\u0131n\u0131 hat\u0131rlamad\u0131\u011f\u0131n\u0131 fark etti. Haf\u0131zas\u0131 2001 y\u0131l\u0131nda \u201cdonup kalm\u0131\u015ft\u0131\u201d.<\/p>\n<p><img loading=\"lazy\" decoding=\"async\" class=\"aligncenter size-full wp-image-309105\" src=\"https:\/\/www.tgrthaber.com\/mavikadin\/wp-content\/uploads\/2026\/03\/Doktor-Baska-Hayatta-3.webp\" alt=\"\" width=\"1080\" height=\"608\" title=\"\" srcset=\"https:\/\/www.tgrthaber.com\/mavikadin\/wp-content\/uploads\/2026\/03\/Doktor-Baska-Hayatta-3.webp 1080w, https:\/\/www.tgrthaber.com\/mavikadin\/wp-content\/uploads\/2026\/03\/Doktor-Baska-Hayatta-3-300x169.webp 300w, https:\/\/www.tgrthaber.com\/mavikadin\/wp-content\/uploads\/2026\/03\/Doktor-Baska-Hayatta-3-1024x576.webp 1024w, https:\/\/www.tgrthaber.com\/mavikadin\/wp-content\/uploads\/2026\/03\/Doktor-Baska-Hayatta-3-768x432.webp 768w\" sizes=\"(max-width: 1080px) 100vw, 1080px\" \/><\/p>\n<hr \/>\n<p>Bu beklenmedik durum nedeniyle doktor, ailesini, kariyerindeki geli\u015fmeleri ve ya\u015fam\u0131ndaki bir\u00e7ok \u00f6nemli detay\u0131 yeniden \u00f6\u011frenmek zorunda kald\u0131. Adeta ikinci bir hayata ba\u015flayan Piccioni, de\u011fi\u015fen d\u00fcnyas\u0131na yeniden uyum sa\u011flamaya \u00e7al\u0131\u015ft\u0131.<\/p>\n<p><img loading=\"lazy\" decoding=\"async\" class=\"aligncenter size-full wp-image-309104\" src=\"https:\/\/www.tgrthaber.com\/mavikadin\/wp-content\/uploads\/2026\/03\/Doktor-Baska-Hayatta-2.webp\" alt=\"\" width=\"1080\" height=\"608\" title=\"\" srcset=\"https:\/\/www.tgrthaber.com\/mavikadin\/wp-content\/uploads\/2026\/03\/Doktor-Baska-Hayatta-2.webp 1080w, https:\/\/www.tgrthaber.com\/mavikadin\/wp-content\/uploads\/2026\/03\/Doktor-Baska-Hayatta-2-300x169.webp 300w, https:\/\/www.tgrthaber.com\/mavikadin\/wp-content\/uploads\/2026\/03\/Doktor-Baska-Hayatta-2-1024x576.webp 1024w, https:\/\/www.tgrthaber.com\/mavikadin\/wp-content\/uploads\/2026\/03\/Doktor-Baska-Hayatta-2-768x432.webp 768w\" sizes=\"(max-width: 1080px) 100vw, 1080px\" \/><\/p>\n<hr \/>\n<h3>YA\u015eANANLARIN K\u0130TABA D\u00d6N\u00dc\u015eMES\u0130<\/h3>\n<p>Pierdante Piccioni, ya\u015fad\u0131\u011f\u0131 bu s\u0131ra d\u0131\u015f\u0131 deneyimi daha sonra kaleme ald\u0131. Yazd\u0131\u011f\u0131 Meno Dodici adl\u0131 kitapta, haf\u0131zas\u0131n\u0131 kaybettikten sonra hayat\u0131n\u0131 yeniden kurma s\u00fcrecini ayr\u0131nt\u0131lar\u0131yla anlatt\u0131. Bu etkileyici ya\u015fam \u00f6yk\u00fcs\u00fc \u00f6nce \u0130talya\u2019da diziye uyarland\u0131, ard\u0131ndan T\u00fcrkiye\u2019de \u201cDoktor: Ba\u015fka Hayatta\u201d ad\u0131yla televizyon ekranlar\u0131na ta\u015f\u0131nd\u0131.<\/p>\n","protected":false},"excerpt":{"rendered":"<p>NOW TV ekranlar\u0131nda izleyiciyle bulu\u015fan ve ba\u015frollerini S\u0131la T\u00fcrko\u011flu ile \u0130brahim \u00c7elikkol\u2019un payla\u015ft\u0131\u011f\u0131 Doktor: Ba\u015fka Hayatta, yay\u0131n hayat\u0131na ba\u015flamas\u0131yla k\u0131sa s\u00fcrede dikkat \u00e7ekti. Diziyi \u00f6ne \u00e7\u0131karan en \u00f6nemli detaylardan biri ise hik\u00e2yesinin tamamen kurgu olmamas\u0131. \u0130\u015fte dizi hakk\u0131nda merak edilenler.<\/p>\n","protected":false},"author":5,"featured_media":309101,"comment_status":"closed","ping_status":"closed","sticky":false,"template":"","format":"standard","meta":{"rank_math_lock_modified_date":false,"footnotes":""},"categories":[602],"tags":[3602,69744,6642,2182],"class_list":["post-309100","post","type-post","status-publish","format-standard","has-post-thumbnail","hentry","category-diziler","tag-diziler","tag-doktor-baska-hayatta","tag-ibrahim-celikkol","tag-sila-turkoglu"],"_links":{"self":[{"href":"https:\/\/www.tgrthaber.com\/mavikadin\/wp-json\/wp\/v2\/posts\/309100"}],"collection":[{"href":"https:\/\/www.tgrthaber.com\/mavikadin\/wp-json\/wp\/v2\/posts"}],"about":[{"href":"https:\/\/www.tgrthaber.com\/mavikadin\/wp-json\/wp\/v2\/types\/post"}],"author":[{"embeddable":true,"href":"https:\/\/www.tgrthaber.com\/mavikadin\/wp-json\/wp\/v2\/users\/5"}],"replies":[{"embeddable":true,"href":"https:\/\/www.tgrthaber.com\/mavikadin\/wp-json\/wp\/v2\/comments?post=309100"}],"version-history":[{"count":1,"href":"https:\/\/www.tgrthaber.com\/mavikadin\/wp-json\/wp\/v2\/posts\/309100\/revisions"}],"predecessor-version":[{"id":309107,"href":"https:\/\/www.tgrthaber.com\/mavikadin\/wp-json\/wp\/v2\/posts\/309100\/revisions\/309107"}],"wp:featuredmedia":[{"embeddable":true,"href":"https:\/\/www.tgrthaber.com\/mavikadin\/wp-json\/wp\/v2\/media\/309101"}],"wp:attachment":[{"href":"https:\/\/www.tgrthaber.com\/mavikadin\/wp-json\/wp\/v2\/media?parent=309100"}],"wp:term":[{"taxonomy":"category","embeddable":true,"href":"https:\/\/www.tgrthaber.com\/mavikadin\/wp-json\/wp\/v2\/categories?post=309100"},{"taxonomy":"post_tag","embeddable":true,"href":"https:\/\/www.tgrthaber.com\/mavikadin\/wp-json\/wp\/v2\/tags?post=309100"}],"curies":[{"name":"wp","href":"https:\/\/api.w.org\/{rel}","templated":true}]}}