{"id":309108,"date":"2026-03-16T10:20:33","date_gmt":"2026-03-16T07:20:33","guid":{"rendered":"https:\/\/www.tgrthaber.com\/mavikadin\/?p=309108"},"modified":"2026-03-16T10:20:34","modified_gmt":"2026-03-16T07:20:34","slug":"taner-olmezden-esi-ece-cesmiogluna-tam-destek-ona-calismak-bana-da-cocuklara-bakmak-cok-iyi-gelecek","status":"publish","type":"post","link":"https:\/\/www.tgrthaber.com\/mavikadin\/taner-olmezden-esi-ece-cesmiogluna-tam-destek-ona-calismak-bana-da-cocuklara-bakmak-cok-iyi-gelecek\/","title":{"rendered":"Taner \u00d6lmez\u2019den e\u015fi Ece \u00c7e\u015fmio\u011flu\u2019na tam destek! \u201cOna \u00e7al\u0131\u015fmak, bana da \u00e7ocuklara bakmak \u00e7ok iyi gelecek\u201d"},"content":{"rendered":"<p><a href=\"https:\/\/www.tgrthaber.com\/mavikadin\/aslihan-gunerden-erkek-oyuncular-hakkinda-soke-eden-aciklama-asil-raf-omru-olan-kisiler-onlar\/\">Taner \u00d6lmez<\/a>, ba\u015far\u0131l\u0131 oyunculu\u011funun yan\u0131 s\u0131ra \u00f6zel hayat\u0131 ve aile ya\u015fant\u0131s\u0131yla da s\u0131k s\u0131k g\u00fcndemde yerini al\u0131yor. \u00d6zellikle son zamanlarda Tabii dijital platformunda izleyici kar\u015f\u0131s\u0131na \u00e7\u0131kan \u2018\u0130mam Gaz\u00e2l\u00ee H\u00fcccet\u00fc\u2019l-\u0130sl\u00e2m\u2019 dizisiyle dikkatleri \u00fczerine \u00e7eken Taner \u00d6lmez, bu kez e\u015fi Ece \u00c7e\u015fmio\u011flu hakk\u0131nda yapt\u0131\u011f\u0131 a\u00e7\u0131klamalarla ad\u0131ndan s\u00f6z ettirdi. Taner \u00d6lmez\u2019den, e\u015fi Ece \u00c7e\u015fmio\u011flu\u2019na tam destek geldi. \u00dcnl\u00fc oyuncu, \u015fimdilerde Yeralt\u0131 dizisiyle ekranlara d\u00f6nen e\u015fine olan deste\u011fiyle magazin g\u00fcndeminde yerini ald\u0131.<\/p>\n<h3>TANER \u00d6LMEZ\u2019DEN E\u015e\u0130 ECE \u00c7E\u015eM\u0130O\u011eLU\u2019NA TAM DESTEK!<\/h3>\n<p>Ba\u015far\u0131l\u0131 oyuncu ki\u015fili\u011fiyle ad\u0131ndan s\u00f6z ettiren Taner \u00d6lmez\u2019den, meslekta\u015f\u0131 ve e\u015fi Ece \u00c7e\u015fmio\u011flu\u2019na tam destek geldi. Ba\u015far\u0131l\u0131 oyunculuklar\u0131n\u0131n yan\u0131 s\u0131ra \u00f6zel hayat\u0131 ve aile ya\u015fant\u0131lar\u0131yla da s\u0131k s\u0131k g\u00fcndemde yerini alan Taner \u00d6lmez ve Ece \u00c7e\u015fmio\u011flu \u00e7ifti, ge\u00e7ti\u011fimiz g\u00fcnlerde k\u0131zlar\u0131 Zeynep\u2019in 4\u2019\u00fcnc\u00fc ya\u015f g\u00fcn\u00fcn\u00fc kutlam\u0131\u015ft\u0131.<\/p>\n<p><img loading=\"lazy\" decoding=\"async\" class=\"size-full wp-image-309118\" src=\"https:\/\/www.tgrthaber.com\/mavikadin\/wp-content\/uploads\/2026\/03\/taner-olmez-5.jpg\" alt=\"Taner \u00d6lmez\u2019den e\u015fi Ece \u00c7e\u015fmio\u011flu\u2019na tam destek! \u201cOna \u00e7al\u0131\u015fmak, bana da \u00e7ocuklara bakmak \u00e7ok iyi gelecek\u201d \" width=\"1208\" height=\"680\" title=\"\" srcset=\"https:\/\/www.tgrthaber.com\/mavikadin\/wp-content\/uploads\/2026\/03\/taner-olmez-5.jpg 1208w, https:\/\/www.tgrthaber.com\/mavikadin\/wp-content\/uploads\/2026\/03\/taner-olmez-5-300x169.jpg 300w, https:\/\/www.tgrthaber.com\/mavikadin\/wp-content\/uploads\/2026\/03\/taner-olmez-5-1024x576.jpg 1024w, https:\/\/www.tgrthaber.com\/mavikadin\/wp-content\/uploads\/2026\/03\/taner-olmez-5-768x432.jpg 768w\" sizes=\"(max-width: 1208px) 100vw, 1208px\" \/><\/p>\n<hr \/>\n<p>Magazin d\u00fcnyas\u0131n\u0131n \u00f6rnek \u00e7iftleri aras\u0131nda yer alan Taner \u00d6lmez ile Ece \u00c7e\u015fmio\u011flu, 2021 y\u0131l\u0131nda d\u00fcnyaevine girmi\u015fti. \u00dcnl\u00fc \u00e7ift, 2022 y\u0131l\u0131n\u0131n mart ay\u0131nda ilk \u00e7ocuklar\u0131 Zeynep&#8217;i kucaklar\u0131na alm\u0131\u015ft\u0131. Daha sonra 2024 y\u0131l\u0131nda da ikinci \u00e7ocuklar\u0131n\u0131 kucaklar\u0131na alan ikili, o\u011fullar\u0131na Hazar ad\u0131n\u0131 vermi\u015fti.<\/p>\n<p><img loading=\"lazy\" decoding=\"async\" class=\"size-full wp-image-309117\" src=\"https:\/\/www.tgrthaber.com\/mavikadin\/wp-content\/uploads\/2026\/03\/taner-olmez-4.jpg\" alt=\"Taner \u00d6lmez\u2019den e\u015fi Ece \u00c7e\u015fmio\u011flu\u2019na tam destek! \u201cOna \u00e7al\u0131\u015fmak, bana da \u00e7ocuklara bakmak \u00e7ok iyi gelecek\u201d \" width=\"1208\" height=\"680\" title=\"\" srcset=\"https:\/\/www.tgrthaber.com\/mavikadin\/wp-content\/uploads\/2026\/03\/taner-olmez-4.jpg 1208w, https:\/\/www.tgrthaber.com\/mavikadin\/wp-content\/uploads\/2026\/03\/taner-olmez-4-300x169.jpg 300w, https:\/\/www.tgrthaber.com\/mavikadin\/wp-content\/uploads\/2026\/03\/taner-olmez-4-1024x576.jpg 1024w, https:\/\/www.tgrthaber.com\/mavikadin\/wp-content\/uploads\/2026\/03\/taner-olmez-4-768x432.jpg 768w\" sizes=\"(max-width: 1208px) 100vw, 1208px\" \/><\/p>\n<hr \/>\n<p>Mutlu evliliklerine t\u00fcm h\u0131z\u0131yla devam eden Taner \u00d6lmez ve Ece \u00c7e\u015fmio\u011flu, magazin d\u00fcnyas\u0131n\u0131n en sevilen \u00e7iftleri aras\u0131nda yer al\u0131yor. \u015eimdilerde Tabii dijital platformunda izleyici kar\u015f\u0131s\u0131na \u00e7\u0131kan \u2018<a href=\"https:\/\/www.tgrthaber.com\/mavikadin\/imam-gazali-huccetul-islam-dizi-konusu-nedir-imam-gazali-huccetul-islam-oyunculari-kim\/\">\u0130mam Gaz\u00e2l\u00ee H\u00fcccet\u00fc\u2019l-\u0130sl\u00e2m<\/a>\u2019 dizisiyle dikkatleri \u00fczerine \u00e7eken \u00d6lmez, bu kez e\u015fi \u00c7e\u015fmio\u011flu hakk\u0131nda yapt\u0131\u011f\u0131 a\u00e7\u0131klamalarla ad\u0131ndan s\u00f6z ettiriyor.<\/p>\n<p><img loading=\"lazy\" decoding=\"async\" class=\"size-full wp-image-309119\" src=\"https:\/\/www.tgrthaber.com\/mavikadin\/wp-content\/uploads\/2026\/03\/taner-olmez-6.jpg\" alt=\"Taner \u00d6lmez\u2019den e\u015fi Ece \u00c7e\u015fmio\u011flu\u2019na tam destek! \u201cOna \u00e7al\u0131\u015fmak, bana da \u00e7ocuklara bakmak \u00e7ok iyi gelecek\u201d \" width=\"1208\" height=\"680\" title=\"\" srcset=\"https:\/\/www.tgrthaber.com\/mavikadin\/wp-content\/uploads\/2026\/03\/taner-olmez-6.jpg 1208w, https:\/\/www.tgrthaber.com\/mavikadin\/wp-content\/uploads\/2026\/03\/taner-olmez-6-300x169.jpg 300w, https:\/\/www.tgrthaber.com\/mavikadin\/wp-content\/uploads\/2026\/03\/taner-olmez-6-1024x576.jpg 1024w, https:\/\/www.tgrthaber.com\/mavikadin\/wp-content\/uploads\/2026\/03\/taner-olmez-6-768x432.jpg 768w\" sizes=\"(max-width: 1208px) 100vw, 1208px\" \/><\/p>\n<hr \/>\n<p>\u2018\u0130mam Gazali\u2019 dizisinin ba\u015frol oyuncusu Taner \u00d6lmez, son zamanlar\u0131n reyting rekortmeni projesi \u2018Yeralt\u0131\u2019 dizisiyle setlere d\u00f6nen e\u015fi Ece \u00c7e\u015fmio\u011flu&#8217;na tam destek sa\u011fl\u0131yor. Hem i\u015f hayat\u0131nda hem de aile hayat\u0131nda s\u00fcrekli yard\u0131mla\u015fma i\u00e7erisinde olan ikili, \u00f6rnek \u00e7ift olarak \u00f6n plana \u00e7\u0131k\u0131yor.<\/p>\n<h3>\u201cONA \u00c7ALI\u015eMAK, BANA DA \u00c7OCUKLARA BAKMAK \u00c7OK \u0130Y\u0130 GELECEK\u201d<\/h3>\n<p>Gazeteci Birsen Altunta\u015f&#8217;\u0131n haberine g\u00f6re; Taner \u00d6lmez, \u015fimdilerde NOW TV ekranlar\u0131nda izleyici kar\u015f\u0131s\u0131na \u00e7\u0131kan Yeralt\u0131 dizisiyle setlere d\u00f6nen e\u015fi Ece \u00c7e\u015fmio\u011flu hakk\u0131nda konu\u015ftu. Son zamanlar\u0131n b\u00fcy\u00fck bir ilgiyle takip edilen ve reyting rekorlar\u0131 k\u0131ran dizisinde ba\u015far\u0131l\u0131 performans\u0131yla ad\u0131ndan s\u00f6z ettiren \u00c7e\u015fmio\u011flu\u2019na, e\u015fi \u00d6lmez\u2019den tam destek geldi.<\/p>\n<p><img loading=\"lazy\" decoding=\"async\" class=\"size-full wp-image-309120\" src=\"https:\/\/www.tgrthaber.com\/mavikadin\/wp-content\/uploads\/2026\/03\/taner-olmez-1.jpg\" alt=\"Taner \u00d6lmez\u2019den e\u015fi Ece \u00c7e\u015fmio\u011flu\u2019na tam destek! \u201cOna \u00e7al\u0131\u015fmak, bana da \u00e7ocuklara bakmak \u00e7ok iyi gelecek\u201d \" width=\"1208\" height=\"680\" title=\"\" srcset=\"https:\/\/www.tgrthaber.com\/mavikadin\/wp-content\/uploads\/2026\/03\/taner-olmez-1.jpg 1208w, https:\/\/www.tgrthaber.com\/mavikadin\/wp-content\/uploads\/2026\/03\/taner-olmez-1-300x169.jpg 300w, https:\/\/www.tgrthaber.com\/mavikadin\/wp-content\/uploads\/2026\/03\/taner-olmez-1-1024x576.jpg 1024w, https:\/\/www.tgrthaber.com\/mavikadin\/wp-content\/uploads\/2026\/03\/taner-olmez-1-768x432.jpg 768w\" sizes=\"(max-width: 1208px) 100vw, 1208px\" \/><\/p>\n<hr \/>\n<p>Setlere d\u00f6nen e\u015fi Ece \u00c7e\u015fmio\u011flu hakk\u0131nda \u00e7arp\u0131c\u0131 a\u00e7\u0131klamalarda bulunan Taner \u00d6lmez, \u015fu ifadelere yer verdi:<\/p>\n<p>\u201cOna \u00e7al\u0131\u015fmak, bana da \u00e7ocuklara bakmak \u00e7ok iyi gelecek. Kazan kazan durumunday\u0131z.\u201d \u00dcnl\u00fc oyuncu bu durumun planl\u0131 olup olmad\u0131\u011f\u0131na dair sorular kar\u015f\u0131s\u0131nda ise \u201cPlanlad\u0131\u011f\u0131m\u0131z bir \u015fey olmad\u0131 tamam\u0131yla organik gidiyor her \u015fey. Ben evde olup \u00e7ocuklara bakmaktan acayip mutluyum.\u201d ifadelerine yer verdi.<\/p>\n<div style=\"width: 640px;\" class=\"wp-video\"><!--[if lt IE 9]><script>document.createElement('video');<\/script><![endif]-->\n<video class=\"wp-video-shortcode\" id=\"video-309108-1\" width=\"640\" height=\"398\" preload=\"metadata\" controls=\"controls\"><source type=\"video\/mp4\" src=\"https:\/\/www.tgrthaber.com\/mavikadin\/wp-content\/uploads\/2026\/03\/Adsiz-tasarim-15.mp4?_=1\" \/><a href=\"https:\/\/www.tgrthaber.com\/mavikadin\/wp-content\/uploads\/2026\/03\/Adsiz-tasarim-15.mp4\">https:\/\/www.tgrthaber.com\/mavikadin\/wp-content\/uploads\/2026\/03\/Adsiz-tasarim-15.mp4<\/a><\/video><\/div>\n<hr \/>\n<p>Aile ya\u015fant\u0131lar\u0131 ve \u00e7ocuklar\u0131yla ilgili dikkat \u00e7eken a\u00e7\u0131klamalarda bulunan Taner \u00d6lmez, \u00e7ocuklar\u0131na olan sevgisi ve alakas\u0131yla da ad\u0131ndan s\u00f6z ettirdi.<\/p>\n","protected":false},"excerpt":{"rendered":"<p>\u0130mam Gaz\u00e2l\u00ee H\u00fcccet\u00fc\u2019l-\u0130sl\u00e2m dizisiyle son zamanlarda dikkatleri \u00fczerine \u00e7eken Taner \u00d6lmez\u2019den, e\u015fi Ece \u00c7e\u015fmio\u011flu\u2019na tam destek geldi. \u00dcnl\u00fc oyuncu, \u015fimdilerde Yeralt\u0131 dizisiyle ekranlara d\u00f6nen e\u015fi hakk\u0131nda \u00e7arp\u0131c\u0131 a\u00e7\u0131klamalar\u0131yla ad\u0131ndan s\u00f6z ettirdi. \u0130\u015fte detaylar\u2026<\/p>\n","protected":false},"author":26,"featured_media":309116,"comment_status":"closed","ping_status":"closed","sticky":false,"template":"","format":"standard","meta":{"rank_math_lock_modified_date":false,"footnotes":""},"categories":[76],"tags":[2248,73371,133,2218,2247,66165],"class_list":["post-309108","post","type-post","status-publish","format-standard","has-post-thumbnail","hentry","category-magazin","tag-ece-cesmioglu","tag-imam-gazali-huccetul-islam","tag-magazin","tag-magazin-haberleri","tag-taner-olmez","tag-yeralti"],"_links":{"self":[{"href":"https:\/\/www.tgrthaber.com\/mavikadin\/wp-json\/wp\/v2\/posts\/309108"}],"collection":[{"href":"https:\/\/www.tgrthaber.com\/mavikadin\/wp-json\/wp\/v2\/posts"}],"about":[{"href":"https:\/\/www.tgrthaber.com\/mavikadin\/wp-json\/wp\/v2\/types\/post"}],"author":[{"embeddable":true,"href":"https:\/\/www.tgrthaber.com\/mavikadin\/wp-json\/wp\/v2\/users\/26"}],"replies":[{"embeddable":true,"href":"https:\/\/www.tgrthaber.com\/mavikadin\/wp-json\/wp\/v2\/comments?post=309108"}],"version-history":[{"count":2,"href":"https:\/\/www.tgrthaber.com\/mavikadin\/wp-json\/wp\/v2\/posts\/309108\/revisions"}],"predecessor-version":[{"id":309127,"href":"https:\/\/www.tgrthaber.com\/mavikadin\/wp-json\/wp\/v2\/posts\/309108\/revisions\/309127"}],"wp:featuredmedia":[{"embeddable":true,"href":"https:\/\/www.tgrthaber.com\/mavikadin\/wp-json\/wp\/v2\/media\/309116"}],"wp:attachment":[{"href":"https:\/\/www.tgrthaber.com\/mavikadin\/wp-json\/wp\/v2\/media?parent=309108"}],"wp:term":[{"taxonomy":"category","embeddable":true,"href":"https:\/\/www.tgrthaber.com\/mavikadin\/wp-json\/wp\/v2\/categories?post=309108"},{"taxonomy":"post_tag","embeddable":true,"href":"https:\/\/www.tgrthaber.com\/mavikadin\/wp-json\/wp\/v2\/tags?post=309108"}],"curies":[{"name":"wp","href":"https:\/\/api.w.org\/{rel}","templated":true}]}}