{"id":309150,"date":"2026-03-16T12:12:37","date_gmt":"2026-03-16T09:12:37","guid":{"rendered":"https:\/\/www.tgrthaber.com\/mavikadin\/?p=309150"},"modified":"2026-03-16T12:14:32","modified_gmt":"2026-03-16T09:14:32","slug":"kadem-new-yorkta-kuresel-musluman-sivil-toplum-temsilcilerini-bir-araya-getirdi-faith-justice-and-moral-leadership-istisare-iftari-duzenlendi","status":"publish","type":"post","link":"https:\/\/www.tgrthaber.com\/mavikadin\/kadem-new-yorkta-kuresel-musluman-sivil-toplum-temsilcilerini-bir-araya-getirdi-faith-justice-and-moral-leadership-istisare-iftari-duzenlendi\/","title":{"rendered":"KADEM New York\u2019ta k\u00fcresel M\u00fcsl\u00fcman sivil toplum temsilcilerini bir araya getirdi! Faith, Justice and Moral Leadership isti\u015fare iftar\u0131 d\u00fczenlendi"},"content":{"rendered":"<p>Kad\u0131n ve Demokrasi Vakf\u0131, Birle\u015fmi\u015f Milletler Kad\u0131n\u0131n Stat\u00fcs\u00fc Komisyonu toplant\u0131lar\u0131 i\u00e7in bulundu\u011fu New York\u2019ta k\u00fcresel \u00f6l\u00e7ekte \u00f6nemli bir bulu\u015fmaya ev sahipli\u011fi yapt\u0131. <a href=\"https:\/\/www.tgrthaber.com\/mavikadin\/kademin-gelecege-isbasi-projesi-7-donem-mezunlarini-verdi-genc-kizlar-hayata-isbasi-yapti\/\">KADEM<\/a> taraf\u0131ndan T\u00fcrkevi\u2019nde d\u00fczenlenen &#8220;Faith, Justice and Moral Leadership: Reimagining Muslim Civil Society&#8221; ba\u015fl\u0131kl\u0131 isti\u015fare iftar\u0131 diplomasi, akademi ve sivil toplum d\u00fcnyas\u0131ndan temsilcileri bir araya getirdi. Kapal\u0131 oturum format\u0131nda ger\u00e7ekle\u015ftirilen bulu\u015fmada M\u00fcsl\u00fcman sivil toplum kurulu\u015flar\u0131n\u0131n k\u00fcresel krizler kar\u015f\u0131s\u0131ndaki rol\u00fc, etik liderlik anlay\u0131\u015f\u0131 ve kad\u0131nlar\u0131n toplumsal d\u00f6n\u00fc\u015f\u00fcmdeki etkisi ele al\u0131n\u0131rken uluslararas\u0131 i\u015f birli\u011fi, k\u00fcresel adalet ve M\u00fcsl\u00fcman topluluklar aras\u0131ndaki dayan\u0131\u015fma konular\u0131 da kapsaml\u0131 bir \u015fekilde de\u011ferlendirildi. Program, Ramazan atmosferinde ger\u00e7ekle\u015ftirilen iftar bulu\u015fmas\u0131yla farkl\u0131 \u00fclkelerden diplomatlar, akademisyenler ve sivil toplum temsilcileri aras\u0131nda \u00f6nemli bir \u00f6nemli bir g\u00f6r\u00fc\u015f al\u0131\u015fveri\u015fi ortam\u0131 sa\u011fland\u0131.<\/p>\n<h3>KADEM NEW YORK\u2019TA K\u00dcRESEL M\u00dcSL\u00dcMAN S\u0130V\u0130L TOPLUM TEMS\u0130LC\u0130LER\u0130N\u0130 BULU\u015eTURDU<\/h3>\n<p>\u201cFaith, Justice and Moral Leadership: Reimagining Muslim Civil Society\u201d ba\u015fl\u0131kl\u0131 isti\u015fare iftar\u0131, T\u00fcrkevi\u2019nde ger\u00e7ekle\u015ftirildi. Kad\u0131n ve Demokrasi Vakf\u0131 (<a href=\"https:\/\/www.tgrthaber.com\/mavikadin\/kademin-depremzede-kadinlara-umut-olan-projesi-kadinlar-unlu-seflere-yemek-yapti\/\">KADEM<\/a>), Birle\u015fmi\u015f Milletler Kad\u0131n\u0131n Stat\u00fcs\u00fc Komisyonu toplant\u0131lar\u0131 i\u00e7in bulundu\u011fu New York\u2019ta diplomasi, akademi ve sivil toplum d\u00fcnyas\u0131ndan \u00f6nemli isimleri T\u00fcrkevi\u2019nde d\u00fczenledi\u011fi isti\u015fare iftar\u0131nda bir araya getirdi. \u201cFaith, Justice and Moral Leadership: Reimagining Muslim Civil Society\u201d (\u0130nan\u00e7, Adalet ve Ahlaki Liderlik: M\u00fcsl\u00fcman Sivil Toplumun Yeniden Tasavvuru) ba\u015fl\u0131kl\u0131 kapal\u0131 oturum format\u0131ndaki bulu\u015fma; M\u00fcsl\u00fcman sivil toplumun k\u00fcresel krizler kar\u015f\u0131s\u0131ndaki rol\u00fcn\u00fc, etik liderlik anlay\u0131\u015f\u0131n\u0131 ve kad\u0131nlar\u0131n toplumsal d\u00f6n\u00fc\u015f\u00fcmdeki etkisini ele alan kapsaml\u0131 bir diyalog zemini olu\u015fturdu. \u201cSivil toplum yaln\u0131zca krizlere tepki veren bir yap\u0131 olmamal\u0131\u201d<br \/>\nProgram\u0131n a\u00e7\u0131l\u0131\u015f konu\u015fmas\u0131 KADEM Y\u00f6netim Kurulu \u00dcyesi Dr. Zeynep Temizer Atalar taraf\u0131ndan ger\u00e7ekle\u015ftirildi. Atalar, konu\u015fmas\u0131nda, g\u00fcn\u00fcm\u00fcz d\u00fcnyas\u0131nda sivil toplumun rol\u00fcn\u00fcn yeniden d\u00fc\u015f\u00fcn\u00fclmesi gerekti\u011fini vurgulayarak \u015fu ifadeleri kulland\u0131: \u201cSivil toplum yaln\u0131zca krizlere tepki veren bir yap\u0131 olmamal\u0131d\u0131r. Ayn\u0131 zamanda toplumsal normlar\u0131 \u015fekillendiren, sorumluluk bilincini g\u00fc\u00e7lendiren ve kamu ile toplum aras\u0131nda ahlaki bir k\u00f6pr\u00fc kuran bir akt\u00f6r olmal\u0131d\u0131r.\u201d Atalar ayr\u0131ca M\u00fcsl\u00fcman sivil toplum kurulu\u015flar\u0131n\u0131n yaln\u0131zca krizlere m\u00fcdahale eden ya da ma\u011fdurlara yard\u0131m eden yap\u0131lar de\u011fil, ayn\u0131 zamanda ilkeli ve sorumlu y\u00f6netim, toplumsal dayan\u0131\u015fma ve k\u00fcresel adalet tart\u0131\u015fmalar\u0131na katk\u0131 sunan norm kurucu akt\u00f6rler haline gelebilece\u011fine dikkat \u00e7ekti.<\/p>\n<p><img loading=\"lazy\" decoding=\"async\" class=\"alignnone size-full wp-image-309161\" src=\"https:\/\/www.tgrthaber.com\/mavikadin\/wp-content\/uploads\/2026\/03\/Asli-2026-03-16T120153.912.png\" alt=\"\" width=\"1208\" height=\"680\" title=\"\" srcset=\"https:\/\/www.tgrthaber.com\/mavikadin\/wp-content\/uploads\/2026\/03\/Asli-2026-03-16T120153.912.png 1208w, https:\/\/www.tgrthaber.com\/mavikadin\/wp-content\/uploads\/2026\/03\/Asli-2026-03-16T120153.912-300x169.png 300w, https:\/\/www.tgrthaber.com\/mavikadin\/wp-content\/uploads\/2026\/03\/Asli-2026-03-16T120153.912-1024x576.png 1024w, https:\/\/www.tgrthaber.com\/mavikadin\/wp-content\/uploads\/2026\/03\/Asli-2026-03-16T120153.912-768x432.png 768w\" sizes=\"(max-width: 1208px) 100vw, 1208px\" \/><\/p>\n<hr \/>\n<h3>D\u0130PLOMAS\u0130, AKADEM\u0130 VE S\u0130V\u0130L TOPLUM AYNI MASADA<\/h3>\n<p>\u0130ftar bulu\u015fmas\u0131n\u0131n a\u00e7\u0131l\u0131\u015f b\u00f6l\u00fcm\u00fcnde \u0130slam \u0130\u015fbirli\u011fi Te\u015fkilat\u0131\u2019n\u0131n Birle\u015fmi\u015f Milletler Daim\u00ee G\u00f6zlemcisi B\u00fcy\u00fckel\u00e7i Hameed Ajibaiye Opeloyeru ile Pakistan\u2019\u0131n Birle\u015fmi\u015f Milletler Daim\u00ee Temsilcisi B\u00fcy\u00fckel\u00e7i Asim Iftikhar Ahmad kat\u0131l\u0131mc\u0131lara hitap etti. Konu\u015fmalarda inan\u00e7 temelli sivil toplum kurulu\u015flar\u0131n\u0131n k\u00fcresel sorunlar\u0131n \u00e7\u00f6z\u00fcm\u00fcnde oynayabilece\u011fi rol ve uluslararas\u0131 i\u015f birli\u011finin \u00f6nemi vurguland\u0131. \u0130ftar program\u0131na farkl\u0131 \u00fclkelerden diplomatik temsilciler, akademisyenler ve sivil toplum liderleri kat\u0131ld\u0131. Diyanet Center of America temsilcileri, Maarif Foundation USA, Islamic Cooperation Youth Forum (ICYF), Family Watch International, PAL-Awda, Black Muslims Now, Masjid At-Taqwa Brooklyn, City College of New York ve Long Island University gibi kurum ve kurulu\u015flardan temsilciler ile sosyal medya i\u00e7erik \u00fcreticilerinin yer ald\u0131\u011f\u0131 programda KADEM Genel M\u00fcd\u00fcr Yard\u0131mc\u0131lar\u0131 Gazeteci Semanur S\u00f6nmez Yaman ve Dr. Bet\u00fcl \u00d6zel \u00c7i\u00e7ek de isti\u015fare masas\u0131nda haz\u0131r bulundu.<\/p>\n<p><img loading=\"lazy\" decoding=\"async\" class=\"alignnone size-full wp-image-309162\" src=\"https:\/\/www.tgrthaber.com\/mavikadin\/wp-content\/uploads\/2026\/03\/Asli-2026-03-16T120104.669.png\" alt=\"\" width=\"1208\" height=\"680\" title=\"\" srcset=\"https:\/\/www.tgrthaber.com\/mavikadin\/wp-content\/uploads\/2026\/03\/Asli-2026-03-16T120104.669.png 1208w, https:\/\/www.tgrthaber.com\/mavikadin\/wp-content\/uploads\/2026\/03\/Asli-2026-03-16T120104.669-300x169.png 300w, https:\/\/www.tgrthaber.com\/mavikadin\/wp-content\/uploads\/2026\/03\/Asli-2026-03-16T120104.669-1024x576.png 1024w, https:\/\/www.tgrthaber.com\/mavikadin\/wp-content\/uploads\/2026\/03\/Asli-2026-03-16T120104.669-768x432.png 768w\" sizes=\"(max-width: 1208px) 100vw, 1208px\" \/><\/p>\n<hr \/>\n<h3>RAMAZAN ATMOSFER\u0130NDE \u0130ST\u0130\u015eARE<\/h3>\n<p>\u0130ftar saatinde kat\u0131l\u0131mc\u0131lar hep birlikte iftar yapt\u0131. K\u0131l\u0131nan ak\u015fam namaz\u0131n\u0131n ard\u0131ndan, program, KADEM Y\u00f6netim Kurulu \u00dcyesi Dr. Zeynep Feyza Eker Ayhan\u2019\u0131n moderat\u00f6rl\u00fc\u011f\u00fcnde ger\u00e7ekle\u015ftirilen a\u00e7\u0131k isti\u015fare oturumuyla devam etti. Farkl\u0131 \u00fclkelerden diplomatlar, akademisyenler ve sivil toplum temsilcilerinin s\u00f6z ald\u0131\u011f\u0131 isti\u015fare oturumunda; M\u00fcsl\u00fcman sivil toplum kurulu\u015flar\u0131 aras\u0131nda daha g\u00fc\u00e7l\u00fc bir i\u015f birli\u011fi a\u011f\u0131 kurulmas\u0131, etik liderli\u011fin g\u00fc\u00e7lendirilmesi ve kad\u0131nlar\u0131n sivil toplumdaki rol\u00fcn\u00fcn art\u0131r\u0131lmas\u0131 konular\u0131 ele al\u0131nd\u0131.<\/p>\n<p><img loading=\"lazy\" decoding=\"async\" class=\"alignnone size-full wp-image-309163\" src=\"https:\/\/www.tgrthaber.com\/mavikadin\/wp-content\/uploads\/2026\/03\/Asli-2026-03-16T120131.216.png\" alt=\"\" width=\"1208\" height=\"680\" title=\"\" srcset=\"https:\/\/www.tgrthaber.com\/mavikadin\/wp-content\/uploads\/2026\/03\/Asli-2026-03-16T120131.216.png 1208w, https:\/\/www.tgrthaber.com\/mavikadin\/wp-content\/uploads\/2026\/03\/Asli-2026-03-16T120131.216-300x169.png 300w, https:\/\/www.tgrthaber.com\/mavikadin\/wp-content\/uploads\/2026\/03\/Asli-2026-03-16T120131.216-1024x576.png 1024w, https:\/\/www.tgrthaber.com\/mavikadin\/wp-content\/uploads\/2026\/03\/Asli-2026-03-16T120131.216-768x432.png 768w\" sizes=\"(max-width: 1208px) 100vw, 1208px\" \/><\/p>\n<hr \/>\n<h3>GAZZE VE K\u00dcRESEL ADALET VURGUSU<\/h3>\n<p>Toplant\u0131da s\u00f6z alan temsilciler \u00f6zellikle Gazze\u2019de ya\u015fanan insani krizin, kad\u0131nlar ve \u00e7ocuklar \u00fczerindeki y\u0131k\u0131c\u0131 etkilerine dikkat \u00e7ekti. Kat\u0131l\u0131mc\u0131lar, k\u00fcresel sivil toplumun bu t\u00fcr krizler kar\u015f\u0131s\u0131nda daha g\u00fc\u00e7l\u00fc bir dayan\u0131\u015fma g\u00f6stermesi gerekti\u011fini ifade ettiler. \u201cHi\u00e7bir toplum tek ba\u015f\u0131na \u00f6zg\u00fcr olamaz. Adalet \u00f6nce kad\u0131n ve erke\u011fin, sonra toplumlar\u0131n dayan\u0131\u015fmas\u0131yla m\u00fcmk\u00fcn olur.\u201d Kad\u0131n liderli\u011finin \u00f6zellikle vurguland\u0131\u011f\u0131 oturumda M\u00fcsl\u00fcman kad\u0131nlar\u0131n yaln\u0131zca toplumsal dayan\u0131\u015fma a\u011flar\u0131n\u0131n ta\u015f\u0131y\u0131c\u0131s\u0131 de\u011fil; ayn\u0131 zamanda sivil toplum, e\u011fitim, diplomasi ve kamu politikas\u0131 alanlar\u0131nda d\u00f6n\u00fc\u015ft\u00fcr\u00fcc\u00fc liderler oldu\u011fu ifade edildi. Programda s\u00f6z alan Shahada Inc. Ba\u015fkan\u0131 Basira Rahim, ABD\u2019de M\u00fcsl\u00fcman sivil toplumunun k\u00f6klerinin Afro Amerikal\u0131 M\u00fcsl\u00fcmanlara dayand\u0131\u011f\u0131n\u0131 vurgulayarak, \u201cM\u00fcsl\u00fcman sivil toplumunun temelleri bu topraklarda Afro Amerikal\u0131 M\u00fcsl\u00fcmanlar ve yerli topluluklar taraf\u0131ndan at\u0131ld\u0131. Bu tarihi anlamadan bug\u00fcn\u00fc anlamam\u0131z m\u00fcmk\u00fcn de\u011fil\u201d dedi. Uluslararas\u0131 sivil toplum kurulu\u015fu Cornerstone\u2019un kurucusu ve direkt\u00f6r\u00fc Nadira Gandhi ise sava\u015f ve kriz ortamlar\u0131nda kad\u0131nlar\u0131n ta\u015f\u0131d\u0131\u011f\u0131 y\u00fck\u00fcn \u00e7o\u011fu zaman g\u00f6r\u00fcnmez kald\u0131\u011f\u0131n\u0131 belirterek, \u201cKad\u0131nlar sava\u015f ve krizlerin en a\u011f\u0131r y\u00fck\u00fcn\u00fc ta\u015f\u0131yor. Ancak ayn\u0131 zamanda toplumlar\u0131n\u0131 yeniden aya\u011fa kald\u0131ran direncin de merkezinde yer al\u0131yorlar\u201d ifadelerini kulland\u0131. Brooklyn\u2019deki Masjid al-Taqwa camisinin y\u00f6neticilerinden Majida Farrell, M\u00fcsl\u00fcman topluluklar aras\u0131nda ileti\u015fim ve i\u015f birli\u011finin g\u00fc\u00e7lendirilmesi gerekti\u011fini dile getirerek, \u201cK\u00fcresel bir a\u011f\u0131m\u0131z var ancak bu a\u011f yeterince birbirine ba\u011fl\u0131 de\u011fil. Camiler ve topluluklar aras\u0131nda daha g\u00fc\u00e7l\u00fc ileti\u015fim kurmam\u0131z gerekiyor\u201d diye konu\u015ftu. New York merkezli Black Muslims Now\u2019un kurucusu ve icra direkt\u00f6r\u00fc Sahar Ali ise M\u00fcsl\u00fcman toplum i\u00e7inde Afrikal\u0131 Amerikal\u0131 M\u00fcsl\u00fcmanlar\u0131n ya\u015fad\u0131\u011f\u0131 g\u00f6r\u00fcnmezli\u011fe dikkat \u00e7ekerek, \u201cGer\u00e7ek bir dayan\u0131\u015fma i\u00e7in M\u00fcsl\u00fcman toplum i\u00e7indeki tarihsel e\u015fitsizlikleri ve g\u00f6r\u00fcnmez kalan hik\u00e2yeleri konu\u015fmam\u0131z gerekiyor\u201d dedi. New York merkezli Africana\u2019n\u0131n icra direkt\u00f6r\u00fc Awa Bob da kriz d\u00f6nemlerinde dayan\u0131\u015fman\u0131n yaln\u0131zca s\u00f6zlerle de\u011fil, somut ad\u0131mlarla g\u00f6sterilmesi gerekti\u011fini belirterek, \u201cBu t\u00fcr bulu\u015fmalar farkl\u0131 topluluklar\u0131n birbirini tan\u0131mas\u0131 ve ortak hareket etmesi i\u00e7in \u00f6nemli f\u0131rsatlar sunuyor\u201d ifadelerini kulland\u0131. The Above Group\u2019ta \u0130\u015f Geli\u015ftirmeden Sorumlu Ba\u015fkan Yard\u0131mc\u0131s\u0131 Christy Rocco ise \u00f6zellikle kurumsal d\u00fcnyada M\u00fcsl\u00fcman kad\u0131nlar\u0131n temsiline dikkat \u00e7ekerek, \u201cNew York\u2019taki kurumsal \u00e7evrelerde \u00e7ok az M\u00fcsl\u00fcman kad\u0131n lider g\u00f6r\u00fcyoruz. Bu alanda daha g\u00fc\u00e7l\u00fc profesyonel a\u011flar kurmam\u0131z gerekiyor\u201d diye konu\u015ftu.<\/p>\n<p><img loading=\"lazy\" decoding=\"async\" class=\"alignnone size-full wp-image-309164\" src=\"https:\/\/www.tgrthaber.com\/mavikadin\/wp-content\/uploads\/2026\/03\/Asli-2026-03-16T120240.956.png\" alt=\"\" width=\"1208\" height=\"680\" title=\"\" srcset=\"https:\/\/www.tgrthaber.com\/mavikadin\/wp-content\/uploads\/2026\/03\/Asli-2026-03-16T120240.956.png 1208w, https:\/\/www.tgrthaber.com\/mavikadin\/wp-content\/uploads\/2026\/03\/Asli-2026-03-16T120240.956-300x169.png 300w, https:\/\/www.tgrthaber.com\/mavikadin\/wp-content\/uploads\/2026\/03\/Asli-2026-03-16T120240.956-1024x576.png 1024w, https:\/\/www.tgrthaber.com\/mavikadin\/wp-content\/uploads\/2026\/03\/Asli-2026-03-16T120240.956-768x432.png 768w\" sizes=\"(max-width: 1208px) 100vw, 1208px\" \/><\/p>\n<hr \/>\n<h3>KADEM ULUSLARARASI M\u00dcSL\u00dcMAN S\u0130V\u0130L TOPLUM A\u011eINI GEN\u0130\u015eLET\u0130YOR<\/h3>\n<p>New York\u2019ta d\u00fczenledi\u011fi programlarla, d\u00fcnyada kad\u0131n alan\u0131nda \u00e7al\u0131\u015fan STK temsilcilerini ve lider kad\u0131nlar\u0131 bir araya getiren KADEM; son 3 y\u0131ld\u0131r \u00f6zellikle Filistinli sivil toplum temsilcilerinin de kat\u0131l\u0131m\u0131yla M\u00fcsl\u00fcman topluluklara y\u00f6nelik toplant\u0131lar ve dayan\u0131\u015fma etkinlikleri organize ediyor.<\/p>\n<p><img loading=\"lazy\" decoding=\"async\" class=\"alignnone size-full wp-image-309165\" src=\"https:\/\/www.tgrthaber.com\/mavikadin\/wp-content\/uploads\/2026\/03\/Asli-2026-03-16T120038.675.png\" alt=\"\" width=\"1208\" height=\"680\" title=\"\" srcset=\"https:\/\/www.tgrthaber.com\/mavikadin\/wp-content\/uploads\/2026\/03\/Asli-2026-03-16T120038.675.png 1208w, https:\/\/www.tgrthaber.com\/mavikadin\/wp-content\/uploads\/2026\/03\/Asli-2026-03-16T120038.675-300x169.png 300w, https:\/\/www.tgrthaber.com\/mavikadin\/wp-content\/uploads\/2026\/03\/Asli-2026-03-16T120038.675-1024x576.png 1024w, https:\/\/www.tgrthaber.com\/mavikadin\/wp-content\/uploads\/2026\/03\/Asli-2026-03-16T120038.675-768x432.png 768w\" sizes=\"(max-width: 1208px) 100vw, 1208px\" \/><br \/>\nNew York\u2019ta d\u00fczenlenen bu isti\u015fare iftar\u0131 da M\u00fcsl\u00fcman sivil toplum kurulu\u015flar\u0131 aras\u0131nda k\u00fcresel \u00f6l\u00e7ekte daha g\u00fc\u00e7l\u00fc bir diyalog ve i\u015f birli\u011fi zemini olu\u015fturma amac\u0131yla ger\u00e7ekle\u015ftirilen \u00f6nemli bulu\u015fmalardan biri oldu. KADEM, uluslararas\u0131 platformlarda y\u00fcr\u00fctt\u00fc\u011f\u00fc \u00e7al\u0131\u015fmalarla yaln\u0131zca kad\u0131nlar\u0131n g\u00fc\u00e7lenmesine de\u011fil; ayn\u0131 zamanda inan\u00e7 temelli etik de\u011ferlerin k\u00fcresel y\u00f6neti\u015fim ve sivil toplum alanlar\u0131nda daha g\u00f6r\u00fcn\u00fcr hale gelmesine katk\u0131 sunmay\u0131 s\u00fcrd\u00fcr\u00fcyor.<\/p>\n","protected":false},"excerpt":{"rendered":"<p>Kad\u0131n ve Demokrasi Vakf\u0131, Birle\u015fmi\u015f Milletler Kad\u0131n\u0131n Stat\u00fcs\u00fc Komisyonu toplant\u0131lar\u0131 kapsam\u0131nda bulundu\u011fu New York\u2019ta diplomasi, akademi ve sivil toplum d\u00fcnyas\u0131ndan \u00f6nemli isimleri T\u00fcrkevi&#8217;nde d\u00fczenledi\u011fi isti\u015fare iftar\u0131nda bir araya getirdi. &#8220;Faith, Justice and Moral Leadership: Reimagining Muslim Civil Society&#8221; ba\u015fl\u0131kl\u0131 bulu\u015fmada, M\u00fcsl\u00fcman sivil toplum kurulu\u015flar\u0131n\u0131n k\u00fcresel krizler kar\u015f\u0131s\u0131ndaki rol\u00fc, etik liderlik anlay\u0131\u015f\u0131 ve kad\u0131nlar\u0131n toplumsal d\u00f6n\u00fc\u015f\u00fcmdeki etkisi kapsaml\u0131 bir \u015fekilde ele al\u0131nd\u0131.<\/p>\n","protected":false},"author":37,"featured_media":309166,"comment_status":"closed","ping_status":"closed","sticky":false,"template":"","format":"standard","meta":{"rank_math_lock_modified_date":false,"footnotes":""},"categories":[2149],"tags":[3455,23293,41988,73377],"class_list":["post-309150","post","type-post","status-publish","format-standard","has-post-thumbnail","hentry","category-guclu-kadin","tag-guclu-kadin","tag-kadem","tag-sivil-toplum","tag-zeynep-temizer-atalar"],"_links":{"self":[{"href":"https:\/\/www.tgrthaber.com\/mavikadin\/wp-json\/wp\/v2\/posts\/309150"}],"collection":[{"href":"https:\/\/www.tgrthaber.com\/mavikadin\/wp-json\/wp\/v2\/posts"}],"about":[{"href":"https:\/\/www.tgrthaber.com\/mavikadin\/wp-json\/wp\/v2\/types\/post"}],"author":[{"embeddable":true,"href":"https:\/\/www.tgrthaber.com\/mavikadin\/wp-json\/wp\/v2\/users\/37"}],"replies":[{"embeddable":true,"href":"https:\/\/www.tgrthaber.com\/mavikadin\/wp-json\/wp\/v2\/comments?post=309150"}],"version-history":[{"count":4,"href":"https:\/\/www.tgrthaber.com\/mavikadin\/wp-json\/wp\/v2\/posts\/309150\/revisions"}],"predecessor-version":[{"id":309179,"href":"https:\/\/www.tgrthaber.com\/mavikadin\/wp-json\/wp\/v2\/posts\/309150\/revisions\/309179"}],"wp:featuredmedia":[{"embeddable":true,"href":"https:\/\/www.tgrthaber.com\/mavikadin\/wp-json\/wp\/v2\/media\/309166"}],"wp:attachment":[{"href":"https:\/\/www.tgrthaber.com\/mavikadin\/wp-json\/wp\/v2\/media?parent=309150"}],"wp:term":[{"taxonomy":"category","embeddable":true,"href":"https:\/\/www.tgrthaber.com\/mavikadin\/wp-json\/wp\/v2\/categories?post=309150"},{"taxonomy":"post_tag","embeddable":true,"href":"https:\/\/www.tgrthaber.com\/mavikadin\/wp-json\/wp\/v2\/tags?post=309150"}],"curies":[{"name":"wp","href":"https:\/\/api.w.org\/{rel}","templated":true}]}}