{"id":309151,"date":"2026-03-16T11:48:02","date_gmt":"2026-03-16T08:48:02","guid":{"rendered":"https:\/\/www.tgrthaber.com\/mavikadin\/?p=309151"},"modified":"2026-03-16T11:48:02","modified_gmt":"2026-03-16T08:48:02","slug":"ilber-ortayli-kac-yasindaydi-ilber-ortayli-kac-dil-biliyordu","status":"publish","type":"post","link":"https:\/\/www.tgrthaber.com\/mavikadin\/ilber-ortayli-kac-yasindaydi-ilber-ortayli-kac-dil-biliyordu\/","title":{"rendered":"\u0130lber Ortayl\u0131 ka\u00e7 ya\u015f\u0131ndayd\u0131? \u0130lber Ortayl\u0131 ka\u00e7 dil biliyordu?"},"content":{"rendered":"<p>T\u00fcrkiye\u2019nin yeti\u015ftirdi\u011fi en \u00f6nemli tarih\u00e7ilerden biri olarak g\u00f6sterilen Prof. Dr. <a href=\"https:\/\/www.tgrthaber.com\/mavikadin\/ilber-ortaylinin-cenazesi-nerede-ilber-ortayli-cenaze-programi-belli-oldu-mu\/\">\u0130lber Ortayl\u0131<\/a>, 13 Mart 2026\u2019da 78 ya\u015f\u0131nda hayat\u0131n\u0131 kaybetti. Akademik camiada derin sayg\u0131 g\u00f6ren, halk aras\u0131nda ise \u201cya\u015fayan tarih hazinesi\u201d olarak an\u0131lan Ortayl\u0131, ard\u0131nda \u00e7ok say\u0131da eser, yeti\u015ftirdi\u011fi \u00f6\u011frenciler ve tarih tutkusunu payla\u015ft\u0131\u011f\u0131 geni\u015f bir kitle b\u0131rakt\u0131.<\/p>\n<h3>\u0130LBER ORTAYLI KA\u00c7 YA\u015eINDAYDI?<\/h3>\n<p><a href=\"https:\/\/www.tgrthaber.com\/mavikadin\/ilber-ortaylinin-kizi-tuna-ortayli-kazici-kimdir-kiminle-evli-tuna-ortayli-kazici-ne-is-yapiyor\/\">\u0130lber Ortayl\u0131<\/a>, 21 May\u0131s 1947\u2019de Avusturya\u2019n\u0131n Bregenz \u015fehrinde, K\u0131r\u0131m Tatar\u0131 bir ailenin \u00e7ocu\u011fu olarak d\u00fcnyaya geldi. Ailesi, Stalin d\u00f6nemi bask\u0131lar\u0131ndan ka\u00e7arak T\u00fcrkiye\u2019ye g\u00f6\u00e7 etti ve Ortayl\u0131, \u00e7ok dilli bir ortamda b\u00fcy\u00fcyerek k\u00fc\u00e7\u00fck ya\u015fta k\u00fclt\u00fcrel bir birikim kazand\u0131. Ankara \u00dcniversitesi\u2019nde tarih e\u011fitimi ald\u0131ktan sonra hem T\u00fcrkiye\u2019de hem de yurt d\u0131\u015f\u0131nda akademik \u00e7al\u0131\u015fmalar y\u00fcr\u00fctt\u00fc. 2005\u20132012 y\u0131llar\u0131 aras\u0131nda Topkap\u0131 Saray\u0131 M\u00fczesi\u2019nin m\u00fcd\u00fcrl\u00fc\u011f\u00fcn\u00fc yaparak k\u00fclt\u00fcrel miras\u0131n korunmas\u0131na katk\u0131 sa\u011flad\u0131.<\/p>\n<p><img loading=\"lazy\" decoding=\"async\" class=\"aligncenter size-full wp-image-309152\" src=\"https:\/\/www.tgrthaber.com\/mavikadin\/wp-content\/uploads\/2026\/03\/Ilber-Ortayli-2.jpg\" alt=\"\" width=\"2000\" height=\"1350\" title=\"\" srcset=\"https:\/\/www.tgrthaber.com\/mavikadin\/wp-content\/uploads\/2026\/03\/Ilber-Ortayli-2.jpg 2000w, https:\/\/www.tgrthaber.com\/mavikadin\/wp-content\/uploads\/2026\/03\/Ilber-Ortayli-2-300x203.jpg 300w, https:\/\/www.tgrthaber.com\/mavikadin\/wp-content\/uploads\/2026\/03\/Ilber-Ortayli-2-1024x691.jpg 1024w, https:\/\/www.tgrthaber.com\/mavikadin\/wp-content\/uploads\/2026\/03\/Ilber-Ortayli-2-768x518.jpg 768w, https:\/\/www.tgrthaber.com\/mavikadin\/wp-content\/uploads\/2026\/03\/Ilber-Ortayli-2-1536x1037.jpg 1536w\" sizes=\"(max-width: 2000px) 100vw, 2000px\" \/><\/p>\n<hr \/>\n<h3>YA\u015eAYAN TAR\u0130H HAZ\u0130NES\u0130<\/h3>\n<p>Ortayl\u0131, halk aras\u0131nda \u201cya\u015fayan k\u00fct\u00fcphane\u201d olarak tan\u0131n\u0131yordu. Tarih bilgisini sade ve ak\u0131c\u0131 bir dille halka aktarabilmesi, onun en belirgin \u00f6zelliklerinden biriydi. Kitaplar\u0131, televizyon programlar\u0131 ve konferanslar\u0131 sayesinde T\u00fcrkiye\u2019de tarih bilinci geni\u015f kitlelere ula\u015ft\u0131.<\/p>\n<p><img loading=\"lazy\" decoding=\"async\" class=\"aligncenter size-full wp-image-309153\" src=\"https:\/\/www.tgrthaber.com\/mavikadin\/wp-content\/uploads\/2026\/03\/Ilber-Ortayli-2.webp\" alt=\"\" width=\"1280\" height=\"720\" title=\"\" srcset=\"https:\/\/www.tgrthaber.com\/mavikadin\/wp-content\/uploads\/2026\/03\/Ilber-Ortayli-2.webp 1280w, https:\/\/www.tgrthaber.com\/mavikadin\/wp-content\/uploads\/2026\/03\/Ilber-Ortayli-2-300x169.webp 300w, https:\/\/www.tgrthaber.com\/mavikadin\/wp-content\/uploads\/2026\/03\/Ilber-Ortayli-2-1024x576.webp 1024w, https:\/\/www.tgrthaber.com\/mavikadin\/wp-content\/uploads\/2026\/03\/Ilber-Ortayli-2-768x432.webp 768w\" sizes=\"(max-width: 1280px) 100vw, 1280px\" \/><\/p>\n<hr \/>\n<h3>\u0130LBER ORTAYLI KA\u00c7 D\u0130L B\u0130L\u0130YORDU?<\/h3>\n<p>\u0130lber Ortayl\u0131\u2019n\u0131n akademik ba\u015far\u0131s\u0131n\u0131 simgeleyen \u00f6nemli \u00f6zelliklerinden biri de \u00e7ok dillili\u011fiydi. Do\u011fdu\u011fu ortamda Almanca ve Rus\u00e7a\u2019y\u0131 k\u00fc\u00e7\u00fck ya\u015fta \u00f6\u011frenen Ortayl\u0131, ya\u015fam\u0131 boyunca dil bilgisini geni\u015fletti. Bildi\u011fi diller aras\u0131nda T\u00fcrk\u00e7e, Almanca, Rus\u00e7a, \u0130ngilizce, Frans\u0131zca, \u0130talyanca, Fars\u00e7a ve Latince yer al\u0131yordu. Bu dilleri hem okuyup hem akademik \u00e7al\u0131\u015fmalarda kullanabiliyor, eserlerini bu dillere \u00e7evirebiliyordu.<\/p>\n<p><img loading=\"lazy\" decoding=\"async\" class=\"aligncenter size-full wp-image-309154\" src=\"https:\/\/www.tgrthaber.com\/mavikadin\/wp-content\/uploads\/2026\/03\/Ilber-Ortayli-3.webp\" alt=\"\" width=\"1200\" height=\"800\" title=\"\" srcset=\"https:\/\/www.tgrthaber.com\/mavikadin\/wp-content\/uploads\/2026\/03\/Ilber-Ortayli-3.webp 1200w, https:\/\/www.tgrthaber.com\/mavikadin\/wp-content\/uploads\/2026\/03\/Ilber-Ortayli-3-300x200.webp 300w, https:\/\/www.tgrthaber.com\/mavikadin\/wp-content\/uploads\/2026\/03\/Ilber-Ortayli-3-1024x683.webp 1024w, https:\/\/www.tgrthaber.com\/mavikadin\/wp-content\/uploads\/2026\/03\/Ilber-Ortayli-3-768x512.webp 768w\" sizes=\"(max-width: 1200px) 100vw, 1200px\" \/><\/p>\n<hr \/>\n<h3>\u0130LBER ORTAYLI SADECE B\u0130R TAR\u0130H\u00c7\u0130 DE\u011e\u0130LD\u0130<\/h3>\n<p>Ortayl\u0131, sadece bir tarih\u00e7i de\u011fil, ayn\u0131 zamanda k\u00fclt\u00fcr ve bilim el\u00e7isiydi. Uluslararas\u0131 kongrelerde T\u00fcrkiye\u2019yi temsil etti, Osmanl\u0131 tarihi ve T\u00fcrk k\u00fclt\u00fcr tarihini yurt d\u0131\u015f\u0131nda tan\u0131tt\u0131. Osmanl\u0131\u2019n\u0131n idari yap\u0131s\u0131, diplomasi tarihi ve Avrupa ile etkile\u015fimleri \u00fczerine yapt\u0131\u011f\u0131 \u00e7al\u0131\u015fmalar, d\u00fcnya akademisinde b\u00fcy\u00fck takdir toplad\u0131. Y\u00fczlerce makale ve kitab\u0131, hem \u00fcniversite \u00f6\u011frencilerinin hem de tarih merakl\u0131lar\u0131n\u0131n ba\u015fvuru kaynaklar\u0131 aras\u0131nda yer ald\u0131.<\/p>\n<p><img loading=\"lazy\" decoding=\"async\" class=\"aligncenter size-full wp-image-309155\" src=\"https:\/\/www.tgrthaber.com\/mavikadin\/wp-content\/uploads\/2026\/03\/Ilber-Ortayli-4.webp\" alt=\"\" width=\"1600\" height=\"900\" title=\"\" srcset=\"https:\/\/www.tgrthaber.com\/mavikadin\/wp-content\/uploads\/2026\/03\/Ilber-Ortayli-4.webp 1600w, https:\/\/www.tgrthaber.com\/mavikadin\/wp-content\/uploads\/2026\/03\/Ilber-Ortayli-4-300x169.webp 300w, https:\/\/www.tgrthaber.com\/mavikadin\/wp-content\/uploads\/2026\/03\/Ilber-Ortayli-4-1024x576.webp 1024w, https:\/\/www.tgrthaber.com\/mavikadin\/wp-content\/uploads\/2026\/03\/Ilber-Ortayli-4-768x432.webp 768w, https:\/\/www.tgrthaber.com\/mavikadin\/wp-content\/uploads\/2026\/03\/Ilber-Ortayli-4-1536x864.webp 1536w\" sizes=\"(max-width: 1600px) 100vw, 1600px\" \/><\/p>\n<hr \/>\n<h3>T\u00dcRK TAR\u0130H B\u0130L\u0130M\u0130N\u0130N \u00d6NEML\u0130 B\u0130R TEMEL\u0130 OLARAK YA\u015eAYACAK<\/h3>\n<p>Prof. Dr. \u0130lber Ortayl\u0131\u2019n\u0131n vefat\u0131, T\u00fcrkiye genelinde b\u00fcy\u00fck \u00fcz\u00fcnt\u00fcye neden oldu. Akademisyenler, yazarlar ve \u00f6\u011frenciler onun eserlerine ve tarih sevgisine dair payla\u015f\u0131mlar yaparken, k\u00fclt\u00fcr-sanat camias\u0131 da sayg\u0131 duru\u015funda bulundu. Vefat\u0131, tarih alan\u0131nda b\u00fcy\u00fck bir bo\u015fluk olarak de\u011ferlendirildi.<\/p>\n<p><img loading=\"lazy\" decoding=\"async\" class=\"aligncenter size-full wp-image-309157\" src=\"https:\/\/www.tgrthaber.com\/mavikadin\/wp-content\/uploads\/2026\/03\/Ilber-Ortayli-1.webp\" alt=\"\" width=\"1280\" height=\"720\" title=\"\" srcset=\"https:\/\/www.tgrthaber.com\/mavikadin\/wp-content\/uploads\/2026\/03\/Ilber-Ortayli-1.webp 1280w, https:\/\/www.tgrthaber.com\/mavikadin\/wp-content\/uploads\/2026\/03\/Ilber-Ortayli-1-300x169.webp 300w, https:\/\/www.tgrthaber.com\/mavikadin\/wp-content\/uploads\/2026\/03\/Ilber-Ortayli-1-1024x576.webp 1024w, https:\/\/www.tgrthaber.com\/mavikadin\/wp-content\/uploads\/2026\/03\/Ilber-Ortayli-1-768x432.webp 768w\" sizes=\"(max-width: 1280px) 100vw, 1280px\" \/><\/p>\n<hr \/>\n<p>\u0130lber Ortayl\u0131, geride b\u0131rakt\u0131\u011f\u0131 eserler ve yeti\u015ftirdi\u011fi \u00f6\u011frencilerle T\u00fcrk tarih biliminin \u00f6nemli bir temeli olarak ya\u015famaya devam edecek. Onun ad\u0131, hem akademik d\u00fcnyada hem de toplum haf\u0131zas\u0131nda uzun y\u0131llar ya\u015fat\u0131lacak.<\/p>\n","protected":false},"excerpt":{"rendered":"<p>T\u00fcrkiye\u2019nin yeti\u015ftirdi\u011fi en b\u00fcy\u00fck tarih\u00e7ilerden biri olan Prof. Dr. \u0130lber Ortayl\u0131, 13 Mart 2026 tarihinde 78 ya\u015f\u0131nda hayat\u0131n\u0131 kaybetti. Akademik d\u00fcnyada ve halk aras\u0131nda sayg\u0131 g\u00f6ren Ortayl\u0131, arkas\u0131nda say\u0131s\u0131z eser, \u00f6\u011frenci ve tarih merakl\u0131s\u0131 b\u0131rakt\u0131. Peki \u0130lber Ortayl\u0131 ka\u00e7 ya\u015f\u0131ndayd\u0131? \u0130lber Ortayl\u0131 ka\u00e7 dil biliyordu?<\/p>\n","protected":false},"author":5,"featured_media":309156,"comment_status":"closed","ping_status":"closed","sticky":false,"template":"","format":"standard","meta":{"rank_math_lock_modified_date":false,"footnotes":""},"categories":[491],"tags":[3374,3126,73376,29104],"class_list":["post-309151","post","type-post","status-publish","format-standard","has-post-thumbnail","hentry","category-biyografi","tag-biyografi","tag-ilber-ortayli","tag-ilber-ortayli-dilleri","tag-ilber-ortayli-kimdir"],"_links":{"self":[{"href":"https:\/\/www.tgrthaber.com\/mavikadin\/wp-json\/wp\/v2\/posts\/309151"}],"collection":[{"href":"https:\/\/www.tgrthaber.com\/mavikadin\/wp-json\/wp\/v2\/posts"}],"about":[{"href":"https:\/\/www.tgrthaber.com\/mavikadin\/wp-json\/wp\/v2\/types\/post"}],"author":[{"embeddable":true,"href":"https:\/\/www.tgrthaber.com\/mavikadin\/wp-json\/wp\/v2\/users\/5"}],"replies":[{"embeddable":true,"href":"https:\/\/www.tgrthaber.com\/mavikadin\/wp-json\/wp\/v2\/comments?post=309151"}],"version-history":[{"count":2,"href":"https:\/\/www.tgrthaber.com\/mavikadin\/wp-json\/wp\/v2\/posts\/309151\/revisions"}],"predecessor-version":[{"id":309159,"href":"https:\/\/www.tgrthaber.com\/mavikadin\/wp-json\/wp\/v2\/posts\/309151\/revisions\/309159"}],"wp:featuredmedia":[{"embeddable":true,"href":"https:\/\/www.tgrthaber.com\/mavikadin\/wp-json\/wp\/v2\/media\/309156"}],"wp:attachment":[{"href":"https:\/\/www.tgrthaber.com\/mavikadin\/wp-json\/wp\/v2\/media?parent=309151"}],"wp:term":[{"taxonomy":"category","embeddable":true,"href":"https:\/\/www.tgrthaber.com\/mavikadin\/wp-json\/wp\/v2\/categories?post=309151"},{"taxonomy":"post_tag","embeddable":true,"href":"https:\/\/www.tgrthaber.com\/mavikadin\/wp-json\/wp\/v2\/tags?post=309151"}],"curies":[{"name":"wp","href":"https:\/\/api.w.org\/{rel}","templated":true}]}}