{"id":309181,"date":"2026-03-16T14:23:44","date_gmt":"2026-03-16T11:23:44","guid":{"rendered":"https:\/\/www.tgrthaber.com\/mavikadin\/?p=309181"},"modified":"2026-03-16T14:23:45","modified_gmt":"2026-03-16T11:23:45","slug":"milli-kaleci-berke-ozerin-sevgilisi-fransiz-model-gloria-dinov-kimdir-gloria-dinov-kac-yasinda-aslen-nereli","status":"publish","type":"post","link":"https:\/\/www.tgrthaber.com\/mavikadin\/milli-kaleci-berke-ozerin-sevgilisi-fransiz-model-gloria-dinov-kimdir-gloria-dinov-kac-yasinda-aslen-nereli\/","title":{"rendered":"Milli kaleci Berke \u00d6zer&#8217;in sevgilisi Frans\u0131z model Gloria Dinov kimdir? Gloria Dinov ka\u00e7 ya\u015f\u0131nda aslen nereli?"},"content":{"rendered":"<p>Milli kaleci Berke \u00d6zer, futboldaki ba\u015far\u0131lar\u0131yla dikkat \u00e7ekerken, \u00f6zel hayat\u0131yla da g\u00fcndeme gelmeyi ba\u015fard\u0131. Gen\u00e7 futbolcunun yeni sevgilisinin Frans\u0131z model Gloria Dinov oldu\u011fu iddialar\u0131 ortaya \u00e7\u0131kt\u0131. Gloria Dinov\u2019un sosyal medya hesab\u0131ndan payla\u015ft\u0131\u011f\u0131 foto\u011fraflar, ikilinin ili\u015fkisine dair ipu\u00e7lar\u0131 verdi. Sosyal medya payla\u015f\u0131mlarda Berke \u00d6zer\u2019e ait oldu\u011fu fark edilen saat ve d\u00f6vmeler, gen\u00e7 futbolcu ile Frans\u0131z modelin yeni bir ili\u015fkiye ba\u015flad\u0131\u011f\u0131 iddialar\u0131n\u0131 g\u00fc\u00e7lendirdi. \u0130kiliden hen\u00fcz herhangi bir resmi a\u00e7\u0131klama gelmemesi, a\u015fk iddialar\u0131n\u0131 g\u00fcndemde tutmaya devam ediyor. <a href=\"https:\/\/www.tgrthaber.com\/spor\/berke-ozerin-cezasi-belli-oldu-izinsiz-milli-takim-kampindan-ayrilmasi-pahaliya-patla-3255802\">Milli kaleci Berke \u00d6zer<\/a>\u2019in sevgilisi olarak ad\u0131 ge\u00e7en Gloria Dinov kimdir? Gloria Dinov ka\u00e7 ya\u015f\u0131nda, aslen nereli? gibi sorular, arama motorlar\u0131nda ara\u015ft\u0131r\u0131lmaya ba\u015fland\u0131. \u0130\u015fte Gloria Dinov hakk\u0131nda merak edilenler\u2026<\/p>\n<h3>M\u0130LL\u0130 KALEC\u0130 BERKE \u00d6ZER&#8217;\u0130N SEVG\u0130L\u0130S\u0130 GLOR\u0130A D\u0130NOV K\u0130MD\u0130R, NEREL\u0130?<\/h3>\n<p>Milli kaleci <a href=\"https:\/\/www.tgrthaber.com\/mavikadin\/eyupspor-kalecisi-berke-ozerin-sevgilisi-aylin-akcayla-davette-goruntulendi\/\">Berke \u00d6zer<\/a> ile ad\u0131 an\u0131lan Frans\u0131z model Gloria Dinov, sosyal medya hesab\u0131nda aktif payla\u015f\u0131mlar\u0131yla tan\u0131nan bir isim. \u00d6zellikle moda ve ya\u015fam tarz\u0131 i\u00e7erikleriyle dikkat \u00e7eken Dinov, payla\u015f\u0131mlar\u0131yla k\u0131sa s\u00fcrede geni\u015f kitlelere ula\u015f\u0131yor. Frans\u0131z model Gloria Dinov ile ilgili hen\u00fcz kamuya a\u00e7\u0131k detayl\u0131 bilgi bulunmamaktad\u0131r.<\/p>\n<p><img loading=\"lazy\" decoding=\"async\" class=\"alignnone size-full wp-image-309205\" src=\"https:\/\/www.tgrthaber.com\/mavikadin\/wp-content\/uploads\/2026\/03\/Asli-2026-03-16T135033.646.png\" alt=\"\" width=\"1208\" height=\"680\" title=\"\" srcset=\"https:\/\/www.tgrthaber.com\/mavikadin\/wp-content\/uploads\/2026\/03\/Asli-2026-03-16T135033.646.png 1208w, https:\/\/www.tgrthaber.com\/mavikadin\/wp-content\/uploads\/2026\/03\/Asli-2026-03-16T135033.646-300x169.png 300w, https:\/\/www.tgrthaber.com\/mavikadin\/wp-content\/uploads\/2026\/03\/Asli-2026-03-16T135033.646-1024x576.png 1024w, https:\/\/www.tgrthaber.com\/mavikadin\/wp-content\/uploads\/2026\/03\/Asli-2026-03-16T135033.646-768x432.png 768w\" sizes=\"(max-width: 1208px) 100vw, 1208px\" \/><\/p>\n<hr \/>\n<p>Gen\u00e7 modelin son sosyal medya payla\u015f\u0131m\u0131, spor d\u00fcnyas\u0131n\u0131n g\u00fcndemine oturdu. Foto\u011fraftaki detaylar\u0131n <a href=\"https:\/\/www.tgrthaber.com\/mavikadin\/eyupspor-kalecisi-berke-ozerin-kiz-arkadasi-aylin-akcayin-kimdir-yasi-boyu-sosyal-medya-hesaplari-merak-edildi\/\">Berke \u00d6zer<\/a>\u2019e ait oldu\u011fu fark edilince, Gloria Dinov\u2019un ad\u0131 futbol kamuoyunda da konu\u015fulmaya ba\u015flad\u0131.<\/p>\n<p><img loading=\"lazy\" decoding=\"async\" class=\"alignnone size-full wp-image-309206\" src=\"https:\/\/www.tgrthaber.com\/mavikadin\/wp-content\/uploads\/2026\/03\/Asli-2026-03-16T135736.718.png\" alt=\"\" width=\"1208\" height=\"680\" title=\"\" srcset=\"https:\/\/www.tgrthaber.com\/mavikadin\/wp-content\/uploads\/2026\/03\/Asli-2026-03-16T135736.718.png 1208w, https:\/\/www.tgrthaber.com\/mavikadin\/wp-content\/uploads\/2026\/03\/Asli-2026-03-16T135736.718-300x169.png 300w, https:\/\/www.tgrthaber.com\/mavikadin\/wp-content\/uploads\/2026\/03\/Asli-2026-03-16T135736.718-1024x576.png 1024w, https:\/\/www.tgrthaber.com\/mavikadin\/wp-content\/uploads\/2026\/03\/Asli-2026-03-16T135736.718-768x432.png 768w\" sizes=\"(max-width: 1208px) 100vw, 1208px\" \/><\/p>\n<hr \/>\n<p>Hen\u00fcz taraflardan ili\u015fkiye dair resmi bir a\u00e7\u0131klama gelmedi. Ancak sosyal medyada yap\u0131lan yorumlar ve foto\u011fraflardaki benzerlikler, ikilinin yeni bir ili\u015fkiye ba\u015flad\u0131\u011f\u0131 iddialar\u0131n\u0131 g\u00fc\u00e7lendirmeye devam ediyor. Berke \u00d6zer ile ad\u0131 an\u0131lan Frans\u0131z model Gloria Dinov, sosyal medya hesaplar\u0131ndan birbirlerini takip etmeleriyle a\u015fk iddialar\u0131n\u0131 g\u00fc\u00e7lendiriyor.<\/p>\n<p><img loading=\"lazy\" decoding=\"async\" class=\"alignnone size-full wp-image-309207\" src=\"https:\/\/www.tgrthaber.com\/mavikadin\/wp-content\/uploads\/2026\/03\/Asli-2026-03-16T134953.411.png\" alt=\"\" width=\"1208\" height=\"680\" title=\"\" srcset=\"https:\/\/www.tgrthaber.com\/mavikadin\/wp-content\/uploads\/2026\/03\/Asli-2026-03-16T134953.411.png 1208w, https:\/\/www.tgrthaber.com\/mavikadin\/wp-content\/uploads\/2026\/03\/Asli-2026-03-16T134953.411-300x169.png 300w, https:\/\/www.tgrthaber.com\/mavikadin\/wp-content\/uploads\/2026\/03\/Asli-2026-03-16T134953.411-1024x576.png 1024w, https:\/\/www.tgrthaber.com\/mavikadin\/wp-content\/uploads\/2026\/03\/Asli-2026-03-16T134953.411-768x432.png 768w\" sizes=\"(max-width: 1208px) 100vw, 1208px\" \/><\/p>\n<hr \/>\n<h3>BERKE \u00d6ZER HANG\u0130 TAKIMDA OYNUYOR?<\/h3>\n<p>Berke \u00d6zer Fransa Ligue 1 LOSC Lille tak\u0131m\u0131nda oynamaktad\u0131r. T\u00fcrkiye Futbol Federasyonu, kaleci Berke \u00d6zer&#8217;in A Milli Tak\u0131m kamp\u0131n\u0131 izinsiz terk etti\u011fini a\u00e7\u0131klad\u0131.<\/p>\n<p><img loading=\"lazy\" decoding=\"async\" class=\"alignnone size-full wp-image-309208\" src=\"https:\/\/www.tgrthaber.com\/mavikadin\/wp-content\/uploads\/2026\/03\/Asli-2026-03-16T140829.188.png\" alt=\"\" width=\"1208\" height=\"680\" title=\"\" srcset=\"https:\/\/www.tgrthaber.com\/mavikadin\/wp-content\/uploads\/2026\/03\/Asli-2026-03-16T140829.188.png 1208w, https:\/\/www.tgrthaber.com\/mavikadin\/wp-content\/uploads\/2026\/03\/Asli-2026-03-16T140829.188-300x169.png 300w, https:\/\/www.tgrthaber.com\/mavikadin\/wp-content\/uploads\/2026\/03\/Asli-2026-03-16T140829.188-1024x576.png 1024w, https:\/\/www.tgrthaber.com\/mavikadin\/wp-content\/uploads\/2026\/03\/Asli-2026-03-16T140829.188-768x432.png 768w\" sizes=\"(max-width: 1208px) 100vw, 1208px\" \/><\/p>\n<hr \/>\n<p>TFF&#8217;nin internet sitesinden yap\u0131lan a\u00e7\u0131klamada, &#8220;A Milli Tak\u0131m\u0131m\u0131z\u0131n kalecilerinden Berke \u00d6zer, d\u00fcn oynanan Bulgaristan-T\u00fcrkiye kar\u015f\u0131la\u015fmas\u0131nda ma\u00e7 kadrosuna al\u0131nmamas\u0131n\u0131 gerek\u00e7e g\u00f6stererek kafilemizin \u0130stanbul&#8217;a d\u00f6n\u00fc\u015f\u00fcn\u00fc takiben kendi iste\u011fiyle, teknik ve idari ekibimizin izni olmaks\u0131z\u0131n kamptan ayr\u0131lm\u0131\u015ft\u0131r.&#8221; denildi.<\/p>\n<p><img loading=\"lazy\" decoding=\"async\" class=\"alignnone size-full wp-image-309209\" src=\"https:\/\/www.tgrthaber.com\/mavikadin\/wp-content\/uploads\/2026\/03\/Asli-2026-03-16T141556.751.png\" alt=\"\" width=\"1208\" height=\"680\" title=\"\" srcset=\"https:\/\/www.tgrthaber.com\/mavikadin\/wp-content\/uploads\/2026\/03\/Asli-2026-03-16T141556.751.png 1208w, https:\/\/www.tgrthaber.com\/mavikadin\/wp-content\/uploads\/2026\/03\/Asli-2026-03-16T141556.751-300x169.png 300w, https:\/\/www.tgrthaber.com\/mavikadin\/wp-content\/uploads\/2026\/03\/Asli-2026-03-16T141556.751-1024x576.png 1024w, https:\/\/www.tgrthaber.com\/mavikadin\/wp-content\/uploads\/2026\/03\/Asli-2026-03-16T141556.751-768x432.png 768w\" sizes=\"(max-width: 1208px) 100vw, 1208px\" \/><\/p>\n<p>Milli tak\u0131mda disiplinden taviz verilmeyece\u011fine vurgu yap\u0131lan a\u00e7\u0131klamada, \u015fu ifadelere yer verildi:<\/p>\n<p>&#8220;Ge\u00e7mi\u015fte defaatle ifade edildi\u011fi gibi, milli tak\u0131m formas\u0131n\u0131 ta\u015f\u0131man\u0131n sorumlulu\u011fu ve de\u011feri her \u015feyin \u00fczerindedir. A Milli Tak\u0131m\u0131m\u0131z, bireylerden ba\u011f\u0131ms\u0131z olarak \u00fclkenin onurunu temsil eden bir b\u00fct\u00fcnd\u00fcr. Bu do\u011frultuda disiplin, sayg\u0131 ve tak\u0131m ruhu asla vazge\u00e7emeyece\u011fimiz en temel ilkelerimizdir. Uzun y\u0131llard\u0131r hasretini \u00e7ekti\u011fimiz D\u00fcnya Kupas\u0131&#8217;na kat\u0131lma yolunda \u00f6zveriyle m\u00fccadele verilen, tak\u0131m i\u00e7erisindeki birliktelik ve dayan\u0131\u015fman\u0131n tepe noktada oldu\u011fu bir d\u00f6nemde bu \u015fekilde bir davran\u0131\u015f\u0131n kabul edilmesi m\u00fcmk\u00fcn de\u011fildir. Berke \u00d6zer&#8217;in kamptan ayr\u0131lmas\u0131n\u0131 takiben RAMS Ba\u015fak\u015fehir FK&#8217;den Muhammed \u015eengezer, A Milli Tak\u0131m aday kadrosuna davet edilmi\u015ftir.&#8221;<\/p>\n","protected":false},"excerpt":{"rendered":"<p>Milli kaleci Berke \u00d6zer&#8217;in yeni sevgilisinin Frans\u0131z model Gloria Dinov oldu\u011fu iddia edilmesiyle Gloria Dinov, sosyal medya ve spor kamuoyunda merak konusu oldu. Dinov\u2019un payla\u015ft\u0131\u011f\u0131 foto\u011fraflarda g\u00f6r\u00fclen saat ve d\u00f6vmelerin Berke \u00d6zer ile bire bir ayn\u0131 olmas\u0131 ve ikilinin sosyal medyada birbirlerini takip ediyor olmalar\u0131, dikkatleri \u00fczerine \u00e7ekti. \u0130\u015fte detaylar\u2026<\/p>\n","protected":false},"author":37,"featured_media":309204,"comment_status":"closed","ping_status":"closed","sticky":false,"template":"","format":"standard","meta":{"rank_math_lock_modified_date":false,"footnotes":""},"categories":[76],"tags":[10642,73380,133,2218],"class_list":["post-309181","post","type-post","status-publish","format-standard","has-post-thumbnail","hentry","category-magazin","tag-berke-ozer","tag-gloria-dinov","tag-magazin","tag-magazin-haberleri"],"_links":{"self":[{"href":"https:\/\/www.tgrthaber.com\/mavikadin\/wp-json\/wp\/v2\/posts\/309181"}],"collection":[{"href":"https:\/\/www.tgrthaber.com\/mavikadin\/wp-json\/wp\/v2\/posts"}],"about":[{"href":"https:\/\/www.tgrthaber.com\/mavikadin\/wp-json\/wp\/v2\/types\/post"}],"author":[{"embeddable":true,"href":"https:\/\/www.tgrthaber.com\/mavikadin\/wp-json\/wp\/v2\/users\/37"}],"replies":[{"embeddable":true,"href":"https:\/\/www.tgrthaber.com\/mavikadin\/wp-json\/wp\/v2\/comments?post=309181"}],"version-history":[{"count":2,"href":"https:\/\/www.tgrthaber.com\/mavikadin\/wp-json\/wp\/v2\/posts\/309181\/revisions"}],"predecessor-version":[{"id":309211,"href":"https:\/\/www.tgrthaber.com\/mavikadin\/wp-json\/wp\/v2\/posts\/309181\/revisions\/309211"}],"wp:featuredmedia":[{"embeddable":true,"href":"https:\/\/www.tgrthaber.com\/mavikadin\/wp-json\/wp\/v2\/media\/309204"}],"wp:attachment":[{"href":"https:\/\/www.tgrthaber.com\/mavikadin\/wp-json\/wp\/v2\/media?parent=309181"}],"wp:term":[{"taxonomy":"category","embeddable":true,"href":"https:\/\/www.tgrthaber.com\/mavikadin\/wp-json\/wp\/v2\/categories?post=309181"},{"taxonomy":"post_tag","embeddable":true,"href":"https:\/\/www.tgrthaber.com\/mavikadin\/wp-json\/wp\/v2\/tags?post=309181"}],"curies":[{"name":"wp","href":"https:\/\/api.w.org\/{rel}","templated":true}]}}