{"id":309212,"date":"2026-03-16T14:54:09","date_gmt":"2026-03-16T11:54:09","guid":{"rendered":"https:\/\/www.tgrthaber.com\/mavikadin\/?p=309212"},"modified":"2026-03-16T16:25:40","modified_gmt":"2026-03-16T13:25:40","slug":"gelinim-mutfakta-bugun-ceyrek-altini-kim-aldi-gelinim-mutfakta-16-mart-pazartesi-kim-kazandi","status":"publish","type":"post","link":"https:\/\/www.tgrthaber.com\/mavikadin\/gelinim-mutfakta-bugun-ceyrek-altini-kim-aldi-gelinim-mutfakta-16-mart-pazartesi-kim-kazandi\/","title":{"rendered":"Gelinim Mutfakta bug\u00fcn \u00e7eyrek alt\u0131n\u0131 kim ald\u0131? Gelinim Mutfakta 16 Mart Pazartesi kim kazand\u0131?"},"content":{"rendered":"<p>Kanal D&#8217;nin fenomen yar\u0131\u015fma program\u0131 Gelinim Mutfakta&#8217;da rekabet t\u00fcm h\u0131z\u0131yla devam ediyor. Ge\u00e7en Cuma haftan\u0131n final heyecan\u0131 ya\u015fan\u0131rken, yeni haftada en iyi yeme\u011fi yaparak en y\u00fcksek puan\u0131 almaya \u00e7al\u0131\u015fan gelinler, alt\u0131nlar\u0131 almak i\u00e7in m\u00fccadele ediyor. Cuma g\u00fcn\u00fc 10 alt\u0131n i\u00e7in da\u011f\u0131tan Gelinim Mutfakta, hafta i\u00e7i her g\u00fcn de <a href=\"https:\/\/www.tgrthaber.com\/mavikadin\/gelinim-mutfakta-suheyla-hanim-ne-yapti-diskalifiye-mi-olacak-tugba-gelinim-mutfaktayi-birakacak-mi\/\">\u00e7eyrek alt\u0131n<\/a> vermeye devam ediyor. Peki Gelinim Mutfakta&#8217;da bug\u00fcn \u00e7eyrek alt\u0131n\u0131 kim ald\u0131? Gelinim Mutfakta 16 Mart Pazartesi g\u00fcn birincisi a\u00e7\u0131kland\u0131 m\u0131? \u0130\u015fte Gelinim Mutfakta&#8217;da puan durumu&#8230;<\/p>\n<h3>GEL\u0130N\u0130M MUTFAKTA BUG\u00dcN \u00c7EYREK ALTINI K\u0130M ALDI?<\/h3>\n<p>Kanal D ekranlar\u0131n\u0131n sevilen yar\u0131\u015fma program\u0131 Gelinim Mutfakta&#8217;da yeni haftan\u0131n ilk g\u00fcn\u00fc <a href=\"https:\/\/www.tgrthaber.com\/mavikadin\/gelinim-mutfakta-muruvet-hanim-gelini-dilanaya-ates-puskurdu-oglumun-cektikleri-yeter-dedi-studyoyu-terk-etti\/\">\u00e7eyrek alt\u0131n<\/a>\u0131 alan gelin merak ediliyor. T\u00fcm hafta toplanan alt\u0131nlar Cuma g\u00fcn\u00fc yap\u0131lan haftal\u0131k performans tablosunda da belirleyici role sahip.<\/p>\n<p><img loading=\"lazy\" decoding=\"async\" class=\"alignnone wp-image-309223 size-full\" src=\"https:\/\/www.tgrthaber.com\/mavikadin\/wp-content\/uploads\/2026\/03\/Ekran-goruntusu-2026-02-24-161818.png\" alt=\"\" width=\"1840\" height=\"1019\" title=\"\" srcset=\"https:\/\/www.tgrthaber.com\/mavikadin\/wp-content\/uploads\/2026\/03\/Ekran-goruntusu-2026-02-24-161818.png 1840w, https:\/\/www.tgrthaber.com\/mavikadin\/wp-content\/uploads\/2026\/03\/Ekran-goruntusu-2026-02-24-161818-300x166.png 300w, https:\/\/www.tgrthaber.com\/mavikadin\/wp-content\/uploads\/2026\/03\/Ekran-goruntusu-2026-02-24-161818-1024x567.png 1024w, https:\/\/www.tgrthaber.com\/mavikadin\/wp-content\/uploads\/2026\/03\/Ekran-goruntusu-2026-02-24-161818-768x425.png 768w, https:\/\/www.tgrthaber.com\/mavikadin\/wp-content\/uploads\/2026\/03\/Ekran-goruntusu-2026-02-24-161818-1536x851.png 1536w\" sizes=\"(max-width: 1840px) 100vw, 1840px\" \/><\/p>\n<hr \/>\n<p>Cuma g\u00fcn\u00fc 10 alt\u0131n bilezik da\u011f\u0131tan Gelinim Mutfakta&#8217;da her g\u00fcn \u00e7eyrek alt\u0131n\u0131 da bir gelin al\u0131yor. Kay\u0131nvalidelerin tad\u0131m masas\u0131nda kendi gelininin taba\u011f\u0131n\u0131 bulmak i\u00e7in k\u0131l\u0131 k\u0131rk yard\u0131\u011f\u0131 yar\u0131\u015fmada, gelinler de hem Asl\u0131 H\u00fcnel&#8217;den hem de kay\u0131nvalidelerden en y\u00fcksek puan\u0131 almak i\u00e7in tezgah ba\u015f\u0131nda g\u00fcn\u00fcn yeme\u011fini en lezzetli \u015fekilde yapabilmek i\u00e7in u\u011fra\u015f\u0131yor.<\/p>\n<p><img loading=\"lazy\" decoding=\"async\" class=\"alignnone wp-image-309226 size-full\" src=\"https:\/\/www.tgrthaber.com\/mavikadin\/wp-content\/uploads\/2026\/03\/Ekran-goruntusu-2026-02-24-182141.png\" alt=\"\" width=\"1919\" height=\"1079\" title=\"\" srcset=\"https:\/\/www.tgrthaber.com\/mavikadin\/wp-content\/uploads\/2026\/03\/Ekran-goruntusu-2026-02-24-182141.png 1919w, https:\/\/www.tgrthaber.com\/mavikadin\/wp-content\/uploads\/2026\/03\/Ekran-goruntusu-2026-02-24-182141-300x169.png 300w, https:\/\/www.tgrthaber.com\/mavikadin\/wp-content\/uploads\/2026\/03\/Ekran-goruntusu-2026-02-24-182141-1024x576.png 1024w, https:\/\/www.tgrthaber.com\/mavikadin\/wp-content\/uploads\/2026\/03\/Ekran-goruntusu-2026-02-24-182141-768x432.png 768w, https:\/\/www.tgrthaber.com\/mavikadin\/wp-content\/uploads\/2026\/03\/Ekran-goruntusu-2026-02-24-182141-1536x864.png 1536w\" sizes=\"(max-width: 1919px) 100vw, 1919px\" \/><\/p>\n<hr \/>\n<p>Peki Gelinim Mutfakta&#8217;da bug\u00fcn <a href=\"https:\/\/www.tgrthaber.com\/mavikadin\/gelinim-mutfakta-bugun-ceyrek-altini-kim-aldi-gelinim-mutfakta-10-mart-2026-sali-kim-birinci-oldu\/\">\u00e7eyrek alt\u0131n<\/a>\u0131 alan gelin a\u00e7\u0131kland\u0131 m\u0131? Gelinim Mutfakta&#8217;da puanlamalar bitti ve g\u00fcn\u00fcn \u00e7eyrek alt\u0131n\u0131n\u0131 kazanan gelin a\u00e7\u0131kland\u0131. 16 Mart 2026 Pazartesi haftan\u0131n ilk \u00e7eyre\u011fini alan gelin Dilanay oldu.<\/p>\n<p><img loading=\"lazy\" decoding=\"async\" class=\"alignnone wp-image-309227 size-full\" src=\"https:\/\/www.tgrthaber.com\/mavikadin\/wp-content\/uploads\/2026\/03\/Ekran-goruntusu-2026-03-05-161643.png\" alt=\"\" width=\"1846\" height=\"1020\" title=\"\" srcset=\"https:\/\/www.tgrthaber.com\/mavikadin\/wp-content\/uploads\/2026\/03\/Ekran-goruntusu-2026-03-05-161643.png 1846w, https:\/\/www.tgrthaber.com\/mavikadin\/wp-content\/uploads\/2026\/03\/Ekran-goruntusu-2026-03-05-161643-300x166.png 300w, https:\/\/www.tgrthaber.com\/mavikadin\/wp-content\/uploads\/2026\/03\/Ekran-goruntusu-2026-03-05-161643-1024x566.png 1024w, https:\/\/www.tgrthaber.com\/mavikadin\/wp-content\/uploads\/2026\/03\/Ekran-goruntusu-2026-03-05-161643-768x424.png 768w, https:\/\/www.tgrthaber.com\/mavikadin\/wp-content\/uploads\/2026\/03\/Ekran-goruntusu-2026-03-05-161643-1536x849.png 1536w\" sizes=\"(max-width: 1846px) 100vw, 1846px\" \/><\/p>\n<hr \/>\n<h3>GEL\u0130N\u0130M MUTFAKTA 16 MART PAZARTES\u0130 K\u0130M KAZANDI?<\/h3>\n<p>Asl\u0131 H\u00fcnel&#8217;in sundu\u011fu <a href=\"https:\/\/www.tgrthaber.com\/mavikadin\/gelinim-mutfakta-cansu-kimdir-cansunun-kayinvalidesi-donus-arslan-fatih-urekin-o-programinda-ortaya-cikti\/\">Gelinim Mutfakta<\/a>&#8216;da yeni haftada t\u00fcm dengeler yeniden kuruluyor. Ge\u00e7en hafta herhangi bir elemenin yap\u0131lmad\u0131\u011f\u0131 Gelinim Mutfakta&#8217;ya yeni kat\u0131lan yar\u0131\u015fmac\u0131lar sonras\u0131 rekabet dozunu iyice art\u0131rm\u0131\u015ft\u0131.<\/p>\n<p><img loading=\"lazy\" decoding=\"async\" class=\"alignnone wp-image-309228 size-full\" src=\"https:\/\/www.tgrthaber.com\/mavikadin\/wp-content\/uploads\/2026\/03\/Ekran-goruntusu-2026-03-09-131757-1.png\" alt=\"\" width=\"1233\" height=\"685\" title=\"\" srcset=\"https:\/\/www.tgrthaber.com\/mavikadin\/wp-content\/uploads\/2026\/03\/Ekran-goruntusu-2026-03-09-131757-1.png 1233w, https:\/\/www.tgrthaber.com\/mavikadin\/wp-content\/uploads\/2026\/03\/Ekran-goruntusu-2026-03-09-131757-1-300x167.png 300w, https:\/\/www.tgrthaber.com\/mavikadin\/wp-content\/uploads\/2026\/03\/Ekran-goruntusu-2026-03-09-131757-1-1024x569.png 1024w, https:\/\/www.tgrthaber.com\/mavikadin\/wp-content\/uploads\/2026\/03\/Ekran-goruntusu-2026-03-09-131757-1-768x427.png 768w\" sizes=\"(max-width: 1233px) 100vw, 1233px\" \/><\/p>\n<hr \/>\n<p>Ayten&#8217;in sa\u011fl\u0131k sorunlar\u0131 sebebiyle yar\u0131\u015fmadan ayr\u0131lmas\u0131yla Cansu ve kay\u0131nvalidesi D\u00f6n\u00fc\u015f Hna\u0131m programa dahil olurken, Emre&#8217;nin e\u015fi Dilanay ve kay\u0131nvalidesi M\u00fcr\u00fcvet Han\u0131m&#8217;da Gelinim Mutfakta&#8217;da yar\u0131\u015fmaya devam ediyor. Peki Gelinim Mutfakta&#8217;da haftan\u0131n ilk g\u00fcn\u00fc kim kazand\u0131, g\u00fcn birincisi kim oldu? Gelinim Mutfakta&#8217;da puan tablosu olu\u015ftu ve g\u00fcn birincisi belirlendi. Dilanay en y\u00fcksek puan\u0131 alarak g\u00fcn birincisi olurken, 16 Mary 2026 Pazartesi Gelinim Mutfakta&#8217;da olu\u015fan puan tablosu da \u015fu \u015fekilde;<\/p>\n<p>Dilanay &#8211; 24<\/p>\n<p>Cansu &#8211; 13<\/p>\n<p><img loading=\"lazy\" decoding=\"async\" class=\"alignnone wp-image-309259 size-full\" src=\"https:\/\/www.tgrthaber.com\/mavikadin\/wp-content\/uploads\/2026\/03\/Ekran-goruntusu-2026-03-16-162142.png\" alt=\"\" width=\"1919\" height=\"1076\" title=\"\" srcset=\"https:\/\/www.tgrthaber.com\/mavikadin\/wp-content\/uploads\/2026\/03\/Ekran-goruntusu-2026-03-16-162142.png 1919w, https:\/\/www.tgrthaber.com\/mavikadin\/wp-content\/uploads\/2026\/03\/Ekran-goruntusu-2026-03-16-162142-300x168.png 300w, https:\/\/www.tgrthaber.com\/mavikadin\/wp-content\/uploads\/2026\/03\/Ekran-goruntusu-2026-03-16-162142-1024x574.png 1024w, https:\/\/www.tgrthaber.com\/mavikadin\/wp-content\/uploads\/2026\/03\/Ekran-goruntusu-2026-03-16-162142-768x431.png 768w, https:\/\/www.tgrthaber.com\/mavikadin\/wp-content\/uploads\/2026\/03\/Ekran-goruntusu-2026-03-16-162142-1536x861.png 1536w\" sizes=\"(max-width: 1919px) 100vw, 1919px\" \/><\/p>\n<hr \/>\n<p>Tu\u011fba &#8211; 7<\/p>\n<p>Alime &#8211; 5<\/p>\n<p><img loading=\"lazy\" decoding=\"async\" class=\"alignnone wp-image-309229 size-full\" src=\"https:\/\/www.tgrthaber.com\/mavikadin\/wp-content\/uploads\/2026\/03\/Ekran-goruntusu-2026-02-24-182137.png\" alt=\"\" width=\"1919\" height=\"1079\" title=\"\" srcset=\"https:\/\/www.tgrthaber.com\/mavikadin\/wp-content\/uploads\/2026\/03\/Ekran-goruntusu-2026-02-24-182137.png 1919w, https:\/\/www.tgrthaber.com\/mavikadin\/wp-content\/uploads\/2026\/03\/Ekran-goruntusu-2026-02-24-182137-300x169.png 300w, https:\/\/www.tgrthaber.com\/mavikadin\/wp-content\/uploads\/2026\/03\/Ekran-goruntusu-2026-02-24-182137-1024x576.png 1024w, https:\/\/www.tgrthaber.com\/mavikadin\/wp-content\/uploads\/2026\/03\/Ekran-goruntusu-2026-02-24-182137-768x432.png 768w, https:\/\/www.tgrthaber.com\/mavikadin\/wp-content\/uploads\/2026\/03\/Ekran-goruntusu-2026-02-24-182137-1536x864.png 1536w\" sizes=\"(max-width: 1919px) 100vw, 1919px\" \/><\/p>\n<hr \/>\n<h3>GEL\u0130N\u0130M MUTFAKTA 13 MART CUMA 10 ALTIN B\u0130LEZ\u0130\u011e\u0130 K\u0130M ALDI?<\/h3>\n<p><a href=\"https:\/\/www.tgrthaber.com\/mavikadin\/gelinim-mutfakta-aytene-ne-oldu-gelinim-mutfakta-ayten-yarismadan-ayrilacak-mi\/\">Gelinim Mutfakta<\/a>&#8216;da ge\u00e7en hafta Cuma g\u00fcn\u00fc yar\u0131\u015fmac\u0131lardan elenen olmazken, 10 alt\u0131n bilezi\u011fin sahibi Alime oldu. T\u00fcm haftan\u0131n performans\u0131n\u0131 g\u00f6steren tablo ise \u015fu \u015fekilde olu\u015ftu;<\/p>\n<p><img loading=\"lazy\" decoding=\"async\" class=\"alignnone wp-image-309230 size-full\" src=\"https:\/\/www.tgrthaber.com\/mavikadin\/wp-content\/uploads\/2026\/03\/Ekran-goruntusu-2026-03-10-161959-1.png\" alt=\"\" width=\"1919\" height=\"1078\" title=\"\" srcset=\"https:\/\/www.tgrthaber.com\/mavikadin\/wp-content\/uploads\/2026\/03\/Ekran-goruntusu-2026-03-10-161959-1.png 1919w, https:\/\/www.tgrthaber.com\/mavikadin\/wp-content\/uploads\/2026\/03\/Ekran-goruntusu-2026-03-10-161959-1-300x169.png 300w, https:\/\/www.tgrthaber.com\/mavikadin\/wp-content\/uploads\/2026\/03\/Ekran-goruntusu-2026-03-10-161959-1-1024x575.png 1024w, https:\/\/www.tgrthaber.com\/mavikadin\/wp-content\/uploads\/2026\/03\/Ekran-goruntusu-2026-03-10-161959-1-768x431.png 768w, https:\/\/www.tgrthaber.com\/mavikadin\/wp-content\/uploads\/2026\/03\/Ekran-goruntusu-2026-03-10-161959-1-1536x863.png 1536w\" sizes=\"(max-width: 1919px) 100vw, 1919px\" \/><\/p>\n<hr \/>\n<p>Alime &#8211; 75<\/p>\n<p>Tu\u011fba &#8211; 72<\/p>\n<p>Dilanay &#8211; 63<\/p>\n<p>Cansu &#8211; 21<\/p>\n","protected":false},"excerpt":{"rendered":"<p>Gelinim Mutfakta&#8217;n\u0131n yeni haftas\u0131 16 Mart 2026 Pazartesi itibar\u0131yla ba\u015flad\u0131. T\u00fcm g\u00fcn tezgah ba\u015f\u0131nda ter d\u00f6ken yar\u0131\u015fmac\u0131lar g\u00fcn sonunda \u00e7eyrek alt\u0131n almaya hak kazan\u0131yor. Peki Gelinim Mutfakta bug\u00fcn \u00e7eyrek alt\u0131n\u0131 kim ald\u0131? Gelinim Mutfakta 16 Mart 2026 Pazartesi kim birinci oldu? \u0130\u015fte Gelinim Mutfakta&#8217;da bug\u00fcn olu\u015fan puan tablosu&#8230;<\/p>\n","protected":false},"author":35,"featured_media":309213,"comment_status":"closed","ping_status":"closed","sticky":false,"template":"","format":"standard","meta":{"rank_math_lock_modified_date":false,"footnotes":""},"categories":[76],"tags":[24691,7578,51906,2766,133],"class_list":["post-309212","post","type-post","status-publish","format-standard","has-post-thumbnail","hentry","category-magazin","tag-ceyrek-altin","tag-gelinim-mutfakta","tag-gelinim-mutfakta-kim-kazandi","tag-kanal-d","tag-magazin"],"_links":{"self":[{"href":"https:\/\/www.tgrthaber.com\/mavikadin\/wp-json\/wp\/v2\/posts\/309212"}],"collection":[{"href":"https:\/\/www.tgrthaber.com\/mavikadin\/wp-json\/wp\/v2\/posts"}],"about":[{"href":"https:\/\/www.tgrthaber.com\/mavikadin\/wp-json\/wp\/v2\/types\/post"}],"author":[{"embeddable":true,"href":"https:\/\/www.tgrthaber.com\/mavikadin\/wp-json\/wp\/v2\/users\/35"}],"replies":[{"embeddable":true,"href":"https:\/\/www.tgrthaber.com\/mavikadin\/wp-json\/wp\/v2\/comments?post=309212"}],"version-history":[{"count":4,"href":"https:\/\/www.tgrthaber.com\/mavikadin\/wp-json\/wp\/v2\/posts\/309212\/revisions"}],"predecessor-version":[{"id":309260,"href":"https:\/\/www.tgrthaber.com\/mavikadin\/wp-json\/wp\/v2\/posts\/309212\/revisions\/309260"}],"wp:featuredmedia":[{"embeddable":true,"href":"https:\/\/www.tgrthaber.com\/mavikadin\/wp-json\/wp\/v2\/media\/309213"}],"wp:attachment":[{"href":"https:\/\/www.tgrthaber.com\/mavikadin\/wp-json\/wp\/v2\/media?parent=309212"}],"wp:term":[{"taxonomy":"category","embeddable":true,"href":"https:\/\/www.tgrthaber.com\/mavikadin\/wp-json\/wp\/v2\/categories?post=309212"},{"taxonomy":"post_tag","embeddable":true,"href":"https:\/\/www.tgrthaber.com\/mavikadin\/wp-json\/wp\/v2\/tags?post=309212"}],"curies":[{"name":"wp","href":"https:\/\/api.w.org\/{rel}","templated":true}]}}