{"id":309290,"date":"2026-03-16T17:20:07","date_gmt":"2026-03-16T14:20:07","guid":{"rendered":"https:\/\/www.tgrthaber.com\/mavikadin\/?p=309290"},"modified":"2026-03-16T17:20:08","modified_gmt":"2026-03-16T14:20:08","slug":"tulin-ozen-kimdir-kac-yasinda-tulin-ozen-hangi-projelerde-rol-aldi","status":"publish","type":"post","link":"https:\/\/www.tgrthaber.com\/mavikadin\/tulin-ozen-kimdir-kac-yasinda-tulin-ozen-hangi-projelerde-rol-aldi\/","title":{"rendered":"T\u00fclin \u00d6zen kimdir, ka\u00e7 ya\u015f\u0131nda? T\u00fclin \u00d6zen hangi projelerde rol ald\u0131?"},"content":{"rendered":"<p>Ahmet \u00dcmit\u2019in ayn\u0131 adl\u0131 kitab\u0131ndan uyarlama dizi olan \u0130stanbul Hat\u0131ras\u0131 ile Netflix ekranlar\u0131nda izleyiciyle bulu\u015facak olan T\u00fclin \u00d6zen hayat\u0131yla merak edilerek ara\u015ft\u0131r\u0131lmaya ba\u015fland\u0131. Arama motorlar\u0131nda T\u00fclin \u00d6zen\u2019in hayat\u0131 en \u00e7ok arat\u0131lan konulardan biri oldu. Peki, T\u00fclin \u00d6zen kimdir, ka\u00e7 ya\u015f\u0131nda? T\u00fclin \u00d6zen hangi projelerde rol ald\u0131? sorular\u0131n\u0131 sizin i\u00e7in ara\u015ft\u0131rd\u0131k. \u0130\u015fte detaylar\u2026<\/p>\n<h3>T\u00dcL\u0130N \u00d6ZEN K\u0130MD\u0130R?<\/h3>\n<p>Netflix\u2019in yeni dizilerinden biri olan \u0130stanbul Hat\u0131ras\u0131, Ahmet \u00dcmit\u2019in ayn\u0131 adl\u0131 roman\u0131ndan uyarlanarak ekranlara geliyor. Haz\u0131rl\u0131lar\u0131n\u0131n son h\u0131z devam etti\u011fi \u0130stanbul Hat\u0131ras\u0131 dizisi, ba\u015far\u0131l\u0131 kadrosuyla da dikkatleri \u00fczerine \u00e7ekiyor.<\/p>\n<p><img loading=\"lazy\" decoding=\"async\" class=\"alignnone size-full wp-image-309297\" src=\"https:\/\/www.tgrthaber.com\/mavikadin\/wp-content\/uploads\/2026\/03\/ARZU-54-1.jpg\" alt=\"T\u00fclin \u00d6zen kimdir, ka\u00e7 ya\u015f\u0131nda? T\u00fclin \u00d6zen hangi projelerde rol ald\u0131?\" width=\"1208\" height=\"680\" title=\"\" srcset=\"https:\/\/www.tgrthaber.com\/mavikadin\/wp-content\/uploads\/2026\/03\/ARZU-54-1.jpg 1208w, https:\/\/www.tgrthaber.com\/mavikadin\/wp-content\/uploads\/2026\/03\/ARZU-54-1-300x169.jpg 300w, https:\/\/www.tgrthaber.com\/mavikadin\/wp-content\/uploads\/2026\/03\/ARZU-54-1-1024x576.jpg 1024w, https:\/\/www.tgrthaber.com\/mavikadin\/wp-content\/uploads\/2026\/03\/ARZU-54-1-768x432.jpg 768w\" sizes=\"(max-width: 1208px) 100vw, 1208px\" \/><\/p>\n<hr \/>\n<p>Ba\u015frol de Nejat \u0130\u015fler yer al\u0131rken Bilal Yi\u011fit Ko\u00e7ak \u201cKomiser Ali\u201dyi, Simay Barlas \u201cKriminoloji Uzman\u0131 Zeynep\u2019i ve Cem Davran \u201cAdem Yezdan\u201d karakterlerini oynuyor. Ba\u015far\u0131l\u0131 isimlerin yer ald\u0131\u011f\u0131 \u0130stanbul Hat\u0131ras\u0131 dizisinde de rol alan <a href=\"https:\/\/www.tgrthaber.com\/medya\/tulin-ozen-istanbul-hatirasi-dizisinde-ekranlara-netflixin-yeni-yapimiyla-geri-donuyo-3288460\">T\u00fclin \u00d6zen<\/a> hayat\u0131yla merak edilerek ara\u015ft\u0131r\u0131lmaya ba\u015fland\u0131.<\/p>\n<p><img loading=\"lazy\" decoding=\"async\" class=\"alignnone size-full wp-image-309296\" src=\"https:\/\/www.tgrthaber.com\/mavikadin\/wp-content\/uploads\/2026\/03\/ARZU-55-1.jpg\" alt=\"T\u00fclin \u00d6zen kimdir, ka\u00e7 ya\u015f\u0131nda? T\u00fclin \u00d6zen hangi projelerde rol ald\u0131?\" width=\"1208\" height=\"680\" title=\"\" srcset=\"https:\/\/www.tgrthaber.com\/mavikadin\/wp-content\/uploads\/2026\/03\/ARZU-55-1.jpg 1208w, https:\/\/www.tgrthaber.com\/mavikadin\/wp-content\/uploads\/2026\/03\/ARZU-55-1-300x169.jpg 300w, https:\/\/www.tgrthaber.com\/mavikadin\/wp-content\/uploads\/2026\/03\/ARZU-55-1-1024x576.jpg 1024w, https:\/\/www.tgrthaber.com\/mavikadin\/wp-content\/uploads\/2026\/03\/ARZU-55-1-768x432.jpg 768w\" sizes=\"(max-width: 1208px) 100vw, 1208px\" \/><\/p>\n<hr \/>\n<p>Oynad\u0131\u011f\u0131 her rolle ak\u0131llarda yer alan T\u00fclin \u00d6zen, \u00f6d\u00fcll\u00fc yap\u0131mlar\u0131yla herkesin merakla takip etti\u011fi oyuncular aras\u0131nda yer al\u0131yor. Oyunculuk kariyerinde ba\u015far\u0131l\u0131 yap\u0131mlar\u0131yla ad\u0131ndan s\u00f6z ettiren T\u00fclin \u00d6zen, \u0130stanbul Hat\u0131ras\u0131 dizisinde de Birsen Altunta\u015f\u2019\u0131n haberine g\u00f6re \u2018Leyla Bark\u0131n\u2019 rol\u00fc ile izleyici kar\u015f\u0131s\u0131na \u00e7\u0131kacak.<\/p>\n<h3><img loading=\"lazy\" decoding=\"async\" class=\"alignnone size-full wp-image-309295\" src=\"https:\/\/www.tgrthaber.com\/mavikadin\/wp-content\/uploads\/2026\/03\/ARZU-56-2.jpg\" alt=\"T\u00fclin \u00d6zen kimdir, ka\u00e7 ya\u015f\u0131nda? T\u00fclin \u00d6zen hangi projelerde rol ald\u0131?\" width=\"1208\" height=\"680\" title=\"\" srcset=\"https:\/\/www.tgrthaber.com\/mavikadin\/wp-content\/uploads\/2026\/03\/ARZU-56-2.jpg 1208w, https:\/\/www.tgrthaber.com\/mavikadin\/wp-content\/uploads\/2026\/03\/ARZU-56-2-300x169.jpg 300w, https:\/\/www.tgrthaber.com\/mavikadin\/wp-content\/uploads\/2026\/03\/ARZU-56-2-1024x576.jpg 1024w, https:\/\/www.tgrthaber.com\/mavikadin\/wp-content\/uploads\/2026\/03\/ARZU-56-2-768x432.jpg 768w\" sizes=\"(max-width: 1208px) 100vw, 1208px\" \/><\/h3>\n<hr \/>\n<h3>T\u00dcL\u0130N \u00d6ZEN KA\u00c7 YA\u015eINDA?<\/h3>\n<p>T\u00fclin \u00d6zen\u2019in ka\u00e7 ya\u015f\u0131nda oldu\u011fu da merak edilerek ara\u015ft\u0131r\u0131lmaya ba\u015fland\u0131. \u00d6zellikle de arama motorlar\u0131nda \u2018T\u00fclin \u00d6zen ka\u00e7 ya\u015f\u0131nda?\u2019 sorusu merak edildi. Ba\u015far\u0131l\u0131 oyuncu 24 Aral\u0131k 1979 y\u0131l\u0131nda \u0130skenderun\u2019da d\u00fcnyaya geldi.<\/p>\n<p><img loading=\"lazy\" decoding=\"async\" class=\"alignnone size-full wp-image-309294\" src=\"https:\/\/www.tgrthaber.com\/mavikadin\/wp-content\/uploads\/2026\/03\/ARZU-57-2.jpg\" alt=\"T\u00fclin \u00d6zen kimdir, ka\u00e7 ya\u015f\u0131nda? T\u00fclin \u00d6zen hangi projelerde rol ald\u0131?\" width=\"1208\" height=\"680\" title=\"\" srcset=\"https:\/\/www.tgrthaber.com\/mavikadin\/wp-content\/uploads\/2026\/03\/ARZU-57-2.jpg 1208w, https:\/\/www.tgrthaber.com\/mavikadin\/wp-content\/uploads\/2026\/03\/ARZU-57-2-300x169.jpg 300w, https:\/\/www.tgrthaber.com\/mavikadin\/wp-content\/uploads\/2026\/03\/ARZU-57-2-1024x576.jpg 1024w, https:\/\/www.tgrthaber.com\/mavikadin\/wp-content\/uploads\/2026\/03\/ARZU-57-2-768x432.jpg 768w\" sizes=\"(max-width: 1208px) 100vw, 1208px\" \/><\/p>\n<hr \/>\n<p>Oynad\u0131\u011f\u0131 yap\u0131mlar ile dikkatleri \u00fczerine \u00e7eken T\u00fclin \u00d6zen, liseyi \u0130zmir Bornova Anadolu Lisesi\u2019nde okumu\u015ftur. Daha sonra \u0130stanbul Teknik \u00dcniversitesi Elektrik M\u00fchendisli\u011fi \u00f6\u011frenimi g\u00f6rm\u00fc\u015f ve b\u0131rakm\u0131\u015ft\u0131r. Daha sonra oyunculu\u011fa y\u00f6nelmi\u015ftir. Yeditepe \u00dcniversitesi G\u00fczel Sanatlar Fak\u00fcltesi Tiyatro B\u00f6l\u00fcm\u00fc\u2019nden mezun olmu\u015ftur.<\/p>\n<h3><img loading=\"lazy\" decoding=\"async\" class=\"alignnone size-full wp-image-309292\" src=\"https:\/\/www.tgrthaber.com\/mavikadin\/wp-content\/uploads\/2026\/03\/ARZU-59-2.jpg\" alt=\"T\u00fclin \u00d6zen kimdir, ka\u00e7 ya\u015f\u0131nda? T\u00fclin \u00d6zen hangi projelerde rol ald\u0131?\" width=\"1208\" height=\"680\" title=\"\" srcset=\"https:\/\/www.tgrthaber.com\/mavikadin\/wp-content\/uploads\/2026\/03\/ARZU-59-2.jpg 1208w, https:\/\/www.tgrthaber.com\/mavikadin\/wp-content\/uploads\/2026\/03\/ARZU-59-2-300x169.jpg 300w, https:\/\/www.tgrthaber.com\/mavikadin\/wp-content\/uploads\/2026\/03\/ARZU-59-2-1024x576.jpg 1024w, https:\/\/www.tgrthaber.com\/mavikadin\/wp-content\/uploads\/2026\/03\/ARZU-59-2-768x432.jpg 768w\" sizes=\"(max-width: 1208px) 100vw, 1208px\" \/><\/h3>\n<hr \/>\n<h3>T\u00dcL\u0130N \u00d6ZEN HANG\u0130 PROJELERDE ROL ALDI?<\/h3>\n<p>T\u00fclin \u00d6zen birbirinden ba\u015far\u0131l\u0131 projelerin kadrosunda yer alarak dikkatleri \u00fczerine \u00e7ekmektedir. Ufak Tefek Cinayetler, Yalan D\u00fcnya, Ald\u0131rma G\u00f6n\u00fcl, Muhte\u015fem Y\u00fczy\u0131l: K\u00f6sem, K\u0131rm\u0131z\u0131 Oda gibi dizilerde yer alm\u0131\u015ft\u0131r. Sadece televizyon dizileri ile de\u011fil sinema, internet dizi ve filmleriyle de dikkatleri \u00fczerine \u00e7ekmektedir.<\/p>\n<p><img loading=\"lazy\" decoding=\"async\" class=\"alignnone size-full wp-image-309291\" src=\"https:\/\/www.tgrthaber.com\/mavikadin\/wp-content\/uploads\/2026\/03\/ARZU-60-2.jpg\" alt=\"T\u00fclin \u00d6zen kimdir, ka\u00e7 ya\u015f\u0131nda? T\u00fclin \u00d6zen hangi projelerde rol ald\u0131?\" width=\"1208\" height=\"680\" title=\"\" srcset=\"https:\/\/www.tgrthaber.com\/mavikadin\/wp-content\/uploads\/2026\/03\/ARZU-60-2.jpg 1208w, https:\/\/www.tgrthaber.com\/mavikadin\/wp-content\/uploads\/2026\/03\/ARZU-60-2-300x169.jpg 300w, https:\/\/www.tgrthaber.com\/mavikadin\/wp-content\/uploads\/2026\/03\/ARZU-60-2-1024x576.jpg 1024w, https:\/\/www.tgrthaber.com\/mavikadin\/wp-content\/uploads\/2026\/03\/ARZU-60-2-768x432.jpg 768w\" sizes=\"(max-width: 1208px) 100vw, 1208px\" \/><\/p>\n<hr \/>\n<p>Masum, Karanl\u0131k B\u00f6lge, Bir Ba\u015fkad\u0131r, Pera Palas\u2019ta Bir Gece, Er\u015fan Kuneri, G\u00fcl\u00fcmse, Pek Yak\u0131nda, Vicdan, Yar\u0131n Ge\u00e7ti, K\u00f6t\u00fc \u00c7ocuk, Adile, Karakomik Filmleri 2 gibi sinema yap\u0131mlar\u0131nda da yer alm\u0131\u015ft\u0131r. \u015eimdilerde \u0130stanbul Hat\u0131ras\u0131 dizisiyle ekranlara gelecek.<\/p>\n","protected":false},"excerpt":{"rendered":"<p>Ba\u015far\u0131l\u0131 oyuncu T\u00fclin \u00d6zen, Netflix\u2019in yeni dizisi \u0130stanbul Hat\u0131ras\u0131\u2019yla ekranlara geri d\u00f6nerken hayat\u0131yla merak edildi. Peki, T\u00fclin \u00d6zen kimdir, ka\u00e7 ya\u015f\u0131nda? T\u00fclin \u00d6zen hangi projelerde rol ald\u0131? \u0130\u015fte detaylar\u2026<\/p>\n","protected":false},"author":34,"featured_media":309293,"comment_status":"closed","ping_status":"closed","sticky":false,"template":"","format":"standard","meta":{"rank_math_lock_modified_date":false,"footnotes":""},"categories":[491],"tags":[16521,71972,494,45526,73385],"class_list":["post-309290","post","type-post","status-publish","format-standard","has-post-thumbnail","hentry","category-biyografi","tag-biyografi-haberleri","tag-istanbul-hatirasi","tag-kimdir","tag-tulin-ozen","tag-tulin-ozen-kimdir"],"_links":{"self":[{"href":"https:\/\/www.tgrthaber.com\/mavikadin\/wp-json\/wp\/v2\/posts\/309290"}],"collection":[{"href":"https:\/\/www.tgrthaber.com\/mavikadin\/wp-json\/wp\/v2\/posts"}],"about":[{"href":"https:\/\/www.tgrthaber.com\/mavikadin\/wp-json\/wp\/v2\/types\/post"}],"author":[{"embeddable":true,"href":"https:\/\/www.tgrthaber.com\/mavikadin\/wp-json\/wp\/v2\/users\/34"}],"replies":[{"embeddable":true,"href":"https:\/\/www.tgrthaber.com\/mavikadin\/wp-json\/wp\/v2\/comments?post=309290"}],"version-history":[{"count":1,"href":"https:\/\/www.tgrthaber.com\/mavikadin\/wp-json\/wp\/v2\/posts\/309290\/revisions"}],"predecessor-version":[{"id":309300,"href":"https:\/\/www.tgrthaber.com\/mavikadin\/wp-json\/wp\/v2\/posts\/309290\/revisions\/309300"}],"wp:featuredmedia":[{"embeddable":true,"href":"https:\/\/www.tgrthaber.com\/mavikadin\/wp-json\/wp\/v2\/media\/309293"}],"wp:attachment":[{"href":"https:\/\/www.tgrthaber.com\/mavikadin\/wp-json\/wp\/v2\/media?parent=309290"}],"wp:term":[{"taxonomy":"category","embeddable":true,"href":"https:\/\/www.tgrthaber.com\/mavikadin\/wp-json\/wp\/v2\/categories?post=309290"},{"taxonomy":"post_tag","embeddable":true,"href":"https:\/\/www.tgrthaber.com\/mavikadin\/wp-json\/wp\/v2\/tags?post=309290"}],"curies":[{"name":"wp","href":"https:\/\/api.w.org\/{rel}","templated":true}]}}