{"id":309321,"date":"2026-03-16T18:21:38","date_gmt":"2026-03-16T15:21:38","guid":{"rendered":"https:\/\/www.tgrthaber.com\/mavikadin\/?p=309321"},"modified":"2026-03-16T18:21:38","modified_gmt":"2026-03-16T15:21:38","slug":"gelinim-mutfakta-susamli-ramazan-kebabi-tarifi-ve-puf-noktalari-ramazan-bayraminda-sofralar-senlenecek","status":"publish","type":"post","link":"https:\/\/www.tgrthaber.com\/mavikadin\/gelinim-mutfakta-susamli-ramazan-kebabi-tarifi-ve-puf-noktalari-ramazan-bayraminda-sofralar-senlenecek\/","title":{"rendered":"Gelinim Mutfakta susaml\u0131 Ramazan kebab\u0131 tarifi ve p\u00fcf noktalar\u0131! Ramazan Bayram\u0131&#8217;nda sofralar \u015fenlenecek"},"content":{"rendered":"<p>Gelinim Mutfakta yar\u0131\u015fmas\u0131nda yeni haftan\u0131n ilk g\u00fcn\u00fcnde damaklar\u0131 \u015fenlendiren bir lezzet yap\u0131ld\u0131. <a href=\"https:\/\/www.tgrthaber.com\/mavikadin\/yalanci-urfa-kebap-tarifi-firin-yemekleri-arasinda-en-meshuru\/\">Susaml\u0131 Ramazan Kebab\u0131<\/a>. 16 Mart Pazartesi g\u00fcn\u00fc ekranlara gelen b\u00f6l\u00fcmde, d\u00f6rt gelin bu \u00f6zel kebap tarifiyle \u00e7eyrek alt\u0131na ula\u015fmak i\u00e7in k\u0131yas\u0131ya yar\u0131\u015ft\u0131. \u00d6zellikle Ramazan ay\u0131nda iftar sofralar\u0131n\u0131n yan\u0131 s\u0131ra bayramda da sevdiklerinize sunabilece\u011finiz pratik ve lezzetli bir ana yemek olan susaml\u0131 Ramazan kebab\u0131 tarifi hem lezzetiyle hem de kokusuyla i\u015ftah\u0131n\u0131z\u0131 a\u00e7acak. Peki, Gelinim Mutfakta\u2019da g\u00fcn\u00fcn men\u00fcs\u00fc olan susaml\u0131 Ramazan kebab\u0131 nas\u0131l yap\u0131l\u0131yor? \u0130\u015fte merak edilen tarif ve p\u00fcf noktalar\u0131&#8230;<\/p>\n<h3>GEL\u0130N\u0130M MUTFAKTA SUSAMLI RAMAZAN KEBABI TAR\u0130F\u0130 VE P\u00dcF NOKTALARI<\/h3>\n<p>Bu nefis <a href=\"https:\/\/www.tgrthaber.com\/mavikadin\/masterchef-all-starin-viral-olan-fistikli-kebap-tarifi-sosyal-medya-bunu-konusuyor-yok-boyle-bir-lezzet\/\">kebab<\/a>\u0131 haz\u0131rlamak i\u00e7in gereken malzemeler olduk\u00e7a basit ve her mutfakta bulunabilecek t\u00fcrden. \u0130\u015fte gerekli malzeme listesi&#8230;<\/p>\n<p><strong>Malzemeler:<\/strong><\/p>\n<p><img loading=\"lazy\" decoding=\"async\" class=\"alignnone wp-image-309324 \" src=\"https:\/\/www.tgrthaber.com\/mavikadin\/wp-content\/uploads\/2026\/03\/Sesame-Kebab-Chicken-Premium-Frozen-Prepared-Food-e1773674191209.avif\" alt=\"\" width=\"1188\" height=\"717\" title=\"\" srcset=\"https:\/\/www.tgrthaber.com\/mavikadin\/wp-content\/uploads\/2026\/03\/Sesame-Kebab-Chicken-Premium-Frozen-Prepared-Food-e1773674191209.avif 550w, https:\/\/www.tgrthaber.com\/mavikadin\/wp-content\/uploads\/2026\/03\/Sesame-Kebab-Chicken-Premium-Frozen-Prepared-Food-e1773674191209-300x181.avif 300w\" sizes=\"(max-width: 1188px) 100vw, 1188px\" \/><\/p>\n<hr \/>\n<p>500 gram orta ya\u011fl\u0131 k\u0131yma (Dana ve kuzu kar\u0131\u015f\u0131k olmas\u0131 lezzetini art\u0131r\u0131r)<\/p>\n<p>1 adet orta boy rendelenmi\u015f so\u011fan<\/p>\n<p>2 di\u015f ezilmi\u015f sar\u0131msak<\/p>\n<p>1 \u00e7ay ka\u015f\u0131\u011f\u0131 tuz<\/p>\n<p>1 \u00e7ay ka\u015f\u0131\u011f\u0131 karabiber<\/p>\n<p>1 \u00e7ay ka\u015f\u0131\u011f\u0131 toz k\u0131rm\u0131z\u0131 biber<\/p>\n<p>1 \u00e7ay ka\u015f\u0131\u011f\u0131 kimyon<\/p>\n<p><img loading=\"lazy\" decoding=\"async\" class=\"alignnone wp-image-309323 size-full\" src=\"https:\/\/www.tgrthaber.com\/mavikadin\/wp-content\/uploads\/2026\/03\/kocaeli-gazetesi-gelinim-mutfakta-s-zkrg-kgig.webp\" alt=\"\" width=\"1280\" height=\"720\" title=\"\" srcset=\"https:\/\/www.tgrthaber.com\/mavikadin\/wp-content\/uploads\/2026\/03\/kocaeli-gazetesi-gelinim-mutfakta-s-zkrg-kgig.webp 1280w, https:\/\/www.tgrthaber.com\/mavikadin\/wp-content\/uploads\/2026\/03\/kocaeli-gazetesi-gelinim-mutfakta-s-zkrg-kgig-300x169.webp 300w, https:\/\/www.tgrthaber.com\/mavikadin\/wp-content\/uploads\/2026\/03\/kocaeli-gazetesi-gelinim-mutfakta-s-zkrg-kgig-1024x576.webp 1024w, https:\/\/www.tgrthaber.com\/mavikadin\/wp-content\/uploads\/2026\/03\/kocaeli-gazetesi-gelinim-mutfakta-s-zkrg-kgig-768x432.webp 768w\" sizes=\"(max-width: 1280px) 100vw, 1280px\" \/><\/p>\n<hr \/>\n<p>1 tutam ince k\u0131y\u0131lm\u0131\u015f maydanoz<\/p>\n<p>1 \u00e7ay barda\u011f\u0131 susam<\/p>\n<p>1 yemek ka\u015f\u0131\u011f\u0131 zeytinya\u011f\u0131<\/p>\n<p>\u015ei\u015fe sarmak i\u00e7in ya\u011fl\u0131 ka\u011f\u0131t veya \u015fi\u015f<\/p>\n<p><img loading=\"lazy\" decoding=\"async\" class=\"alignnone wp-image-309325 size-full\" src=\"https:\/\/www.tgrthaber.com\/mavikadin\/wp-content\/uploads\/2026\/03\/ks__7190-assorti-iz-lyuyakebab.webp\" alt=\"\" width=\"1280\" height=\"853\" title=\"\" srcset=\"https:\/\/www.tgrthaber.com\/mavikadin\/wp-content\/uploads\/2026\/03\/ks__7190-assorti-iz-lyuyakebab.webp 1280w, https:\/\/www.tgrthaber.com\/mavikadin\/wp-content\/uploads\/2026\/03\/ks__7190-assorti-iz-lyuyakebab-300x200.webp 300w, https:\/\/www.tgrthaber.com\/mavikadin\/wp-content\/uploads\/2026\/03\/ks__7190-assorti-iz-lyuyakebab-1024x682.webp 1024w, https:\/\/www.tgrthaber.com\/mavikadin\/wp-content\/uploads\/2026\/03\/ks__7190-assorti-iz-lyuyakebab-768x512.webp 768w\" sizes=\"(max-width: 1280px) 100vw, 1280px\" \/><\/p>\n<hr \/>\n<h3>SUSAMLI RAMAZAN KEBABI NASIL YAPILIR?<\/h3>\n<p><a href=\"https:\/\/www.tgrthaber.com\/mavikadin\/masterchef-alti-ezmeli-kebap-tarifi-sirri-verildi-daha-iyisini-yemediniz\/\">Susaml\u0131 Ramazan kebab\u0131<\/a> yapmaya karar verenler \u00f6ncelikle i\u015fe derin bir kar\u0131\u015ft\u0131rma kab\u0131na 500 gram k\u0131ymay\u0131 ararak ba\u015flayabilir. \u00dczerine rendelenmi\u015f so\u011fan\u0131, ezilmi\u015f sar\u0131msaklar\u0131, tuz, karabiber, toz k\u0131rm\u0131z\u0131 biber ve kimyonu ekleyin. \u0130nce k\u0131y\u0131lm\u0131\u015f maydanozu da ekledikten sonra t\u00fcm malzemeleri g\u00fczelce yo\u011furun. K\u0131yman\u0131n baharatlar\u0131 iyice \u00e7ekmesi ve sertle\u015fmemesi i\u00e7in en az 5 ila 10 dakika yo\u011furmakta fayda var.<\/p>\n<p>Haz\u0131rlad\u0131\u011f\u0131n\u0131z k\u00f6fte harc\u0131ndan ceviz b\u00fcy\u00fckl\u00fc\u011f\u00fcnde par\u00e7alar kopar\u0131n. Islak ellerle \u015fi\u015fe ya da \u00e7\u00f6p \u015fi\u015fe uzunlamas\u0131na \u015fekil vererek kebap \u015fekline getirin E\u011fer \u015fi\u015f kullanm\u0131yorsan\u0131z, ya\u011fl\u0131 ka\u011f\u0131t serili f\u0131r\u0131n tepsisinde de ayn\u0131 \u015fekli verebilirsiniz.<\/p>\n<p><img loading=\"lazy\" decoding=\"async\" class=\"alignnone wp-image-309327 size-full\" src=\"https:\/\/www.tgrthaber.com\/mavikadin\/wp-content\/uploads\/2026\/03\/A51fbd3ab34d34fc4a38beab07ac925a1N.avif\" alt=\"\" width=\"1500\" height=\"1125\" title=\"\" srcset=\"https:\/\/www.tgrthaber.com\/mavikadin\/wp-content\/uploads\/2026\/03\/A51fbd3ab34d34fc4a38beab07ac925a1N.avif 1500w, https:\/\/www.tgrthaber.com\/mavikadin\/wp-content\/uploads\/2026\/03\/A51fbd3ab34d34fc4a38beab07ac925a1N-300x225.avif 300w, https:\/\/www.tgrthaber.com\/mavikadin\/wp-content\/uploads\/2026\/03\/A51fbd3ab34d34fc4a38beab07ac925a1N-1024x768.avif 1024w, https:\/\/www.tgrthaber.com\/mavikadin\/wp-content\/uploads\/2026\/03\/A51fbd3ab34d34fc4a38beab07ac925a1N-768x576.avif 768w\" sizes=\"(max-width: 1500px) 100vw, 1500px\" \/><\/p>\n<hr \/>\n<p>Bir taba\u011fa susam\u0131 yay\u0131n. \u015eekil verdi\u011finiz kebaplar\u0131 susama bulayarak her taraf\u0131n\u0131n e\u015fit \u015fekilde kaplanmas\u0131n\u0131 sa\u011flay\u0131n. Bu i\u015flem, kebaplara harika bir \u00e7\u0131t\u0131rl\u0131k ve lezzet kazand\u0131r\u0131yor.<\/p>\n<p>Kebaplar\u0131 \u0131zgarada, tavada veya \u00f6nceden \u0131s\u0131t\u0131lm\u0131\u015f 200 derece f\u0131r\u0131nda \u00fczerleri k\u0131zarana kadar pi\u015firebilirsiniz. Pi\u015firme s\u0131ras\u0131nda bir f\u0131r\u00e7a yard\u0131m\u0131yla \u00fczerlerine biraz zeytinya\u011f\u0131 s\u00fcrmek, susamlar\u0131n daha kolay k\u0131zarmas\u0131n\u0131 ve parlak g\u00f6r\u00fcnmesini sa\u011flar.<\/p>\n<p><img loading=\"lazy\" decoding=\"async\" class=\"alignnone wp-image-309329 size-full\" src=\"https:\/\/www.tgrthaber.com\/mavikadin\/wp-content\/uploads\/2026\/03\/maxresdefault-42.jpg\" alt=\"\" width=\"1280\" height=\"720\" title=\"\" srcset=\"https:\/\/www.tgrthaber.com\/mavikadin\/wp-content\/uploads\/2026\/03\/maxresdefault-42.jpg 1280w, https:\/\/www.tgrthaber.com\/mavikadin\/wp-content\/uploads\/2026\/03\/maxresdefault-42-300x169.jpg 300w, https:\/\/www.tgrthaber.com\/mavikadin\/wp-content\/uploads\/2026\/03\/maxresdefault-42-1024x576.jpg 1024w, https:\/\/www.tgrthaber.com\/mavikadin\/wp-content\/uploads\/2026\/03\/maxresdefault-42-768x432.jpg 768w\" sizes=\"(max-width: 1280px) 100vw, 1280px\" \/><\/p>\n<hr \/>\n<p>Son olarak haz\u0131rlad\u0131\u011f\u0131n\u0131z susaml\u0131 Ramazan kebab\u0131n\u0131 c\u0131cak olarak servis edin. \u0130nce do\u011franm\u0131\u015f sumakl\u0131 so\u011fan salatas\u0131, domates ve biber ile birlikte lava\u015f ekme\u011fine sararak da sunabilirsiniz. Afiyet olsun.<\/p>\n<p><img loading=\"lazy\" decoding=\"async\" class=\"alignnone wp-image-309328 \" src=\"https:\/\/www.tgrthaber.com\/mavikadin\/wp-content\/uploads\/2026\/03\/kavrulmus-susam.jpg\" alt=\"\" width=\"1206\" height=\"627\" title=\"\" srcset=\"https:\/\/www.tgrthaber.com\/mavikadin\/wp-content\/uploads\/2026\/03\/kavrulmus-susam.jpg 1000w, https:\/\/www.tgrthaber.com\/mavikadin\/wp-content\/uploads\/2026\/03\/kavrulmus-susam-300x156.jpg 300w, https:\/\/www.tgrthaber.com\/mavikadin\/wp-content\/uploads\/2026\/03\/kavrulmus-susam-768x399.jpg 768w\" sizes=\"(max-width: 1206px) 100vw, 1206px\" \/><\/p>\n<hr \/>\n<h3>EN SIK SORULAN SORULAR VE CEVAPLARI<\/h3>\n<h3>Kebab\u0131n yumu\u015fak olmas\u0131 i\u00e7in p\u00fcf noktas\u0131 nedir?<\/h3>\n<p>K\u0131yman\u0131z\u0131n orta ya\u011fl\u0131 olmas\u0131 \u00e7ok \u00f6nemlidir. Ayr\u0131ca harc\u0131n i\u00e7ine ekleyece\u011finiz rendelenmi\u015f so\u011fan ve yo\u011furma yaparken k\u0131yman\u0131n iyice harmanlanmas\u0131, kebab\u0131n pi\u015ferken sertle\u015fmesini \u00f6nler.<\/p>\n<h3>Susamlar pi\u015ferken yanar m\u0131? Ne yapmal\u0131y\u0131m?<\/h3>\n<p>F\u0131r\u0131nda pi\u015firiyorsan\u0131z, kebaplar\u0131 f\u0131r\u0131n\u0131n orta raf\u0131na koyun ve \u00fczerleri k\u0131zarana kadar kontrol ederek pi\u015firin. Tava veya \u0131zgarada pi\u015firiyorsan\u0131z, orta ate\u015fte s\u0131k s\u0131k \u00e7evirerek her taraf\u0131n\u0131n e\u015fit pi\u015fmesini sa\u011flay\u0131n.<\/p>\n<h3>Bu tarifi \u00f6nceden haz\u0131rlay\u0131p dolapta saklayabilir miyim?<\/h3>\n<p>Kebaplar\u0131 \u015fekillendirip susama bulad\u0131ktan sonra bir tepsiye dizip \u00fczerini stre\u00e7 filmle kapatabilirsiniz. Bu \u015fekilde buzdolab\u0131nda birka\u00e7 saat bekletebilir veya pi\u015firme vaktine kadar bu \u015fekilde saklayabilirsiniz.<\/p>\n","protected":false},"excerpt":{"rendered":"<p>Gelinim Mutfakta&#8217;da Ramazan Bayram\u0131&#8217;na yak\u0131n lezzetli mi lezzetli, hem damaklara hem de g\u00f6zlere hitap eden bir tarif yap\u0131ld\u0131. Susaml\u0131 Ramazan kebab\u0131 tarifi ekran ba\u015f\u0131ndaki milyonlar\u0131n da dikkatini \u00e7ekmeyi ba\u015fard\u0131. Bayram sofras\u0131n\u0131 \u015fenlendirmek isteyen, susaml\u0131 Ramazan kebab\u0131 tarifinin pe\u015fine d\u00fc\u015ft\u00fc. Peki susaml\u0131 Ramazan kebab\u0131 nas\u0131l yap\u0131l\u0131r, hangi malzemeler gerekir? \u0130\u015fte t\u00fcm p\u00fcf noktalar\u0131yla susaml\u0131 Ramazan kebab\u0131 tarifi&#8230;<\/p>\n","protected":false},"author":35,"featured_media":309322,"comment_status":"closed","ping_status":"closed","sticky":false,"template":"","format":"standard","meta":{"rank_math_lock_modified_date":false,"footnotes":""},"categories":[191],"tags":[73388,73387,73386,16500,3411],"class_list":["post-309321","post","type-post","status-publish","format-standard","has-post-thumbnail","hentry","category-yemek-tarifleri","tag-bayram-yemekleri","tag-kebap-cesitleri","tag-susamli-ramazan-kebabi","tag-tarifler","tag-yemek-tarifleri"],"_links":{"self":[{"href":"https:\/\/www.tgrthaber.com\/mavikadin\/wp-json\/wp\/v2\/posts\/309321"}],"collection":[{"href":"https:\/\/www.tgrthaber.com\/mavikadin\/wp-json\/wp\/v2\/posts"}],"about":[{"href":"https:\/\/www.tgrthaber.com\/mavikadin\/wp-json\/wp\/v2\/types\/post"}],"author":[{"embeddable":true,"href":"https:\/\/www.tgrthaber.com\/mavikadin\/wp-json\/wp\/v2\/users\/35"}],"replies":[{"embeddable":true,"href":"https:\/\/www.tgrthaber.com\/mavikadin\/wp-json\/wp\/v2\/comments?post=309321"}],"version-history":[{"count":2,"href":"https:\/\/www.tgrthaber.com\/mavikadin\/wp-json\/wp\/v2\/posts\/309321\/revisions"}],"predecessor-version":[{"id":309332,"href":"https:\/\/www.tgrthaber.com\/mavikadin\/wp-json\/wp\/v2\/posts\/309321\/revisions\/309332"}],"wp:featuredmedia":[{"embeddable":true,"href":"https:\/\/www.tgrthaber.com\/mavikadin\/wp-json\/wp\/v2\/media\/309322"}],"wp:attachment":[{"href":"https:\/\/www.tgrthaber.com\/mavikadin\/wp-json\/wp\/v2\/media?parent=309321"}],"wp:term":[{"taxonomy":"category","embeddable":true,"href":"https:\/\/www.tgrthaber.com\/mavikadin\/wp-json\/wp\/v2\/categories?post=309321"},{"taxonomy":"post_tag","embeddable":true,"href":"https:\/\/www.tgrthaber.com\/mavikadin\/wp-json\/wp\/v2\/tags?post=309321"}],"curies":[{"name":"wp","href":"https:\/\/api.w.org\/{rel}","templated":true}]}}