{"id":309335,"date":"2026-03-16T20:19:48","date_gmt":"2026-03-16T17:19:48","guid":{"rendered":"https:\/\/www.tgrthaber.com\/mavikadin\/?p=309335"},"modified":"2026-03-16T20:19:49","modified_gmt":"2026-03-16T17:19:49","slug":"dilan-polat-bebegini-kaybetti-aci-haberi-ablasi-sila-dogu-boyle-duyurdu","status":"publish","type":"post","link":"https:\/\/www.tgrthaber.com\/mavikadin\/dilan-polat-bebegini-kaybetti-aci-haberi-ablasi-sila-dogu-boyle-duyurdu\/","title":{"rendered":"Dilan Polat bebe\u011fini kaybetti! Ac\u0131 haberi ablas\u0131 S\u0131la Do\u011fu b\u00f6yle duyurdu"},"content":{"rendered":"<p>Sosyal medya fenomeni Dilan Polat&#8217;tan sevenlerini \u00fczen bir haber geldi. Uzun s\u00fcredir t\u00fcp bebek tedavisi g\u00f6ren ve ge\u00e7ti\u011fimiz g\u00fcnlerde \u00fc\u00e7\u00fcnc\u00fc kez anne olaca\u011f\u0131n\u0131 b\u00fcy\u00fck bir heyecanla duyuran Polat&#8217;\u0131n hamileli\u011fi maalesef sonland\u0131. Bebe\u011fini kaybeden <a href=\"https:\/\/www.tgrthaber.com\/mavikadin\/dilan-polat-kardesi-sila-dogu-tarafindan-darp-edildigini-acikladi-dilan-polat-paylasimlari-ortaligi-karistirdi\/\">Dilan Polat<\/a>&#8216;\u0131n ac\u0131 haberini ise sevenleriyle payla\u015fan isim, ablas\u0131 S\u0131la Do\u011fu oldu. \u0130\u015fte S\u0131la Do\u011fu&#8217;nun sosyal medya hesab\u0131ndan yapt\u0131\u011f\u0131 payla\u015f\u0131m ve Dilan Polat&#8217;\u0131n operasyon sonras\u0131 yapt\u0131\u011f\u0131 ilk a\u00e7\u0131klama&#8230;<\/p>\n<h3>D\u0130LAN POLAT BEBE\u011e\u0130N\u0130 KAYBETT\u0130<\/h3>\n<p>Bir s\u00fcredir t\u00fcp bebek tedavisi g\u00f6ren ve bu durumu da sosyal medya hesab\u0131ndan takip\u00e7ileriyle payla\u015fan <a href=\"https:\/\/www.tgrthaber.com\/mavikadin\/dilan-polat-ve-engin-polattan-gozalti-sonrasi-paylasim-aciklamalari-dikkat-cekti\/\">Dilan Polat<\/a>, k\u0131sa bir s\u00fcre \u00f6nce m\u00fcjdeli haberi duyurmu\u015ftu.<\/p>\n<p><img loading=\"lazy\" decoding=\"async\" class=\"alignnone wp-image-309340 size-full\" src=\"https:\/\/www.tgrthaber.com\/mavikadin\/wp-content\/uploads\/2026\/03\/dilan-polat-tup-bebek-tedavisine-basladigini-18308670_6691_amp.jpg\" alt=\"\" width=\"1200\" height=\"800\" title=\"\" srcset=\"https:\/\/www.tgrthaber.com\/mavikadin\/wp-content\/uploads\/2026\/03\/dilan-polat-tup-bebek-tedavisine-basladigini-18308670_6691_amp.jpg 1200w, https:\/\/www.tgrthaber.com\/mavikadin\/wp-content\/uploads\/2026\/03\/dilan-polat-tup-bebek-tedavisine-basladigini-18308670_6691_amp-300x200.jpg 300w, https:\/\/www.tgrthaber.com\/mavikadin\/wp-content\/uploads\/2026\/03\/dilan-polat-tup-bebek-tedavisine-basladigini-18308670_6691_amp-1024x683.jpg 1024w, https:\/\/www.tgrthaber.com\/mavikadin\/wp-content\/uploads\/2026\/03\/dilan-polat-tup-bebek-tedavisine-basladigini-18308670_6691_amp-768x512.jpg 768w\" sizes=\"(max-width: 1200px) 100vw, 1200px\" \/><\/p>\n<hr \/>\n<p>E\u015fi ve \u00e7ocuklar\u0131na s\u00fcrpriz bir \u015fekilde hamile oldu\u011funu a\u00e7\u0131klayan Polat, o anlar\u0131 sosyal medya hesab\u0131ndan yay\u0131nlayarak mutlulu\u011funu herkesle payla\u015fm\u0131\u015ft\u0131. Ancak bu mutluluk k\u0131sa s\u00fcrd\u00fc. Bir s\u00fcredir kar\u0131n a\u011fr\u0131s\u0131 \u015fikayeti olan Polat, hastanede yap\u0131lan kontroller sonucu <a href=\"https:\/\/www.tgrthaber.com\/mavikadin\/dilan-polat-ve-kardesi-sila-birbirine-girdi-sosyal-medyadan-soke-eden-paylasimlar\/\">bebe\u011fini kaybetti\u011fini<\/a> \u00f6\u011frendi. Ya\u015fanan talihsiz olay\u0131n ard\u0131ndan Dilan Polat&#8217;a ayr\u0131ca k\u00fc\u00e7\u00fck bir operasyon yap\u0131ld\u0131\u011f\u0131 da ortaya \u00e7\u0131kt\u0131.<\/p>\n<p><img loading=\"lazy\" decoding=\"async\" class=\"alignnone wp-image-309341 size-full\" src=\"https:\/\/www.tgrthaber.com\/mavikadin\/wp-content\/uploads\/2026\/03\/Adsiz-tasarim-2026-03-16T201252.251-scaled.jpg\" alt=\"\" width=\"2560\" height=\"1440\" title=\"\" srcset=\"https:\/\/www.tgrthaber.com\/mavikadin\/wp-content\/uploads\/2026\/03\/Adsiz-tasarim-2026-03-16T201252.251-scaled.jpg 2560w, https:\/\/www.tgrthaber.com\/mavikadin\/wp-content\/uploads\/2026\/03\/Adsiz-tasarim-2026-03-16T201252.251-300x169.jpg 300w, https:\/\/www.tgrthaber.com\/mavikadin\/wp-content\/uploads\/2026\/03\/Adsiz-tasarim-2026-03-16T201252.251-1024x576.jpg 1024w, https:\/\/www.tgrthaber.com\/mavikadin\/wp-content\/uploads\/2026\/03\/Adsiz-tasarim-2026-03-16T201252.251-768x432.jpg 768w, https:\/\/www.tgrthaber.com\/mavikadin\/wp-content\/uploads\/2026\/03\/Adsiz-tasarim-2026-03-16T201252.251-1536x864.jpg 1536w, https:\/\/www.tgrthaber.com\/mavikadin\/wp-content\/uploads\/2026\/03\/Adsiz-tasarim-2026-03-16T201252.251-2048x1152.jpg 2048w\" sizes=\"(max-width: 2560px) 100vw, 2560px\" \/><\/p>\n<hr \/>\n<h3>ACI HABER\u0130 ABLASI SILA B\u00d6YLE DUYURDU<\/h3>\n<p>Dilan Polat&#8217;\u0131n ablas\u0131<a href=\"https:\/\/www.tgrthaber.com\/mavikadin\/dilan-polat-hapis-cezasi-mi-aldi-dilan-polat-davasinda-son-gelisme-ne-oldu\/\"> S\u0131la Do\u011fu<\/a>, sosyal medya hesab\u0131ndan yapt\u0131\u011f\u0131 duygusal payla\u015f\u0131mla karde\u015fi Dilan Polat&#8217;\u0131n bebe\u011fini kaybetti\u011fini takip\u00e7ilerine duyurdu. Do\u011fu, payla\u015f\u0131m\u0131nda \u015fu ifadelere yer verdi:<\/p>\n<p><img loading=\"lazy\" decoding=\"async\" class=\"alignnone wp-image-309338 \" src=\"https:\/\/www.tgrthaber.com\/mavikadin\/wp-content\/uploads\/2026\/03\/i-93.webp\" alt=\"\" width=\"1419\" height=\"798\" title=\"\" srcset=\"https:\/\/www.tgrthaber.com\/mavikadin\/wp-content\/uploads\/2026\/03\/i-93.webp 480w, https:\/\/www.tgrthaber.com\/mavikadin\/wp-content\/uploads\/2026\/03\/i-93-300x169.webp 300w\" sizes=\"(max-width: 1419px) 100vw, 1419px\" \/><\/p>\n<hr \/>\n<p>&#8216;DM kutum y\u0131k\u0131l\u0131yor \u015fu an ald\u0131m bende haber. Size g\u00fczel haberler vermek \u00e7ok isterdim ama \u00e7ok \u00fczg\u00fcn\u00fcm g\u00fczel haber veremeyece\u011fim. T\u00fcp bebek ile ba\u015flayan hamileli\u011fi maalesef ya\u015fanan kanama sonras\u0131 sonland\u0131. Rabbimin takdiri, kader. Demek ki o g\u00fczel can\u0131n bu d\u00fcnyaya gelmesi nasip de\u011filmi\u015f. Elbette \u00e7ok \u00fczg\u00fcn\u00fcz ama her \u015feyin Allah&#8217;tan geldi\u011fine inan\u0131yor, yine O&#8217;na s\u0131\u011f\u0131n\u0131yoruz.<\/p>\n<p><img loading=\"lazy\" decoding=\"async\" class=\"alignnone wp-image-309339 \" src=\"https:\/\/www.tgrthaber.com\/mavikadin\/wp-content\/uploads\/2026\/03\/0x0-3-cocuk-mujdesi-dilan-polat-test-sonucuyla-hamile-oldugunu-duyurdu.webp\" alt=\"\" width=\"1344\" height=\"1326\" title=\"\" srcset=\"https:\/\/www.tgrthaber.com\/mavikadin\/wp-content\/uploads\/2026\/03\/0x0-3-cocuk-mujdesi-dilan-polat-test-sonucuyla-hamile-oldugunu-duyurdu.webp 730w, https:\/\/www.tgrthaber.com\/mavikadin\/wp-content\/uploads\/2026\/03\/0x0-3-cocuk-mujdesi-dilan-polat-test-sonucuyla-hamile-oldugunu-duyurdu-300x296.webp 300w\" sizes=\"(max-width: 1344px) 100vw, 1344px\" \/><\/p>\n<hr \/>\n<p>Rabbim kimseye evlat ac\u0131s\u0131 ya\u015fatmas\u0131n. Bu s\u00fcre\u00e7te Dilan i\u00e7in dualar\u0131n\u0131z\u0131 ve g\u00fczel dileklerinizi bekliyoruz. \u0130n\u015fallah Rabbim zaman\u0131 geldi\u011finde isteyen herkese nasip eder. Tekrardan herkesin Kadir Gecesi m\u00fcbarek olsun canlar, dualarda bulu\u015fal\u0131m. Bu s\u00fcre\u00e7te destekleriniz dualar\u0131n\u0131z i\u00e7in \u00e7ok te\u015fekk\u00fcr ederiz.&#8217;<\/p>\n<p><img loading=\"lazy\" decoding=\"async\" class=\"alignnone wp-image-309337 size-full\" src=\"https:\/\/www.tgrthaber.com\/mavikadin\/wp-content\/uploads\/2026\/03\/Adsiz-tasarim-2026-03-16T195839.942-scaled.jpg\" alt=\"\" width=\"2560\" height=\"1440\" title=\"\" srcset=\"https:\/\/www.tgrthaber.com\/mavikadin\/wp-content\/uploads\/2026\/03\/Adsiz-tasarim-2026-03-16T195839.942-scaled.jpg 2560w, https:\/\/www.tgrthaber.com\/mavikadin\/wp-content\/uploads\/2026\/03\/Adsiz-tasarim-2026-03-16T195839.942-300x169.jpg 300w, https:\/\/www.tgrthaber.com\/mavikadin\/wp-content\/uploads\/2026\/03\/Adsiz-tasarim-2026-03-16T195839.942-1024x576.jpg 1024w, https:\/\/www.tgrthaber.com\/mavikadin\/wp-content\/uploads\/2026\/03\/Adsiz-tasarim-2026-03-16T195839.942-768x432.jpg 768w, https:\/\/www.tgrthaber.com\/mavikadin\/wp-content\/uploads\/2026\/03\/Adsiz-tasarim-2026-03-16T195839.942-1536x864.jpg 1536w, https:\/\/www.tgrthaber.com\/mavikadin\/wp-content\/uploads\/2026\/03\/Adsiz-tasarim-2026-03-16T195839.942-2048x1152.jpg 2048w\" sizes=\"(max-width: 2560px) 100vw, 2560px\" \/><\/p>\n<hr \/>\n<h3>D\u0130LAN POLAT&#8217;TAN OPERASYON SONRASI \u0130LK A\u00c7IKLAMA<\/h3>\n<p>Ac\u0131 haberin duyulmas\u0131n\u0131n ard\u0131ndan Dilan Polat&#8217;tan da beklenen a\u00e7\u0131klama geldi. Kendi sosyal medya hesab\u0131ndan bir a\u00e7\u0131klama yapan Polat, ya\u015fad\u0131\u011f\u0131 talihsiz olay\u0131 do\u011frulad\u0131. Polat, payla\u015f\u0131m\u0131nda \u015fu ifadeleri kulland\u0131:<\/p>\n<p><img loading=\"lazy\" decoding=\"async\" class=\"alignnone wp-image-309343 size-full\" src=\"https:\/\/www.tgrthaber.com\/mavikadin\/wp-content\/uploads\/2026\/03\/dilan-polat-olayi-ne-engin-polat-dilan-polat-son-16430127_4836_amp.webp\" alt=\"\" width=\"1200\" height=\"675\" title=\"\" srcset=\"https:\/\/www.tgrthaber.com\/mavikadin\/wp-content\/uploads\/2026\/03\/dilan-polat-olayi-ne-engin-polat-dilan-polat-son-16430127_4836_amp.webp 1200w, https:\/\/www.tgrthaber.com\/mavikadin\/wp-content\/uploads\/2026\/03\/dilan-polat-olayi-ne-engin-polat-dilan-polat-son-16430127_4836_amp-300x169.webp 300w, https:\/\/www.tgrthaber.com\/mavikadin\/wp-content\/uploads\/2026\/03\/dilan-polat-olayi-ne-engin-polat-dilan-polat-son-16430127_4836_amp-1024x576.webp 1024w, https:\/\/www.tgrthaber.com\/mavikadin\/wp-content\/uploads\/2026\/03\/dilan-polat-olayi-ne-engin-polat-dilan-polat-son-16430127_4836_amp-768x432.webp 768w\" sizes=\"(max-width: 1200px) 100vw, 1200px\" \/><\/p>\n<hr \/>\n<p>&#8216;Rabbim b\u00f6yle olmas\u0131n\u0131 istemi\u015f maalesef talihsiz bir olay ya\u015fad\u0131k. Kader k\u0131smet, demek b\u00f6ylesi hay\u0131rl\u0131s\u0131ym\u0131\u015f. Birka\u00e7 g\u00fcnd\u00fcr ya\u015fad\u0131\u011f\u0131m kar\u0131n a\u011fr\u0131s\u0131na normal olarak d\u00fc\u015f\u00fcnm\u00fc\u015ft\u00fcm ama bebe\u011fin d\u00fc\u015f\u00fck oldu\u011funu s\u00f6ylediler. Ufak bir operasyon ge\u00e7irdim. Destekleriniz i\u00e7in te\u015fekk\u00fcr ediyorum.&#8217;<\/p>\n<div style=\"width: 640px;\" class=\"wp-video\"><!--[if lt IE 9]><script>document.createElement('video');<\/script><![endif]-->\n<video class=\"wp-video-shortcode\" id=\"video-309335-1\" width=\"640\" height=\"1138\" preload=\"metadata\" controls=\"controls\"><source type=\"video\/mp4\" src=\"https:\/\/www.tgrthaber.com\/mavikadin\/wp-content\/uploads\/2026\/03\/Instagram-dilanpolat-stories-all.mp4?_=1\" \/><a href=\"https:\/\/www.tgrthaber.com\/mavikadin\/wp-content\/uploads\/2026\/03\/Instagram-dilanpolat-stories-all.mp4\">https:\/\/www.tgrthaber.com\/mavikadin\/wp-content\/uploads\/2026\/03\/Instagram-dilanpolat-stories-all.mp4<\/a><\/video><\/div>\n<hr \/>\n<p>Bununla beraber Dilan Polat&#8217;tan sevenlerine bir daha \u00e7ocuk yapmay\u0131 d\u00fc\u015f\u00fcnmedi\u011fini de s\u00f6yledi. Sosyal medyada viral olan payla\u015f\u0131mlar sonras\u0131 Dilan Polat ve S\u0131la Do\u011fu&#8217;ya destek ve ge\u00e7mi\u015f olsun mesajlar\u0131 gelmeye devam ediyor.<\/p>\n","protected":false},"excerpt":{"rendered":"<p>Sosyal medya fenomeni Dilan Polat, uzun zamand\u0131r t\u00fcp bebek tedavisi g\u00f6rerek, k\u0131sa s\u00fcre \u00f6nce hamile oldu\u011funu sevenleriyle payla\u015fm\u0131\u015ft\u0131. Ancak Dilan Polat&#8217;\u0131n bebe\u011fini kaybetti\u011fi \u00f6\u011frenildi. Sevenlerini yasa bo\u011fan haberi ise Polat&#8217;\u0131n ablas\u0131 S\u0131la Do\u011fu verdi. S\u0131la Do\u011fu yapt\u0131\u011f\u0131 payla\u015f\u0131mla karde\u015fi Dilan Polat&#8217;\u0131n bebe\u011fini d\u00fc\u015f\u00fcrd\u00fc\u011f\u00fcn\u00fc duyurdu. \u0130\u015fte detaylar&#8230;<\/p>\n","protected":false},"author":35,"featured_media":309336,"comment_status":"closed","ping_status":"closed","sticky":false,"template":"","format":"standard","meta":{"rank_math_lock_modified_date":false,"footnotes":""},"categories":[76],"tags":[2715,73389,133,2218,20660],"class_list":["post-309335","post","type-post","status-publish","format-standard","has-post-thumbnail","hentry","category-magazin","tag-dilan-polat","tag-dilan-polat-bebegini-kaybetti","tag-magazin","tag-magazin-haberleri","tag-sila-dogu"],"_links":{"self":[{"href":"https:\/\/www.tgrthaber.com\/mavikadin\/wp-json\/wp\/v2\/posts\/309335"}],"collection":[{"href":"https:\/\/www.tgrthaber.com\/mavikadin\/wp-json\/wp\/v2\/posts"}],"about":[{"href":"https:\/\/www.tgrthaber.com\/mavikadin\/wp-json\/wp\/v2\/types\/post"}],"author":[{"embeddable":true,"href":"https:\/\/www.tgrthaber.com\/mavikadin\/wp-json\/wp\/v2\/users\/35"}],"replies":[{"embeddable":true,"href":"https:\/\/www.tgrthaber.com\/mavikadin\/wp-json\/wp\/v2\/comments?post=309335"}],"version-history":[{"count":2,"href":"https:\/\/www.tgrthaber.com\/mavikadin\/wp-json\/wp\/v2\/posts\/309335\/revisions"}],"predecessor-version":[{"id":309345,"href":"https:\/\/www.tgrthaber.com\/mavikadin\/wp-json\/wp\/v2\/posts\/309335\/revisions\/309345"}],"wp:featuredmedia":[{"embeddable":true,"href":"https:\/\/www.tgrthaber.com\/mavikadin\/wp-json\/wp\/v2\/media\/309336"}],"wp:attachment":[{"href":"https:\/\/www.tgrthaber.com\/mavikadin\/wp-json\/wp\/v2\/media?parent=309335"}],"wp:term":[{"taxonomy":"category","embeddable":true,"href":"https:\/\/www.tgrthaber.com\/mavikadin\/wp-json\/wp\/v2\/categories?post=309335"},{"taxonomy":"post_tag","embeddable":true,"href":"https:\/\/www.tgrthaber.com\/mavikadin\/wp-json\/wp\/v2\/tags?post=309335"}],"curies":[{"name":"wp","href":"https:\/\/api.w.org\/{rel}","templated":true}]}}