{"id":309357,"date":"2026-03-17T09:44:02","date_gmt":"2026-03-17T06:44:02","guid":{"rendered":"https:\/\/www.tgrthaber.com\/mavikadin\/?p=309357"},"modified":"2026-03-17T10:14:17","modified_gmt":"2026-03-17T07:14:17","slug":"cagatay-torun-kimdir-cagatay-torun-kac-yasinda-nereli-ve-neden-oldu","status":"publish","type":"post","link":"https:\/\/www.tgrthaber.com\/mavikadin\/cagatay-torun-kimdir-cagatay-torun-kac-yasinda-nereli-ve-neden-oldu\/","title":{"rendered":"\u00c7a\u011fatay Torun kimdir? \u00c7a\u011fatay Torun ka\u00e7 ya\u015f\u0131nda, nereli ve neden \u00f6ld\u00fc?"},"content":{"rendered":"<p>Sakarya\u2019da tedavi g\u00f6rd\u00fc\u011f\u00fc hastanede hayat\u0131n\u0131 kaybeden 32 ya\u015f\u0131ndaki \u00c7a\u011fatay Torun\u2019un vefat\u0131, hem ailesini hem de \u00e7evresini derin bir yasa bo\u011fdu. \u00c7ok gen\u00e7 ya\u015fta gelen bu kay\u0131p, sevenleri aras\u0131nda b\u00fcy\u00fck \u00fcz\u00fcnt\u00fcye sebep olurken, cenaze program\u0131na ili\u015fkin detaylar da netle\u015fti. \u00c7a\u011fatay Torun ile ilgili arama motorlar\u0131nda &#8220;\u00c7a\u011fatay Torun kimdir?&#8221;, &#8220;\u00c7a\u011fatay Torun ka\u00e7 ya\u015f\u0131nda, nereli ve neden \u00f6ld\u00fc?&#8221; sorular\u0131 ara\u015ft\u0131r\u0131lmaya ba\u015fland\u0131. \u0130\u015fte \u00c7a\u011fatay Torun ile ilgili merak edilen detaylar\u2026<\/p>\n<h3>\u00c7A\u011eATAY TORUN K\u0130MD\u0130R?<\/h3>\n<p>\u00c7a\u011fatay Torun&#8217;un Sakarya&#8217;da ya\u015fam\u0131n\u0131 s\u00fcrd\u00fcrd\u00fc\u011f\u00fc bilinmektedir ve bir s\u00fcredir sa\u011fl\u0131k sorunlar\u0131 nedeniyle tedavi g\u00f6ren 32 ya\u015f\u0131nda bir vatanda\u015ft\u0131. Hayat\u0131n\u0131n son d\u00f6nemini Sakarya E\u011fitim ve Ara\u015ft\u0131rma Hastanesi&#8217;nde ge\u00e7iren Torun&#8217;un vefat\u0131, ba\u015fta ailesi olmak \u00fczere yak\u0131n \u00e7evresinde derin bir \u00fcz\u00fcnt\u00fcye neden oldu.<\/p>\n<p><img loading=\"lazy\" decoding=\"async\" class=\"alignnone size-full wp-image-309368\" src=\"https:\/\/www.tgrthaber.com\/mavikadin\/wp-content\/uploads\/2026\/03\/Asli-2026-03-17T093452.178.png\" alt=\"\" width=\"1208\" height=\"680\" title=\"\" srcset=\"https:\/\/www.tgrthaber.com\/mavikadin\/wp-content\/uploads\/2026\/03\/Asli-2026-03-17T093452.178.png 1208w, https:\/\/www.tgrthaber.com\/mavikadin\/wp-content\/uploads\/2026\/03\/Asli-2026-03-17T093452.178-300x169.png 300w, https:\/\/www.tgrthaber.com\/mavikadin\/wp-content\/uploads\/2026\/03\/Asli-2026-03-17T093452.178-1024x576.png 1024w, https:\/\/www.tgrthaber.com\/mavikadin\/wp-content\/uploads\/2026\/03\/Asli-2026-03-17T093452.178-768x432.png 768w\" sizes=\"(max-width: 1208px) 100vw, 1208px\" \/><\/p>\n<hr \/>\n<p>Gen\u00e7 ya\u015fta ya\u015fam\u0131n\u0131 yitirmesi nedeniyle dikkat \u00e7eken bu ac\u0131 kay\u0131p, sosyal \u00e7evresinde de b\u00fcy\u00fck yank\u0131 uyand\u0131rd\u0131. Torun&#8217;un ya\u015fam\u0131na dair detaylar s\u0131n\u0131rl\u0131 olmakla birlikte, \u00f6zellikle son d\u00f6nemde sa\u011fl\u0131k m\u00fccadelesi verdi\u011fi biliniyor.<\/p>\n<p><img loading=\"lazy\" decoding=\"async\" class=\"alignnone size-full wp-image-309367\" src=\"https:\/\/www.tgrthaber.com\/mavikadin\/wp-content\/uploads\/2026\/03\/Asli-2026-03-17T092427.408.png\" alt=\"\" width=\"1208\" height=\"680\" title=\"\" srcset=\"https:\/\/www.tgrthaber.com\/mavikadin\/wp-content\/uploads\/2026\/03\/Asli-2026-03-17T092427.408.png 1208w, https:\/\/www.tgrthaber.com\/mavikadin\/wp-content\/uploads\/2026\/03\/Asli-2026-03-17T092427.408-300x169.png 300w, https:\/\/www.tgrthaber.com\/mavikadin\/wp-content\/uploads\/2026\/03\/Asli-2026-03-17T092427.408-1024x576.png 1024w, https:\/\/www.tgrthaber.com\/mavikadin\/wp-content\/uploads\/2026\/03\/Asli-2026-03-17T092427.408-768x432.png 768w\" sizes=\"(max-width: 1208px) 100vw, 1208px\" \/><\/p>\n<hr \/>\n<h3>\u00c7A\u011eATAY TORUN NEDEN \u00d6LD\u00dc?<\/h3>\n<p>\u00c7a\u011fatay Torun&#8217;un \u00f6l\u00fcm nedeni, bir s\u00fcredir devam eden sa\u011fl\u0131k sorunlar\u0131 nedeniyle g\u00f6rd\u00fc\u011f\u00fc tedavi s\u00fcreciyle ili\u015fkilendirildi. Sakarya E\u011fitim ve Ara\u015ft\u0131rma Hastanesi&#8217;nde tedavi alt\u0131nda bulunan Torun, doktorlar\u0131n t\u00fcm \u00e7abalar\u0131na ra\u011fmen ya\u015fam\u0131n\u0131 yitirdi. Hen\u00fcz kamuoyuna resmi olarak detayl\u0131 bir hastal\u0131k bilgisi payla\u015f\u0131lmazken, uzun s\u00fcredir tedavi g\u00f6rd\u00fc\u011f\u00fc bilgisi kamuoyuna yans\u0131d\u0131. Bu durum, \u00f6l\u00fcm\u00fcn\u00fcn ani bir geli\u015fmeden ziyade devam eden bir sa\u011fl\u0131k s\u00fcrecinin sonucu oldu\u011funu g\u00f6steriyor.<\/p>\n<p><img loading=\"lazy\" decoding=\"async\" class=\"alignnone size-full wp-image-309369\" src=\"https:\/\/www.tgrthaber.com\/mavikadin\/wp-content\/uploads\/2026\/03\/Asli-2026-03-17T093632.281.png\" alt=\"\" width=\"1208\" height=\"680\" title=\"\" srcset=\"https:\/\/www.tgrthaber.com\/mavikadin\/wp-content\/uploads\/2026\/03\/Asli-2026-03-17T093632.281.png 1208w, https:\/\/www.tgrthaber.com\/mavikadin\/wp-content\/uploads\/2026\/03\/Asli-2026-03-17T093632.281-300x169.png 300w, https:\/\/www.tgrthaber.com\/mavikadin\/wp-content\/uploads\/2026\/03\/Asli-2026-03-17T093632.281-1024x576.png 1024w, https:\/\/www.tgrthaber.com\/mavikadin\/wp-content\/uploads\/2026\/03\/Asli-2026-03-17T093632.281-768x432.png 768w\" sizes=\"(max-width: 1208px) 100vw, 1208px\" \/><\/p>\n<hr \/>\n<h3>\u00c7A\u011eATAY TORUN NEREL\u0130?<\/h3>\n<p>\u00c7a\u011fatay Torun&#8217;un aslen Giresunlu oldu\u011fu \u00f6\u011frenildi. Ailesinin k\u00f6keninin Giresun&#8217;a dayand\u0131\u011f\u0131 belirtilirken, cenazesinin de memleketine g\u00f6nderildi\u011fi a\u00e7\u0131kland\u0131. Karadeniz b\u00f6lgesinin \u00f6nemli \u015fehirlerinden biri olan Giresun&#8217;da topra\u011fa verilecek olan Torun i\u00e7in haz\u0131rl\u0131klar tamamland\u0131. Bu durum, ailesinin ve yak\u0131nlar\u0131n\u0131n memleketinde bir araya gelerek son g\u00f6revlerini yerine getirmesine olanak sa\u011flayacak.<\/p>\n<p><img loading=\"lazy\" decoding=\"async\" class=\"alignnone size-full wp-image-309370\" src=\"https:\/\/www.tgrthaber.com\/mavikadin\/wp-content\/uploads\/2026\/03\/Asli-2026-03-17T093439.876.png\" alt=\"\" width=\"1208\" height=\"680\" title=\"\" srcset=\"https:\/\/www.tgrthaber.com\/mavikadin\/wp-content\/uploads\/2026\/03\/Asli-2026-03-17T093439.876.png 1208w, https:\/\/www.tgrthaber.com\/mavikadin\/wp-content\/uploads\/2026\/03\/Asli-2026-03-17T093439.876-300x169.png 300w, https:\/\/www.tgrthaber.com\/mavikadin\/wp-content\/uploads\/2026\/03\/Asli-2026-03-17T093439.876-1024x576.png 1024w, https:\/\/www.tgrthaber.com\/mavikadin\/wp-content\/uploads\/2026\/03\/Asli-2026-03-17T093439.876-768x432.png 768w\" sizes=\"(max-width: 1208px) 100vw, 1208px\" \/><\/p>\n<hr \/>\n<h3>\u00c7A\u011eATAY TORUN KA\u00c7 YA\u015eINDA<\/h3>\n<p><a href=\"https:\/\/www.tgrthaber.com\/mavikadin\/emine-erdogan-sakaryada-baslatilan-depozito-yonetim-sistemini-tebrik-etti\/\">Sakarya<\/a>\u2019da ya\u015fayan 1994 do\u011fumlu \u00c7a\u011fatay Torun, yakaland\u0131\u011f\u0131 elim bir hastal\u0131k nedeniyle bir s\u00fcredir tedavi g\u00f6rd\u00fc\u011f\u00fc <a href=\"https:\/\/www.tgrthaber.com\/mavikadin\/sakaryada-toplu-tasimaya-kadin-eli-kadroya-4-yeni-kadin-sofor-eklendi\/\">Sakarya<\/a> E\u011fitim ve Ara\u015ft\u0131rma Hastanesi\u2019nde (SEAH) ya\u015fam m\u00fccadelesini kaybetti. 1994 do\u011fumlu olan \u00c7a\u011fatay Torun hen\u00fcz 32 ya\u015f\u0131nda hayata g\u00f6zlerini yuman Torun\u2019un vefat\u0131, Sakarya ve memleketi Giresun\u2019da derin bir \u00fcz\u00fcnt\u00fcyle kar\u015f\u0131land\u0131.<\/p>\n<p><img loading=\"lazy\" decoding=\"async\" class=\"alignnone wp-image-309372 size-full\" src=\"https:\/\/www.tgrthaber.com\/mavikadin\/wp-content\/uploads\/2026\/03\/Asli-2026-03-17T093651.237.png\" alt=\"\" width=\"1208\" height=\"680\" title=\"\" srcset=\"https:\/\/www.tgrthaber.com\/mavikadin\/wp-content\/uploads\/2026\/03\/Asli-2026-03-17T093651.237.png 1208w, https:\/\/www.tgrthaber.com\/mavikadin\/wp-content\/uploads\/2026\/03\/Asli-2026-03-17T093651.237-300x169.png 300w, https:\/\/www.tgrthaber.com\/mavikadin\/wp-content\/uploads\/2026\/03\/Asli-2026-03-17T093651.237-1024x576.png 1024w, https:\/\/www.tgrthaber.com\/mavikadin\/wp-content\/uploads\/2026\/03\/Asli-2026-03-17T093651.237-768x432.png 768w\" sizes=\"(max-width: 1208px) 100vw, 1208px\" \/><\/p>\n<h3>\u00c7A\u011eATAY TORUN CENAZE DETAYLARI<\/h3>\n<p>Aslen Giresunlu olan \u00c7a\u011fatay Torun\u2019un cenazesi, Sakarya\u2019daki i\u015flemlerinin ard\u0131ndan memleketine u\u011furland\u0131. Ailesi ve sevenlerinin kat\u0131l\u0131m\u0131yla ger\u00e7ekle\u015ftirilecek olan cenaze program\u0131 ise netle\u015fti:<\/p>\n<p>Tarih: 17 Mart 2026 Sal\u0131<\/p>\n<p>Cami: Giresun Bulancak Sarayburnu Camii<\/p>\n<p>Vakit: Cenaze namaz\u0131n\u0131n ard\u0131ndan<\/p>\n<p>Defin: Giresun Kuz K\u00f6y\u00fc aile mezarl\u0131\u011f\u0131nda topra\u011fa verilecek.<\/p>\n","protected":false},"excerpt":{"rendered":"<p>Sakarya\u2019da ya\u015fayan 32 ya\u015f\u0131ndaki \u00c7a\u011fatay Torun\u2019dan gelen ac\u0131 haber, ailesi ve sevenlerini derinden \u00fczd\u00fc. Bir s\u00fcredir Sakarya E\u011fitim ve Ara\u015ft\u0131rma Hastanesi\u2019nde tedavi g\u00f6ren Torun\u2019un, doktorlar\u0131n t\u00fcm m\u00fcdahalelerine ra\u011fmen hayat\u0131n\u0131 kaybetti\u011fi \u00f6\u011frenildi. \u0130\u015fte detaylar&#8230;<\/p>\n","protected":false},"author":37,"featured_media":309366,"comment_status":"closed","ping_status":"closed","sticky":false,"template":"","format":"standard","meta":{"rank_math_lock_modified_date":false,"footnotes":""},"categories":[491],"tags":[3374,73392,73393,8982],"class_list":["post-309357","post","type-post","status-publish","format-standard","has-post-thumbnail","hentry","category-biyografi","tag-biyografi","tag-cagatay-torun","tag-cagatay-torun-kimdir","tag-sakarya"],"_links":{"self":[{"href":"https:\/\/www.tgrthaber.com\/mavikadin\/wp-json\/wp\/v2\/posts\/309357"}],"collection":[{"href":"https:\/\/www.tgrthaber.com\/mavikadin\/wp-json\/wp\/v2\/posts"}],"about":[{"href":"https:\/\/www.tgrthaber.com\/mavikadin\/wp-json\/wp\/v2\/types\/post"}],"author":[{"embeddable":true,"href":"https:\/\/www.tgrthaber.com\/mavikadin\/wp-json\/wp\/v2\/users\/37"}],"replies":[{"embeddable":true,"href":"https:\/\/www.tgrthaber.com\/mavikadin\/wp-json\/wp\/v2\/comments?post=309357"}],"version-history":[{"count":4,"href":"https:\/\/www.tgrthaber.com\/mavikadin\/wp-json\/wp\/v2\/posts\/309357\/revisions"}],"predecessor-version":[{"id":309376,"href":"https:\/\/www.tgrthaber.com\/mavikadin\/wp-json\/wp\/v2\/posts\/309357\/revisions\/309376"}],"wp:featuredmedia":[{"embeddable":true,"href":"https:\/\/www.tgrthaber.com\/mavikadin\/wp-json\/wp\/v2\/media\/309366"}],"wp:attachment":[{"href":"https:\/\/www.tgrthaber.com\/mavikadin\/wp-json\/wp\/v2\/media?parent=309357"}],"wp:term":[{"taxonomy":"category","embeddable":true,"href":"https:\/\/www.tgrthaber.com\/mavikadin\/wp-json\/wp\/v2\/categories?post=309357"},{"taxonomy":"post_tag","embeddable":true,"href":"https:\/\/www.tgrthaber.com\/mavikadin\/wp-json\/wp\/v2\/tags?post=309357"}],"curies":[{"name":"wp","href":"https:\/\/api.w.org\/{rel}","templated":true}]}}