{"id":309358,"date":"2026-03-17T09:29:41","date_gmt":"2026-03-17T06:29:41","guid":{"rendered":"https:\/\/www.tgrthaber.com\/mavikadin\/?p=309358"},"modified":"2026-03-17T09:29:41","modified_gmt":"2026-03-17T06:29:41","slug":"sibel-can-pariste-gundem-oldu-leopar-kombini-ve-fit-gorunumu-dikkat-cekti","status":"publish","type":"post","link":"https:\/\/www.tgrthaber.com\/mavikadin\/sibel-can-pariste-gundem-oldu-leopar-kombini-ve-fit-gorunumu-dikkat-cekti\/","title":{"rendered":"Sibel Can Paris\u2019te g\u00fcndem oldu! Leopar kombini ve fit g\u00f6r\u00fcn\u00fcm\u00fc dikkat \u00e7ekti"},"content":{"rendered":"<p>Y\u0131llara meydan okuyan g\u00fczelli\u011fi, kendine \u00f6zg\u00fc yorumu ve haf\u0131zalara kaz\u0131nan \u015fark\u0131lar\u0131yla uzun y\u0131llard\u0131r sahnede olan <a href=\"https:\/\/www.tgrthaber.com\/mavikadin\/sibel-can-tarkan-ve-ata-demirer-ayni-sahnede-surpriz-bulusma-geceye-damga-vurdu\/\">Sibel Can<\/a>, kariyerinin yan\u0131 s\u0131ra tarz\u0131yla da konu\u015fulmaya devam ediyor. Yakla\u015f\u0131k 3 milyon takip\u00e7iye sahip oldu\u011fu Instagram hesab\u0131n\u0131 aktif kullanan \u00fcnl\u00fc \u015fark\u0131c\u0131, bir s\u00fcredir Paris\u2019te vakit ge\u00e7iriyor. Payla\u015ft\u0131\u011f\u0131 karelerle seyahatine dair anlar\u0131 takip\u00e7ileriyle payla\u015fmaya devam ediyor.<\/p>\n<h3>S\u0130BEL CAN PAR\u0130S\u2019TE G\u00dcNDEM OLDU<\/h3>\n<p><a href=\"https:\/\/www.tgrthaber.com\/mavikadin\/sibel-can-babaanne-oluyor-unlu-sanatci-torununu-kucagina-almak-icin-gun-sayiyor\/\">Sibel Can<\/a> ge\u00e7ti\u011fimiz g\u00fcnlerde \u201cGe\u00e7en hafta Paris\u201d notuyla yay\u0131mlad\u0131\u011f\u0131 foto\u011fraflarla k\u0131sa s\u00fcrede yo\u011fun ilgi g\u00f6rm\u00fc\u015ft\u00fc. \u00d6zellikle tercih etti\u011fi siyah-beyaz kombinin, Serenay Sar\u0131kaya\u2019n\u0131n daha \u00f6nce kulland\u0131\u011f\u0131 bir stille benzerlik g\u00f6stermesi sosyal medyada geni\u015f yank\u0131 uyand\u0131rm\u0131\u015ft\u0131. \u015e\u0131kl\u0131\u011f\u0131n\u0131 tamamlayan iddial\u0131 ayakkab\u0131lar\u0131 da dikkat \u00e7eken detaylar aras\u0131nda yer alm\u0131\u015ft\u0131.<\/p>\n<p><img loading=\"lazy\" decoding=\"async\" class=\"aligncenter size-full wp-image-309359\" src=\"https:\/\/www.tgrthaber.com\/mavikadin\/wp-content\/uploads\/2026\/03\/sIBEL-cAN-2.jpg\" alt=\"\" width=\"1080\" height=\"1440\" title=\"\" srcset=\"https:\/\/www.tgrthaber.com\/mavikadin\/wp-content\/uploads\/2026\/03\/sIBEL-cAN-2.jpg 1080w, https:\/\/www.tgrthaber.com\/mavikadin\/wp-content\/uploads\/2026\/03\/sIBEL-cAN-2-225x300.jpg 225w, https:\/\/www.tgrthaber.com\/mavikadin\/wp-content\/uploads\/2026\/03\/sIBEL-cAN-2-768x1024.jpg 768w\" sizes=\"(max-width: 1080px) 100vw, 1080px\" \/><\/p>\n<hr \/>\n<h3>LEOPAR KOMB\u0130N\u0130 BE\u011eEN\u0130 TOPLADI<\/h3>\n<p>Son olarak Paris\u2019ten yeni foto\u011fraflar\u0131n\u0131 payla\u015fan <a href=\"https:\/\/www.tgrthaber.com\/mavikadin\/sibel-canin-eski-esi-sulhi-aksut-ogullari-kimdir-sibel-can-sulhi-aksut-ne-zaman-evlendi\/\">Sibel Can<\/a>, bu kez leopar desenli kombiniyle \u00f6ne \u00e7\u0131kt\u0131. Zarif ve etkileyici pozlar\u0131yla be\u011feni toplayan \u00fcnl\u00fc \u015fark\u0131c\u0131n\u0131n payla\u015f\u0131m\u0131 k\u0131sa s\u00fcrede \u00f6vg\u00fc dolu yorumlarla kar\u015f\u0131land\u0131. Fit g\u00f6r\u00fcn\u00fcm\u00fc ise sosyal medyada en \u00e7ok konu\u015fulan konulardan biri haline geldi.<\/p>\n<p><img loading=\"lazy\" decoding=\"async\" class=\"aligncenter size-full wp-image-309360\" src=\"https:\/\/www.tgrthaber.com\/mavikadin\/wp-content\/uploads\/2026\/03\/sIBEL-cAN-6.jpg\" alt=\"\" width=\"1080\" height=\"1440\" title=\"\" srcset=\"https:\/\/www.tgrthaber.com\/mavikadin\/wp-content\/uploads\/2026\/03\/sIBEL-cAN-6.jpg 1080w, https:\/\/www.tgrthaber.com\/mavikadin\/wp-content\/uploads\/2026\/03\/sIBEL-cAN-6-225x300.jpg 225w, https:\/\/www.tgrthaber.com\/mavikadin\/wp-content\/uploads\/2026\/03\/sIBEL-cAN-6-768x1024.jpg 768w\" sizes=\"(max-width: 1080px) 100vw, 1080px\" \/><\/p>\n<hr \/>\n<h3>S\u0130BEL CAN K\u0130MD\u0130R?<\/h3>\n<p>Sibel Can, T\u00fcrk m\u00fczi\u011finin g\u00fc\u00e7l\u00fc yorumcular\u0131ndan biri olarak hem sesi hem de sahne performans\u0131yla geni\u015f bir dinleyici kitlesine ula\u015fm\u0131\u015f \u00f6nemli bir sanat\u00e7\u0131d\u0131r. 1 A\u011fustos 1970 tarihinde \u0130stanbul\u2019da d\u00fcnyaya gelen sanat\u00e7\u0131, m\u00fczik kariyerine olduk\u00e7a gen\u00e7 ya\u015flarda ad\u0131m atm\u0131\u015ft\u0131r. Babas\u0131 \u00fcnl\u00fc keman virt\u00fc\u00f6z\u00fc Engin Cang\u00fcre oldu\u011fu i\u00e7in m\u00fczikle i\u00e7 i\u00e7e bir ortamda b\u00fcy\u00fcyen Sibel Can, sanat yolculu\u011funda bu k\u00fclt\u00fcrel miras\u0131n etkisini erken ya\u015fta hissetmi\u015ftir.<\/p>\n<p><img loading=\"lazy\" decoding=\"async\" class=\"aligncenter size-full wp-image-309361\" src=\"https:\/\/www.tgrthaber.com\/mavikadin\/wp-content\/uploads\/2026\/03\/sIBEL-cAN-8.jpg\" alt=\"\" width=\"1080\" height=\"1440\" title=\"\" srcset=\"https:\/\/www.tgrthaber.com\/mavikadin\/wp-content\/uploads\/2026\/03\/sIBEL-cAN-8.jpg 1080w, https:\/\/www.tgrthaber.com\/mavikadin\/wp-content\/uploads\/2026\/03\/sIBEL-cAN-8-225x300.jpg 225w, https:\/\/www.tgrthaber.com\/mavikadin\/wp-content\/uploads\/2026\/03\/sIBEL-cAN-8-768x1024.jpg 768w\" sizes=\"(max-width: 1080px) 100vw, 1080px\" \/><\/p>\n<hr \/>\n<h3>Kariyerinin Ba\u015flang\u0131c\u0131 ve Y\u00fckseli\u015fi<\/h3>\n<p>Sibel Can, kariyerine dans\u00e7\u0131 olarak ba\u015flam\u0131\u015f ve k\u0131sa s\u00fcrede dikkatleri \u00fczerine \u00e7ekmi\u015ftir. Ancak as\u0131l \u00e7\u0131k\u0131\u015f\u0131n\u0131 \u015fark\u0131c\u0131l\u0131\u011fa ge\u00e7i\u015f yapt\u0131ktan sonra yakalam\u0131\u015ft\u0131r. 1987 y\u0131l\u0131nda \u00e7\u0131kard\u0131\u011f\u0131 ilk alb\u00fcm\u00fcyle m\u00fczik d\u00fcnyas\u0131na giri\u015f yapan sanat\u00e7\u0131, g\u00fc\u00e7l\u00fc sesi ve duygusal yorumuyla k\u0131sa s\u00fcrede pop\u00fclerlik kazanm\u0131\u015ft\u0131r. Arabesk ve fantezi m\u00fczik t\u00fcrlerinde sergiledi\u011fi ba\u015far\u0131l\u0131 performanslar, onu d\u00f6nemin en \u00e7ok dinlenen isimlerinden biri haline getirmi\u015ftir.<\/p>\n<p><img loading=\"lazy\" decoding=\"async\" class=\"aligncenter size-full wp-image-309362\" src=\"https:\/\/www.tgrthaber.com\/mavikadin\/wp-content\/uploads\/2026\/03\/sIBEL-cAN-9.jpg\" alt=\"\" width=\"1080\" height=\"1440\" title=\"\" srcset=\"https:\/\/www.tgrthaber.com\/mavikadin\/wp-content\/uploads\/2026\/03\/sIBEL-cAN-9.jpg 1080w, https:\/\/www.tgrthaber.com\/mavikadin\/wp-content\/uploads\/2026\/03\/sIBEL-cAN-9-225x300.jpg 225w, https:\/\/www.tgrthaber.com\/mavikadin\/wp-content\/uploads\/2026\/03\/sIBEL-cAN-9-768x1024.jpg 768w\" sizes=\"(max-width: 1080px) 100vw, 1080px\" \/><\/p>\n<hr \/>\n<h3>M\u00fczikal Tarz\u0131 ve Ba\u015far\u0131lar\u0131<\/h3>\n<p>Sanat\u00e7\u0131n\u0131n m\u00fczikal tarz\u0131 zaman i\u00e7inde \u00e7e\u015fitlenmi\u015f; arabeskten pop m\u00fczi\u011fe uzanan geni\u015f bir repertuvar olu\u015fturmu\u015ftur. Sibel Can, hem duygusal hem de hareketli \u015fark\u0131lardaki ba\u015far\u0131s\u0131yla dinleyici kitlesini geni\u015fletmeyi ba\u015farm\u0131\u015ft\u0131r. Kariyeri boyunca \u00e7\u0131kard\u0131\u011f\u0131 \u00e7ok say\u0131da alb\u00fcm ve hit \u015fark\u0131, onun m\u00fczik sekt\u00f6r\u00fcndeki kal\u0131c\u0131l\u0131\u011f\u0131n\u0131 peki\u015ftirmi\u015ftir. Sahne performanslar\u0131 ve televizyon programlar\u0131ndaki varl\u0131\u011f\u0131 da pop\u00fclerli\u011fini destekleyen unsurlar aras\u0131nda yer al\u0131r.<\/p>\n<p><img loading=\"lazy\" decoding=\"async\" class=\"aligncenter size-full wp-image-309363\" src=\"https:\/\/www.tgrthaber.com\/mavikadin\/wp-content\/uploads\/2026\/03\/sIBEL-cAN-10.jpg\" alt=\"\" width=\"1200\" height=\"1600\" title=\"\" srcset=\"https:\/\/www.tgrthaber.com\/mavikadin\/wp-content\/uploads\/2026\/03\/sIBEL-cAN-10.jpg 1200w, https:\/\/www.tgrthaber.com\/mavikadin\/wp-content\/uploads\/2026\/03\/sIBEL-cAN-10-225x300.jpg 225w, https:\/\/www.tgrthaber.com\/mavikadin\/wp-content\/uploads\/2026\/03\/sIBEL-cAN-10-768x1024.jpg 768w, https:\/\/www.tgrthaber.com\/mavikadin\/wp-content\/uploads\/2026\/03\/sIBEL-cAN-10-1152x1536.jpg 1152w\" sizes=\"(max-width: 1200px) 100vw, 1200px\" \/><\/p>\n<hr \/>\n<h3>Televizyon ve Medya Kariyeri<\/h3>\n<p>Sibel Can yaln\u0131zca m\u00fczikle s\u0131n\u0131rl\u0131 kalmam\u0131\u015f, televizyon d\u00fcnyas\u0131nda da aktif rol alm\u0131\u015ft\u0131r. \u00c7e\u015fitli m\u00fczik ve e\u011flence programlar\u0131nda j\u00fcri \u00fcyeli\u011fi yaparak farkl\u0131 ku\u015faklara ula\u015fmay\u0131 ba\u015farm\u0131\u015ft\u0131r. Bu y\u00f6n\u00fcyle sanat\u00e7\u0131, hem sahnede hem de ekranlarda tan\u0131nan bir fig\u00fcr haline gelmi\u015ftir.<\/p>\n<p>Sanat\u00e7\u0131n\u0131n \u00f6zel hayat\u0131 da zaman zaman kamuoyunun ilgisini \u00e7ekmi\u015ftir. Ancak Sibel Can, kariyerine odaklanarak uzun y\u0131llar boyunca m\u00fczik d\u00fcnyas\u0131nda g\u00fc\u00e7l\u00fc bir konumda kalmay\u0131 ba\u015farm\u0131\u015ft\u0131r. T\u00fcrkiye\u2019de arabesk ve fantezi m\u00fczi\u011fin \u00f6nemli temsilcilerinden biri olarak kabul edilen sanat\u00e7\u0131, hem sesi hem de sahne duru\u015fuyla T\u00fcrk m\u00fczik tarihinde kendine sa\u011flam bir yer edinmi\u015ftir.<\/p>\n","protected":false},"excerpt":{"rendered":"<p>Sibel Can, Paris tatilinden payla\u015f\u0131mlar yapmay\u0131 s\u00fcrd\u00fcr\u00fcyor. Daha \u00f6nce siyah-beyaz kombiniyle g\u00fcndeme gelen \u00fcnl\u00fc \u015fark\u0131c\u0131, bu kez leopar desenli tarz\u0131yla sosyal medyada dikkatleri \u00fczerine \u00e7ekti. Zarif pozlar\u0131 k\u0131sa s\u00fcrede binlerce be\u011feni toplarken, takip\u00e7ileri \u00fcnl\u00fc isme yorum ya\u011fd\u0131rd\u0131. \u015e\u0131kl\u0131\u011f\u0131n\u0131n yan\u0131 s\u0131ra fit g\u00f6r\u00fcn\u00fcm\u00fc de g\u00f6zlerden ka\u00e7mad\u0131.<\/p>\n","protected":false},"author":5,"featured_media":309364,"comment_status":"closed","ping_status":"closed","sticky":false,"template":"","format":"standard","meta":{"rank_math_lock_modified_date":false,"footnotes":""},"categories":[76],"tags":[133,2810,73391],"class_list":["post-309358","post","type-post","status-publish","format-standard","has-post-thumbnail","hentry","category-magazin","tag-magazin","tag-sibel-can","tag-sibel-can-paris"],"_links":{"self":[{"href":"https:\/\/www.tgrthaber.com\/mavikadin\/wp-json\/wp\/v2\/posts\/309358"}],"collection":[{"href":"https:\/\/www.tgrthaber.com\/mavikadin\/wp-json\/wp\/v2\/posts"}],"about":[{"href":"https:\/\/www.tgrthaber.com\/mavikadin\/wp-json\/wp\/v2\/types\/post"}],"author":[{"embeddable":true,"href":"https:\/\/www.tgrthaber.com\/mavikadin\/wp-json\/wp\/v2\/users\/5"}],"replies":[{"embeddable":true,"href":"https:\/\/www.tgrthaber.com\/mavikadin\/wp-json\/wp\/v2\/comments?post=309358"}],"version-history":[{"count":1,"href":"https:\/\/www.tgrthaber.com\/mavikadin\/wp-json\/wp\/v2\/posts\/309358\/revisions"}],"predecessor-version":[{"id":309365,"href":"https:\/\/www.tgrthaber.com\/mavikadin\/wp-json\/wp\/v2\/posts\/309358\/revisions\/309365"}],"wp:featuredmedia":[{"embeddable":true,"href":"https:\/\/www.tgrthaber.com\/mavikadin\/wp-json\/wp\/v2\/media\/309364"}],"wp:attachment":[{"href":"https:\/\/www.tgrthaber.com\/mavikadin\/wp-json\/wp\/v2\/media?parent=309358"}],"wp:term":[{"taxonomy":"category","embeddable":true,"href":"https:\/\/www.tgrthaber.com\/mavikadin\/wp-json\/wp\/v2\/categories?post=309358"},{"taxonomy":"post_tag","embeddable":true,"href":"https:\/\/www.tgrthaber.com\/mavikadin\/wp-json\/wp\/v2\/tags?post=309358"}],"curies":[{"name":"wp","href":"https:\/\/api.w.org\/{rel}","templated":true}]}}