{"id":309377,"date":"2026-03-17T12:02:32","date_gmt":"2026-03-17T09:02:32","guid":{"rendered":"https:\/\/www.tgrthaber.com\/mavikadin\/?p=309377"},"modified":"2026-03-17T12:02:33","modified_gmt":"2026-03-17T09:02:33","slug":"alper-rendenin-evlilik-sonrasi-sasirtan-degisimi-unlu-youtuberin-yeni-halini-gorenler-gozlerine-inanamadi","status":"publish","type":"post","link":"https:\/\/www.tgrthaber.com\/mavikadin\/alper-rendenin-evlilik-sonrasi-sasirtan-degisimi-unlu-youtuberin-yeni-halini-gorenler-gozlerine-inanamadi\/","title":{"rendered":"Alper Rende\u2019nin evlilik sonras\u0131 \u015fa\u015f\u0131rtan de\u011fi\u015fimi! \u00dcnl\u00fc YouTuber\u2019\u0131n yeni halini g\u00f6renler g\u00f6zlerine inanamad\u0131"},"content":{"rendered":"<p>Sosyal medya platformlar\u0131na \u00fcretti\u011fi i\u00e7eriklerle tan\u0131nan Alper Rende, ge\u00e7ti\u011fimiz y\u0131l A\u011fustos ay\u0131nda 12 y\u0131ld\u0131r birlikte oldu\u011fu sevgilisi, mimar Bet\u00fcl \u00c7akmak ile g\u00f6rkemli bir d\u00fc\u011f\u00fcn ile d\u00fcnyaevine girmi\u015flerdi. Alper Rende ve Bet\u00fcl \u00c7akmak, sosyal medya hesaplar\u0131ndan payla\u015ft\u0131klar\u0131 videoda Rende\u2019nin de\u011fi\u015fimi dikkatlerden ka\u00e7mad\u0131. Yay\u0131nlanan g\u00f6r\u00fcnt\u00fclerin ard\u0131ndan \u00fcnl\u00fc YouTube fenomeni <a href=\"https:\/\/www.tgrthaber.com\/mavikadin\/alper-rendenin-sevgilisi-betul-cakmak-kimdir-kac-yasindadir-evlilik-teklifi-altin-kelebek-torenine-damga-vurdu\/\">Alper Rende\u2019nin<\/a> evlilik sonras\u0131 de\u011fi\u015fimi ve ald\u0131\u011f\u0131 kilolar g\u00f6zlerden ka\u00e7mad\u0131. Rende\u2019nin son hali k\u0131sa s\u00fcrede sosyal medyada g\u00fcndem oldu. \u0130\u015fte detaylar&#8230;<\/p>\n<h3>ALPER RENDE\u2019N\u0130N EVL\u0130L\u0130K SONRASI DE\u011e\u0130\u015e\u0130M\u0130 \u015eA\u015eIRTTI!<\/h3>\n<p>YouTube i\u00e7erikleriyle tan\u0131nan \u00fcnl\u00fc YouTuber <a href=\"https:\/\/www.tgrthaber.com\/mavikadin\/survivor-2023-yarismacisi-alper-rende-kimdir-nereli-kac-yasinda\/\">Alper Rende<\/a>, ge\u00e7ti\u011fimiz y\u0131l A\u011fustos ay\u0131nda yakla\u015f\u0131k 12 y\u0131ld\u0131r birlikte oldu\u011fu mimar Bet\u00fcl \u00c7akmak ile g\u00f6rkemli bir d\u00fc\u011f\u00fcnle d\u00fcnyaevine girmi\u015fti. Sosyal medya hesaplar\u0131nda aktif payla\u015f\u0131mlar yaparak s\u0131k s\u0131k g\u00fcndeme gelen \u00e7ift, payla\u015ft\u0131klar\u0131 i\u00e7eriklerle dikkat \u00e7ekmeye devam ediyor.<\/p>\n<p><img loading=\"lazy\" decoding=\"async\" class=\"alignnone size-full wp-image-309399\" src=\"https:\/\/www.tgrthaber.com\/mavikadin\/wp-content\/uploads\/2026\/03\/Asli-4-1.png\" alt=\"\" width=\"1208\" height=\"680\" title=\"\" srcset=\"https:\/\/www.tgrthaber.com\/mavikadin\/wp-content\/uploads\/2026\/03\/Asli-4-1.png 1208w, https:\/\/www.tgrthaber.com\/mavikadin\/wp-content\/uploads\/2026\/03\/Asli-4-1-300x169.png 300w, https:\/\/www.tgrthaber.com\/mavikadin\/wp-content\/uploads\/2026\/03\/Asli-4-1-1024x576.png 1024w, https:\/\/www.tgrthaber.com\/mavikadin\/wp-content\/uploads\/2026\/03\/Asli-4-1-768x432.png 768w\" sizes=\"(max-width: 1208px) 100vw, 1208px\" \/><\/p>\n<hr \/>\n<p>Alper Rende ve Bet\u00fcl \u00c7akmak, sosyal medya hesaplar\u0131ndan payla\u015ft\u0131klar\u0131 son bir video ile yeniden g\u00fcndeme geldi. Videoda Alper Rende\u2019nin fiziksel de\u011fi\u015fimi g\u00f6zlerden ka\u00e7mad\u0131. Yay\u0131nlanan g\u00f6r\u00fcnt\u00fclerde, \u00fcnl\u00fc YouTuber\u2019\u0131n evlilik sonras\u0131 de\u011fi\u015fimi ve kilo ald\u0131\u011f\u0131 dikkat \u00e7ekerken, Rende\u2019nin son hali k\u0131sa s\u00fcrede sosyal medyada g\u00fcndem oldu ve yorum ya\u011fmuruna tutuldu. Alper Rende\u2019nin eski foto\u011fraflar\u0131yla g\u00fcncel hali kar\u015f\u0131la\u015ft\u0131r\u0131lmaya ba\u015flan\u0131rken, Bet\u00fcl \u00c7akmak\u2019\u0131n zaman i\u00e7inde ayn\u0131 g\u00f6r\u00fcn\u00fcm\u00fcn\u00fc korumas\u0131 ve Alper Rende\u2019nin fiziksel olarak de\u011fi\u015fmesi sosyal medya kullan\u0131c\u0131lar\u0131n\u0131n dikkatinden ka\u00e7mad\u0131. Alper Rende, kilo ald\u0131\u011f\u0131na dair yap\u0131lan payla\u015f\u0131mlardaki g\u00f6r\u00fcnt\u00fclerin ger\u00e7ek olmad\u0131\u011f\u0131n\u0131 s\u00f6yledi. Rende, &#8220;Evet, bu arada biraz kilo alm\u0131\u015f\u0131m da\u2026&#8221; ifadelerini kullanarak sosyal medya hesab\u0131ndan bir video payla\u015ft\u0131.<\/p>\n<p><img loading=\"lazy\" decoding=\"async\" class=\"alignnone size-full wp-image-309400\" src=\"https:\/\/www.tgrthaber.com\/mavikadin\/wp-content\/uploads\/2026\/03\/Asli-21.png\" alt=\"\" width=\"1208\" height=\"680\" title=\"\" srcset=\"https:\/\/www.tgrthaber.com\/mavikadin\/wp-content\/uploads\/2026\/03\/Asli-21.png 1208w, https:\/\/www.tgrthaber.com\/mavikadin\/wp-content\/uploads\/2026\/03\/Asli-21-300x169.png 300w, https:\/\/www.tgrthaber.com\/mavikadin\/wp-content\/uploads\/2026\/03\/Asli-21-1024x576.png 1024w, https:\/\/www.tgrthaber.com\/mavikadin\/wp-content\/uploads\/2026\/03\/Asli-21-768x432.png 768w\" sizes=\"(max-width: 1208px) 100vw, 1208px\" \/><\/p>\n<hr \/>\n<h3>ALTIN KELEBEK\u2019TE EVLENME TEKL\u0130F\u0130<\/h3>\n<p>2024 y\u0131l\u0131nda Alt\u0131n Kelebek \u00d6d\u00fcl T\u00f6reni\u2019nde sevgilisi Bet\u00fcl \u00c7akmak\u2019a evlenme teklifi ederek \u00e7ok konu\u015fulmu\u015ftu. Alper Rende, \u00f6d\u00fcl ald\u0131\u011f\u0131 s\u0131rada sevgilisi Bet\u00fcl \u00c7akmak\u2019a evlilik teklifi etmesiyle uzun s\u00fcre g\u00fcndemde kalm\u0131\u015f ve b\u00fcy\u00fck yank\u0131 uyand\u0131rm\u0131\u015ft\u0131. Evlilik teklifi alan Bet\u00fcl \u00c7akmak, o anlarda g\u00f6zya\u015flar\u0131na hakim olamayarak sahnede duygusal anlar ya\u015fam\u0131\u015ft\u0131. Alper Rende, &#8220;\u0130leride \u00e7ocuklar\u0131m\u0131za anlatabilece\u011fimiz m\u00fckemmel bir an\u0131m\u0131z olsun istedim.&#8221; ifadelerini kullanm\u0131\u015ft\u0131.<\/p>\n<p><img loading=\"lazy\" decoding=\"async\" class=\"alignnone size-full wp-image-309401\" src=\"https:\/\/www.tgrthaber.com\/mavikadin\/wp-content\/uploads\/2026\/03\/Asli-1-2.png\" alt=\"\" width=\"1208\" height=\"680\" title=\"\" srcset=\"https:\/\/www.tgrthaber.com\/mavikadin\/wp-content\/uploads\/2026\/03\/Asli-1-2.png 1208w, https:\/\/www.tgrthaber.com\/mavikadin\/wp-content\/uploads\/2026\/03\/Asli-1-2-300x169.png 300w, https:\/\/www.tgrthaber.com\/mavikadin\/wp-content\/uploads\/2026\/03\/Asli-1-2-1024x576.png 1024w, https:\/\/www.tgrthaber.com\/mavikadin\/wp-content\/uploads\/2026\/03\/Asli-1-2-768x432.png 768w\" sizes=\"(max-width: 1208px) 100vw, 1208px\" \/><\/p>\n<hr \/>\n<p>Ard\u0131ndan Alper Rende ile Bet\u00fcl \u00c7akmak nikah masas\u0131na oturdu. \u00c7ok say\u0131da \u00fcnl\u00fc ismin kat\u0131ld\u0131\u011f\u0131 t\u00f6rende birbirinden e\u011flenceli ve duygusal anlar ya\u015fand\u0131. Alper Rende de &#8220;\u00c7ok seviyorum, her \u015feyden en \u00f6nemlisi. 12 y\u0131ld\u0131r bug\u00fcn\u00fc bekliyorum arkada\u015flar. E\u011fer Bet\u00fcl ile \u00fcniversiteyi kazan\u0131p \u0130stanbul\u2019a gidersek evleniriz dedim. Biz zaten bir \u00f6m\u00fcr boyu e\u011flenip mutlu olaca\u011f\u0131z.&#8221; ifadelerinde bulunmu\u015ftu. \u00dcnl\u00fc \u00e7iftin mutlu g\u00fcn\u00fcnde dostlar\u0131 ve yak\u0131n \u00e7evresi de yanlar\u0131nda olmay\u0131 ihmal etmedi. Duygusal ve e\u011flenceli anlara sahne olan t\u00f6renden renkli kareler sosyal medyada art arda payla\u015f\u0131lm\u0131\u015ft\u0131.<\/p>\n<p><img loading=\"lazy\" decoding=\"async\" class=\"alignnone size-full wp-image-309408\" src=\"https:\/\/www.tgrthaber.com\/mavikadin\/wp-content\/uploads\/2026\/03\/Asli-9-2.png\" alt=\"\" width=\"1208\" height=\"680\" title=\"\" srcset=\"https:\/\/www.tgrthaber.com\/mavikadin\/wp-content\/uploads\/2026\/03\/Asli-9-2.png 1208w, https:\/\/www.tgrthaber.com\/mavikadin\/wp-content\/uploads\/2026\/03\/Asli-9-2-300x169.png 300w, https:\/\/www.tgrthaber.com\/mavikadin\/wp-content\/uploads\/2026\/03\/Asli-9-2-1024x576.png 1024w, https:\/\/www.tgrthaber.com\/mavikadin\/wp-content\/uploads\/2026\/03\/Asli-9-2-768x432.png 768w\" sizes=\"(max-width: 1208px) 100vw, 1208px\" \/><\/p>\n<hr \/>\n<h3>BET\u00dcL \u00c7AKMAK RENDE K\u0130MD\u0130R?<\/h3>\n<p>1996 y\u0131l\u0131nda \u0130stanbul\u2019da do\u011fan Bet\u00fcl \u00c7akmak Rende, \u0130stanbullu bir ailede b\u00fcy\u00fcd\u00fc. Lise y\u0131llar\u0131ndan itibaren tasar\u0131m ve g\u00f6rsel anlat\u0131ya ilgi duyan \u00c7akmak, MEF \u00dcniversitesi Mimarl\u0131k B\u00f6l\u00fcm\u00fc\u2019nden lisans derecesiyle mezun oldu. \u00dcniversite y\u0131llar\u0131nda edindi\u011fi estetik bak\u0131\u015f, mekan tasar\u0131m\u0131 ve sunum disiplinini ilerleyen d\u00f6nemde dijital i\u00e7erik \u00fcretimine ta\u015f\u0131d\u0131.<\/p>\n<p><img loading=\"lazy\" decoding=\"async\" class=\"alignnone size-full wp-image-309410\" src=\"https:\/\/www.tgrthaber.com\/mavikadin\/wp-content\/uploads\/2026\/03\/Asli-7-1.png\" alt=\"\" width=\"1208\" height=\"680\" title=\"\" srcset=\"https:\/\/www.tgrthaber.com\/mavikadin\/wp-content\/uploads\/2026\/03\/Asli-7-1.png 1208w, https:\/\/www.tgrthaber.com\/mavikadin\/wp-content\/uploads\/2026\/03\/Asli-7-1-300x169.png 300w, https:\/\/www.tgrthaber.com\/mavikadin\/wp-content\/uploads\/2026\/03\/Asli-7-1-1024x576.png 1024w, https:\/\/www.tgrthaber.com\/mavikadin\/wp-content\/uploads\/2026\/03\/Asli-7-1-768x432.png 768w\" sizes=\"(max-width: 1208px) 100vw, 1208px\" \/><\/p>\n<p>2019\u2019da YouTube ve Instagram\u2019da d\u00fczenli i\u00e7erik \u00fcretmeye ba\u015flayan \u00c7akmak, e\u011flence, ya\u015fam tarz\u0131, vlog ve g\u00fcnl\u00fck rutine odaklanan videolar\u0131yla k\u0131sa s\u00fcrede geni\u015f bir kitleye ula\u015ft\u0131. Mimarl\u0131k formasyonunu kadraj, kompozisyon ve hik\u00e2ye kurulumuna yans\u0131tan i\u00e7erikleri, onu platformlarda tan\u0131n\u0131r k\u0131ld\u0131. Zamanla marka i\u015f birlikleri ve kampanya ortakl\u0131klar\u0131yla g\u00f6r\u00fcn\u00fcrl\u00fc\u011f\u00fcn\u00fc art\u0131rd\u0131. YouTube kanal\u0131nda e\u011flenceli formatlar ve \u00e7ift dinamiklerine yer veren payla\u015f\u0131mlar\u0131yla \u00f6ne \u00e7\u0131kt\u0131. \u00d6zel hayat\u0131nda \u00f6nemli bir d\u00f6n\u00fcm noktas\u0131, 2024\u2019te Pantene Alt\u0131n Kelebek \u00d6d\u00fcl T\u00f6reni\u2019nde sahnede gelen evlilik teklifiydi. \u00c7akmak, uzun soluklu birlikteli\u011fini A\u011fustos 2025\u2019te yap\u0131lan nikahla resmile\u015ftirerek Alper Rende ile evlendi.<\/p>\n","protected":false},"excerpt":{"rendered":"<p>Alper Rende\u2019nin, Bet\u00fcl \u00c7akmak\u2019la evlili\u011finin ard\u0131ndan fiziksel olarak ya\u015fad\u0131\u011f\u0131 de\u011fi\u015fim dikkatlerden ka\u00e7mad\u0131 ve sosyal medyada g\u00fcndem oldu.<\/p>\n","protected":false},"author":37,"featured_media":309398,"comment_status":"closed","ping_status":"closed","sticky":false,"template":"","format":"standard","meta":{"rank_math_lock_modified_date":false,"footnotes":""},"categories":[76],"tags":[73402,3729,133],"class_list":["post-309377","post","type-post","status-publish","format-standard","has-post-thumbnail","hentry","category-magazin","tag-alperen-rende","tag-betul-cakmak","tag-magazin"],"_links":{"self":[{"href":"https:\/\/www.tgrthaber.com\/mavikadin\/wp-json\/wp\/v2\/posts\/309377"}],"collection":[{"href":"https:\/\/www.tgrthaber.com\/mavikadin\/wp-json\/wp\/v2\/posts"}],"about":[{"href":"https:\/\/www.tgrthaber.com\/mavikadin\/wp-json\/wp\/v2\/types\/post"}],"author":[{"embeddable":true,"href":"https:\/\/www.tgrthaber.com\/mavikadin\/wp-json\/wp\/v2\/users\/37"}],"replies":[{"embeddable":true,"href":"https:\/\/www.tgrthaber.com\/mavikadin\/wp-json\/wp\/v2\/comments?post=309377"}],"version-history":[{"count":2,"href":"https:\/\/www.tgrthaber.com\/mavikadin\/wp-json\/wp\/v2\/posts\/309377\/revisions"}],"predecessor-version":[{"id":309414,"href":"https:\/\/www.tgrthaber.com\/mavikadin\/wp-json\/wp\/v2\/posts\/309377\/revisions\/309414"}],"wp:featuredmedia":[{"embeddable":true,"href":"https:\/\/www.tgrthaber.com\/mavikadin\/wp-json\/wp\/v2\/media\/309398"}],"wp:attachment":[{"href":"https:\/\/www.tgrthaber.com\/mavikadin\/wp-json\/wp\/v2\/media?parent=309377"}],"wp:term":[{"taxonomy":"category","embeddable":true,"href":"https:\/\/www.tgrthaber.com\/mavikadin\/wp-json\/wp\/v2\/categories?post=309377"},{"taxonomy":"post_tag","embeddable":true,"href":"https:\/\/www.tgrthaber.com\/mavikadin\/wp-json\/wp\/v2\/tags?post=309377"}],"curies":[{"name":"wp","href":"https:\/\/api.w.org\/{rel}","templated":true}]}}