{"id":309378,"date":"2026-03-17T11:08:22","date_gmt":"2026-03-17T08:08:22","guid":{"rendered":"https:\/\/www.tgrthaber.com\/mavikadin\/?p=309378"},"modified":"2026-03-17T11:08:22","modified_gmt":"2026-03-17T08:08:22","slug":"harun-deniz-kimdir-harun-deniz-kac-yasinda-evli-mi-aslen-nereli-ne-is-yapiyor","status":"publish","type":"post","link":"https:\/\/www.tgrthaber.com\/mavikadin\/harun-deniz-kimdir-harun-deniz-kac-yasinda-evli-mi-aslen-nereli-ne-is-yapiyor\/","title":{"rendered":"Harun Deniz kimdir? Harun Deniz ka\u00e7 ya\u015f\u0131nda, evli mi, aslen nereli, ne i\u015f yap\u0131yor?"},"content":{"rendered":"<p>Dijital d\u00f6n\u00fc\u015f\u00fcmde \u00f6n plana \u00e7\u0131kan isimler aras\u0131nda yer alan <a href=\"https:\/\/www.tgrthaber.com\/mavikadin\/cagatay-torun-kimdir-cagatay-torun-kac-yasinda-nereli-ve-neden-oldu\/\">Harun Deniz\u2019in<\/a> \u00f6zel hayat\u0131na ili\u015fkin detaylar ara\u015ft\u0131r\u0131l\u0131yor. E-Adam Reklam Ajans\u0131\u2019n\u0131n kurucusu ve y\u00f6neticisi olarak dijital pazarlama alan\u0131nda boy g\u00f6steren Harun Deniz\u2019in kim oldu\u011fu merak ediliyor. Harun Deniz, sosyal medyada son zamanlarda s\u0131kl\u0131kla g\u00fcndem oluyor. Gen\u00e7 giri\u015fimci kurdu\u011fu \u015firket ve ekibiyle dikkatleri \u00fczerine \u00e7ekiyor. Peki, Harun Deniz kimdir? Harun Deniz ka\u00e7 ya\u015f\u0131nda, evli mi, aslen nereli, ne i\u015f yap\u0131yor? Harun Deniz hakk\u0131nda merak edilenleri sizin i\u00e7in ara\u015ft\u0131rd\u0131k. \u0130\u015fte Harun Deniz\u2019in \u00f6zel hayat\u0131na dair bilinmeyenler\u2026<\/p>\n<h3>HARUN DEN\u0130Z K\u0130MD\u0130R?<\/h3>\n<p>Son zamanlarda \u00f6zellikle sosyal medyada ad\u0131n\u0131 s\u0131k\u00e7a duydu\u011fumuz <a href=\"https:\/\/www.tgrthaber.com\/mavikadin\/tulin-ozen-kimdir-kac-yasinda-tulin-ozen-hangi-projelerde-rol-aldi\/\">Harun Deniz\u2019in<\/a> kim oldu\u011funa dair detaylar merakla ara\u015ft\u0131r\u0131l\u0131yor. Deniz, kurdu\u011fu \u015firket ve ekibiyle dikkat \u00e7ekiyor. Daha \u00e7ok sosyal medyada \u00f6n plana \u00e7\u0131kan Deniz\u2019in \u00f6zel hayat\u0131 hakk\u0131nda kamuoyunda pek fazla bilgi bulunmuyor.<\/p>\n<p><img loading=\"lazy\" decoding=\"async\" class=\"size-full wp-image-309385\" src=\"https:\/\/www.tgrthaber.com\/mavikadin\/wp-content\/uploads\/2026\/03\/harun-deniz-1.jpg\" alt=\"Harun Deniz kimdir? Harun Deniz ka\u00e7 ya\u015f\u0131nda, evli mi, aslen nereli, ne i\u015f yap\u0131yor?\" width=\"1208\" height=\"680\" title=\"\" srcset=\"https:\/\/www.tgrthaber.com\/mavikadin\/wp-content\/uploads\/2026\/03\/harun-deniz-1.jpg 1208w, https:\/\/www.tgrthaber.com\/mavikadin\/wp-content\/uploads\/2026\/03\/harun-deniz-1-300x169.jpg 300w, https:\/\/www.tgrthaber.com\/mavikadin\/wp-content\/uploads\/2026\/03\/harun-deniz-1-1024x576.jpg 1024w, https:\/\/www.tgrthaber.com\/mavikadin\/wp-content\/uploads\/2026\/03\/harun-deniz-1-768x432.jpg 768w\" sizes=\"(max-width: 1208px) 100vw, 1208px\" \/><\/p>\n<hr \/>\n<p>Dijital pazarlama ve e-ticaret alan\u0131nda \u00fcretti\u011fi projelerle ad\u0131ndan s\u00f6z ettiren Harun Deniz, giri\u015fimcilik yolculu\u011funda bir\u00e7ok gence ilham kayna\u011f\u0131 oluyor. Deniz, daha \u00e7ok sosyal medyadaki aktif ki\u015fili\u011fiyle dikkatleri \u00fczerine \u00e7ekiyor. Gen\u00e7 giri\u015fimci, T\u00fcrkiye\u2019nin dijital d\u00f6n\u00fc\u015f\u00fcm\u00fcnde \u00f6nc\u00fc isimlerden biri oluyor.<\/p>\n<h3>HARUN DEN\u0130Z KA\u00c7 YA\u015eINDA?<\/h3>\n<p>Dijital pazarlama ve reklamc\u0131l\u0131k d\u00fcnyas\u0131nda 12 y\u0131l\u0131 a\u015fk\u0131n tecr\u00fcbeye sahip oldu\u011fu bilinen <a href=\"https:\/\/www.tgrthaber.com\/mavikadin\/sunay-kurtulus-kimdir-kac-yasinda-sunay-kurtulus-meslegi-nedir\/\">Harun Deniz\u2019in<\/a> do\u011fum y\u0131l\u0131 ve ya\u015f\u0131na dair kamuoyuna a\u00e7\u0131k detayl\u0131 bir bilgi bulunmuyor. Daha \u00e7ok giri\u015fimcilik kariyeriyle dikkatleri \u00fczerine \u00e7eken Deniz\u2019in ki\u015fisel bilgileri kamuoyunda yer alm\u0131yor.<\/p>\n<p><img loading=\"lazy\" decoding=\"async\" class=\"size-full wp-image-309384\" src=\"https:\/\/www.tgrthaber.com\/mavikadin\/wp-content\/uploads\/2026\/03\/harun-deniz-6.jpg\" alt=\"Harun Deniz kimdir? Harun Deniz ka\u00e7 ya\u015f\u0131nda, evli mi, aslen nereli, ne i\u015f yap\u0131yor?\" width=\"1208\" height=\"680\" title=\"\" srcset=\"https:\/\/www.tgrthaber.com\/mavikadin\/wp-content\/uploads\/2026\/03\/harun-deniz-6.jpg 1208w, https:\/\/www.tgrthaber.com\/mavikadin\/wp-content\/uploads\/2026\/03\/harun-deniz-6-300x169.jpg 300w, https:\/\/www.tgrthaber.com\/mavikadin\/wp-content\/uploads\/2026\/03\/harun-deniz-6-1024x576.jpg 1024w, https:\/\/www.tgrthaber.com\/mavikadin\/wp-content\/uploads\/2026\/03\/harun-deniz-6-768x432.jpg 768w\" sizes=\"(max-width: 1208px) 100vw, 1208px\" \/><\/p>\n<hr \/>\n<p>\u00d6zel hayat\u0131n\u0131 g\u00f6zlerden uzak ya\u015famay\u0131 tercih eden Harun Deniz, E-adam Dijital Ajans\u0131&#8217;n\u0131n kurucu orta\u011f\u0131, dijital pazarlama ve e-ticaret uzman\u0131 olarak ad\u0131ndan s\u00f6z ettiriyor. Dijital d\u00fcnyada giri\u015fimcilik ve pazarlama projeleriyle tan\u0131nan Deniz, \u015fimdilerde s\u0131kl\u0131kla ad\u0131ndan s\u00f6z ettiriyor.<\/p>\n<h3>HARUN DEN\u0130Z NE \u0130\u015e YAPIYOR?<\/h3>\n<p>Harun Deniz, dijital pazarlama ve e-ticaret alan\u0131nda projeler \u00fcreten, bir giri\u015fimcidir. E-adam Dijital Ajans\u0131&#8217;n\u0131n kurucu orta\u011f\u0131 olarak dikkatleri \u00fczerine \u00e7eken Deniz, giri\u015fimcilik yolculu\u011funda bir\u00e7ok gence ilham olmaya devam ediyor.<\/p>\n<p><img loading=\"lazy\" decoding=\"async\" class=\"size-full wp-image-309382\" src=\"https:\/\/www.tgrthaber.com\/mavikadin\/wp-content\/uploads\/2026\/03\/harun-deniz-4.jpg\" alt=\"Harun Deniz kimdir? Harun Deniz ka\u00e7 ya\u015f\u0131nda, evli mi, aslen nereli, ne i\u015f yap\u0131yor?\" width=\"1208\" height=\"680\" title=\"\" srcset=\"https:\/\/www.tgrthaber.com\/mavikadin\/wp-content\/uploads\/2026\/03\/harun-deniz-4.jpg 1208w, https:\/\/www.tgrthaber.com\/mavikadin\/wp-content\/uploads\/2026\/03\/harun-deniz-4-300x169.jpg 300w, https:\/\/www.tgrthaber.com\/mavikadin\/wp-content\/uploads\/2026\/03\/harun-deniz-4-1024x576.jpg 1024w, https:\/\/www.tgrthaber.com\/mavikadin\/wp-content\/uploads\/2026\/03\/harun-deniz-4-768x432.jpg 768w\" sizes=\"(max-width: 1208px) 100vw, 1208px\" \/><\/p>\n<hr \/>\n<p>\u00d6zellikle son zamanlarda sosyal medyada g\u00fcndem olan gen\u00e7 giri\u015fimci Harun Deniz, kurdu\u011fu \u015firket ve ekibiyle dikkatleri \u00fczerine \u00e7ekiyor. T\u00fcrkiye\u2019nin \u00f6nde gelen dijital ajanslar\u0131ndan E-Adam Reklam Ajans\u0131\u2019n\u0131n kurucusu ve sahibi olan Deniz, dijital kampanyalar, entegrasyon \u00e7\u00f6z\u00fcmleri ve y\u00fcksek hacimli reklam y\u00f6netimi konular\u0131 \u00fczerine uzmanla\u015f\u0131yor.<\/p>\n<p><img loading=\"lazy\" decoding=\"async\" class=\"size-full wp-image-309383\" src=\"https:\/\/www.tgrthaber.com\/mavikadin\/wp-content\/uploads\/2026\/03\/harun-deniz-5.jpg\" alt=\"Harun Deniz kimdir? Harun Deniz ka\u00e7 ya\u015f\u0131nda, evli mi, aslen nereli, ne i\u015f yap\u0131yor?\" width=\"1208\" height=\"680\" title=\"\" srcset=\"https:\/\/www.tgrthaber.com\/mavikadin\/wp-content\/uploads\/2026\/03\/harun-deniz-5.jpg 1208w, https:\/\/www.tgrthaber.com\/mavikadin\/wp-content\/uploads\/2026\/03\/harun-deniz-5-300x169.jpg 300w, https:\/\/www.tgrthaber.com\/mavikadin\/wp-content\/uploads\/2026\/03\/harun-deniz-5-1024x576.jpg 1024w, https:\/\/www.tgrthaber.com\/mavikadin\/wp-content\/uploads\/2026\/03\/harun-deniz-5-768x432.jpg 768w\" sizes=\"(max-width: 1208px) 100vw, 1208px\" \/><\/p>\n<hr \/>\n<h3>HARUN DEN\u0130Z EVL\u0130 M\u0130, ASLEN NEREL\u0130?<\/h3>\n<p>Harun Deniz\u2019in \u00f6zel hayat\u0131na ili\u015fkin herhangi bir detay kamuoyunda bulunmuyor. Evlilik hayat\u0131na dair net bir bilgi bulunmayan Deniz\u2019in nereli oldu\u011fu hakk\u0131nda da detayl\u0131 a\u00e7\u0131klamalar yer alm\u0131yor.<\/p>\n<p><img loading=\"lazy\" decoding=\"async\" class=\"size-full wp-image-309381\" src=\"https:\/\/www.tgrthaber.com\/mavikadin\/wp-content\/uploads\/2026\/03\/harun-deniz-3.jpg\" alt=\"Harun Deniz kimdir? Harun Deniz ka\u00e7 ya\u015f\u0131nda, evli mi, aslen nereli, ne i\u015f yap\u0131yor?\" width=\"1208\" height=\"680\" title=\"\" srcset=\"https:\/\/www.tgrthaber.com\/mavikadin\/wp-content\/uploads\/2026\/03\/harun-deniz-3.jpg 1208w, https:\/\/www.tgrthaber.com\/mavikadin\/wp-content\/uploads\/2026\/03\/harun-deniz-3-300x169.jpg 300w, https:\/\/www.tgrthaber.com\/mavikadin\/wp-content\/uploads\/2026\/03\/harun-deniz-3-1024x576.jpg 1024w, https:\/\/www.tgrthaber.com\/mavikadin\/wp-content\/uploads\/2026\/03\/harun-deniz-3-768x432.jpg 768w\" sizes=\"(max-width: 1208px) 100vw, 1208px\" \/><\/p>\n<hr \/>\n<p>2012 y\u0131l\u0131nda S\u00fcleyman Demirel \u00dcniversitesi Tekstil Bilimleri ve M\u00fchendisli\u011fi b\u00f6l\u00fcm\u00fcnden mezun olan Deniz, \u015fimdilerde giri\u015fimcilik ve pazarlama stratejileriyle \u00f6n plana \u00e7\u0131k\u0131yor. Kariyeri boyunca 700&#8217;den fazla firmaya u\u00e7tan uca dijital \u00e7\u00f6z\u00fcmler sunan Deniz, bir\u00e7ok stratejik projeye imza att\u0131.<\/p>\n","protected":false},"excerpt":{"rendered":"<p>Son zamanlarda sosyal medyada yapm\u0131\u015f oldu\u011fu ba\u015far\u0131l\u0131 \u00e7al\u0131\u015fmalarla dikkatleri \u00fczerine \u00e7eken Harun Deniz\u2019in \u00f6zel hayat\u0131na ili\u015fkin detaylar merakla ara\u015ft\u0131r\u0131l\u0131yor. Peki, Harun Deniz kimdir? Harun Deniz ka\u00e7 ya\u015f\u0131nda, evli mi, aslen nereli, ne i\u015f yap\u0131yor? \u0130\u015fte detaylar\u2026<\/p>\n","protected":false},"author":26,"featured_media":309380,"comment_status":"closed","ping_status":"closed","sticky":false,"template":"","format":"standard","meta":{"rank_math_lock_modified_date":false,"footnotes":""},"categories":[491],"tags":[3374,16521,73396,73394,73395],"class_list":["post-309378","post","type-post","status-publish","format-standard","has-post-thumbnail","hentry","category-biyografi","tag-biyografi","tag-biyografi-haberleri","tag-girisimci-harun-deniz","tag-harun-deniz","tag-harun-deniz-kimdir"],"_links":{"self":[{"href":"https:\/\/www.tgrthaber.com\/mavikadin\/wp-json\/wp\/v2\/posts\/309378"}],"collection":[{"href":"https:\/\/www.tgrthaber.com\/mavikadin\/wp-json\/wp\/v2\/posts"}],"about":[{"href":"https:\/\/www.tgrthaber.com\/mavikadin\/wp-json\/wp\/v2\/types\/post"}],"author":[{"embeddable":true,"href":"https:\/\/www.tgrthaber.com\/mavikadin\/wp-json\/wp\/v2\/users\/26"}],"replies":[{"embeddable":true,"href":"https:\/\/www.tgrthaber.com\/mavikadin\/wp-json\/wp\/v2\/comments?post=309378"}],"version-history":[{"count":2,"href":"https:\/\/www.tgrthaber.com\/mavikadin\/wp-json\/wp\/v2\/posts\/309378\/revisions"}],"predecessor-version":[{"id":309387,"href":"https:\/\/www.tgrthaber.com\/mavikadin\/wp-json\/wp\/v2\/posts\/309378\/revisions\/309387"}],"wp:featuredmedia":[{"embeddable":true,"href":"https:\/\/www.tgrthaber.com\/mavikadin\/wp-json\/wp\/v2\/media\/309380"}],"wp:attachment":[{"href":"https:\/\/www.tgrthaber.com\/mavikadin\/wp-json\/wp\/v2\/media?parent=309378"}],"wp:term":[{"taxonomy":"category","embeddable":true,"href":"https:\/\/www.tgrthaber.com\/mavikadin\/wp-json\/wp\/v2\/categories?post=309378"},{"taxonomy":"post_tag","embeddable":true,"href":"https:\/\/www.tgrthaber.com\/mavikadin\/wp-json\/wp\/v2\/tags?post=309378"}],"curies":[{"name":"wp","href":"https:\/\/api.w.org\/{rel}","templated":true}]}}