{"id":309397,"date":"2026-03-17T11:57:48","date_gmt":"2026-03-17T08:57:48","guid":{"rendered":"https:\/\/www.tgrthaber.com\/mavikadin\/?p=309397"},"modified":"2026-03-17T11:57:48","modified_gmt":"2026-03-17T08:57:48","slug":"ilber-ortaylinin-mezarina-ana-vatanindan-toprak-hayatinda-ozel-yeri-olan-topraklar","status":"publish","type":"post","link":"https:\/\/www.tgrthaber.com\/mavikadin\/ilber-ortaylinin-mezarina-ana-vatanindan-toprak-hayatinda-ozel-yeri-olan-topraklar\/","title":{"rendered":"\u0130lber Ortayl\u0131\u2019n\u0131n mezar\u0131na ana vatan\u0131ndan toprak! Hayat\u0131nda \u00f6zel yeri olan topraklar"},"content":{"rendered":"<p>\u00dcnl\u00fc tarih\u00e7i <a href=\"https:\/\/www.tgrthaber.com\/mavikadin\/ilber-ortayli-kac-yasindaydi-ilber-ortayli-kac-dil-biliyordu\/\">\u0130lber Ortayl\u0131<\/a>, ge\u00e7ti\u011fimiz g\u00fcnlerde hayat\u0131n\u0131 kaybetmi\u015fti. Sevenlerini derin bir h\u00fczne bo\u011fan bu haber sonras\u0131 Ortayl\u0131, cenaze t\u00f6reni ile defnedildi. \u0130stanbul\u2019da bulunan ve \u2018Tarihin Kalbi\u2019 olarak bilinen Fatih Camii haziresine defnedildi. \u00c7ok say\u0131da \u00fcnl\u00fc isim ve siyaset\u00e7ini bir araya geldi\u011fi t\u00f6rende bir vatanda\u015f \u00c7anakkale \u015eehitli\u011fi\u2019nde toprak getirmesi g\u00fcndem oldu. Hatta hayat\u0131nda \u00f6zel yeri olan K\u0131r\u0131m ve \u00c7anakkale topraklar\u0131 mezar\u0131na getirildi.<\/p>\n<h3>\u0130LBER ORTAYLI\u2019NIN MEZARINA ANA VATANINDAN TOPRAK!<\/h3>\n<p>Tarih\u00e7i <a href=\"https:\/\/www.tgrthaber.com\/mavikadin\/ilber-ortaylinin-cenazesi-nerede-ilber-ortayli-cenaze-programi-belli-oldu-mu\/\">\u0130lber Ortayl\u0131<\/a> i\u00e7in, ge\u00e7ti\u011fimiz g\u00fcn cenaze t\u00f6reni d\u00fczenlendi. \u00c7ok say\u0131da \u00fcnl\u00fc ismin ve siyaset\u00e7inin de kat\u0131l\u0131m\u0131yla ger\u00e7ekle\u015fen t\u00f6renle \u0130lber Ortayl\u0131 defnedildi. T\u00f6rende bir vatanda\u015f\u0131n \u0130lber Ortayl\u0131 i\u00e7in yapt\u0131\u011f\u0131 g\u00f6z dolduran anlar dikkat \u00e7ekti.<\/p>\n<p><img loading=\"lazy\" decoding=\"async\" class=\"alignnone size-full wp-image-309404\" src=\"https:\/\/www.tgrthaber.com\/mavikadin\/wp-content\/uploads\/2026\/03\/ARZU-70.jpg\" alt=\"\u0130lber Ortayl\u0131\u2019n\u0131n mezar\u0131na ana vatan\u0131ndan toprak! Hayat\u0131nda \u00f6zel yeri olan topraklar\" width=\"1208\" height=\"680\" title=\"\" srcset=\"https:\/\/www.tgrthaber.com\/mavikadin\/wp-content\/uploads\/2026\/03\/ARZU-70.jpg 1208w, https:\/\/www.tgrthaber.com\/mavikadin\/wp-content\/uploads\/2026\/03\/ARZU-70-300x169.jpg 300w, https:\/\/www.tgrthaber.com\/mavikadin\/wp-content\/uploads\/2026\/03\/ARZU-70-1024x576.jpg 1024w, https:\/\/www.tgrthaber.com\/mavikadin\/wp-content\/uploads\/2026\/03\/ARZU-70-768x432.jpg 768w\" sizes=\"(max-width: 1208px) 100vw, 1208px\" \/><\/p>\n<hr \/>\n<p>Onedio\u2019nun haberine g\u00f6re, \u00c7anakkale Gelibolu\u2019ya g\u00f6m\u00fclmek istenen Ortayl\u0131 i\u00e7in oralardan toprak getirmesi g\u00fcndem oldu. Cenazeye kat\u0131lan oyuncu Alper Sald\u0131ran gazetecilerin sorular\u0131na cevap verirken s\u00f6yledi\u011fi s\u00f6zlerle dikkatleri \u00fczerine \u00e7ekti.<\/p>\n<p><img loading=\"lazy\" decoding=\"async\" class=\"alignnone size-full wp-image-309405\" src=\"https:\/\/www.tgrthaber.com\/mavikadin\/wp-content\/uploads\/2026\/03\/ARZU-69.jpg\" alt=\"\u0130lber Ortayl\u0131\u2019n\u0131n mezar\u0131na ana vatan\u0131ndan toprak! Hayat\u0131nda \u00f6zel yeri olan topraklar\" width=\"1208\" height=\"680\" title=\"\" srcset=\"https:\/\/www.tgrthaber.com\/mavikadin\/wp-content\/uploads\/2026\/03\/ARZU-69.jpg 1208w, https:\/\/www.tgrthaber.com\/mavikadin\/wp-content\/uploads\/2026\/03\/ARZU-69-300x169.jpg 300w, https:\/\/www.tgrthaber.com\/mavikadin\/wp-content\/uploads\/2026\/03\/ARZU-69-1024x576.jpg 1024w, https:\/\/www.tgrthaber.com\/mavikadin\/wp-content\/uploads\/2026\/03\/ARZU-69-768x432.jpg 768w\" sizes=\"(max-width: 1208px) 100vw, 1208px\" \/><\/p>\n<hr \/>\n<p>\u0130lber Ortayl\u0131\u2019n\u0131n Gelibolu\u2019ya g\u00f6m\u00fclmek istedi\u011fini s\u00f6yleyen vatanda\u015f, oralardan toprak getirdi\u011fi \u00f6\u011frenildi. Ayr\u0131ca \u00fcnl\u00fc tarih\u00e7inin ana vatan\u0131 olan K\u0131r\u0131m\u2019dan da getirilen topraklar \u0130lber Ortayl\u0131\u2019n\u0131n mezar\u0131na konuldu.<\/p>\n<h3><img loading=\"lazy\" decoding=\"async\" class=\"alignnone size-full wp-image-309407\" src=\"https:\/\/www.tgrthaber.com\/mavikadin\/wp-content\/uploads\/2026\/03\/ARZU-67.jpg\" alt=\"\u0130lber Ortayl\u0131\u2019n\u0131n mezar\u0131na ana vatan\u0131ndan toprak! Hayat\u0131nda \u00f6zel yeri olan topraklar\" width=\"1208\" height=\"680\" title=\"\" srcset=\"https:\/\/www.tgrthaber.com\/mavikadin\/wp-content\/uploads\/2026\/03\/ARZU-67.jpg 1208w, https:\/\/www.tgrthaber.com\/mavikadin\/wp-content\/uploads\/2026\/03\/ARZU-67-300x169.jpg 300w, https:\/\/www.tgrthaber.com\/mavikadin\/wp-content\/uploads\/2026\/03\/ARZU-67-1024x576.jpg 1024w, https:\/\/www.tgrthaber.com\/mavikadin\/wp-content\/uploads\/2026\/03\/ARZU-67-768x432.jpg 768w\" sizes=\"(max-width: 1208px) 100vw, 1208px\" \/><\/h3>\n<hr \/>\n<h3>HAYATINDA \u00d6ZEL YER\u0130 OLAN TOPRAKLAR<\/h3>\n<p>13 Mart 2026 Cuma g\u00fcn\u00fc hayat\u0131n\u0131 kaybeden \u0130lber Ortayl\u0131, ge\u00e7ti\u011fimiz g\u00fcn topra\u011fa verildi. \u0130lber Ortayl\u0131 i\u00e7in Fatih Camii\u2019nde cenaze t\u00f6reni d\u00fczenlendi. T\u00f6rene \u00e7ok say\u0131da siyaset ve sanat d\u00fcnyas\u0131ndan isimler kat\u0131ld\u0131.<\/p>\n<p><img loading=\"lazy\" decoding=\"async\" class=\"alignnone size-full wp-image-309406\" src=\"https:\/\/www.tgrthaber.com\/mavikadin\/wp-content\/uploads\/2026\/03\/ARZU-68.jpg\" alt=\"\u0130lber Ortayl\u0131\u2019n\u0131n mezar\u0131na ana vatan\u0131ndan toprak! Hayat\u0131nda \u00f6zel yeri olan topraklar\" width=\"1208\" height=\"680\" title=\"\" srcset=\"https:\/\/www.tgrthaber.com\/mavikadin\/wp-content\/uploads\/2026\/03\/ARZU-68.jpg 1208w, https:\/\/www.tgrthaber.com\/mavikadin\/wp-content\/uploads\/2026\/03\/ARZU-68-300x169.jpg 300w, https:\/\/www.tgrthaber.com\/mavikadin\/wp-content\/uploads\/2026\/03\/ARZU-68-1024x576.jpg 1024w, https:\/\/www.tgrthaber.com\/mavikadin\/wp-content\/uploads\/2026\/03\/ARZU-68-768x432.jpg 768w\" sizes=\"(max-width: 1208px) 100vw, 1208px\" \/><\/p>\n<hr \/>\n<p>Ayr\u0131ca sadece \u00fcnl\u00fc isimler ya da tan\u0131d\u0131k y\u00fczler de\u011fil T\u00fcrkiye\u2019nin d\u00f6rt bir yan\u0131ndan \u00fcnl\u00fc tarih\u00e7i i\u00e7in \u00e7ok say\u0131da vatanda\u015flarda geldi. \u0130lber Ortayl\u0131\u2019ya veda etmek isteyen vatanda\u015flar \u0130stanbul\u2019da bulunan Fatih Camii\u2019nde cenaze namaz\u0131na kat\u0131ld\u0131lar.<\/p>\n<p><img loading=\"lazy\" decoding=\"async\" class=\"alignnone size-full wp-image-309403\" src=\"https:\/\/www.tgrthaber.com\/mavikadin\/wp-content\/uploads\/2026\/03\/ARZU-71.jpg\" alt=\"\u0130lber Ortayl\u0131\u2019n\u0131n mezar\u0131na ana vatan\u0131ndan toprak! Hayat\u0131nda \u00f6zel yeri olan topraklar\" width=\"1208\" height=\"680\" title=\"\" srcset=\"https:\/\/www.tgrthaber.com\/mavikadin\/wp-content\/uploads\/2026\/03\/ARZU-71.jpg 1208w, https:\/\/www.tgrthaber.com\/mavikadin\/wp-content\/uploads\/2026\/03\/ARZU-71-300x169.jpg 300w, https:\/\/www.tgrthaber.com\/mavikadin\/wp-content\/uploads\/2026\/03\/ARZU-71-1024x576.jpg 1024w, https:\/\/www.tgrthaber.com\/mavikadin\/wp-content\/uploads\/2026\/03\/ARZU-71-768x432.jpg 768w\" sizes=\"(max-width: 1208px) 100vw, 1208px\" \/><\/p>\n<hr \/>\n<p>Cenaze t\u00f6reni sonras\u0131 defin i\u015flemleri yap\u0131lan \u0130lber Ortayl\u0131\u2019n\u0131n hayat\u0131nda \u00f6zel yeri olan topraklar mezar\u0131na b\u0131rak\u0131ld\u0131. Bir kez bir r\u00f6portaj\u0131nda \u00c7anakkale\u2019nin Gelibolu il\u00e7esine g\u00f6m\u00fclmek istendi\u011fini a\u00e7\u0131klayan Ortayl\u0131\u2019n\u0131n bu konu\u015fmas\u0131 \u00fczerine bir vatanda\u015f\u0131n oralardan toprak getirdi\u011fi \u00f6\u011frenildi.<\/p>\n<p><img loading=\"lazy\" decoding=\"async\" class=\"alignnone size-full wp-image-309409\" src=\"https:\/\/www.tgrthaber.com\/mavikadin\/wp-content\/uploads\/2026\/03\/ARZU-66-2.jpg\" alt=\"\u0130lber Ortayl\u0131\u2019n\u0131n mezar\u0131na ana vatan\u0131ndan toprak! Hayat\u0131nda \u00f6zel yeri olan topraklar\" width=\"1208\" height=\"680\" title=\"\" srcset=\"https:\/\/www.tgrthaber.com\/mavikadin\/wp-content\/uploads\/2026\/03\/ARZU-66-2.jpg 1208w, https:\/\/www.tgrthaber.com\/mavikadin\/wp-content\/uploads\/2026\/03\/ARZU-66-2-300x169.jpg 300w, https:\/\/www.tgrthaber.com\/mavikadin\/wp-content\/uploads\/2026\/03\/ARZU-66-2-1024x576.jpg 1024w, https:\/\/www.tgrthaber.com\/mavikadin\/wp-content\/uploads\/2026\/03\/ARZU-66-2-768x432.jpg 768w\" sizes=\"(max-width: 1208px) 100vw, 1208px\" \/><\/p>\n<hr \/>\n<p>Ayr\u0131ca \u0130lber Ortayl\u0131\u2019n\u0131n ana vatan\u0131 olan K\u0131r\u0131m\u2019dan da mezara b\u0131rak\u0131lmak \u00fczere toprak getirildi. \u0130lber Ortayl\u0131\u2019n\u0131n hayat\u0131nda \u00f6nemli yeri olan bu topraklar \u0130stanbul\u2019da bulunan Fatih Cami\u2019nde bulunan kabristanl\u0131\u011fa defnedildi.<\/p>\n","protected":false},"excerpt":{"rendered":"<p>\u00dcnl\u00fc tarih\u00e7i \u0130lber Ortayl\u0131 ge\u00e7ti\u011fimiz g\u00fcn d\u00fczenlenen cenaze t\u00f6renin ard\u0131ndan \u0130stanbul\u2019da bulunan Fatih Camii Haziresine defnedildi. \u00c7ok say\u0131 da \u00fcnl\u00fc isim ve siyaset\u00e7inin bir araya geldi\u011fi t\u00f6rende \u0130lber Ortayl\u0131\u2019n\u0131n mezar\u0131na hayat\u0131nda \u00f6nemli yerler olan \u00c7anakkale ve K\u0131r\u0131m\u2019dan toprak getirildi. Ortayl\u0131\u2019n\u0131n mezar\u0131na ana vatan\u0131ndan topraklar d\u00f6k\u00fcld\u00fc. \u0130\u015fte detaylar\u2026<\/p>\n","protected":false},"author":34,"featured_media":309402,"comment_status":"closed","ping_status":"closed","sticky":false,"template":"","format":"standard","meta":{"rank_math_lock_modified_date":false,"footnotes":""},"categories":[76],"tags":[73400,3126,73399,2218,73401],"class_list":["post-309397","post","type-post","status-publish","format-standard","has-post-thumbnail","hentry","category-magazin","tag-ilber-ortali-toprak","tag-ilber-ortayli","tag-ilber-ortayli-mezar","tag-magazin-haberleri","tag-toprak"],"_links":{"self":[{"href":"https:\/\/www.tgrthaber.com\/mavikadin\/wp-json\/wp\/v2\/posts\/309397"}],"collection":[{"href":"https:\/\/www.tgrthaber.com\/mavikadin\/wp-json\/wp\/v2\/posts"}],"about":[{"href":"https:\/\/www.tgrthaber.com\/mavikadin\/wp-json\/wp\/v2\/types\/post"}],"author":[{"embeddable":true,"href":"https:\/\/www.tgrthaber.com\/mavikadin\/wp-json\/wp\/v2\/users\/34"}],"replies":[{"embeddable":true,"href":"https:\/\/www.tgrthaber.com\/mavikadin\/wp-json\/wp\/v2\/comments?post=309397"}],"version-history":[{"count":2,"href":"https:\/\/www.tgrthaber.com\/mavikadin\/wp-json\/wp\/v2\/posts\/309397\/revisions"}],"predecessor-version":[{"id":309412,"href":"https:\/\/www.tgrthaber.com\/mavikadin\/wp-json\/wp\/v2\/posts\/309397\/revisions\/309412"}],"wp:featuredmedia":[{"embeddable":true,"href":"https:\/\/www.tgrthaber.com\/mavikadin\/wp-json\/wp\/v2\/media\/309402"}],"wp:attachment":[{"href":"https:\/\/www.tgrthaber.com\/mavikadin\/wp-json\/wp\/v2\/media?parent=309397"}],"wp:term":[{"taxonomy":"category","embeddable":true,"href":"https:\/\/www.tgrthaber.com\/mavikadin\/wp-json\/wp\/v2\/categories?post=309397"},{"taxonomy":"post_tag","embeddable":true,"href":"https:\/\/www.tgrthaber.com\/mavikadin\/wp-json\/wp\/v2\/tags?post=309397"}],"curies":[{"name":"wp","href":"https:\/\/api.w.org\/{rel}","templated":true}]}}