{"id":309415,"date":"2026-03-17T14:33:31","date_gmt":"2026-03-17T11:33:31","guid":{"rendered":"https:\/\/www.tgrthaber.com\/mavikadin\/?p=309415"},"modified":"2026-03-17T14:33:32","modified_gmt":"2026-03-17T11:33:32","slug":"kadir-ezildiyi-cileden-cikaran-hamilelik-mesaji-ultrason-haric-her-yerde-gorunuyor-bu-bebek","status":"publish","type":"post","link":"https:\/\/www.tgrthaber.com\/mavikadin\/kadir-ezildiyi-cileden-cikaran-hamilelik-mesaji-ultrason-haric-her-yerde-gorunuyor-bu-bebek\/","title":{"rendered":"Kadir Ezildi&#8217;yi \u00e7ileden \u00e7\u0131karan hamilelik mesaj\u0131! &#8220;Ultrason hari\u00e7 her yerde g\u00f6r\u00fcn\u00fcyor bu bebek&#8221;"},"content":{"rendered":"<p>\u00dcnl\u00fc sunucu Kadir Ezildi, 2025 Temmuz ay\u0131nda d\u00fcnyaevine giren ve s\u0131k s\u0131k payla\u015f\u0131mlar\u0131yla g\u00fcndemden d\u00fc\u015fmeyen Ezildi hakk\u0131nda e\u015fi Gamze T\u00fcrkmen ile ilgili \u00e7\u0131kan <a href=\"https:\/\/www.tgrthaber.com\/mavikadin\/hailey-bieber-hamileligini-ilk-kez-acikladi-alti-ay-sessiz-kalmasinin-nedeni-sasirtti\/\">hamile<\/a>lik iddialar\u0131n\u0131 keskin ve sert bir dille ge\u00e7ti\u011fimiz g\u00fcnlerde yalanlamas\u0131na ra\u011fmen, Ezildi\u2019nin sitemlerine biri daha eklendi. Kadir Ezildi, sosyal medya hesab\u0131ndan kendisine gelen <a href=\"https:\/\/www.tgrthaber.com\/mavikadin\/esra-erolun-kiz-kardesi-eda-eroldan-hamilelik-pozlari-karni-burnunda-olan-eda-erol-nardan-sonra-karnabahar\/\">hamile<\/a>lik mesaj\u0131yla \u00e7ileden \u00e7\u0131kt\u0131. Ezildi\u2019nin &#8220;Ultrason hari\u00e7 her yerde g\u00f6r\u00fcn\u00fcyor bu bebek&#8221; notuyla yapt\u0131\u011f\u0131 payla\u015f\u0131m dikkat \u00e7ekti. \u0130\u015fte detaylar&#8230;<\/p>\n<h3>KAD\u0130R EZ\u0130LD\u0130&#8217;YE GELEN MESAJ OLAY OLDU!<\/h3>\n<p>\u00dcnl\u00fc sunucu <a href=\"https:\/\/www.tgrthaber.com\/mavikadin\/en-hamarat-benim-1000-bolum-fragmani-olay-oldu-kadir-ezildinin-villa-goruntuleri-gundem-oldu\/\">Kadir Ezildi<\/a>, do\u011fum g\u00fcn\u00fc pastas\u0131ndaki bebek fig\u00fcr\u00fcyle alevlenen baba oluyor iddialar\u0131n\u0131n ard\u0131ndan sosyal medyada g\u00fcndem olmaya devam ediyor. Ezildi, takip\u00e7ileri ve sosyal medya kullan\u0131c\u0131lar\u0131ndan gelen mesajlar kar\u015f\u0131s\u0131nda adeta \u00e7ileden \u00e7\u0131kt\u0131. Son olarak, <a href=\"https:\/\/www.tgrthaber.com\/mavikadin\/kadir-ezildi-esi-gamze-ezildinin-hamilelik-iddialarina-cevap-verdi-kacinci-ayda-cinsiyet-belli-oluyor\/\">Kadir Ezildi<\/a>&#8216;ye &#8220;Raificimm&#8221; olarak kay\u0131tl\u0131 bir sosyal medya kullan\u0131c\u0131s\u0131, &#8220;Kadir, r\u00fcyamda bebe\u011finizi g\u00f6rd\u00fcm. Benim r\u00fcyalar \u00e7\u0131kar&#8221; mesaj\u0131n\u0131 g\u00f6nderdi.<\/p>\n<p><img loading=\"lazy\" decoding=\"async\" class=\"alignnone size-full wp-image-309459\" src=\"https:\/\/www.tgrthaber.com\/mavikadin\/wp-content\/uploads\/2026\/03\/Asli-17-2.png\" alt=\"\" width=\"1208\" height=\"680\" title=\"\" srcset=\"https:\/\/www.tgrthaber.com\/mavikadin\/wp-content\/uploads\/2026\/03\/Asli-17-2.png 1208w, https:\/\/www.tgrthaber.com\/mavikadin\/wp-content\/uploads\/2026\/03\/Asli-17-2-300x169.png 300w, https:\/\/www.tgrthaber.com\/mavikadin\/wp-content\/uploads\/2026\/03\/Asli-17-2-1024x576.png 1024w, https:\/\/www.tgrthaber.com\/mavikadin\/wp-content\/uploads\/2026\/03\/Asli-17-2-768x432.png 768w\" sizes=\"(max-width: 1208px) 100vw, 1208px\" \/><\/p>\n<hr \/>\n<p>Bu mesaja kar\u015f\u0131l\u0131k Kadir Ezildi, esprili bir dille, &#8220;Ay hadi sende g\u00f6rd\u00fcn o r\u00fcyay\u0131, sonunda erkek miydi?&#8221; cevab\u0131n\u0131 vererek takip\u00e7ilerini hem g\u00fcld\u00fcrd\u00fc hem de merak uyand\u0131rd\u0131. \u00dcnl\u00fc sunucu, bu sohbeti sosyal medya hesab\u0131ndan &#8220;Ultrason hari\u00e7 her yerde g\u00f6r\u00fcn\u00fcyor bu bebek (yok bir \u015fey)&#8221; notuyla payla\u015farak g\u00fcndemde dikkat \u00e7ekmeye devam ediyor.<\/p>\n<p><img loading=\"lazy\" decoding=\"async\" class=\"alignnone size-full wp-image-309461\" src=\"https:\/\/www.tgrthaber.com\/mavikadin\/wp-content\/uploads\/2026\/03\/Asli-16-2.png\" alt=\"\" width=\"1208\" height=\"680\" title=\"\" srcset=\"https:\/\/www.tgrthaber.com\/mavikadin\/wp-content\/uploads\/2026\/03\/Asli-16-2.png 1208w, https:\/\/www.tgrthaber.com\/mavikadin\/wp-content\/uploads\/2026\/03\/Asli-16-2-300x169.png 300w, https:\/\/www.tgrthaber.com\/mavikadin\/wp-content\/uploads\/2026\/03\/Asli-16-2-1024x576.png 1024w, https:\/\/www.tgrthaber.com\/mavikadin\/wp-content\/uploads\/2026\/03\/Asli-16-2-768x432.png 768w\" sizes=\"(max-width: 1208px) 100vw, 1208px\" \/><\/p>\n<hr \/>\n<p>Kadir Ezildi\u2019nin bu payla\u015f\u0131m\u0131, hem <a href=\"https:\/\/www.tgrthaber.com\/mavikadin\/kadir-ezildi-esi-gamze-ezildinin-hamilelik-iddialarina-cevap-verdi-kacinci-ayda-cinsiyet-belli-oluyor\/\">hamile<\/a>lik iddialar\u0131n\u0131 tekrar g\u00fcndeme ta\u015f\u0131d\u0131 hem de sosyal medya kullan\u0131c\u0131lar\u0131n\u0131n ilgisini \u00e7ekmeyi ba\u015fard\u0131.<\/p>\n<p><img loading=\"lazy\" decoding=\"async\" class=\"alignnone size-full wp-image-309463\" src=\"https:\/\/www.tgrthaber.com\/mavikadin\/wp-content\/uploads\/2026\/03\/Asli-12-2.png\" alt=\"\" width=\"1208\" height=\"680\" title=\"\" srcset=\"https:\/\/www.tgrthaber.com\/mavikadin\/wp-content\/uploads\/2026\/03\/Asli-12-2.png 1208w, https:\/\/www.tgrthaber.com\/mavikadin\/wp-content\/uploads\/2026\/03\/Asli-12-2-300x169.png 300w, https:\/\/www.tgrthaber.com\/mavikadin\/wp-content\/uploads\/2026\/03\/Asli-12-2-1024x576.png 1024w, https:\/\/www.tgrthaber.com\/mavikadin\/wp-content\/uploads\/2026\/03\/Asli-12-2-768x432.png 768w\" sizes=\"(max-width: 1208px) 100vw, 1208px\" \/><\/p>\n<hr \/>\n<h3>DO\u011eUM G\u00dcB\u00dc PASTASINDAK\u0130 BEBEK F\u0130G\u00dcR\u00dc HAM\u0130LEL\u0130K \u0130DD\u0130ALARINI G\u00dc\u00c7LEND\u0130RD\u0130!<\/h3>\n<p>Temmuz 2025\u2019te Gamze T\u00fcrkmen ile d\u00fcnyaevine giren ve her hareketiyle magazin g\u00fcndeminden d\u00fc\u015fmeyen Ezildi, hakk\u0131nda \u00e7\u0131kan hamilelik haberlerini kesin bir dille yalanlad\u0131. \u0130\u015fte o tart\u0131\u015fmal\u0131 kutlaman\u0131n ve Kadir Ezildi\u2019nin a\u00e7\u0131klamas\u0131n\u0131n detaylar\u0131:<\/p>\n<p>Kadir Ezildi\u2019nin do\u011fum g\u00fcn\u00fc kutlamas\u0131 i\u00e7in haz\u0131rlanan \u00f6zel pastan\u0131n \u00fczerinde; kendisi, e\u015fi Gamze T\u00fcrkmen ve yanlar\u0131nda k\u00fc\u00e7\u00fck bir bebek fig\u00fcr\u00fcn\u00fcn yer almas\u0131, takip\u00e7ileri aras\u0131nda \u201cm\u00fcjdeli haber geldi\u201d \u015feklinde yorumlanm\u0131\u015ft\u0131. Sosyal medyada \u201cKadir Ezildi baba oluyor\u201d ba\u015fl\u0131klar\u0131 h\u0131zla yay\u0131l\u0131nca \u00fcnl\u00fc isimden jet h\u0131z\u0131nda bir d\u00fczeltme geldi. Kadir Ezildi, hakk\u0131ndaki iddialar\u0131n as\u0131ls\u0131z oldu\u011funu belirten bir haberi Instagram hikayesinde payla\u015farak \u015fu notu d\u00fc\u015ft\u00fc:<\/p>\n<p>&#8220;Dilimde t\u00fcy bitti!&#8221;<\/p>\n<p><img loading=\"lazy\" decoding=\"async\" class=\"alignnone size-full wp-image-309464\" src=\"https:\/\/www.tgrthaber.com\/mavikadin\/wp-content\/uploads\/2026\/03\/Asli-14-1.png\" alt=\"\" width=\"1208\" height=\"680\" title=\"\" srcset=\"https:\/\/www.tgrthaber.com\/mavikadin\/wp-content\/uploads\/2026\/03\/Asli-14-1.png 1208w, https:\/\/www.tgrthaber.com\/mavikadin\/wp-content\/uploads\/2026\/03\/Asli-14-1-300x169.png 300w, https:\/\/www.tgrthaber.com\/mavikadin\/wp-content\/uploads\/2026\/03\/Asli-14-1-1024x576.png 1024w, https:\/\/www.tgrthaber.com\/mavikadin\/wp-content\/uploads\/2026\/03\/Asli-14-1-768x432.png 768w\" sizes=\"(max-width: 1208px) 100vw, 1208px\" \/><\/p>\n<hr \/>\n<p>Bu k\u0131sa ve net a\u00e7\u0131klama, \u00fcnl\u00fc sunucunun ayn\u0131 sorulardan ve iddialardan ne kadar s\u0131k\u0131ld\u0131\u011f\u0131n\u0131 g\u00f6zler \u00f6n\u00fcne serdi. Ezildi, daha \u00f6nceki saatlerde yapt\u0131\u011f\u0131 a\u00e7\u0131klamada da bu fig\u00fcr\u00fcn sadece bir &#8220;temenni ve dua&#8221; oldu\u011funu ifade etmi\u015fti.<\/p>\n<p><img loading=\"lazy\" decoding=\"async\" class=\"alignnone size-full wp-image-309465\" src=\"https:\/\/www.tgrthaber.com\/mavikadin\/wp-content\/uploads\/2026\/03\/Asli-13-2.png\" alt=\"\" width=\"1208\" height=\"680\" title=\"\" srcset=\"https:\/\/www.tgrthaber.com\/mavikadin\/wp-content\/uploads\/2026\/03\/Asli-13-2.png 1208w, https:\/\/www.tgrthaber.com\/mavikadin\/wp-content\/uploads\/2026\/03\/Asli-13-2-300x169.png 300w, https:\/\/www.tgrthaber.com\/mavikadin\/wp-content\/uploads\/2026\/03\/Asli-13-2-1024x576.png 1024w, https:\/\/www.tgrthaber.com\/mavikadin\/wp-content\/uploads\/2026\/03\/Asli-13-2-768x432.png 768w\" sizes=\"(max-width: 1208px) 100vw, 1208px\" \/><\/p>\n<p>Kadir Ezildi ve Gamze T\u00fcrkmen \u00e7ifti, ni\u015fan s\u00fcre\u00e7lerinden itibaren her anlar\u0131n\u0131 takip\u00e7ileriyle payla\u015ft\u0131klar\u0131 i\u00e7in hayranlar\u0131 taraf\u0131ndan b\u00fcy\u00fck bir merakla izleniyor. Ancak Ezildi\u2019nin son \u00e7\u0131k\u0131\u015f\u0131, \u00f6zel hayat\u0131na dair s\u00fcrekli \u00fcretilen hamilelik senaryolar\u0131na kar\u015f\u0131 sabr\u0131n\u0131n t\u00fckendi\u011fini g\u00f6steriyor. \u00dcnl\u00fc sunucu, hayat\u0131nda b\u00f6yle bir geli\u015fme oldu\u011funda bunu bizzat payla\u015faca\u011f\u0131n\u0131, \u015fu an i\u00e7in \u00e7\u0131kan haberlerin sadece yak\u0131\u015ft\u0131rmadan ibaret oldu\u011funu vurgulam\u0131\u015f oldu.<\/p>\n","protected":false},"excerpt":{"rendered":"<p>\u00dcnl\u00fc sunucu Kadir Ezildi, do\u011fum g\u00fcn\u00fc pastas\u0131ndaki bebek fig\u00fcr\u00fcyle alevlenen &#8220;baba oluyor&#8221; iddialar\u0131n\u0131n ard\u0131ndan sosyal medya \u00fczerinden, &#8220;Ultrason hari\u00e7 her yerde g\u00f6r\u00fcn\u00fcyor bu bebek (yok bir \u015fey)&#8221; notuyla yay\u0131nlad\u0131\u011f\u0131 hamilelik mesajlar\u0131yla \u00fcnl\u00fc sunucu Kadir Ezildi\u2019yi \u00e7ileden \u00e7\u0131kard\u0131. \u0130\u015fte detaylar&#8230;<\/p>\n","protected":false},"author":37,"featured_media":309457,"comment_status":"closed","ping_status":"closed","sticky":false,"template":"","format":"standard","meta":{"rank_math_lock_modified_date":false,"footnotes":""},"categories":[76],"tags":[2709,2573,71889,133,2218],"class_list":["post-309415","post","type-post","status-publish","format-standard","has-post-thumbnail","hentry","category-magazin","tag-gamze-turkmen","tag-kadir-ezildi","tag-kadir-ezildi-esi","tag-magazin","tag-magazin-haberleri"],"_links":{"self":[{"href":"https:\/\/www.tgrthaber.com\/mavikadin\/wp-json\/wp\/v2\/posts\/309415"}],"collection":[{"href":"https:\/\/www.tgrthaber.com\/mavikadin\/wp-json\/wp\/v2\/posts"}],"about":[{"href":"https:\/\/www.tgrthaber.com\/mavikadin\/wp-json\/wp\/v2\/types\/post"}],"author":[{"embeddable":true,"href":"https:\/\/www.tgrthaber.com\/mavikadin\/wp-json\/wp\/v2\/users\/37"}],"replies":[{"embeddable":true,"href":"https:\/\/www.tgrthaber.com\/mavikadin\/wp-json\/wp\/v2\/comments?post=309415"}],"version-history":[{"count":2,"href":"https:\/\/www.tgrthaber.com\/mavikadin\/wp-json\/wp\/v2\/posts\/309415\/revisions"}],"predecessor-version":[{"id":309470,"href":"https:\/\/www.tgrthaber.com\/mavikadin\/wp-json\/wp\/v2\/posts\/309415\/revisions\/309470"}],"wp:featuredmedia":[{"embeddable":true,"href":"https:\/\/www.tgrthaber.com\/mavikadin\/wp-json\/wp\/v2\/media\/309457"}],"wp:attachment":[{"href":"https:\/\/www.tgrthaber.com\/mavikadin\/wp-json\/wp\/v2\/media?parent=309415"}],"wp:term":[{"taxonomy":"category","embeddable":true,"href":"https:\/\/www.tgrthaber.com\/mavikadin\/wp-json\/wp\/v2\/categories?post=309415"},{"taxonomy":"post_tag","embeddable":true,"href":"https:\/\/www.tgrthaber.com\/mavikadin\/wp-json\/wp\/v2\/tags?post=309415"}],"curies":[{"name":"wp","href":"https:\/\/api.w.org\/{rel}","templated":true}]}}