{"id":309417,"date":"2026-03-17T12:39:07","date_gmt":"2026-03-17T09:39:07","guid":{"rendered":"https:\/\/www.tgrthaber.com\/mavikadin\/?p=309417"},"modified":"2026-03-17T12:39:07","modified_gmt":"2026-03-17T09:39:07","slug":"devrim-ozkan-ve-ekin-mert-daymazdan-ilgi-goren-fotograf-sosyal-medyada-begeni-yagmuruna-tutuldu","status":"publish","type":"post","link":"https:\/\/www.tgrthaber.com\/mavikadin\/devrim-ozkan-ve-ekin-mert-daymazdan-ilgi-goren-fotograf-sosyal-medyada-begeni-yagmuruna-tutuldu\/","title":{"rendered":"Devrim \u00d6zkan ve Ekin Mert Daymaz\u2019dan ilgi g\u00f6ren foto\u011fraf! Sosyal medyada be\u011feni ya\u011fmuruna tutuldu"},"content":{"rendered":"<p>Son g\u00fcnlerde sosyal medyada oyuncular <a href=\"https:\/\/www.tgrthaber.com\/mavikadin\/yeralti-8-bolum-fragmani-yayinlandi-mi-yeralti-son-bolum-nereden-izlenir\/\">Devrim \u00d6zkan<\/a> ve Ekin Mert Daymaz\u2019\u0131n \u201cYeralt\u0131\u201d setinde \u00e7ekilmi\u015f yeni bir foto\u011fraf\u0131 yay\u0131ld\u0131. Hen\u00fcz yap\u0131m\u0131n resmi sosyal medya hesaplar\u0131ndan payla\u015f\u0131lmasa da hayran hesaplar\u0131 ve izleyiciler taraf\u0131ndan X gibi platformlarda payla\u015f\u0131lan bu kare b\u00fcy\u00fck ilgi g\u00f6rd\u00fc. \u00d6zkan ve Daymaz\u2019\u0131n birlikte g\u00f6r\u00fcnt\u00fclendi\u011fi bu foto\u011fraf, dizinin setinde samimi bir an\u0131 yans\u0131tmas\u0131yla sosyal medya \u00fczerinde trend haline geldi.<\/p>\n<h3>DEVR\u0130M \u00d6ZKAN VE EK\u0130N MERT DAYMAZ\u2019DAN \u0130LG\u0130 G\u00d6REN FOTO\u011eRAF<\/h3>\n<p><a href=\"https:\/\/www.tgrthaber.com\/mavikadin\/yeralti-7-bolumde-buyuk-sir-ortaya-cikiyor-ceylan-ve-haydar-alinin-gecmisi-tehlikede\/\">Devrim \u00d6zkan<\/a> ve Ekin Mert Daymaz\u2019\u0131n yer ald\u0131\u011f\u0131 \u201cYeralt\u0131\u201d dizisi setinden yeni bir foto\u011fraf sosyal medyada g\u00fcndem oldu. Hen\u00fcz dizinin resmi hesaplar\u0131nda yer almayan bu kare, hayranlar taraf\u0131ndan X platformunda h\u0131zla yay\u0131larak b\u00fcy\u00fck ilgi g\u00f6rd\u00fc. Oyuncular\u0131n samimi anlar\u0131n\u0131 yans\u0131tan foto\u011fraf, k\u0131sa s\u00fcrede sosyal medyada trend haline geldi.<\/p>\n<p><img loading=\"lazy\" decoding=\"async\" class=\"aligncenter size-full wp-image-309430\" src=\"https:\/\/www.tgrthaber.com\/mavikadin\/wp-content\/uploads\/2026\/03\/Yeralti-4.png\" alt=\"\" width=\"1208\" height=\"680\" title=\"\" srcset=\"https:\/\/www.tgrthaber.com\/mavikadin\/wp-content\/uploads\/2026\/03\/Yeralti-4.png 1208w, https:\/\/www.tgrthaber.com\/mavikadin\/wp-content\/uploads\/2026\/03\/Yeralti-4-300x169.png 300w, https:\/\/www.tgrthaber.com\/mavikadin\/wp-content\/uploads\/2026\/03\/Yeralti-4-1024x576.png 1024w, https:\/\/www.tgrthaber.com\/mavikadin\/wp-content\/uploads\/2026\/03\/Yeralti-4-768x432.png 768w\" sizes=\"(max-width: 1208px) 100vw, 1208px\" \/><\/p>\n<hr \/>\n<h3>YERALTI D\u0130Z\u0130S\u0130 KONUSU<\/h3>\n<p>Yeralt\u0131, Medyap\u0131m imzas\u0131yla haz\u0131rlanan ve NOW TV ekranlar\u0131nda izleyiciyle bulu\u015fan yeni bir su\u00e7\u2011dram dizisi. Dizinin hik\u00e2yesi, yeralt\u0131 d\u00fcnyas\u0131n\u0131n ac\u0131mas\u0131z ger\u00e7ekleri ile tutkulu bir a\u015fk hik\u00e2yesini bir araya getiriyor.<\/p>\n<p><img loading=\"lazy\" decoding=\"async\" class=\"aligncenter size-full wp-image-309434\" src=\"https:\/\/www.tgrthaber.com\/mavikadin\/wp-content\/uploads\/2026\/03\/Yeralti-2.webp\" alt=\"\" width=\"1200\" height=\"679\" title=\"\" srcset=\"https:\/\/www.tgrthaber.com\/mavikadin\/wp-content\/uploads\/2026\/03\/Yeralti-2.webp 1200w, https:\/\/www.tgrthaber.com\/mavikadin\/wp-content\/uploads\/2026\/03\/Yeralti-2-300x170.webp 300w, https:\/\/www.tgrthaber.com\/mavikadin\/wp-content\/uploads\/2026\/03\/Yeralti-2-1024x579.webp 1024w, https:\/\/www.tgrthaber.com\/mavikadin\/wp-content\/uploads\/2026\/03\/Yeralti-2-768x435.webp 768w\" sizes=\"(max-width: 1200px) 100vw, 1200px\" \/><\/p>\n<hr \/>\n<p>Ba\u015frolde g\u00fc\u00e7l\u00fc karakter olarak Haydar Ali ile Ceylan\u2019\u0131n imk\u00e2ns\u0131z a\u015fk\u0131 gibi temalar yer al\u0131rken, entrika, intikam ve yasak ili\u015fkiler dizinin temel eksenini olu\u015fturuyor.<\/p>\n<p><img loading=\"lazy\" decoding=\"async\" class=\"aligncenter size-full wp-image-309431\" src=\"https:\/\/www.tgrthaber.com\/mavikadin\/wp-content\/uploads\/2026\/03\/Yeralti-1.png\" alt=\"\" width=\"1208\" height=\"680\" title=\"\" srcset=\"https:\/\/www.tgrthaber.com\/mavikadin\/wp-content\/uploads\/2026\/03\/Yeralti-1.png 1208w, https:\/\/www.tgrthaber.com\/mavikadin\/wp-content\/uploads\/2026\/03\/Yeralti-1-300x169.png 300w, https:\/\/www.tgrthaber.com\/mavikadin\/wp-content\/uploads\/2026\/03\/Yeralti-1-1024x576.png 1024w, https:\/\/www.tgrthaber.com\/mavikadin\/wp-content\/uploads\/2026\/03\/Yeralti-1-768x432.png 768w\" sizes=\"(max-width: 1208px) 100vw, 1208px\" \/><\/p>\n<hr \/>\n<p>Dizinin yay\u0131n tarihi 28 Ocak 2026 olarak a\u00e7\u0131kland\u0131 ve ilk b\u00f6l\u00fcm\u00fc izleyiciyle bulu\u015ftu. Ba\u015flang\u0131\u00e7ta farkl\u0131 yay\u0131n g\u00fcnlerinde planlanan yap\u0131m\u0131n yay\u0131n ak\u0131\u015f\u0131nda da de\u011fi\u015fikli\u011fe gidildi. Bununla birlikte yap\u0131m ekibi izleyici kitlesinin beklentisine g\u00f6re g\u00fcn ve saat ayarlamalar\u0131 yapt\u0131.<\/p>\n<p><img loading=\"lazy\" decoding=\"async\" class=\"aligncenter size-full wp-image-309432\" src=\"https:\/\/www.tgrthaber.com\/mavikadin\/wp-content\/uploads\/2026\/03\/Yeralti-2.png\" alt=\"\" width=\"1208\" height=\"680\" title=\"\" srcset=\"https:\/\/www.tgrthaber.com\/mavikadin\/wp-content\/uploads\/2026\/03\/Yeralti-2.png 1208w, https:\/\/www.tgrthaber.com\/mavikadin\/wp-content\/uploads\/2026\/03\/Yeralti-2-300x169.png 300w, https:\/\/www.tgrthaber.com\/mavikadin\/wp-content\/uploads\/2026\/03\/Yeralti-2-1024x576.png 1024w, https:\/\/www.tgrthaber.com\/mavikadin\/wp-content\/uploads\/2026\/03\/Yeralti-2-768x432.png 768w\" sizes=\"(max-width: 1208px) 100vw, 1208px\" \/><\/p>\n<hr \/>\n<h3>YERALTI D\u0130Z\u0130S\u0130 OYUNCU KADROSU<\/h3>\n<p>Dizide Devrim \u00d6zkan, ba\u015frollerden birini \u00fcstlenirken; Deniz Can Akta\u015f ve Uraz Kayg\u0131laro\u011flu gibi tan\u0131nm\u0131\u015f isimler de kadronun \u00f6nemli par\u00e7alar\u0131n\u0131 olu\u015fturuyor. \u00d6zkan, 1998 do\u011fumlu gen\u00e7 bir oyuncu olarak \u00e7e\u015fitli dizilerde dikkat \u00e7ekmi\u015f bir isim.<\/p>\n<p><img loading=\"lazy\" decoding=\"async\" class=\"aligncenter size-full wp-image-309433\" src=\"https:\/\/www.tgrthaber.com\/mavikadin\/wp-content\/uploads\/2026\/03\/Yeralti-4.jpg\" alt=\"\" width=\"1080\" height=\"1440\" title=\"\" srcset=\"https:\/\/www.tgrthaber.com\/mavikadin\/wp-content\/uploads\/2026\/03\/Yeralti-4.jpg 1080w, https:\/\/www.tgrthaber.com\/mavikadin\/wp-content\/uploads\/2026\/03\/Yeralti-4-225x300.jpg 225w, https:\/\/www.tgrthaber.com\/mavikadin\/wp-content\/uploads\/2026\/03\/Yeralti-4-768x1024.jpg 768w\" sizes=\"(max-width: 1080px) 100vw, 1080px\" \/><\/p>\n<hr \/>\n<p>Ekin Mert Daymaz ise televizyon d\u00fcnyas\u0131nda uzun s\u00fcredir yer alan oyuncular aras\u0131nda bulunuyor. Daymaz, oyunculuk kariyerine 2014\u2019te ba\u015flam\u0131\u015f ve bir\u00e7ok pop\u00fcler projede rol alm\u0131\u015ft\u0131. Yeni dizideki performans\u0131 izleyiciler taraf\u0131ndan merakla takip ediliyor.<\/p>\n","protected":false},"excerpt":{"rendered":"<p>Yeralt\u0131\u2019n\u0131n sevilen oyuncular\u0131 Devrim \u00d6zkan ve Ekin Mert Daymaz\u2019\u0131n sette \u00e7ekildikleri yeni bir karesi g\u00fcndeme damga vurdu. Yap\u0131m\u0131n resmi sosyal medya hesaplar\u0131ndan hen\u00fcz payla\u015f\u0131lmam\u0131\u015f olsa da, hayran hesaplar\u0131 ve izleyiciler taraf\u0131ndan X platformunda yay\u0131lan foto\u011fraf b\u00fcy\u00fck ilgi toplad\u0131.<\/p>\n","protected":false},"author":5,"featured_media":309435,"comment_status":"closed","ping_status":"closed","sticky":false,"template":"","format":"standard","meta":{"rank_math_lock_modified_date":false,"footnotes":""},"categories":[602],"tags":[159,3602,69114,66165],"class_list":["post-309417","post","type-post","status-publish","format-standard","has-post-thumbnail","hentry","category-diziler","tag-devrim-ozkan","tag-diziler","tag-ekin-mert-daymaz","tag-yeralti"],"_links":{"self":[{"href":"https:\/\/www.tgrthaber.com\/mavikadin\/wp-json\/wp\/v2\/posts\/309417"}],"collection":[{"href":"https:\/\/www.tgrthaber.com\/mavikadin\/wp-json\/wp\/v2\/posts"}],"about":[{"href":"https:\/\/www.tgrthaber.com\/mavikadin\/wp-json\/wp\/v2\/types\/post"}],"author":[{"embeddable":true,"href":"https:\/\/www.tgrthaber.com\/mavikadin\/wp-json\/wp\/v2\/users\/5"}],"replies":[{"embeddable":true,"href":"https:\/\/www.tgrthaber.com\/mavikadin\/wp-json\/wp\/v2\/comments?post=309417"}],"version-history":[{"count":1,"href":"https:\/\/www.tgrthaber.com\/mavikadin\/wp-json\/wp\/v2\/posts\/309417\/revisions"}],"predecessor-version":[{"id":309436,"href":"https:\/\/www.tgrthaber.com\/mavikadin\/wp-json\/wp\/v2\/posts\/309417\/revisions\/309436"}],"wp:featuredmedia":[{"embeddable":true,"href":"https:\/\/www.tgrthaber.com\/mavikadin\/wp-json\/wp\/v2\/media\/309435"}],"wp:attachment":[{"href":"https:\/\/www.tgrthaber.com\/mavikadin\/wp-json\/wp\/v2\/media?parent=309417"}],"wp:term":[{"taxonomy":"category","embeddable":true,"href":"https:\/\/www.tgrthaber.com\/mavikadin\/wp-json\/wp\/v2\/categories?post=309417"},{"taxonomy":"post_tag","embeddable":true,"href":"https:\/\/www.tgrthaber.com\/mavikadin\/wp-json\/wp\/v2\/tags?post=309417"}],"curies":[{"name":"wp","href":"https:\/\/api.w.org\/{rel}","templated":true}]}}