{"id":309499,"date":"2026-03-17T16:35:15","date_gmt":"2026-03-17T13:35:15","guid":{"rendered":"https:\/\/www.tgrthaber.com\/mavikadin\/?p=309499"},"modified":"2026-03-17T16:35:15","modified_gmt":"2026-03-17T13:35:15","slug":"ramazan-bayraminin-yeni-gozdesi-brakana-tatlisi-bol-serbetiyle-baklavaya-rakip","status":"publish","type":"post","link":"https:\/\/www.tgrthaber.com\/mavikadin\/ramazan-bayraminin-yeni-gozdesi-brakana-tatlisi-bol-serbetiyle-baklavaya-rakip\/","title":{"rendered":"Ramazan Bayram\u0131\u2019n\u0131n yeni g\u00f6zdesi brakana tatl\u0131s\u0131! Bol \u015ferbetiyle baklavaya rakip"},"content":{"rendered":"<p>Ramazan Ay\u0131\u2019n\u0131n bitmesiyle birlikte evleri bayram heyecan\u0131 sarm\u0131\u015f durumda. Bizde bu senenin yeni g\u00f6zdesi olan brakana tatl\u0131s\u0131n\u0131 ara\u015ft\u0131rd\u0131k. Bol \u015ferbetiyle baklavaya rakip olan bu <a href=\"https:\/\/www.tgrthaber.com\/mavikadin\/osmanli-saray-mutfaklarindan-cikip-cay-sohbetlerine-gelen-irmik-tatlisi-tarifi-kivamina-bayilacaksiniz\/\">tatl\u0131<\/a>, bayramlar\u0131n sevilen tatlar\u0131 aras\u0131nda yer alacak. \u0130\u015fte detaylar\u2026<\/p>\n<h3>RAMAZAN BAYRAMI\u2019NIN YEN\u0130 G\u00d6ZDES\u0130 BRAKANA TATLISI!<\/h3>\n<p>Ramazan Ay\u0131\u2019n\u0131n son zamanlar\u0131na girdi\u011fimiz \u015fu g\u00fcnlerde her evi bayram tela\u015fesi sarm\u0131\u015f durumda. \u00d6zellikle de ev kad\u0131nlar\u0131n\u0131n en \u00e7ok u\u011fra\u015ft\u0131\u011f\u0131 g\u00fcnlerden biri olan Ramazan Bayram\u0131, <a href=\"https:\/\/www.tgrthaber.com\/mavikadin\/gelinim-mutfaktada-agizda-dagilan-padisah-yastigi-tatlisi-nasil-yapilir-isin-sirri-serbetinde\/\">tatl\u0131s\u0131<\/a> ve ek\u015fisiyle adeta yorucu bir hal al\u0131yor.<\/p>\n<p><img loading=\"lazy\" decoding=\"async\" class=\"alignnone size-full wp-image-309508\" src=\"https:\/\/www.tgrthaber.com\/mavikadin\/wp-content\/uploads\/2026\/03\/ARZU-88.jpg\" alt=\"Ramazan Bayram\u0131\u2019n\u0131n yeni g\u00f6zdesi brakana tatl\u0131s\u0131! Bol \u015ferbetiyle baklavaya rakip\" width=\"1208\" height=\"680\" title=\"\" srcset=\"https:\/\/www.tgrthaber.com\/mavikadin\/wp-content\/uploads\/2026\/03\/ARZU-88.jpg 1208w, https:\/\/www.tgrthaber.com\/mavikadin\/wp-content\/uploads\/2026\/03\/ARZU-88-300x169.jpg 300w, https:\/\/www.tgrthaber.com\/mavikadin\/wp-content\/uploads\/2026\/03\/ARZU-88-1024x576.jpg 1024w, https:\/\/www.tgrthaber.com\/mavikadin\/wp-content\/uploads\/2026\/03\/ARZU-88-768x432.jpg 768w\" sizes=\"(max-width: 1208px) 100vw, 1208px\" \/><\/p>\n<hr \/>\n<p>Bizde bu y\u0131l yeni g\u00f6zde olabilecek brakana tatl\u0131s\u0131n\u0131 sizin i\u00e7in ara\u015ft\u0131rd\u0131k. K\u0131rklareli\u2019nin Babaeski il\u00e7esine ba\u011fl\u0131 B\u00fcy\u00fckband\u0131rma beldesinden \u00e7\u0131kan bu tatl\u0131 adeta co\u011frafi i\u015faretler ile tescillenmi\u015f tatl\u0131lar aras\u0131nda yer al\u0131r. Bu sene Bayram sofralar\u0131n\u0131n yeni g\u00f6zdesi olacak olan brakana tatl\u0131s\u0131, yap\u0131m\u0131yla da sizlere kolayl\u0131k sa\u011fl\u0131yor.<\/p>\n<p><img loading=\"lazy\" decoding=\"async\" class=\"alignnone size-full wp-image-309506\" src=\"https:\/\/www.tgrthaber.com\/mavikadin\/wp-content\/uploads\/2026\/03\/ARZU-90.jpg\" alt=\"Ramazan Bayram\u0131\u2019n\u0131n yeni g\u00f6zdesi brakana tatl\u0131s\u0131! Bol \u015ferbetiyle baklavaya rakip\" width=\"1208\" height=\"680\" title=\"\" srcset=\"https:\/\/www.tgrthaber.com\/mavikadin\/wp-content\/uploads\/2026\/03\/ARZU-90.jpg 1208w, https:\/\/www.tgrthaber.com\/mavikadin\/wp-content\/uploads\/2026\/03\/ARZU-90-300x169.jpg 300w, https:\/\/www.tgrthaber.com\/mavikadin\/wp-content\/uploads\/2026\/03\/ARZU-90-1024x576.jpg 1024w, https:\/\/www.tgrthaber.com\/mavikadin\/wp-content\/uploads\/2026\/03\/ARZU-90-768x432.jpg 768w\" sizes=\"(max-width: 1208px) 100vw, 1208px\" \/><\/p>\n<hr \/>\n<p><strong>Brakana Tatl\u0131s\u0131 tarifi!<\/strong><\/p>\n<p><strong>Malzemeler;<\/strong><\/p>\n<ul>\n<li>250 gram tereya\u011f\u0131<\/li>\n<li>2 su barda\u011f\u0131 Ay\u00e7i\u00e7ek ya\u011f\u0131<\/li>\n<li>2 su barda\u011f\u0131 s\u00fct<\/li>\n<li>6 su barda\u011f\u0131 un<\/li>\n<li>4 adet yumurta (2\u2019sinin sadece sar\u0131s\u0131)<\/li>\n<li>1 paket kabartma tozu<\/li>\n<li>1 \u00e7ay barda\u011f\u0131 karbonat<\/li>\n<li>1 paket vanilin<\/li>\n<\/ul>\n<p><img loading=\"lazy\" decoding=\"async\" class=\"alignnone size-full wp-image-309505\" src=\"https:\/\/www.tgrthaber.com\/mavikadin\/wp-content\/uploads\/2026\/03\/ARZU-91.jpg\" alt=\"Ramazan Bayram\u0131\u2019n\u0131n yeni g\u00f6zdesi brakana tatl\u0131s\u0131! Bol \u015ferbetiyle baklavaya rakip\" width=\"1208\" height=\"680\" title=\"\" srcset=\"https:\/\/www.tgrthaber.com\/mavikadin\/wp-content\/uploads\/2026\/03\/ARZU-91.jpg 1208w, https:\/\/www.tgrthaber.com\/mavikadin\/wp-content\/uploads\/2026\/03\/ARZU-91-300x169.jpg 300w, https:\/\/www.tgrthaber.com\/mavikadin\/wp-content\/uploads\/2026\/03\/ARZU-91-1024x576.jpg 1024w, https:\/\/www.tgrthaber.com\/mavikadin\/wp-content\/uploads\/2026\/03\/ARZU-91-768x432.jpg 768w\" sizes=\"(max-width: 1208px) 100vw, 1208px\" \/><\/p>\n<hr \/>\n<p><strong>\u015eerbeti i\u00e7in;<\/strong><\/p>\n<ul>\n<li>6 su barda\u011f\u0131 \u015feker<\/li>\n<li>5 su barda\u011f\u0131 su<\/li>\n<li>1 ya da 2 damla limon<\/li>\n<\/ul>\n<p><img loading=\"lazy\" decoding=\"async\" class=\"alignnone wp-image-309507 size-full\" src=\"https:\/\/www.tgrthaber.com\/mavikadin\/wp-content\/uploads\/2026\/03\/ARZU-89.jpg\" alt=\"\" width=\"1208\" height=\"680\" title=\"\" srcset=\"https:\/\/www.tgrthaber.com\/mavikadin\/wp-content\/uploads\/2026\/03\/ARZU-89.jpg 1208w, https:\/\/www.tgrthaber.com\/mavikadin\/wp-content\/uploads\/2026\/03\/ARZU-89-300x169.jpg 300w, https:\/\/www.tgrthaber.com\/mavikadin\/wp-content\/uploads\/2026\/03\/ARZU-89-1024x576.jpg 1024w, https:\/\/www.tgrthaber.com\/mavikadin\/wp-content\/uploads\/2026\/03\/ARZU-89-768x432.jpg 768w\" sizes=\"(max-width: 1208px) 100vw, 1208px\" \/><\/p>\n<hr \/>\n<p><strong>Haz\u0131rlan\u0131\u015f\u0131:<\/strong><\/p>\n<p>S\u00fct, kat\u0131 ya ve s\u0131v\u0131 ya\u011f\u0131 derin bir tencereye al\u0131n. Kat\u0131 ya\u011f\u0131 eritip t\u00fcm malzemeleri biraz \u0131s\u0131t\u0131n. Daha sonra 5 su barda\u011f\u0131 unu kontroll\u00fc bir \u015fekilde ekleyin ve s\u0131cak s\u0131v\u0131 malzemeye yedirin. Bunu yaparken ara ara tencerenin taban\u0131na d\u00f6vd\u00fcrerek hafif\u00e7e tavlay\u0131n.<\/p>\n<p>Daha sonra un helvas\u0131 k\u0131vam\u0131nda malzemeyi bir tepsiye yay\u0131p a\u00e7\u0131k ortamda so\u011futun. Bu \u00f6nemli \u00e7\u00fcnk\u00fc bir sonraki a\u015famada ekleyece\u011fimiz yumurtalar\u0131 pi\u015firmemesi gerekiyor. So\u011fuyan brakana tatl\u0131s\u0131 hamuruna yumurtalar\u0131 ekleyin. 2 b\u00fct\u00fcn yumurtaya ilave 2 yumurtan\u0131n da sar\u0131s\u0131n\u0131 kullan\u0131n.<\/p>\n<p>Malzemenin 5 su barda\u011f\u0131 un kald\u0131r\u0131ld\u0131\u011f\u0131n\u0131 kontrol edip 1 bardak ilave unu ekleyin. Bu ad\u0131mda un miktar\u0131n\u0131 az ya da \u00e7ok hale d\u00f6n\u00fc\u015ft\u00fcrebilir yahut ihmal edebilirsiniz. Karbonat, kabartma tozu ve vanilini ilave edip yo\u011furun.<\/p>\n<p>&nbsp;<\/p>\n<p><img loading=\"lazy\" decoding=\"async\" class=\"alignnone size-full wp-image-309504\" src=\"https:\/\/www.tgrthaber.com\/mavikadin\/wp-content\/uploads\/2026\/03\/ARZU-92.jpg\" alt=\"Ramazan Bayram\u0131\u2019n\u0131n yeni g\u00f6zdesi brakana tatl\u0131s\u0131! Bol \u015ferbetiyle baklavaya rakip\" width=\"1208\" height=\"680\" title=\"\" srcset=\"https:\/\/www.tgrthaber.com\/mavikadin\/wp-content\/uploads\/2026\/03\/ARZU-92.jpg 1208w, https:\/\/www.tgrthaber.com\/mavikadin\/wp-content\/uploads\/2026\/03\/ARZU-92-300x169.jpg 300w, https:\/\/www.tgrthaber.com\/mavikadin\/wp-content\/uploads\/2026\/03\/ARZU-92-1024x576.jpg 1024w, https:\/\/www.tgrthaber.com\/mavikadin\/wp-content\/uploads\/2026\/03\/ARZU-92-768x432.jpg 768w\" sizes=\"(max-width: 1208px) 100vw, 1208px\" \/><\/p>\n<hr \/>\n<p>\u00d6zle\u015fen hamurdan (i\u00e7eri\u011findeki ya\u011f sebebiyle \u0131slak\u00e7a olsa da ele yap\u0131\u015fmay\u0131p toparlanmal\u0131) k\u00fc\u00e7\u00fck\u00e7e bir mandalina b\u00fcy\u00fckl\u00fc\u011f\u00fcnde par\u00e7alar kopart\u0131p avcunuzda yuvarlay\u0131n. Ya\u011fl\u0131 f\u0131r\u0131n tepsisine birbirine de\u011fmeyecek \u015fekilde dizin.<\/p>\n<p>Daha sonra hamurun ortas\u0131na parmak bast\u0131r\u0131p bir delik a\u00e7\u0131n. 180 derece f\u0131r\u0131nda nar gibi oluncaya de\u011fin yakla\u015f\u0131k yar\u0131m saat f\u0131r\u0131nlay\u0131n. Bu tatl\u0131n\u0131n bir \u00f6zelli\u011fi de tatl\u0131 ve \u015ferbetin s\u0131cak olmas\u0131d\u0131r. Tatl\u0131y\u0131 f\u0131r\u0131na verirken \u015ferbeti de e\u015f zamanl\u0131 oca\u011fa koyup a\u011fdal\u0131 olmayacak bir k\u0131vamda haz\u0131rlay\u0131n. Tatl\u0131n\u0131n ve \u015ferbetin ilk s\u0131ca\u011f\u0131 gider gitmez, iki \u00fc\u00e7 dakika i\u00e7erisinde bulu\u015fturun. Oda s\u0131cakl\u0131\u011f\u0131na indikten sonra so\u011futup servise al\u0131n.<\/p>\n<h3><img loading=\"lazy\" decoding=\"async\" class=\"alignnone size-full wp-image-309502\" src=\"https:\/\/www.tgrthaber.com\/mavikadin\/wp-content\/uploads\/2026\/03\/ARZU-94.jpg\" alt=\"Ramazan Bayram\u0131\u2019n\u0131n yeni g\u00f6zdesi brakana tatl\u0131s\u0131! Bol \u015ferbetiyle baklavaya rakip\" width=\"1208\" height=\"680\" title=\"\" srcset=\"https:\/\/www.tgrthaber.com\/mavikadin\/wp-content\/uploads\/2026\/03\/ARZU-94.jpg 1208w, https:\/\/www.tgrthaber.com\/mavikadin\/wp-content\/uploads\/2026\/03\/ARZU-94-300x169.jpg 300w, https:\/\/www.tgrthaber.com\/mavikadin\/wp-content\/uploads\/2026\/03\/ARZU-94-1024x576.jpg 1024w, https:\/\/www.tgrthaber.com\/mavikadin\/wp-content\/uploads\/2026\/03\/ARZU-94-768x432.jpg 768w\" sizes=\"(max-width: 1208px) 100vw, 1208px\" \/><\/h3>\n<hr \/>\n<h3>BOL \u015eERBET\u0130YLE BAKLAVAYA RAK\u0130P<\/h3>\n<p>Ramazan ay\u0131nda sofralar\u0131n yeni g\u00f6zdesi olacak olan brakana tatl\u0131s\u0131, bol \u015ferbetiyle de baklavalar\u0131 adeta unutturacak. Bayram klasi\u011fi olan brakana tatl\u0131lar\u0131, art\u0131k eski d\u00f6nemlerin en \u00e7ok yap\u0131lan tatl\u0131lar\u0131 aras\u0131nda yer al\u0131yor. Sizde Ramazan bayram\u0131nda bir de\u011fi\u015fiklik yap\u0131n ve evinizde brakan tatl\u0131s\u0131n\u0131 yap\u0131n. \u00c7\u00fcnk\u00fc kolay yap\u0131m\u0131yla baklava kadar u\u011fra\u015ft\u0131r\u0131c\u0131 de\u011fil. Biterse ne yapar\u0131m diye korkman\u0131za gerek bile kalmayacakt\u0131r. \u00c7\u00fcnk\u00fc kolayca tekrardan yap\u0131labilir.<\/p>\n","protected":false},"excerpt":{"rendered":"<p>Ramazan Bayram\u0131\u2019n\u0131n yakla\u015ft\u0131\u011f\u0131 \u015fu g\u00fcnlerde evleri tatl\u0131 yapma tela\u015flar\u0131 sard\u0131. Bizde sizin i\u00e7in bu sene baklavaya rakip olabilecek brakana tatl\u0131s\u0131n\u0131 ara\u015ft\u0131rd\u0131k. \u00d6zellikle de bol \u015ferbetiyle bayramlar\u0131n yeni g\u00f6zdesi olacak. \u0130\u015fte Brakana tatl\u0131s\u0131 tarifi!<\/p>\n","protected":false},"author":34,"featured_media":309509,"comment_status":"closed","ping_status":"closed","sticky":false,"template":"","format":"standard","meta":{"rank_math_lock_modified_date":false,"footnotes":""},"categories":[191],"tags":[2440,73415,73414,9496,355,3411],"class_list":["post-309499","post","type-post","status-publish","format-standard","has-post-thumbnail","hentry","category-yemek-tarifleri","tag-baklava","tag-bol-serbetli","tag-brakana-tatlisi","tag-ramazan-bayrami","tag-yemek","tag-yemek-tarifleri"],"_links":{"self":[{"href":"https:\/\/www.tgrthaber.com\/mavikadin\/wp-json\/wp\/v2\/posts\/309499"}],"collection":[{"href":"https:\/\/www.tgrthaber.com\/mavikadin\/wp-json\/wp\/v2\/posts"}],"about":[{"href":"https:\/\/www.tgrthaber.com\/mavikadin\/wp-json\/wp\/v2\/types\/post"}],"author":[{"embeddable":true,"href":"https:\/\/www.tgrthaber.com\/mavikadin\/wp-json\/wp\/v2\/users\/34"}],"replies":[{"embeddable":true,"href":"https:\/\/www.tgrthaber.com\/mavikadin\/wp-json\/wp\/v2\/comments?post=309499"}],"version-history":[{"count":2,"href":"https:\/\/www.tgrthaber.com\/mavikadin\/wp-json\/wp\/v2\/posts\/309499\/revisions"}],"predecessor-version":[{"id":309511,"href":"https:\/\/www.tgrthaber.com\/mavikadin\/wp-json\/wp\/v2\/posts\/309499\/revisions\/309511"}],"wp:featuredmedia":[{"embeddable":true,"href":"https:\/\/www.tgrthaber.com\/mavikadin\/wp-json\/wp\/v2\/media\/309509"}],"wp:attachment":[{"href":"https:\/\/www.tgrthaber.com\/mavikadin\/wp-json\/wp\/v2\/media?parent=309499"}],"wp:term":[{"taxonomy":"category","embeddable":true,"href":"https:\/\/www.tgrthaber.com\/mavikadin\/wp-json\/wp\/v2\/categories?post=309499"},{"taxonomy":"post_tag","embeddable":true,"href":"https:\/\/www.tgrthaber.com\/mavikadin\/wp-json\/wp\/v2\/tags?post=309499"}],"curies":[{"name":"wp","href":"https:\/\/api.w.org\/{rel}","templated":true}]}}