{"id":309543,"date":"2026-03-17T18:14:45","date_gmt":"2026-03-17T15:14:45","guid":{"rendered":"https:\/\/www.tgrthaber.com\/mavikadin\/?p=309543"},"modified":"2026-03-17T18:15:03","modified_gmt":"2026-03-17T15:15:03","slug":"gelinim-mutfaktaya-dilanayin-esi-emreden-bir-baskin-daha-emrenin-kredi-kartini-gizlice-almasi-kriz-cikardi","status":"publish","type":"post","link":"https:\/\/www.tgrthaber.com\/mavikadin\/gelinim-mutfaktaya-dilanayin-esi-emreden-bir-baskin-daha-emrenin-kredi-kartini-gizlice-almasi-kriz-cikardi\/","title":{"rendered":"Gelinim Mutfakta&#8217;ya Dilanay&#8217;\u0131n e\u015fi Emre&#8217;den bir bask\u0131n daha! Emre&#8217;nin kredi kart\u0131n\u0131 gizlice almas\u0131 kriz \u00e7\u0131kard\u0131"},"content":{"rendered":"<p>Gelinim Mutfakta&#8217;da bug\u00fcn <a href=\"https:\/\/www.tgrthaber.com\/mavikadin\/gelinim-mutfakta-ihtiyac-sahibi-ailenin-kapisini-ramazan-surpriziyle-caldi-o-anlar-milyonlari-gozyasina-bogdu\/\">Dilanay<\/a>&#8216;\u0131n e\u015fi Emre&#8217;den \u015foke eden bir bask\u0131n daha ger\u00e7ekle\u015fti. Emre&#8217;nin Gelinim Mutfakta&#8217;ya aniden gelmesiyle ya\u015fanan kaos, Emre&#8217;nin e\u015fi Dilanay&#8217;\u0131n kredi kart\u0131n\u0131 izinsiz al\u0131p kullanmas\u0131 ve kay\u0131nvalide M\u00fcr\u00fcvet&#8217;in de o\u011fluna arka \u00e7\u0131k\u0131p, &#8216;Kalk gidelim buradan&#8217; demesi ile ya\u015fanan tansiyon adeta alev ald\u0131.\u00a0 \u0130\u015fte <a href=\"https:\/\/www.tgrthaber.com\/mavikadin\/gelinim-mutfakta-bugun-ceyrek-altini-kim-aldi-gelinim-mutfakta-16-mart-pazartesi-kim-kazandi\/\">Gelinim Mutfakta<\/a>&#8216;da 17 Mart Sal\u0131 g\u00fcn\u00fc ya\u015fanan olay\u0131n t\u00fcm detaylar\u0131&#8230;<\/p>\n<h3>GEL\u0130N\u0130M MUTFAKTA&#8217;YA D\u0130LANAY&#8217;IN E\u015e\u0130 EMRE&#8217;DEN B\u0130R BASKIN DAHA!<\/h3>\n<p>Gelinim Mutfakta&#8217;n\u0131n bug\u00fcn yay\u0131nlanan b\u00f6l\u00fcm\u00fcne Dilanay&#8217;\u0131n e\u015fi Emre Bey resmen damga vurdu. Ge\u00e7ti\u011fimiz b\u00f6l\u00fcmlerde e\u015fi Dilanay&#8217;\u0131n sa\u011fl\u0131k sorunlar\u0131 olmas\u0131ndan kaynakl\u0131, yar\u0131\u015fmada 1 g\u00fcnl\u00fc\u011f\u00fcne yar\u0131\u015fan Emre Bey, o g\u00fcn bug\u00fcnd\u00fcr, Gelinim Mutfakta st\u00fcdyosundan ayr\u0131lam\u0131yor.<\/p>\n<p><img loading=\"lazy\" decoding=\"async\" class=\"alignnone wp-image-309555 size-full\" src=\"https:\/\/www.tgrthaber.com\/mavikadin\/wp-content\/uploads\/2026\/03\/Ekran-goruntusu-2026-03-17-173857.png\" alt=\"\" width=\"1244\" height=\"689\" title=\"\" srcset=\"https:\/\/www.tgrthaber.com\/mavikadin\/wp-content\/uploads\/2026\/03\/Ekran-goruntusu-2026-03-17-173857.png 1244w, https:\/\/www.tgrthaber.com\/mavikadin\/wp-content\/uploads\/2026\/03\/Ekran-goruntusu-2026-03-17-173857-300x166.png 300w, https:\/\/www.tgrthaber.com\/mavikadin\/wp-content\/uploads\/2026\/03\/Ekran-goruntusu-2026-03-17-173857-1024x567.png 1024w, https:\/\/www.tgrthaber.com\/mavikadin\/wp-content\/uploads\/2026\/03\/Ekran-goruntusu-2026-03-17-173857-768x425.png 768w\" sizes=\"(max-width: 1244px) 100vw, 1244px\" \/><\/p>\n<hr \/>\n<p>Gelinim Mutfakta&#8217;ya daha \u00f6ncede &#8216;O adam buraya gelecek&#8217; \u00e7\u0131k\u0131\u015f\u0131yla gelen ve e\u015fi Dilanay&#8217;\u0131 ba\u015fka bir erkekle ayn\u0131 foto\u011frafta g\u00f6rd\u00fc\u011f\u00fcn\u00fc s\u00f6yleyen Emre Bey, bu defa kredi kart\u0131 kriziyle Gelinim Mutfakta st\u00fcdyosunda bulundu.<\/p>\n<p><img loading=\"lazy\" decoding=\"async\" class=\"alignnone wp-image-309556 size-full\" src=\"https:\/\/www.tgrthaber.com\/mavikadin\/wp-content\/uploads\/2026\/03\/Ekran-goruntusu-2026-03-17-173902.png\" alt=\"\" width=\"1250\" height=\"686\" title=\"\" srcset=\"https:\/\/www.tgrthaber.com\/mavikadin\/wp-content\/uploads\/2026\/03\/Ekran-goruntusu-2026-03-17-173902.png 1250w, https:\/\/www.tgrthaber.com\/mavikadin\/wp-content\/uploads\/2026\/03\/Ekran-goruntusu-2026-03-17-173902-300x165.png 300w, https:\/\/www.tgrthaber.com\/mavikadin\/wp-content\/uploads\/2026\/03\/Ekran-goruntusu-2026-03-17-173902-1024x562.png 1024w, https:\/\/www.tgrthaber.com\/mavikadin\/wp-content\/uploads\/2026\/03\/Ekran-goruntusu-2026-03-17-173902-768x421.png 768w\" sizes=\"(max-width: 1250px) 100vw, 1250px\" \/><\/p>\n<hr \/>\n<p>Kanal D ekranlar\u0131n\u0131n fenomen\u00a0 yar\u0131\u015fmas\u0131 Gelinim Mutfakta&#8217;da bug\u00fcn <a href=\"https:\/\/www.tgrthaber.com\/mavikadin\/gelinim-mutfakta-muruvet-hanim-gelini-dilanaya-ates-puskurdu-oglumun-cektikleri-yeter-dedi-studyoyu-terk-etti\/\">Emre<\/a> ve Dilanay&#8217;\u0131n aras\u0131nda \u00e7\u0131kan krizin \u00fcst seviyeye \u00e7\u0131kmas\u0131na neden olan olay ise Dilanay&#8217;\u0131n kredi kart\u0131n\u0131n izinsiz kullan\u0131lmas\u0131 oldu. A\u011f\u0131r s\u00f6zlerle birbirlerine y\u00fcklenen kar\u0131 koca, ekran ba\u015f\u0131ndakileri adeta \u015foke etti.<\/p>\n<p><img loading=\"lazy\" decoding=\"async\" class=\"alignnone wp-image-309554 size-full\" src=\"https:\/\/www.tgrthaber.com\/mavikadin\/wp-content\/uploads\/2026\/03\/Ekran-goruntusu-2026-03-17-173850.png\" alt=\"\" width=\"1255\" height=\"696\" title=\"\" srcset=\"https:\/\/www.tgrthaber.com\/mavikadin\/wp-content\/uploads\/2026\/03\/Ekran-goruntusu-2026-03-17-173850.png 1255w, https:\/\/www.tgrthaber.com\/mavikadin\/wp-content\/uploads\/2026\/03\/Ekran-goruntusu-2026-03-17-173850-300x166.png 300w, https:\/\/www.tgrthaber.com\/mavikadin\/wp-content\/uploads\/2026\/03\/Ekran-goruntusu-2026-03-17-173850-1024x568.png 1024w, https:\/\/www.tgrthaber.com\/mavikadin\/wp-content\/uploads\/2026\/03\/Ekran-goruntusu-2026-03-17-173850-768x426.png 768w\" sizes=\"(max-width: 1255px) 100vw, 1255px\" \/><\/p>\n<hr \/>\n<h3>EMRE&#8217;N\u0130N KRED\u0130 KARTINI \u0130Z\u0130NS\u0130Z ALMASI KR\u0130Z \u00c7IKARDI<\/h3>\n<p>Gelinim Mutfakta&#8217;da b\u00fcy\u00fck kriz, Emre&#8217;nin e\u015fi Dilanay&#8217;\u0131n <a href=\"https:\/\/www.tgrthaber.com\/mavikadin\/gelinim-mutfakta-suheyla-hanim-ne-yapti-diskalifiye-mi-olacak-tugba-gelinim-mutfaktayi-birakacak-mi\/\">kredi kart\u0131n\u0131<\/a> izinsiz ald\u0131\u011f\u0131n\u0131 itiraf etmesiyle patlak verdi. &#8216;Ben e\u015fimin kredi kart\u0131n\u0131 ald\u0131m. Su\u00e7 mu bu? 2 bu\u00e7uk y\u0131ll\u0131k e\u015fimin kredi kart\u0131n\u0131 alamaz m\u0131y\u0131m?&#8217; diyen Emre Bey&#8217;e, Dilanay&#8217;\u0131n tepkisi ise sert oldu.<\/p>\n<p><img loading=\"lazy\" decoding=\"async\" class=\"alignnone wp-image-309559 size-full\" src=\"https:\/\/www.tgrthaber.com\/mavikadin\/wp-content\/uploads\/2026\/03\/Ekran-goruntusu-2026-03-17-173826.png\" alt=\"\" width=\"1257\" height=\"704\" title=\"\" srcset=\"https:\/\/www.tgrthaber.com\/mavikadin\/wp-content\/uploads\/2026\/03\/Ekran-goruntusu-2026-03-17-173826.png 1257w, https:\/\/www.tgrthaber.com\/mavikadin\/wp-content\/uploads\/2026\/03\/Ekran-goruntusu-2026-03-17-173826-300x168.png 300w, https:\/\/www.tgrthaber.com\/mavikadin\/wp-content\/uploads\/2026\/03\/Ekran-goruntusu-2026-03-17-173826-1024x574.png 1024w, https:\/\/www.tgrthaber.com\/mavikadin\/wp-content\/uploads\/2026\/03\/Ekran-goruntusu-2026-03-17-173826-768x430.png 768w\" sizes=\"(max-width: 1257px) 100vw, 1257px\" \/><\/p>\n<hr \/>\n<p>&#8216;Ben belki vermek istemiyorum. Belki d\u0131\u015far\u0131 \u00e7\u0131kt\u0131m ve arkada\u015flar\u0131ma bir \u015fey \u0131smarlayaca\u011f\u0131m. \u00c7antam\u0131 a\u00e7\u0131yorum kredi kart\u0131m yok. B\u00f6yle bir \u015fey olabilir mi?&#8217; s\u00f6zlerini kullanan Dilanay, Emre Bey&#8217;in \u00fczerine \u00fczerine gitti.<\/p>\n<p><img loading=\"lazy\" decoding=\"async\" class=\"alignnone wp-image-309557 size-full\" src=\"https:\/\/www.tgrthaber.com\/mavikadin\/wp-content\/uploads\/2026\/03\/Ekran-goruntusu-2026-03-17-173915.png\" alt=\"\" width=\"1253\" height=\"694\" title=\"\" srcset=\"https:\/\/www.tgrthaber.com\/mavikadin\/wp-content\/uploads\/2026\/03\/Ekran-goruntusu-2026-03-17-173915.png 1253w, https:\/\/www.tgrthaber.com\/mavikadin\/wp-content\/uploads\/2026\/03\/Ekran-goruntusu-2026-03-17-173915-300x166.png 300w, https:\/\/www.tgrthaber.com\/mavikadin\/wp-content\/uploads\/2026\/03\/Ekran-goruntusu-2026-03-17-173915-1024x567.png 1024w, https:\/\/www.tgrthaber.com\/mavikadin\/wp-content\/uploads\/2026\/03\/Ekran-goruntusu-2026-03-17-173915-768x425.png 768w\" sizes=\"(max-width: 1253px) 100vw, 1253px\" \/><\/p>\n<hr \/>\n<h3>&#8217;50 B\u0130N TL&#8217;L\u0130K TABLET L\u0130NK\u0130 ATIYOR&#8217;<\/h3>\n<p>Gelinim Mutfakta&#8217;n\u0131n dikkat \u00e7eken e\u015fleri Dilanay ve Emre&#8217;nin hediye sava\u015f\u0131 da ekranlara damga vuran bir di\u011fer detay aras\u0131nda yer al\u0131yor. Tart\u0131\u015fman\u0131n alevlendi\u011fi s\u0131rada Dilanay;<\/p>\n<p><img loading=\"lazy\" decoding=\"async\" class=\"alignnone wp-image-309558 size-full\" src=\"https:\/\/www.tgrthaber.com\/mavikadin\/wp-content\/uploads\/2026\/03\/Ekran-goruntusu-2026-03-17-173819.png\" alt=\"\" width=\"1262\" height=\"696\" title=\"\" srcset=\"https:\/\/www.tgrthaber.com\/mavikadin\/wp-content\/uploads\/2026\/03\/Ekran-goruntusu-2026-03-17-173819.png 1262w, https:\/\/www.tgrthaber.com\/mavikadin\/wp-content\/uploads\/2026\/03\/Ekran-goruntusu-2026-03-17-173819-300x165.png 300w, https:\/\/www.tgrthaber.com\/mavikadin\/wp-content\/uploads\/2026\/03\/Ekran-goruntusu-2026-03-17-173819-1024x565.png 1024w, https:\/\/www.tgrthaber.com\/mavikadin\/wp-content\/uploads\/2026\/03\/Ekran-goruntusu-2026-03-17-173819-768x424.png 768w\" sizes=\"(max-width: 1262px) 100vw, 1262px\" \/><\/p>\n<hr \/>\n<p>&#8216;Emre bana 50 bin TL&#8217;lik tabletin linkini at\u0131p ona almam\u0131 istiyor. Bana 50 bin TL&#8217;lik tablet ald\u0131rd\u0131. Ayr\u0131ca ona hamur makineside ald\u0131m&#8217; dedi\u011fi an Emre Bey&#8217;den kar\u015f\u0131 atak geldi. &#8216;Ne yapal\u0131m o zaman? Birbirimize ald\u0131\u011f\u0131m\u0131z hediyeleri mi ortaya d\u00f6kelim&#8217; diyen Emre&#8217;ye ise annesi M\u00fcr\u00fcvet arka \u00e7\u0131kt\u0131 ve o\u011flunu al\u0131p gitmek istedi\u011fini s\u00f6yledi.<\/p>\n<div style=\"width: 640px;\" class=\"wp-video\"><!--[if lt IE 9]><script>document.createElement('video');<\/script><![endif]-->\n<video class=\"wp-video-shortcode\" id=\"video-309543-1\" width=\"640\" height=\"360\" preload=\"metadata\" controls=\"controls\"><source type=\"video\/mp4\" src=\"https:\/\/www.tgrthaber.com\/mavikadin\/wp-content\/uploads\/2026\/03\/Emrenin-Dilanayin-haberi-olmadan-kredi-kartini-almasi-dogru-mu-Esiniz-size-ayni-seyi-yapsa-te-online-video-cutter.com_.mp4?_=1\" \/><a href=\"https:\/\/www.tgrthaber.com\/mavikadin\/wp-content\/uploads\/2026\/03\/Emrenin-Dilanayin-haberi-olmadan-kredi-kartini-almasi-dogru-mu-Esiniz-size-ayni-seyi-yapsa-te-online-video-cutter.com_.mp4\">https:\/\/www.tgrthaber.com\/mavikadin\/wp-content\/uploads\/2026\/03\/Emrenin-Dilanayin-haberi-olmadan-kredi-kartini-almasi-dogru-mu-Esiniz-size-ayni-seyi-yapsa-te-online-video-cutter.com_.mp4<\/a><\/video><\/div>\n<hr \/>\n<h3>&#8216;KALK G\u0130DEL\u0130M BURADAN&#8217;<\/h3>\n<p>Ya\u015fanan bu gerilime daha fazla kay\u0131ts\u0131z kalamayan kaynana M\u00fcr\u00fcvet ise adeta \u00e7\u0131ld\u0131rd\u0131. &#8216;Kalk o\u011flum gidelim buradan. Antalya&#8217;ya yerle\u015felim. Dilanay tek kals\u0131n, tek yar\u0131\u015fs\u0131n&#8217; s\u00f6zleriyle hem yaar\u0131\u015fmac\u0131lar\u0131 hem de Asl\u0131 H\u00fcnel&#8217;i \u015foke eden kaynana M\u00fcr\u00fcvet&#8217;i sakinle\u015ftirmek ise Asl\u0131 H\u00fcnel&#8217;e d\u00fc\u015ft\u00fc.\u00a0 Gelinim Mutfakta&#8217;n\u0131n bug\u00fcnk\u00fc b\u00f6l\u00fcm\u00fcne damga vuran Dilanay ve Emre krizinin ileriki b\u00f6l\u00fcmlerde nereye varaca\u011f\u0131 ise merak ediliyor.<\/p>\n","protected":false},"excerpt":{"rendered":"<p>Kanal D ekranlar\u0131nda hafta i\u00e7i yay\u0131nlanan Gelinim Mutfakta&#8217;ya Dilanay&#8217;\u0131n e\u015fi Emre Bey&#8217;den \u015foke eden bir bask\u0131n daha ger\u00e7ekle\u015fti. Krizin pimini \u00e7eken olay ise Emre&#8217;nin e\u015fi Dilanay&#8217;\u0131n kredi kart\u0131n\u0131 gizlice alarak kullanmas\u0131 oldu. Dilanay ve Emre&#8217;den birbirine dair \u015fa\u015fk\u0131na \u00e7eviren su\u00e7lamalar sonras\u0131, kaynana M\u00fcr\u00fcvet&#8217;in &#8216;Kalk o\u011flum gidelim&#8217; \u00e7\u0131k\u0131\u015f\u0131 tansiyonu daha da tavan yapt\u0131. \u0130\u015fte Gelinim Mutfakta bug\u00fcn yay\u0131nlanan b\u00f6l\u00fcm\u00fcne damga vuran o anlar&#8230;<\/p>\n","protected":false},"author":35,"featured_media":309553,"comment_status":"closed","ping_status":"closed","sticky":false,"template":"","format":"standard","meta":{"rank_math_lock_modified_date":false,"footnotes":""},"categories":[76],"tags":[73417,73418,7578,39842,133],"class_list":["post-309543","post","type-post","status-publish","format-standard","has-post-thumbnail","hentry","category-magazin","tag-dilanay","tag-emre","tag-gelinim-mutfakta","tag-kredi-karti","tag-magazin"],"_links":{"self":[{"href":"https:\/\/www.tgrthaber.com\/mavikadin\/wp-json\/wp\/v2\/posts\/309543"}],"collection":[{"href":"https:\/\/www.tgrthaber.com\/mavikadin\/wp-json\/wp\/v2\/posts"}],"about":[{"href":"https:\/\/www.tgrthaber.com\/mavikadin\/wp-json\/wp\/v2\/types\/post"}],"author":[{"embeddable":true,"href":"https:\/\/www.tgrthaber.com\/mavikadin\/wp-json\/wp\/v2\/users\/35"}],"replies":[{"embeddable":true,"href":"https:\/\/www.tgrthaber.com\/mavikadin\/wp-json\/wp\/v2\/comments?post=309543"}],"version-history":[{"count":2,"href":"https:\/\/www.tgrthaber.com\/mavikadin\/wp-json\/wp\/v2\/posts\/309543\/revisions"}],"predecessor-version":[{"id":309562,"href":"https:\/\/www.tgrthaber.com\/mavikadin\/wp-json\/wp\/v2\/posts\/309543\/revisions\/309562"}],"wp:featuredmedia":[{"embeddable":true,"href":"https:\/\/www.tgrthaber.com\/mavikadin\/wp-json\/wp\/v2\/media\/309553"}],"wp:attachment":[{"href":"https:\/\/www.tgrthaber.com\/mavikadin\/wp-json\/wp\/v2\/media?parent=309543"}],"wp:term":[{"taxonomy":"category","embeddable":true,"href":"https:\/\/www.tgrthaber.com\/mavikadin\/wp-json\/wp\/v2\/categories?post=309543"},{"taxonomy":"post_tag","embeddable":true,"href":"https:\/\/www.tgrthaber.com\/mavikadin\/wp-json\/wp\/v2\/tags?post=309543"}],"curies":[{"name":"wp","href":"https:\/\/api.w.org\/{rel}","templated":true}]}}