{"id":309563,"date":"2026-03-17T19:06:28","date_gmt":"2026-03-17T16:06:28","guid":{"rendered":"https:\/\/www.tgrthaber.com\/mavikadin\/?p=309563"},"modified":"2026-03-17T19:06:28","modified_gmt":"2026-03-17T16:06:28","slug":"ebru-gundesin-kizi-dubaide-savasin-ortasinda-mahsur-kaldi-ebru-gundes-ozel-jetle-kizini-turkiyeye-mi-getirdi","status":"publish","type":"post","link":"https:\/\/www.tgrthaber.com\/mavikadin\/ebru-gundesin-kizi-dubaide-savasin-ortasinda-mahsur-kaldi-ebru-gundes-ozel-jetle-kizini-turkiyeye-mi-getirdi\/","title":{"rendered":"Ebru G\u00fcnde\u015f&#8217;in k\u0131z\u0131 Dubai&#8217;de sava\u015f\u0131n ortas\u0131nda mahsur kald\u0131! Ebru G\u00fcnde\u015f \u00f6zel jetle k\u0131z\u0131n\u0131 T\u00fcrkiye&#8217;ye mi getirdi?"},"content":{"rendered":"<p>Ortado\u011fu&#8217;da sava\u015f\u0131n etkisi \u00e7ok fazla hissedilmeye devam ederken, sevilen sanat\u00e7\u0131 Ebru G\u00fcnde\u015f&#8217;in Dubai&#8217;de mahsur kalan k\u0131z\u0131 Alara i\u00e7in harekete ge\u00e7ti\u011fi iddia ediliyor. Gelen kulis bilgisine g\u00f6re, <a href=\"https:\/\/www.tgrthaber.com\/mavikadin\/ebru-gundes-riyadda-assala-nasri-ile-duet-yapti-unlu-sarkicinin-1-saatte-kazandigi-ucret-dudak-ucuklatti\/\">Ebru G\u00fcnde\u015f<\/a>, Dubai&#8217;de bulunan k\u0131z\u0131 i\u00e7in \u00f6zel bir jet yollam\u0131\u015f. Sosyal medyada geni\u015f yank\u0131 uyand\u0131ran geli\u015fme sonras\u0131 t\u00fcm g\u00f6zler G\u00fcnde\u015f&#8217;ten gelecek resmi bir a\u00e7\u0131klamaya \u00e7evrilmi\u015f durumda.<\/p>\n<h3>EBRU G\u00dcNDE\u015e&#8217;\u0130N KIZI DUBA\u0130&#8217;DE SAVA\u015eIN ORTASINDA MAHSUR KALDI!<\/h3>\n<p>Ortado\u011fu&#8217;da \u0130srail, ABD ve \u0130ran aras\u0131nda ya\u015fanan gerilim, b\u00f6lgede ya\u015fayan sivilleri de tedirgin etmeye ba\u015flad\u0131. Bu s\u00fcre\u00e7te, \u00f6zellikle Dubai&#8217;den payla\u015f\u0131m yapan bir\u00e7ok isim, magazin g\u00fcndemini s\u0131cak tutarken, \u00fcnl\u00fc sanat\u00e7\u0131 <a href=\"https:\/\/www.tgrthaber.com\/mavikadin\/ebru-gundes-riyadda-ruzgar-gibi-esti-gonlumun-efendisi-hem-turkce-hem-arapca-seslendirildi\/\">Ebru G\u00fcnde\u015f<\/a>&#8216;in k\u0131z\u0131 Alara&#8217;n\u0131n da Dubai&#8217;de sava\u015f\u0131n ortas\u0131nda mahsur kald\u0131\u011f\u0131 \u00f6\u011frenildi.<\/p>\n<p><img loading=\"lazy\" decoding=\"async\" class=\"alignnone wp-image-309574 \" src=\"https:\/\/www.tgrthaber.com\/mavikadin\/wp-content\/uploads\/2026\/03\/i-96.webp\" alt=\"\" width=\"1188\" height=\"669\" title=\"\" srcset=\"https:\/\/www.tgrthaber.com\/mavikadin\/wp-content\/uploads\/2026\/03\/i-96.webp 480w, https:\/\/www.tgrthaber.com\/mavikadin\/wp-content\/uploads\/2026\/03\/i-96-300x169.webp 300w\" sizes=\"(max-width: 1188px) 100vw, 1188px\" \/><\/p>\n<hr \/>\n<p>Son olarak sosyal medyay\u0131 kar\u0131\u015ft\u0131ran bir iddia bulunuyor. Ebru G\u00fcnde\u015f&#8217;in k\u0131z\u0131 Alara i\u00e7in harekete ge\u00e7ti\u011fi ve k\u0131z\u0131n\u0131 Dubai&#8217;den T\u00fcrkiye&#8217;ye getirmek i\u00e7in \u00f6zel bir jet tuttu\u011fu konu\u015fuluyor.<\/p>\n<p><img loading=\"lazy\" decoding=\"async\" class=\"alignnone wp-image-309578 size-full\" src=\"https:\/\/www.tgrthaber.com\/mavikadin\/wp-content\/uploads\/2026\/03\/1737713738_ebru4.webp\" alt=\"\" width=\"1280\" height=\"768\" title=\"\" srcset=\"https:\/\/www.tgrthaber.com\/mavikadin\/wp-content\/uploads\/2026\/03\/1737713738_ebru4.webp 1280w, https:\/\/www.tgrthaber.com\/mavikadin\/wp-content\/uploads\/2026\/03\/1737713738_ebru4-300x180.webp 300w, https:\/\/www.tgrthaber.com\/mavikadin\/wp-content\/uploads\/2026\/03\/1737713738_ebru4-1024x614.webp 1024w, https:\/\/www.tgrthaber.com\/mavikadin\/wp-content\/uploads\/2026\/03\/1737713738_ebru4-768x461.webp 768w\" sizes=\"(max-width: 1280px) 100vw, 1280px\" \/><\/p>\n<hr \/>\n<h3>EBRU G\u00dcNDE\u015e \u00d6ZEL JETLE KIZINI T\u00dcRK\u0130YE&#8217;YE M\u0130 GET\u0130RD\u0130?<\/h3>\n<p>Gelen kulis iddias\u0131na g\u00f6re, Ebru G\u00fcnde\u015f, k\u0131z\u0131 <a href=\"https:\/\/www.tgrthaber.com\/mavikadin\/ebru-gundesin-eski-esi-murat-ozdemir-neden-tutuklandi-murat-ozdemir-hangi-sirketin-sahibi\/\">Alara<\/a>&#8216;y\u0131 daha fazla Dubai&#8217;de bekletmek istemedi ve T\u00fcrkiye&#8217;ye getirmek i\u00e7in \u00f6zel bir jet tuttu. Ayr\u0131ca magazin kulislerinde \u00f6zel jetle Dubai&#8217;den al\u0131nan Alara&#8217;n\u0131n, hayati bir tehlikesi olmadan T\u00fcrkiye&#8217;ye ula\u015ft\u0131r\u0131ld\u0131\u011f\u0131 bilgisi de yer al\u0131yor.<\/p>\n<p><img loading=\"lazy\" decoding=\"async\" class=\"alignnone wp-image-309576 size-full\" src=\"https:\/\/www.tgrthaber.com\/mavikadin\/wp-content\/uploads\/2026\/03\/1200x627-ebru-gundesin-kizi-alara-uzun-bir-aradan-sonra-ilk-kez-goruntulendi-alara-annesinin-kopyasi-1592633148287.webp\" alt=\"\" width=\"1200\" height=\"627\" title=\"\" srcset=\"https:\/\/www.tgrthaber.com\/mavikadin\/wp-content\/uploads\/2026\/03\/1200x627-ebru-gundesin-kizi-alara-uzun-bir-aradan-sonra-ilk-kez-goruntulendi-alara-annesinin-kopyasi-1592633148287.webp 1200w, https:\/\/www.tgrthaber.com\/mavikadin\/wp-content\/uploads\/2026\/03\/1200x627-ebru-gundesin-kizi-alara-uzun-bir-aradan-sonra-ilk-kez-goruntulendi-alara-annesinin-kopyasi-1592633148287-300x157.webp 300w, https:\/\/www.tgrthaber.com\/mavikadin\/wp-content\/uploads\/2026\/03\/1200x627-ebru-gundesin-kizi-alara-uzun-bir-aradan-sonra-ilk-kez-goruntulendi-alara-annesinin-kopyasi-1592633148287-1024x535.webp 1024w, https:\/\/www.tgrthaber.com\/mavikadin\/wp-content\/uploads\/2026\/03\/1200x627-ebru-gundesin-kizi-alara-uzun-bir-aradan-sonra-ilk-kez-goruntulendi-alara-annesinin-kopyasi-1592633148287-768x401.webp 768w\" sizes=\"(max-width: 1200px) 100vw, 1200px\" \/><\/p>\n<hr \/>\n<p>G\u00fcndeme bomba gibi d\u00fc\u015fen bu iddia sonras\u0131 Ebru G\u00fcnde\u015f&#8217;ten hen\u00fcz resmi bir a\u00e7\u0131klama yap\u0131lmad\u0131. \u00d6zel u\u00e7ak iddias\u0131 magazin sayfalar\u0131nda geni\u015f \u00e7apl\u0131 yer bulurken, \u00f6n\u00fcm\u00fczdeki g\u00fcnlerde ortaya at\u0131lan iddialar\u0131n netle\u015fmesi bekleniyor.<\/p>\n<p><img loading=\"lazy\" decoding=\"async\" class=\"alignnone wp-image-309573 \" src=\"https:\/\/www.tgrthaber.com\/mavikadin\/wp-content\/uploads\/2026\/03\/s-454c2c1de9afa2160dd14168f472a10d67a4580e.jpg\" alt=\"\" width=\"1237\" height=\"995\" title=\"\" srcset=\"https:\/\/www.tgrthaber.com\/mavikadin\/wp-content\/uploads\/2026\/03\/s-454c2c1de9afa2160dd14168f472a10d67a4580e.jpg 900w, https:\/\/www.tgrthaber.com\/mavikadin\/wp-content\/uploads\/2026\/03\/s-454c2c1de9afa2160dd14168f472a10d67a4580e-300x241.jpg 300w, https:\/\/www.tgrthaber.com\/mavikadin\/wp-content\/uploads\/2026\/03\/s-454c2c1de9afa2160dd14168f472a10d67a4580e-768x618.jpg 768w\" sizes=\"(max-width: 1237px) 100vw, 1237px\" \/><\/p>\n<hr \/>\n<h3>SOSYAL MEDYA AYA\u011eA KALKTI<\/h3>\n<p>Ebru G\u00fcnde\u015f&#8217;in \u00f6zel jetle k\u0131z\u0131 <a href=\"https:\/\/www.tgrthaber.com\/mavikadin\/ebru-gundesin-eski-esi-murat-ozdemir-hakkina-soke-eden-iddia-elif-buse-dogan-ile-ask-mi-yasiyor\/\">Alara<\/a>&#8216;y\u0131 Dubai&#8217;den T\u00fcrkiye&#8217;ye getirdi\u011fi iddias\u0131, k\u0131sa s\u00fcrede g\u00fcndem olurken, sosyal medya kullan\u0131c\u0131lar\u0131ndan da yorumlar ard\u0131 ard\u0131na gelmeye devam ediyor.<\/p>\n<p><img loading=\"lazy\" decoding=\"async\" class=\"alignnone wp-image-309575 size-full\" src=\"https:\/\/www.tgrthaber.com\/mavikadin\/wp-content\/uploads\/2026\/03\/1200x627-ebru-gundesin-kizi-alaraya-bakin-o-simdi-11-yasinda-gorenlerin-nutku-tutuluyor-annesi-bildigin-kendisini-dogur-1679032659948.webp\" alt=\"\" width=\"1200\" height=\"627\" title=\"\" srcset=\"https:\/\/www.tgrthaber.com\/mavikadin\/wp-content\/uploads\/2026\/03\/1200x627-ebru-gundesin-kizi-alaraya-bakin-o-simdi-11-yasinda-gorenlerin-nutku-tutuluyor-annesi-bildigin-kendisini-dogur-1679032659948.webp 1200w, https:\/\/www.tgrthaber.com\/mavikadin\/wp-content\/uploads\/2026\/03\/1200x627-ebru-gundesin-kizi-alaraya-bakin-o-simdi-11-yasinda-gorenlerin-nutku-tutuluyor-annesi-bildigin-kendisini-dogur-1679032659948-300x157.webp 300w, https:\/\/www.tgrthaber.com\/mavikadin\/wp-content\/uploads\/2026\/03\/1200x627-ebru-gundesin-kizi-alaraya-bakin-o-simdi-11-yasinda-gorenlerin-nutku-tutuluyor-annesi-bildigin-kendisini-dogur-1679032659948-1024x535.webp 1024w, https:\/\/www.tgrthaber.com\/mavikadin\/wp-content\/uploads\/2026\/03\/1200x627-ebru-gundesin-kizi-alaraya-bakin-o-simdi-11-yasinda-gorenlerin-nutku-tutuluyor-annesi-bildigin-kendisini-dogur-1679032659948-768x401.webp 768w\" sizes=\"(max-width: 1200px) 100vw, 1200px\" \/><\/p>\n<hr \/>\n<p>&#8216;Anne korkusu bamba\u015fka \u015fey. \u00c7ocu\u011funun g\u00fcvenli\u011fi her \u015feyin \u00f6tesinde. \u0130mkan\u0131 varsa bunu yapmas\u0131 \u00e7ok normal&#8217;, ,&#8217; \u00d6zel u\u00e7ak m\u0131, pes! Paran varsa gerisi bo\u015f&#8217;, &#8216;Ebru G\u00fcnde\u015f&#8217;te bir anne ve \u00e7ocu\u011funu korumaya \u00e7al\u0131\u015f\u0131yor. \u00d6zel jet g\u00f6nderdi diye neden bu lin\u00e7&#8217;, gibi yorumlar ise gelen \u00f6zel jet iddialar\u0131 \u00fczerine dikkat \u00e7ekti.<\/p>\n<p><img loading=\"lazy\" decoding=\"async\" class=\"alignnone wp-image-309577 size-full\" src=\"https:\/\/www.tgrthaber.com\/mavikadin\/wp-content\/uploads\/2026\/03\/s-f60209520d7722ec592910aa2020cad9dc5ef905.jpg\" alt=\"\" width=\"1200\" height=\"675\" title=\"\" srcset=\"https:\/\/www.tgrthaber.com\/mavikadin\/wp-content\/uploads\/2026\/03\/s-f60209520d7722ec592910aa2020cad9dc5ef905.jpg 1200w, https:\/\/www.tgrthaber.com\/mavikadin\/wp-content\/uploads\/2026\/03\/s-f60209520d7722ec592910aa2020cad9dc5ef905-300x169.jpg 300w, https:\/\/www.tgrthaber.com\/mavikadin\/wp-content\/uploads\/2026\/03\/s-f60209520d7722ec592910aa2020cad9dc5ef905-1024x576.jpg 1024w, https:\/\/www.tgrthaber.com\/mavikadin\/wp-content\/uploads\/2026\/03\/s-f60209520d7722ec592910aa2020cad9dc5ef905-768x432.jpg 768w\" sizes=\"(max-width: 1200px) 100vw, 1200px\" \/><\/p>\n<hr \/>\n<h3>EBRU G\u00dcNDE\u015e&#8217;\u0130N KIZI ALARA K\u0130MD\u0130R?<\/h3>\n<p>15 Ekim 2011 y\u0131l\u0131nda do\u011fan Alara, \u015fu anda 15 ya\u015f\u0131ndad\u0131r. Sosyal medya payla\u015f\u0131mlar\u0131yla da ad\u0131ndan s\u00f6z ettiren Alara, genellikle magazin d\u00fcnyas\u0131ndan uzakta b\u00fcy\u00fcm\u00fc\u015ft\u00fcr. Ebru G\u00fcnde\u015f&#8217;in k\u0131z\u0131 Alara&#8217;n\u0131n babas\u0131 ise Reza Zarrab&#8217;t\u0131r. \u00d6zel hayat\u0131n\u0131 g\u00f6zlerden uzakta ya\u015famay\u0131 tercih eden Alara, sosyal medyada merak konusu olmaya devam ediyor.<\/p>\n","protected":false},"excerpt":{"rendered":"<p>\u0130srail &#8211; \u0130ran sava\u015f\u0131nda Ebru G\u00fcnde\u015f&#8217;in Dubai&#8217;de bulunan k\u0131z\u0131 Alara&#8217;y\u0131 T\u00fcrkiye&#8217;ye geri getirmek i\u00e7in \u00f6zel bir jet g\u00f6nderdi\u011fi iddias\u0131 sosyal medyay\u0131 kar\u0131\u015ft\u0131rd\u0131. Peki \u00fcnl\u00fc sanat\u00e7\u0131 Ebru G\u00fcnde\u015f, ger\u00e7ekten k\u0131z\u0131 Alara i\u00e7in Dubai&#8217;ye \u00f6zel u\u00e7ak g\u00f6nderdi mi? Ebru G\u00fcnde\u015f, \u00f6zel jetle k\u0131z\u0131n\u0131 T\u00fcrkiye&#8217;ye getirdi mi? \u0130\u015fte sosyal medyada dilden dile dola\u015fan iddialara dair merak edilen t\u00fcm detaylar&#8230;<\/p>\n","protected":false},"author":35,"featured_media":309570,"comment_status":"closed","ping_status":"closed","sticky":false,"template":"","format":"standard","meta":{"rank_math_lock_modified_date":false,"footnotes":""},"categories":[76],"tags":[54852,3084,25883,133,73421],"class_list":["post-309563","post","type-post","status-publish","format-standard","has-post-thumbnail","hentry","category-magazin","tag-alara","tag-ebru-gundes","tag-ebru-gundesin-kizi","tag-magazin","tag-ozel-jet"],"_links":{"self":[{"href":"https:\/\/www.tgrthaber.com\/mavikadin\/wp-json\/wp\/v2\/posts\/309563"}],"collection":[{"href":"https:\/\/www.tgrthaber.com\/mavikadin\/wp-json\/wp\/v2\/posts"}],"about":[{"href":"https:\/\/www.tgrthaber.com\/mavikadin\/wp-json\/wp\/v2\/types\/post"}],"author":[{"embeddable":true,"href":"https:\/\/www.tgrthaber.com\/mavikadin\/wp-json\/wp\/v2\/users\/35"}],"replies":[{"embeddable":true,"href":"https:\/\/www.tgrthaber.com\/mavikadin\/wp-json\/wp\/v2\/comments?post=309563"}],"version-history":[{"count":2,"href":"https:\/\/www.tgrthaber.com\/mavikadin\/wp-json\/wp\/v2\/posts\/309563\/revisions"}],"predecessor-version":[{"id":309580,"href":"https:\/\/www.tgrthaber.com\/mavikadin\/wp-json\/wp\/v2\/posts\/309563\/revisions\/309580"}],"wp:featuredmedia":[{"embeddable":true,"href":"https:\/\/www.tgrthaber.com\/mavikadin\/wp-json\/wp\/v2\/media\/309570"}],"wp:attachment":[{"href":"https:\/\/www.tgrthaber.com\/mavikadin\/wp-json\/wp\/v2\/media?parent=309563"}],"wp:term":[{"taxonomy":"category","embeddable":true,"href":"https:\/\/www.tgrthaber.com\/mavikadin\/wp-json\/wp\/v2\/categories?post=309563"},{"taxonomy":"post_tag","embeddable":true,"href":"https:\/\/www.tgrthaber.com\/mavikadin\/wp-json\/wp\/v2\/tags?post=309563"}],"curies":[{"name":"wp","href":"https:\/\/api.w.org\/{rel}","templated":true}]}}