{"id":309592,"date":"2026-03-17T20:43:07","date_gmt":"2026-03-17T17:43:07","guid":{"rendered":"https:\/\/www.tgrthaber.com\/mavikadin\/?p=309592"},"modified":"2026-03-17T20:43:08","modified_gmt":"2026-03-17T17:43:08","slug":"survivor-nefiseden-olay-yorumlar-acun-ilicalinin-sorularina-verdigi-cevaplar-gundem-oldu","status":"publish","type":"post","link":"https:\/\/www.tgrthaber.com\/mavikadin\/survivor-nefiseden-olay-yorumlar-acun-ilicalinin-sorularina-verdigi-cevaplar-gundem-oldu\/","title":{"rendered":"Survivor Nefise\u2019den olay yorumlar! Acun Il\u0131cal\u0131\u2019n\u0131n sorular\u0131na verdi\u011fi cevaplar g\u00fcndem oldu!"},"content":{"rendered":"<p><a href=\"https:\/\/www.tgrthaber.com\/mavikadin\/survivorin-eski-yarismacisi-yigit-poyrazdan-cok-konusulacak-cikis-poyraz-acun-ilicaliya-gonderme-mi-yapti\/\">Survivor<\/a> 2026\u2019da bu ak\u015fam ekranlara gelecek olan ada konseyi sonras\u0131 Nefise\u2019nin s\u00f6ylemleri dillat \u00e7ekti. Yay\u0131nlanan son fragmanda Acun Il\u0131cal\u0131\u2019n\u0131n Nefise Karatay ile yapt\u0131\u011f\u0131 \u00f6zel g\u00f6r\u00fc\u015fme, yar\u0131\u015fman\u0131n seyrini de\u011fi\u015ftirecek ipu\u00e7lar\u0131 verdi. Il\u0131cal\u0131\u2019n\u0131n, Nefise\u2019ye tak\u0131m\u0131nda yer alan Nagihan Karadere, Lina ve Murat Ark\u0131n hakk\u0131nda d\u00fc\u015f\u00fcncelerini sormas\u0131, ada i\u00e7indeki gerilimleri yeniden g\u00fcndeme ta\u015f\u0131d\u0131. Nefise\u2019nin Nagihan Karadere\u2019ye olan sevgisinin bitti\u011fini s\u00f6ylemlerde dile getirmesi Il\u0131cal\u0131\u2019y\u0131 \u015fa\u015fk\u0131na \u00e7evirdi.<\/p>\n<h3>SURV\u0130VOR NEF\u0130SE TAKIM ARKADA\u015eLARINI ELE\u015eT\u0130RD\u0130<\/h3>\n<p>Survivor 2026\u2019da Nefise Karatay, son b\u00f6l\u00fcm fragman\u0131na damga vuran a\u00e7\u0131klamalar\u0131yla g\u00fcndeme oturdu. Acun Il\u0131cal\u0131 ile yapt\u0131\u011f\u0131 \u00f6zel g\u00f6r\u00fc\u015fmede tak\u0131m arkada\u015flar\u0131 hakk\u0131nda \u00e7arp\u0131c\u0131 de\u011ferlendirmelerde bulunan Nefise, ada i\u00e7indeki dengeleri sarsacak ifadeler kulland\u0131. Il\u0131cal\u0131\u2019n\u0131n y\u00f6neltti\u011fi sorular kar\u015f\u0131s\u0131nda olduk\u00e7a net konu\u015fan yar\u0131\u015fmac\u0131, \u00f6zellikle performans ve tak\u0131m uyumu konular\u0131nda baz\u0131 isimleri ele\u015ftirmekten \u00e7ekinmedi.<\/p>\n<p><img loading=\"lazy\" decoding=\"async\" class=\"alignnone wp-image-309596 size-full\" src=\"https:\/\/www.tgrthaber.com\/mavikadin\/wp-content\/uploads\/2026\/03\/Adsiz-tasarim-4-5.jpg\" alt=\"\" width=\"1208\" height=\"680\" title=\"\" srcset=\"https:\/\/www.tgrthaber.com\/mavikadin\/wp-content\/uploads\/2026\/03\/Adsiz-tasarim-4-5.jpg 1208w, https:\/\/www.tgrthaber.com\/mavikadin\/wp-content\/uploads\/2026\/03\/Adsiz-tasarim-4-5-300x169.jpg 300w, https:\/\/www.tgrthaber.com\/mavikadin\/wp-content\/uploads\/2026\/03\/Adsiz-tasarim-4-5-1024x576.jpg 1024w, https:\/\/www.tgrthaber.com\/mavikadin\/wp-content\/uploads\/2026\/03\/Adsiz-tasarim-4-5-768x432.jpg 768w\" sizes=\"(max-width: 1208px) 100vw, 1208px\" \/><\/p>\n<hr \/>\n<p>Nefise\u2019nin a\u00e7\u0131klamalar\u0131nda Nagihan Karadere, Lina ve <a href=\"https:\/\/www.tgrthaber.com\/mavikadin\/survivorda-roportaj-krizi-murat-arkin-yine-seren-ayin-roportajini-dinledi\/\">Murat Ark\u0131n<\/a> hakk\u0131nda yapt\u0131\u011f\u0131 yorumlar dikkat \u00e7ekti. Tak\u0131m i\u00e7inde ya\u015fanan ileti\u015fim problemlerine vurgu yapan Nefise, daha da \u00f6ncede ayn\u0131 tak\u0131mda yer ald\u0131\u011f\u0131 Lina hakk\u0131nda \u00e7arp\u0131c\u0131 a\u00e7\u0131klamalarda bulundu. Nefise, Lina i\u00e7in \u201c Tehlikeli birisi. Laf ta\u015f\u0131yabilme potansiyeli var. Lina\u2019ya \u00e7ok g\u00fcvenmiyorum.\u201d s\u00f6zleriyle d\u00fc\u015f\u00fcncelerini ifade etti.<\/p>\n<p><img loading=\"lazy\" decoding=\"async\" class=\"alignnone wp-image-309597 size-full\" src=\"https:\/\/www.tgrthaber.com\/mavikadin\/wp-content\/uploads\/2026\/03\/Adsiz-tasarim-2-3.jpg\" alt=\"\" width=\"1208\" height=\"680\" title=\"\" srcset=\"https:\/\/www.tgrthaber.com\/mavikadin\/wp-content\/uploads\/2026\/03\/Adsiz-tasarim-2-3.jpg 1208w, https:\/\/www.tgrthaber.com\/mavikadin\/wp-content\/uploads\/2026\/03\/Adsiz-tasarim-2-3-300x169.jpg 300w, https:\/\/www.tgrthaber.com\/mavikadin\/wp-content\/uploads\/2026\/03\/Adsiz-tasarim-2-3-1024x576.jpg 1024w, https:\/\/www.tgrthaber.com\/mavikadin\/wp-content\/uploads\/2026\/03\/Adsiz-tasarim-2-3-768x432.jpg 768w\" sizes=\"(max-width: 1208px) 100vw, 1208px\" \/><\/p>\n<hr \/>\n<p>Murat Ark\u0131n ile ilgili s\u00f6zleri ise kafa kar\u0131\u015ft\u0131rd\u0131. Nefise, \u201c Biraz ikili oynuyor\u201d \u015feklinde a\u00e7\u0131klad\u0131. Can\u00a0 Berkay\u2019a ise; \u201c hi\u00e7 samimi birisi de\u011fil. Kesinlikle oynuyor.\u201d diyerek a\u00e7\u0131klad\u0131. Sosyal medyada h\u0131zla yay\u0131lan fragman sonras\u0131 izleyiciler ikiye b\u00f6l\u00fcn\u00fcrken, kimi Nefise\u2019yi d\u00fcr\u00fcstl\u00fc\u011f\u00fcnden dolay\u0131 destekledi, kimi ise tak\u0131m arkada\u015flar\u0131n\u0131 hedef almas\u0131n\u0131 ele\u015ftirdi.<\/p>\n<p><img loading=\"lazy\" decoding=\"async\" class=\"alignnone wp-image-309598 size-full\" src=\"https:\/\/www.tgrthaber.com\/mavikadin\/wp-content\/uploads\/2026\/03\/Adsiz-tasarim-3-2.jpg\" alt=\"\" width=\"1208\" height=\"680\" title=\"\" srcset=\"https:\/\/www.tgrthaber.com\/mavikadin\/wp-content\/uploads\/2026\/03\/Adsiz-tasarim-3-2.jpg 1208w, https:\/\/www.tgrthaber.com\/mavikadin\/wp-content\/uploads\/2026\/03\/Adsiz-tasarim-3-2-300x169.jpg 300w, https:\/\/www.tgrthaber.com\/mavikadin\/wp-content\/uploads\/2026\/03\/Adsiz-tasarim-3-2-1024x576.jpg 1024w, https:\/\/www.tgrthaber.com\/mavikadin\/wp-content\/uploads\/2026\/03\/Adsiz-tasarim-3-2-768x432.jpg 768w\" sizes=\"(max-width: 1208px) 100vw, 1208px\" \/><\/p>\n<hr \/>\n<h3>NEF\u0130SE VE NAG\u0130HAN ARKADA\u015eLI\u011eI B\u0130TT\u0130<\/h3>\n<p>Survivor Nefise\u2019nin Nagihan Karadere hayranl\u0131\u011f\u0131 yar\u0131\u015fmaya kat\u0131ld\u0131\u011f\u0131 ilk anlarda dile getirmi\u015fti. Nagihan\u2019\u0131 sevdi\u011fini ve onunla yar\u0131\u015fmaktan keyif ald\u0131\u011f\u0131n\u0131 birlikte kat\u0131ld\u0131\u011f\u0131 sezonlarda s\u00f6yleyen ve d\u0131\u015far\u0131da da g\u00f6r\u00fc\u015fen Nefise, \u015fa\u015f\u0131rtan bir itirafta bulundu.<\/p>\n<p><img loading=\"lazy\" decoding=\"async\" class=\"alignnone wp-image-309595 size-full\" src=\"https:\/\/www.tgrthaber.com\/mavikadin\/wp-content\/uploads\/2026\/03\/Adsiz-tasarim-30.jpg\" alt=\"\" width=\"1208\" height=\"680\" title=\"\" srcset=\"https:\/\/www.tgrthaber.com\/mavikadin\/wp-content\/uploads\/2026\/03\/Adsiz-tasarim-30.jpg 1208w, https:\/\/www.tgrthaber.com\/mavikadin\/wp-content\/uploads\/2026\/03\/Adsiz-tasarim-30-300x169.jpg 300w, https:\/\/www.tgrthaber.com\/mavikadin\/wp-content\/uploads\/2026\/03\/Adsiz-tasarim-30-1024x576.jpg 1024w, https:\/\/www.tgrthaber.com\/mavikadin\/wp-content\/uploads\/2026\/03\/Adsiz-tasarim-30-768x432.jpg 768w\" sizes=\"(max-width: 1208px) 100vw, 1208px\" \/><\/p>\n<hr \/>\n<p>Acun Il\u0131cal\u0131, \u201c Nagihan m\u0131 daha iyi sen mi?\u201d sorusuna Nefise, sert a\u00e7\u0131klamalarda bulundu. Nefise, \u201c Nagihan ablayla, Nagihan, Nagi ile arkada\u015fl\u0131\u011f\u0131m ve dostlu\u011fum d\u0131\u015far\u0131da devam etmeyecek. Burada bitti yani. Ablal\u0131k m\u0131 yap\u0131yor? Demedi\u011fi laf kalmad\u0131. Survivor i\u00e7in babas\u0131n\u0131 bile satabilecek k\u0131vamda diye d\u00fc\u015f\u00fcn\u00fcyorum. O y\u00fczden benim i\u00e7in abla s\u0131fat\u0131nda de\u011fil\u201d s\u00f6zleriyle a\u00e7\u0131klad\u0131.<\/p>\n<p><img loading=\"lazy\" decoding=\"async\" class=\"alignnone wp-image-309594 size-full\" src=\"https:\/\/www.tgrthaber.com\/mavikadin\/wp-content\/uploads\/2026\/03\/Survivor-2026-7.jpg\" alt=\"\" width=\"1208\" height=\"680\" title=\"\" srcset=\"https:\/\/www.tgrthaber.com\/mavikadin\/wp-content\/uploads\/2026\/03\/Survivor-2026-7.jpg 1208w, https:\/\/www.tgrthaber.com\/mavikadin\/wp-content\/uploads\/2026\/03\/Survivor-2026-7-300x169.jpg 300w, https:\/\/www.tgrthaber.com\/mavikadin\/wp-content\/uploads\/2026\/03\/Survivor-2026-7-1024x576.jpg 1024w, https:\/\/www.tgrthaber.com\/mavikadin\/wp-content\/uploads\/2026\/03\/Survivor-2026-7-768x432.jpg 768w\" sizes=\"(max-width: 1208px) 100vw, 1208px\" \/><\/p>\n<hr \/>\n<h3>SURV\u0130VOR 2026 KIRMIZI VE MAV\u0130 TAKIM KADROSU<\/h3>\n<p><strong>Survivor 2026 K\u0131rm\u0131z\u0131 tak\u0131m kadrosu\u00a0<\/strong><\/p>\n<ul>\n<li>Bayhan G\u00fcrhan<\/li>\n<li>Deniz \u00c7atalba\u015f<\/li>\n<li>Nefise Karatay<\/li>\n<li>Sercan Y\u0131ld\u0131r\u0131m<\/li>\n<li>Mert Nobre<\/li>\n<li>Lina Hourieh<\/li>\n<li>Seren Ay \u00c7etin<\/li>\n<li>Murat Ark\u0131n<\/li>\n<li>Serhan Onat<\/li>\n<li>Can Berkay Ertemiz<\/li>\n<\/ul>\n<p><strong>Survivor 2026 Mavi tak\u0131m kadrosu\u00a0<\/strong><\/p>\n<ul>\n<li>Ramazan Sar\u0131<\/li>\n<li>Beyza Gemici<\/li>\n<li>Engincan Tura<\/li>\n<li>Bar\u0131\u015f Murat Ya\u011fc\u0131<\/li>\n<li>G\u00f6zde Bozkurt<\/li>\n<li>Nisanur G\u00fcler<\/li>\n<li>Nagihan Karadere<\/li>\n<li>Osman Can Ural<\/li>\n<li>Sude Demir<\/li>\n<li>Seda Albayrak<\/li>\n<\/ul>\n<p><img loading=\"lazy\" decoding=\"async\" class=\"alignnone wp-image-309593 size-full\" src=\"https:\/\/www.tgrthaber.com\/mavikadin\/wp-content\/uploads\/2026\/03\/Survivor-Unluler-Gonulluler-10.jpg\" alt=\"\" width=\"1208\" height=\"680\" title=\"\" srcset=\"https:\/\/www.tgrthaber.com\/mavikadin\/wp-content\/uploads\/2026\/03\/Survivor-Unluler-Gonulluler-10.jpg 1208w, https:\/\/www.tgrthaber.com\/mavikadin\/wp-content\/uploads\/2026\/03\/Survivor-Unluler-Gonulluler-10-300x169.jpg 300w, https:\/\/www.tgrthaber.com\/mavikadin\/wp-content\/uploads\/2026\/03\/Survivor-Unluler-Gonulluler-10-1024x576.jpg 1024w, https:\/\/www.tgrthaber.com\/mavikadin\/wp-content\/uploads\/2026\/03\/Survivor-Unluler-Gonulluler-10-768x432.jpg 768w\" sizes=\"(max-width: 1208px) 100vw, 1208px\" \/><\/p>\n<hr \/>\n<p><strong>SURV\u0130VOR 2026\u2019YA VEDA EDEN YARI\u015eMACILAR<\/strong><\/p>\n<ul>\n<li>Dilan \u00c7\u0131tak<\/li>\n<li>Keremcem D\u00fcr\u00fck<\/li>\n<li>Selen G\u00f6rg\u00fczel<\/li>\n<li>Erkan Bilben<\/li>\n<li>Tu\u011f\u00e7e Melis Demir<\/li>\n<li>Do\u011fu\u015f<\/li>\n<li>Meryem Boz<\/li>\n<li>Eren Semerci<\/li>\n<li>B\u00fc\u015fra Yal\u00e7\u0131n<\/li>\n<li>Onur Alp \u00c7am<\/li>\n<\/ul>\n","protected":false},"excerpt":{"rendered":"<p>Survivor 2026\u2019n\u0131n yeni b\u00f6l\u00fcm fragman\u0131nda Acun Il\u0131cal\u0131 ile Nefise Karatay aras\u0131nda ge\u00e7en \u00f6zel g\u00f6r\u00fc\u015fme dikkat \u00e7ekti. Il\u0131cal\u0131\u2019n\u0131n Survivor Nefise\u2019ye tak\u0131m arkada\u015flar\u0131yla ilgili d\u00fc\u015f\u00fcncelerini sormas\u0131, adadaki dengelerin de\u011fi\u015fece\u011finin sinyalini verdi. \u00d6zellikle Nagihan Karadere, Lina ve Murat Ark\u0131n hakk\u0131nda yap\u0131lan yorumlar sosyal medyada g\u00fcndem oldu. <\/p>\n","protected":false},"author":10,"featured_media":309599,"comment_status":"closed","ping_status":"closed","sticky":false,"template":"","format":"standard","meta":{"rank_math_lock_modified_date":false,"footnotes":""},"categories":[76],"tags":[133,50593,2447,2366,63785,9254],"class_list":["post-309592","post","type-post","status-publish","format-standard","has-post-thumbnail","hentry","category-magazin","tag-magazin","tag-murat-arkin","tag-nagihan-karadere","tag-survivor","tag-survivor-2026","tag-survivor-nefise"],"_links":{"self":[{"href":"https:\/\/www.tgrthaber.com\/mavikadin\/wp-json\/wp\/v2\/posts\/309592"}],"collection":[{"href":"https:\/\/www.tgrthaber.com\/mavikadin\/wp-json\/wp\/v2\/posts"}],"about":[{"href":"https:\/\/www.tgrthaber.com\/mavikadin\/wp-json\/wp\/v2\/types\/post"}],"author":[{"embeddable":true,"href":"https:\/\/www.tgrthaber.com\/mavikadin\/wp-json\/wp\/v2\/users\/10"}],"replies":[{"embeddable":true,"href":"https:\/\/www.tgrthaber.com\/mavikadin\/wp-json\/wp\/v2\/comments?post=309592"}],"version-history":[{"count":2,"href":"https:\/\/www.tgrthaber.com\/mavikadin\/wp-json\/wp\/v2\/posts\/309592\/revisions"}],"predecessor-version":[{"id":309607,"href":"https:\/\/www.tgrthaber.com\/mavikadin\/wp-json\/wp\/v2\/posts\/309592\/revisions\/309607"}],"wp:featuredmedia":[{"embeddable":true,"href":"https:\/\/www.tgrthaber.com\/mavikadin\/wp-json\/wp\/v2\/media\/309599"}],"wp:attachment":[{"href":"https:\/\/www.tgrthaber.com\/mavikadin\/wp-json\/wp\/v2\/media?parent=309592"}],"wp:term":[{"taxonomy":"category","embeddable":true,"href":"https:\/\/www.tgrthaber.com\/mavikadin\/wp-json\/wp\/v2\/categories?post=309592"},{"taxonomy":"post_tag","embeddable":true,"href":"https:\/\/www.tgrthaber.com\/mavikadin\/wp-json\/wp\/v2\/tags?post=309592"}],"curies":[{"name":"wp","href":"https:\/\/api.w.org\/{rel}","templated":true}]}}