{"id":315388,"date":"2026-04-24T12:46:39","date_gmt":"2026-04-24T09:46:39","guid":{"rendered":"https:\/\/www.tgrthaber.com\/mavikadin\/?p=315388"},"modified":"2026-04-24T12:46:39","modified_gmt":"2026-04-24T09:46:39","slug":"kadinlar-2026-yilinda-bunu-yeni-kesfetti-cildi-cam-gibi-yapiyor","status":"publish","type":"post","link":"https:\/\/www.tgrthaber.com\/mavikadin\/kadinlar-2026-yilinda-bunu-yeni-kesfetti-cildi-cam-gibi-yapiyor\/","title":{"rendered":"Kad\u0131nlar 2026 y\u0131l\u0131nda bunu yeni ke\u015ffetti! Cildi cam gibi yap\u0131yor"},"content":{"rendered":"<p>Son y\u0131llarda cilt bak\u0131m trendleri h\u0131z kesmeden de\u011fi\u015firken, 2026 y\u0131l\u0131na damga vuran yeni bir y\u00f6ntem \u00f6zellikle <a href=\"https:\/\/www.tgrthaber.com\/mavikadin\/korelilerin-gozdesi-cam-cilt-kararma-ve-lekeden-eser-birakmiyor\/\">kad\u0131nlar<\/a> aras\u0131nda h\u0131zla yay\u0131lmaya ba\u015flad\u0131. Sosyal medyada \u201ccam cilt\u201d (glass skin) etkisi olarak bilinen bu g\u00f6r\u00fcn\u00fcm, art\u0131k sadece makyaj teknikleriyle de\u011fil, do\u011fru bak\u0131m rutiniyle elde ediliyor. Uzmanlara g\u00f6re bu trendin en dikkat \u00e7ekici yan\u0131 ise olduk\u00e7a basit ama disiplinli bir bak\u0131m yakla\u015f\u0131m\u0131na dayanmas\u0131.<\/p>\n<p>Peki herkesin konu\u015ftu\u011fu bu y\u00f6ntem ne? Ger\u00e7ekten iddia edildi\u011fi gibi cildi p\u00fcr\u00fczs\u00fcz, parlak ve sa\u011fl\u0131kl\u0131 bir g\u00f6r\u00fcn\u00fcme kavu\u015fturuyor mu?<\/p>\n<h3>KADINLAR 2026 YILINDA BUNU YEN\u0130 KE\u015eFETT\u0130<\/h3>\n<p>\u201cCam cilt\u201d ifadesi, cildin adeta \u0131\u015f\u0131\u011f\u0131 yans\u0131tan, lekesiz, nemli ve p\u00fcr\u00fczs\u00fcz g\u00f6r\u00fcnmesini tan\u0131ml\u0131yor. \u0130lk olarak Asya g\u00fczellik rutinleriyle pop\u00fclerle\u015fen bu ak\u0131m, 2026\u2019da yeniden y\u00fckseli\u015fe ge\u00e7ti. Ancak bu kez fark, pahal\u0131 \u00fcr\u00fcnlerden \u00e7ok do\u011fru tekniklerin \u00f6n plana \u00e7\u0131kmas\u0131.<\/p>\n<p>Dermatologlara g\u00f6re bu g\u00f6r\u00fcn\u00fcm\u00fcn s\u0131rr\u0131 tek bir mucize \u00fcr\u00fcnde de\u011fil; temizlik, nemlendirme ve cilt bariyerini korumaya dayal\u0131 \u00e7ok a\u015famal\u0131 bir bak\u0131m rutininde yat\u0131yor.<\/p>\n<p><img loading=\"lazy\" decoding=\"async\" class=\"aligncenter size-full wp-image-315389\" src=\"https:\/\/www.tgrthaber.com\/mavikadin\/wp-content\/uploads\/2026\/04\/cam-cilt-1.png\" alt=\"\" width=\"1208\" height=\"680\" title=\"\" srcset=\"https:\/\/www.tgrthaber.com\/mavikadin\/wp-content\/uploads\/2026\/04\/cam-cilt-1.png 1208w, https:\/\/www.tgrthaber.com\/mavikadin\/wp-content\/uploads\/2026\/04\/cam-cilt-1-300x169.png 300w, https:\/\/www.tgrthaber.com\/mavikadin\/wp-content\/uploads\/2026\/04\/cam-cilt-1-1024x576.png 1024w, https:\/\/www.tgrthaber.com\/mavikadin\/wp-content\/uploads\/2026\/04\/cam-cilt-1-768x432.png 768w\" sizes=\"(max-width: 1208px) 100vw, 1208px\" \/><\/p>\n<hr \/>\n<h3>KADINLAR NEDEN YEN\u0130 KE\u015eFETT\u0130?<\/h3>\n<p>Asl\u0131nda bu y\u00f6ntem tamamen yeni de\u011fil. Ancak son d\u00f6nemde minimal bak\u0131m trendinin y\u00fckselmesiyle birlikte, <a href=\"https:\/\/www.tgrthaber.com\/mavikadin\/kadinlar-bunu-yeni-kesfetti-cilt-cam-gibi-oluyor\/\">kad\u0131nlar<\/a> karma\u015f\u0131k ve pahal\u0131 \u00fcr\u00fcnlerden uzakla\u015f\u0131p daha sade ama etkili rutinlere y\u00f6nelmeye ba\u015flad\u0131.<\/p>\n<p>\u00d6zellikle pandemi sonras\u0131 d\u00f6nemde artan cilt hassasiyetleri ve bilin\u00e7li t\u00fcketim al\u0131\u015fkanl\u0131klar\u0131, bu y\u00f6ntemin yeniden pop\u00fcler hale gelmesine zemin haz\u0131rlad\u0131. Sosyal medyada payla\u015f\u0131lan \u201c\u00f6ncesi-sonras\u0131\u201d g\u00f6r\u00fcnt\u00fcler de ilginin h\u0131zla artmas\u0131na neden oldu.<\/p>\n<p><img loading=\"lazy\" decoding=\"async\" class=\"aligncenter size-full wp-image-315390\" src=\"https:\/\/www.tgrthaber.com\/mavikadin\/wp-content\/uploads\/2026\/04\/cam-cilt-2.png\" alt=\"\" width=\"1208\" height=\"680\" title=\"\" srcset=\"https:\/\/www.tgrthaber.com\/mavikadin\/wp-content\/uploads\/2026\/04\/cam-cilt-2.png 1208w, https:\/\/www.tgrthaber.com\/mavikadin\/wp-content\/uploads\/2026\/04\/cam-cilt-2-300x169.png 300w, https:\/\/www.tgrthaber.com\/mavikadin\/wp-content\/uploads\/2026\/04\/cam-cilt-2-1024x576.png 1024w, https:\/\/www.tgrthaber.com\/mavikadin\/wp-content\/uploads\/2026\/04\/cam-cilt-2-768x432.png 768w\" sizes=\"(max-width: 1208px) 100vw, 1208px\" \/><\/p>\n<hr \/>\n<h3>CAM G\u0130B\u0130 C\u0130LT \u0130\u00c7\u0130N 5 TEMEL ADIM<\/h3>\n<p>Uzmanlar\u0131n \u00f6nerdi\u011fi bu y\u00f6ntem, d\u00fczenli uyguland\u0131\u011f\u0131nda k\u0131sa s\u00fcrede g\u00f6zle g\u00f6r\u00fcl\u00fcr sonu\u00e7lar verebiliyor. \u0130\u015fte dikkat \u00e7eken o ad\u0131mlar:<\/p>\n<h3>1. \u00c7\u0130FT A\u015eAMALI TEM\u0130ZL\u0130K<\/h3>\n<p>Ciltte biriken makyaj, ya\u011f ve kirin tamamen ar\u0131nd\u0131r\u0131lmas\u0131 ilk ve en \u00f6nemli ad\u0131m. \u00d6nce ya\u011f bazl\u0131 temizleyici, ard\u0131ndan su bazl\u0131 \u00fcr\u00fcn kullan\u0131lmas\u0131 \u00f6neriliyor.<\/p>\n<h3>2. TON\u0130K \u0130LE DENGELEME<\/h3>\n<p>Cilt pH\u2019\u0131n\u0131 dengeleyen tonikler, ayn\u0131 zamanda g\u00f6zenek g\u00f6r\u00fcn\u00fcm\u00fcn\u00fc azaltmaya yard\u0131mc\u0131 oluyor.<\/p>\n<p><img loading=\"lazy\" decoding=\"async\" class=\"aligncenter size-full wp-image-315391\" src=\"https:\/\/www.tgrthaber.com\/mavikadin\/wp-content\/uploads\/2026\/04\/cam-cilt-3.png\" alt=\"\" width=\"1208\" height=\"680\" title=\"\" srcset=\"https:\/\/www.tgrthaber.com\/mavikadin\/wp-content\/uploads\/2026\/04\/cam-cilt-3.png 1208w, https:\/\/www.tgrthaber.com\/mavikadin\/wp-content\/uploads\/2026\/04\/cam-cilt-3-300x169.png 300w, https:\/\/www.tgrthaber.com\/mavikadin\/wp-content\/uploads\/2026\/04\/cam-cilt-3-1024x576.png 1024w, https:\/\/www.tgrthaber.com\/mavikadin\/wp-content\/uploads\/2026\/04\/cam-cilt-3-768x432.png 768w\" sizes=\"(max-width: 1208px) 100vw, 1208px\" \/><\/p>\n<hr \/>\n<h3>3. YO\u011eUN NEM DESTE\u011e\u0130<\/h3>\n<p>Hyaluronik asit i\u00e7eren serumlar ve nemlendiriciler, cildin dolgun ve parlak g\u00f6r\u00fcnmesini sa\u011fl\u0131yor.<\/p>\n<h3>4. I\u015eILTI VEREN SERUMLAR<\/h3>\n<p>C vitamini gibi i\u00e7erikler, cilt tonunu e\u015fitleyerek do\u011fal bir parlakl\u0131k kazand\u0131r\u0131yor.<\/p>\n<h3>5. G\u00dcNE\u015e KORUYUCU KULLANIMI<\/h3>\n<p>Uzmanlara g\u00f6re bu ad\u0131m atlan\u0131rsa t\u00fcm rutin etkisini kaybedebilir. G\u00fcne\u015f koruyucu, cildi hem lekelerden hem de erken ya\u015flanmadan koruyor.<\/p>\n<p><img loading=\"lazy\" decoding=\"async\" class=\"aligncenter size-full wp-image-315392\" src=\"https:\/\/www.tgrthaber.com\/mavikadin\/wp-content\/uploads\/2026\/04\/cam-cilt-4.png\" alt=\"\" width=\"1208\" height=\"680\" title=\"\" srcset=\"https:\/\/www.tgrthaber.com\/mavikadin\/wp-content\/uploads\/2026\/04\/cam-cilt-4.png 1208w, https:\/\/www.tgrthaber.com\/mavikadin\/wp-content\/uploads\/2026\/04\/cam-cilt-4-300x169.png 300w, https:\/\/www.tgrthaber.com\/mavikadin\/wp-content\/uploads\/2026\/04\/cam-cilt-4-1024x576.png 1024w, https:\/\/www.tgrthaber.com\/mavikadin\/wp-content\/uploads\/2026\/04\/cam-cilt-4-768x432.png 768w\" sizes=\"(max-width: 1208px) 100vw, 1208px\" \/><\/p>\n<hr \/>\n<h3>UZMANLAR UYARIYOR: SABIR \u015eART<\/h3>\n<p>Her ne kadar sosyal medyada \u201can\u0131nda etki\u201d vurgusu yap\u0131lsa da uzmanlar bu konuda daha ger\u00e7ek\u00e7i olunmas\u0131 gerekti\u011fini s\u00f6yl\u00fcyor. Cam cilt g\u00f6r\u00fcn\u00fcm\u00fcn\u00fcn d\u00fczenli bak\u0131m ve sa\u011fl\u0131kl\u0131 ya\u015fam al\u0131\u015fkanl\u0131klar\u0131yla m\u00fcmk\u00fcn oldu\u011funu belirten dermatologlar, en az 3-4 haftal\u0131k bir s\u00fcre\u00e7 gerekti\u011fine dikkat \u00e7ekiyor.<\/p>\n<p>Ayr\u0131ca her cilt tipinin farkl\u0131 oldu\u011funu hat\u0131rlatan uzmanlar, \u00f6zellikle hassas cilde sahip ki\u015filerin \u00fcr\u00fcn se\u00e7erken dikkatli olmas\u0131 gerekti\u011fini vurguluyor.<\/p>\n<p><img loading=\"lazy\" decoding=\"async\" class=\"aligncenter size-full wp-image-315393\" src=\"https:\/\/www.tgrthaber.com\/mavikadin\/wp-content\/uploads\/2026\/04\/cam-cilt-5.png\" alt=\"\" width=\"1208\" height=\"680\" title=\"\" srcset=\"https:\/\/www.tgrthaber.com\/mavikadin\/wp-content\/uploads\/2026\/04\/cam-cilt-5.png 1208w, https:\/\/www.tgrthaber.com\/mavikadin\/wp-content\/uploads\/2026\/04\/cam-cilt-5-300x169.png 300w, https:\/\/www.tgrthaber.com\/mavikadin\/wp-content\/uploads\/2026\/04\/cam-cilt-5-1024x576.png 1024w, https:\/\/www.tgrthaber.com\/mavikadin\/wp-content\/uploads\/2026\/04\/cam-cilt-5-768x432.png 768w\" sizes=\"(max-width: 1208px) 100vw, 1208px\" \/><\/p>\n<hr \/>\n<h3>SOSYAL MEDYADA B\u00dcY\u00dcK \u0130LG\u0130 G\u00d6R\u00dcYOR<\/h3>\n<p>TikTok ve Instagram gibi platformlarda milyonlarca g\u00f6r\u00fcnt\u00fclenme alan bu trend, kullan\u0131c\u0131lar\u0131n deneyimlerini payla\u015fmas\u0131yla daha da yayg\u0131n hale geldi. \u201cFiltre yok\u201d etiketiyle payla\u015f\u0131lan do\u011fal cilt g\u00f6r\u00fcn\u00fcmleri, \u00f6zellikle gen\u00e7 kad\u0131nlar aras\u0131nda b\u00fcy\u00fck ilgi g\u00f6r\u00fcyor.<\/p>\n<p>Influencer\u2019lar\u0131n da destekledi\u011fi bu ak\u0131m, k\u0131sa s\u00fcrede k\u00fcresel bir g\u00fczellik standard\u0131na d\u00f6n\u00fc\u015fm\u00fc\u015f durumda.<\/p>\n<h3>DO\u011eAL G\u00dcZELL\u0130K ANLAYI\u015eI G\u00dc\u00c7LEN\u0130YOR<\/h3>\n<p>2026\u2019n\u0131n en dikkat \u00e7eken g\u00fczellik trendlerinden biri olan cam cilt ak\u0131m\u0131, asl\u0131nda daha geni\u015f bir de\u011fi\u015fimin par\u00e7as\u0131. Kad\u0131nlar art\u0131k kusurlar\u0131 kapatmak yerine sa\u011fl\u0131kl\u0131 bir cilt g\u00f6r\u00fcn\u00fcm\u00fcne odaklan\u0131yor.<\/p>\n<p>A\u011f\u0131r makyaj\u0131n yerini hafif dokunu\u015flar al\u0131rken, bak\u0131m\u0131n \u00f6nemi her zamankinden daha fazla \u00f6n plana \u00e7\u0131k\u0131yor. Uzmanlara g\u00f6re bu trend ge\u00e7ici de\u011fil; aksine uzun vadede g\u00fczellik anlay\u0131\u015f\u0131n\u0131 kal\u0131c\u0131 olarak de\u011fi\u015ftirebilir.<\/p>\n<p><img loading=\"lazy\" decoding=\"async\" class=\"aligncenter size-full wp-image-315394\" src=\"https:\/\/www.tgrthaber.com\/mavikadin\/wp-content\/uploads\/2026\/04\/cam-cilt-6.png\" alt=\"\" width=\"1208\" height=\"680\" title=\"\" srcset=\"https:\/\/www.tgrthaber.com\/mavikadin\/wp-content\/uploads\/2026\/04\/cam-cilt-6.png 1208w, https:\/\/www.tgrthaber.com\/mavikadin\/wp-content\/uploads\/2026\/04\/cam-cilt-6-300x169.png 300w, https:\/\/www.tgrthaber.com\/mavikadin\/wp-content\/uploads\/2026\/04\/cam-cilt-6-1024x576.png 1024w, https:\/\/www.tgrthaber.com\/mavikadin\/wp-content\/uploads\/2026\/04\/cam-cilt-6-768x432.png 768w\" sizes=\"(max-width: 1208px) 100vw, 1208px\" \/><\/p>\n<hr \/>\n<h3>ABARTI MI, GER\u00c7EK M\u0130?<\/h3>\n<p>Cam cilt trendi ilk bak\u0131\u015fta abart\u0131l\u0131 bir sosyal medya ak\u0131m\u0131 gibi g\u00f6r\u00fcnse de, temelinde bilimsel olarak do\u011fru bir bak\u0131m yakla\u015f\u0131m\u0131 yat\u0131yor. D\u00fczenli uyguland\u0131\u011f\u0131nda ciltte g\u00f6zle g\u00f6r\u00fcl\u00fcr bir iyile\u015fme sa\u011flanabiliyor.<\/p>\n<p>K\u0131sacas\u0131 2026\u2019da kad\u0131nlar\u0131n \u201cyeni ke\u015ffetti\u011fi\u201d bu y\u00f6ntem, asl\u0131nda do\u011fru bak\u0131m\u0131n yeniden hat\u0131rlanmas\u0131ndan ibaret. Ancak etkili sonu\u00e7 i\u00e7in sab\u0131r, disiplin ve do\u011fru \u00fcr\u00fcn se\u00e7imi \u015fart.<\/p>\n","protected":false},"excerpt":{"rendered":"<p>Son y\u0131llarda cilt bak\u0131m\u0131na y\u00f6nelik trendler s\u00fcrekli evrilirken, 2026\u2019da \u00f6ne \u00e7\u0131kan yeni bir y\u00f6ntem \u00f6zellikle kad\u0131nlar aras\u0131nda h\u0131zla yayg\u0131nla\u015ft\u0131. Sosyal medyada \u201ccam cilt\u201d (glass skin) olarak adland\u0131r\u0131lan bu g\u00f6r\u00fcn\u00fcm, art\u0131k yaln\u0131zca makyaj hileleriyle de\u011fil, do\u011fru ve d\u00fczenli bir bak\u0131m rutiniyle elde ediliyor. Uzmanlara g\u00f6re bu ak\u0131m\u0131 farkl\u0131 k\u0131lan en \u00f6nemli unsur ise karma\u015f\u0131k \u00fcr\u00fcnlerden ziyade, basit ama istikrarl\u0131 bir bak\u0131m anlay\u0131\u015f\u0131na dayanmas\u0131.<\/p>\n","protected":false},"author":5,"featured_media":315395,"comment_status":"closed","ping_status":"closed","sticky":false,"template":"","format":"standard","meta":{"rank_math_lock_modified_date":false,"footnotes":""},"categories":[95],"tags":[57692,60219,3836,106],"class_list":["post-315388","post","type-post","status-publish","format-standard","has-post-thumbnail","hentry","category-guzellik","tag-cam-cilt","tag-cilt","tag-cilt-bakimi","tag-guzellik"],"_links":{"self":[{"href":"https:\/\/www.tgrthaber.com\/mavikadin\/wp-json\/wp\/v2\/posts\/315388"}],"collection":[{"href":"https:\/\/www.tgrthaber.com\/mavikadin\/wp-json\/wp\/v2\/posts"}],"about":[{"href":"https:\/\/www.tgrthaber.com\/mavikadin\/wp-json\/wp\/v2\/types\/post"}],"author":[{"embeddable":true,"href":"https:\/\/www.tgrthaber.com\/mavikadin\/wp-json\/wp\/v2\/users\/5"}],"replies":[{"embeddable":true,"href":"https:\/\/www.tgrthaber.com\/mavikadin\/wp-json\/wp\/v2\/comments?post=315388"}],"version-history":[{"count":1,"href":"https:\/\/www.tgrthaber.com\/mavikadin\/wp-json\/wp\/v2\/posts\/315388\/revisions"}],"predecessor-version":[{"id":315396,"href":"https:\/\/www.tgrthaber.com\/mavikadin\/wp-json\/wp\/v2\/posts\/315388\/revisions\/315396"}],"wp:featuredmedia":[{"embeddable":true,"href":"https:\/\/www.tgrthaber.com\/mavikadin\/wp-json\/wp\/v2\/media\/315395"}],"wp:attachment":[{"href":"https:\/\/www.tgrthaber.com\/mavikadin\/wp-json\/wp\/v2\/media?parent=315388"}],"wp:term":[{"taxonomy":"category","embeddable":true,"href":"https:\/\/www.tgrthaber.com\/mavikadin\/wp-json\/wp\/v2\/categories?post=315388"},{"taxonomy":"post_tag","embeddable":true,"href":"https:\/\/www.tgrthaber.com\/mavikadin\/wp-json\/wp\/v2\/tags?post=315388"}],"curies":[{"name":"wp","href":"https:\/\/api.w.org\/{rel}","templated":true}]}}