{"id":315409,"date":"2026-04-24T14:41:06","date_gmt":"2026-04-24T11:41:06","guid":{"rendered":"https:\/\/www.tgrthaber.com\/mavikadin\/?p=315409"},"modified":"2026-04-24T14:41:06","modified_gmt":"2026-04-24T11:41:06","slug":"sac-dokulmesini-gizli-nedeni-ortaya-cikti-cogu-kisi-bunu-bilmiyor","status":"publish","type":"post","link":"https:\/\/www.tgrthaber.com\/mavikadin\/sac-dokulmesini-gizli-nedeni-ortaya-cikti-cogu-kisi-bunu-bilmiyor\/","title":{"rendered":"Sa\u00e7 d\u00f6k\u00fclmesini gizli nedeni ortaya \u00e7\u0131kt\u0131! \u00c7o\u011fu ki\u015fi bunu bilmiyor"},"content":{"rendered":"<p>Sa\u00e7 d\u00f6k\u00fclmesi sorunu ya\u015fayan ki\u015filer, d\u00f6k\u00fclen sa\u00e7lar\u0131n\u0131n nedenini merak eder. Uzmanlar, d\u00f6k\u00fclmenin arkas\u0131ndaki as\u0131l nedenin sadece d\u0131\u015fsal fakt\u00f6rler olmad\u0131\u011f\u0131n\u0131 vurgulad\u0131. Gelen bilgiler sa\u00e7 d\u00f6k\u00fclmesinin as\u0131l nedeninin mikro-enflamasyon ve ferritin eksikli\u011fi ile birle\u015fen <a href=\"https:\/\/www.tgrthaber.com\/mavikadin\/sac-diplerini-guclendirir-koparak-dokulmeleri-azaltir-evde-denemeyi-unutmayin\/\">sa\u00e7<\/a> derisi glikasyonu oldu\u011funu ortaya \u00e7\u0131kard\u0131. \u00c7o\u011fu ki\u015finin mevsimsel ge\u00e7i\u015f san\u0131p \u00fczerinde durmad\u0131\u011f\u0131 sa\u00e7 d\u00f6k\u00fclmesi asl\u0131nda sa\u00e7 folik\u00fcllerinin \u015feker taraf\u0131ndan bo\u011fulmas\u0131n\u0131 i\u015faret ediyor. Peki sa\u00e7 d\u00f6k\u00fclmesi neden olur, nas\u0131l ge\u00e7er? \u00d6zellikle sa\u00e7 d\u00f6k\u00fclmesi ya\u015fayanlar\u0131n mutlaka bilmesi gereken kritik detay&#8230;<\/p>\n<h3>SA\u00c7 D\u00d6K\u00dcLMES\u0130N\u0130N G\u0130ZL\u0130 NEDEN\u0130 ORTAYA \u00c7IKTI!<\/h3>\n<p>Yap\u0131lan son klinik \u00e7al\u0131\u015fmalar, Glikasyon ad\u0131 verilen durumun <a href=\"https:\/\/www.tgrthaber.com\/mavikadin\/gucsuz-ve-yipranmis-saclara-elveda-tum-sorunlari-kokten-yok-eden-karisim\/\">sa\u00e7<\/a> d\u00f6k\u00fclmesinde bir numaral\u0131 gizli su\u00e7lu oldu\u011funu resmen ispatlad\u0131. Glikasyon, kan \u015fekerinin v\u00fccuttaki proteinlere yap\u0131\u015fmas\u0131 ve onlar\u0131 sertle\u015ftirerek i\u015flevsiz hale getirmesi durumudur.<\/p>\n<p><img loading=\"lazy\" decoding=\"async\" class=\"alignnone wp-image-315420 size-full\" src=\"https:\/\/www.tgrthaber.com\/mavikadin\/wp-content\/uploads\/2026\/04\/1469291.jpg\" alt=\"\" width=\"1200\" height=\"675\" title=\"\" srcset=\"https:\/\/www.tgrthaber.com\/mavikadin\/wp-content\/uploads\/2026\/04\/1469291.jpg 1200w, https:\/\/www.tgrthaber.com\/mavikadin\/wp-content\/uploads\/2026\/04\/1469291-300x169.jpg 300w, https:\/\/www.tgrthaber.com\/mavikadin\/wp-content\/uploads\/2026\/04\/1469291-1024x576.jpg 1024w, https:\/\/www.tgrthaber.com\/mavikadin\/wp-content\/uploads\/2026\/04\/1469291-768x432.jpg 768w\" sizes=\"(max-width: 1200px) 100vw, 1200px\" \/><\/p>\n<hr \/>\n<p>\u00c7o\u011fu ki\u015fi beslenme al\u0131\u015fkanl\u0131klar\u0131n\u0131n sadece kilo ald\u0131rd\u0131\u011f\u0131n\u0131 d\u00fc\u015f\u00fcn\u00fcr. Ancak durum hi\u00e7 de \u00f6yle de\u011fil. T\u00fcketilen y\u00fcksek \u015feker ve i\u015flenmi\u015f karbonhidratlar sa\u00e7 derisindeki kolajen yap\u0131s\u0131n\u0131 da bozuyor. Sertle\u015fen sa\u00e7 derisi ise sa\u00e7 k\u00f6klerini s\u0131k\u0131\u015ft\u0131r\u0131yor ve kan dola\u015f\u0131m\u0131n\u0131 engelliyor. Hal b\u00f6yle olunca da sa\u00e7 k\u00f6kleri beslenemiyor. Anlayaca\u011f\u0131n\u0131z beslenmeye dair bilinmeyen bu detay, sa\u00e7lar\u0131 sadece d\u00f6kmekle kalm\u0131yor, adeta k\u00f6k\u00fcnden kurutuyor.<\/p>\n<p><img loading=\"lazy\" decoding=\"async\" class=\"alignnone wp-image-315423 size-full\" src=\"https:\/\/www.tgrthaber.com\/mavikadin\/wp-content\/uploads\/2026\/04\/sac-dokulmesi-.jpg\" alt=\"\" width=\"1200\" height=\"686\" title=\"\" srcset=\"https:\/\/www.tgrthaber.com\/mavikadin\/wp-content\/uploads\/2026\/04\/sac-dokulmesi-.jpg 1200w, https:\/\/www.tgrthaber.com\/mavikadin\/wp-content\/uploads\/2026\/04\/sac-dokulmesi--300x172.jpg 300w, https:\/\/www.tgrthaber.com\/mavikadin\/wp-content\/uploads\/2026\/04\/sac-dokulmesi--1024x585.jpg 1024w, https:\/\/www.tgrthaber.com\/mavikadin\/wp-content\/uploads\/2026\/04\/sac-dokulmesi--768x439.jpg 768w\" sizes=\"(max-width: 1200px) 100vw, 1200px\" \/><\/p>\n<hr \/>\n<h3>SA\u00c7 D\u00d6K\u00dcLMES\u0130 NEDEN OLUR?<\/h3>\n<p><a href=\"https:\/\/www.tgrthaber.com\/mavikadin\/saclarin-hizla-uzamasi-icin-aksam-yatmadan-orun-ormenin-saca-faydalari\/\">Sa\u00e7 d\u00f6k\u00fclmesi<\/a> tek bir nedenden dolay\u0131 d\u00f6k\u00fclmez. En yayg\u0131n nedenler aras\u0131nda genetik yatk\u0131nl\u0131k bulunuyor. Ayr\u0131ca yo\u011fun stres, demir ve B12 vitamini eksikli\u011fi, tiroit hastal\u0131klar\u0131, hormonal d\u00fczensizlikler ve yanl\u0131\u015f uygulanan diyetler sa\u00e7 sa\u011fl\u0131\u011f\u0131n\u0131 do\u011frudan etkileyen fakt\u00f6rler aras\u0131nda yer al\u0131yor. Ayr\u0131ca, hava kirlili\u011fi ve yo\u011fun kimyasal i\u00e7eren sa\u00e7 bak\u0131m \u00fcr\u00fcnleri de sa\u00e7a zarar vererek d\u00f6k\u00fclmeyi \u00e7ok fazla h\u0131zland\u0131r\u0131yor.<\/p>\n<p><img loading=\"lazy\" decoding=\"async\" class=\"alignnone wp-image-315424 \" src=\"https:\/\/www.tgrthaber.com\/mavikadin\/wp-content\/uploads\/2026\/04\/64d0c98f86b24a0f1cee471e.webp\" alt=\"\" width=\"1365\" height=\"768\" title=\"\" srcset=\"https:\/\/www.tgrthaber.com\/mavikadin\/wp-content\/uploads\/2026\/04\/64d0c98f86b24a0f1cee471e.webp 750w, https:\/\/www.tgrthaber.com\/mavikadin\/wp-content\/uploads\/2026\/04\/64d0c98f86b24a0f1cee471e-300x169.webp 300w\" sizes=\"(max-width: 1365px) 100vw, 1365px\" \/><\/p>\n<hr \/>\n<h3>\u015eEKERL\u0130 BESLENME ALI\u015eKANLIKLARI SA\u00c7LARI D\u00d6KER M\u0130?<\/h3>\n<p>Glikasyon s\u00fcreci tam olarak bu noktada dikkat \u00e7ekiyor. A\u015f\u0131r\u0131 \u015feker t\u00fcketimi v\u00fccutta ins\u00fclin direncini tetikler. Ayn\u0131 zamanda <a href=\"https:\/\/www.tgrthaber.com\/mavikadin\/tek-hamlede-cildinizi-yenileyin-sac-dokulmesini-durdurun-icmeniz-gereken-en-onemli-vitamin\/\">sa\u00e7<\/a> folik\u00fcllerinin etraf\u0131ndaki ba\u011f dokusunu sertle\u015ftiriyor.<\/p>\n<p><img loading=\"lazy\" decoding=\"async\" class=\"alignnone wp-image-315421 \" src=\"https:\/\/www.tgrthaber.com\/mavikadin\/wp-content\/uploads\/2026\/04\/i-2026-04-24T143633.074.webp\" alt=\"\" width=\"1139\" height=\"759\" title=\"\" srcset=\"https:\/\/www.tgrthaber.com\/mavikadin\/wp-content\/uploads\/2026\/04\/i-2026-04-24T143633.074.webp 480w, https:\/\/www.tgrthaber.com\/mavikadin\/wp-content\/uploads\/2026\/04\/i-2026-04-24T143633.074-300x200.webp 300w\" sizes=\"(max-width: 1139px) 100vw, 1139px\" \/><\/p>\n<hr \/>\n<p>Kan damarlar\u0131n\u0131n bu sertle\u015fme nedeniyle daralmas\u0131 sonras\u0131 ise sa\u00e7 k\u00f6k\u00fcne giden oksijen miktar\u0131 da azalm\u0131\u015f oluyor. E\u011fer sa\u00e7 d\u00f6k\u00fclmenizle birlikte ciltte a\u015f\u0131r\u0131 ya\u011flanma veya s\u00fcrekli yorgunluk ya\u015f\u0131yorsan\u0131z, d\u00f6k\u00fclmenin kayna\u011f\u0131 y\u00fcksek ihtimalle bu glikasyon s\u00fcrecidir. Sa\u00e7 d\u00f6k\u00fclmenizle beraber bu etkiler varsa y\u00fcksek \u015fekerli beslenme al\u0131\u015fkanl\u0131\u011f\u0131n\u0131z\u0131 g\u00f6zden ge\u00e7irmenizde fayda var.<\/p>\n<p><img loading=\"lazy\" decoding=\"async\" class=\"alignnone wp-image-315426 size-full\" src=\"https:\/\/www.tgrthaber.com\/mavikadin\/wp-content\/uploads\/2026\/04\/maxresdefault-2026-04-24T142921.333.jpg\" alt=\"sa\u00e7\" width=\"1280\" height=\"720\" title=\"\" srcset=\"https:\/\/www.tgrthaber.com\/mavikadin\/wp-content\/uploads\/2026\/04\/maxresdefault-2026-04-24T142921.333.jpg 1280w, https:\/\/www.tgrthaber.com\/mavikadin\/wp-content\/uploads\/2026\/04\/maxresdefault-2026-04-24T142921.333-300x169.jpg 300w, https:\/\/www.tgrthaber.com\/mavikadin\/wp-content\/uploads\/2026\/04\/maxresdefault-2026-04-24T142921.333-1024x576.jpg 1024w, https:\/\/www.tgrthaber.com\/mavikadin\/wp-content\/uploads\/2026\/04\/maxresdefault-2026-04-24T142921.333-768x432.jpg 768w\" sizes=\"(max-width: 1280px) 100vw, 1280px\" \/><\/p>\n<hr \/>\n<h3>EN SIK SORULAN SORULAR VE CEVAPLARI<\/h3>\n<h3>\u015eekeri kesersem d\u00f6k\u00fclen sa\u00e7lar\u0131m geri \u00e7\u0131kar m\u0131?<\/h3>\n<p>\u015eekeri kesmek, glikasyon s\u00fcrecini durduruyor ve sa\u00e7 derisinin yumu\u015famas\u0131n\u0131 sa\u011fl\u0131yor. E\u011fer folik\u00fcller tamamen \u00f6lmemi\u015fse, kan dola\u015f\u0131m\u0131n\u0131n iyile\u015fmesi sonras\u0131 yeni sa\u00e7 olu\u015fumu g\u00f6r\u00fclebilir.<\/p>\n<h3>Sa\u00e7 d\u00f6k\u00fclmesi i\u00e7in hangi tahlilleri yapt\u0131rmal\u0131y\u0131m?<\/h3>\n<p>Ba\u015fta demir olmak \u00fczere, B12, \u00c7inko, D Vitamini ve tiroit testleri yapt\u0131rmak gerekiyor. Kan \u015fekeri ve \u00fcnsilin i\u00e7in de tahlil yap\u0131lmas\u0131nda fayda var.<\/p>\n<p><img loading=\"lazy\" decoding=\"async\" class=\"alignnone wp-image-315422 \" src=\"https:\/\/www.tgrthaber.com\/mavikadin\/wp-content\/uploads\/2026\/04\/i-2026-04-24T143623.499.webp\" alt=\"\" width=\"1323\" height=\"747\" title=\"\" srcset=\"https:\/\/www.tgrthaber.com\/mavikadin\/wp-content\/uploads\/2026\/04\/i-2026-04-24T143623.499.webp 480w, https:\/\/www.tgrthaber.com\/mavikadin\/wp-content\/uploads\/2026\/04\/i-2026-04-24T143623.499-300x169.webp 300w\" sizes=\"(max-width: 1323px) 100vw, 1323px\" \/><\/p>\n<hr \/>\n<h3>Sa\u00e7larda mevsimsel d\u00f6k\u00fclme ne kadar s\u00fcrer?<\/h3>\n<p>Normal bir mevsimsel d\u00f6k\u00fclme 6 ila 8 hafta aras\u0131nda s\u00fcrer. E\u011fer bu s\u00fcreyi a\u015f\u0131yorsa mutlaka uzamana g\u00f6r\u00fcnmelisiniz.<\/p>\n<h3>Sa\u00e7larda glikasyon etkisi nas\u0131l fark edilir?<\/h3>\n<p>Sa\u00e7larda a\u015f\u0131r\u0131 gerginlik ve sertlik hissediyorsan\u0131z ve ayr\u0131ca sa\u00e7lar\u0131n\u0131z her zamankinden daha k\u0131r\u0131lgan, mat ve cans\u0131z g\u00f6r\u00fcn\u00fcyorsa bu durum glikasyon etkisi olabilir.<\/p>\n","protected":false},"excerpt":{"rendered":"<p>Sa\u00e7 d\u00f6k\u00fclmesine dair y\u0131llard\u0131r genetik fakt\u00f6rler, stres ve yanl\u0131\u015f beslenme su\u00e7land\u0131. Ancak bilim d\u00fcnyas\u0131ndan gelen son dakika haberi, sa\u00e7 d\u00f6k\u00fclmesiyle m\u00fccadele eden milyonlarca ki\u015fiyi adeta \u015fa\u015fk\u0131na \u00e7evirdi. Sa\u00e7 k\u00f6klerinin neden zay\u0131flad\u0131\u011f\u0131na dair yap\u0131lan kritik ara\u015ft\u0131rmalar, bug\u00fcne kadar sa\u00e7 d\u00f6k\u00fclmelerine kar\u015f\u0131 gizli bir detay\u0131 da ortaya \u00e7\u0131kard\u0131. Peki sa\u00e7 d\u00f6k\u00fclmesi neden olur? \u0130\u015fte hemen hemen kimsenin bilmedi\u011fi sa\u00e7 d\u00f6k\u00fclmesine neden olan o detay&#8230;<\/p>\n","protected":false},"author":35,"featured_media":315419,"comment_status":"closed","ping_status":"closed","sticky":false,"template":"","format":"standard","meta":{"rank_math_lock_modified_date":false,"footnotes":""},"categories":[166],"tags":[74089,2832,2833,6620,74090],"class_list":["post-315409","post","type-post","status-publish","format-standard","has-post-thumbnail","hentry","category-sac-bakimi-sac-uzatma","tag-glikasyon","tag-sac-bakimi","tag-sac-dokulmesi","tag-sac-sagligi","tag-saclar-neden-dokulur"],"_links":{"self":[{"href":"https:\/\/www.tgrthaber.com\/mavikadin\/wp-json\/wp\/v2\/posts\/315409"}],"collection":[{"href":"https:\/\/www.tgrthaber.com\/mavikadin\/wp-json\/wp\/v2\/posts"}],"about":[{"href":"https:\/\/www.tgrthaber.com\/mavikadin\/wp-json\/wp\/v2\/types\/post"}],"author":[{"embeddable":true,"href":"https:\/\/www.tgrthaber.com\/mavikadin\/wp-json\/wp\/v2\/users\/35"}],"replies":[{"embeddable":true,"href":"https:\/\/www.tgrthaber.com\/mavikadin\/wp-json\/wp\/v2\/comments?post=315409"}],"version-history":[{"count":1,"href":"https:\/\/www.tgrthaber.com\/mavikadin\/wp-json\/wp\/v2\/posts\/315409\/revisions"}],"predecessor-version":[{"id":315427,"href":"https:\/\/www.tgrthaber.com\/mavikadin\/wp-json\/wp\/v2\/posts\/315409\/revisions\/315427"}],"wp:featuredmedia":[{"embeddable":true,"href":"https:\/\/www.tgrthaber.com\/mavikadin\/wp-json\/wp\/v2\/media\/315419"}],"wp:attachment":[{"href":"https:\/\/www.tgrthaber.com\/mavikadin\/wp-json\/wp\/v2\/media?parent=315409"}],"wp:term":[{"taxonomy":"category","embeddable":true,"href":"https:\/\/www.tgrthaber.com\/mavikadin\/wp-json\/wp\/v2\/categories?post=315409"},{"taxonomy":"post_tag","embeddable":true,"href":"https:\/\/www.tgrthaber.com\/mavikadin\/wp-json\/wp\/v2\/tags?post=315409"}],"curies":[{"name":"wp","href":"https:\/\/api.w.org\/{rel}","templated":true}]}}