{"id":315459,"date":"2026-04-25T09:08:23","date_gmt":"2026-04-25T06:08:23","guid":{"rendered":"https:\/\/www.tgrthaber.com\/mavikadin\/?p=315459"},"modified":"2026-04-25T09:08:24","modified_gmt":"2026-04-25T06:08:24","slug":"tasacak-bu-denizde-bazi-siddet-sahneleri-kesildi-dizi-sektorunde-yeni-donem-mi-basliyor","status":"publish","type":"post","link":"https:\/\/www.tgrthaber.com\/mavikadin\/tasacak-bu-denizde-bazi-siddet-sahneleri-kesildi-dizi-sektorunde-yeni-donem-mi-basliyor\/","title":{"rendered":"Ta\u015facak Bu Deniz\u2019de baz\u0131 \u015fiddet sahneleri kesildi! Dizi sekt\u00f6r\u00fcnde yeni d\u00f6nem mi ba\u015fl\u0131yor?"},"content":{"rendered":"<p>TRT 1 ekranlar\u0131nda bu hafta yay\u0131nlanan \u201c<a href=\"https:\/\/www.tgrthaber.com\/mavikadin\/tasacak-bu-denizin-elenisi-ava-yamandan-sert-aciklamalar-sanatim-tartisilmali-dis-gorunusum-degil\/\">Ta\u015facak Bu Deniz<\/a>\u201d dizisinin yeni b\u00f6l\u00fcm\u00fcnde dikkat \u00e7eken bir d\u00fczenlemeye gidildi. Kahramanmara\u015f\u2019ta ya\u015fanan okul sald\u0131r\u0131s\u0131n\u0131n ard\u0131ndan, son b\u00f6l\u00fcmde yer alan baz\u0131 \u015fiddet i\u00e7erikli sahneler \u00e7\u0131kar\u0131larak yay\u0131na dahil edilmedi.<\/p>\n<h3>TA\u015eACAK BU DEN\u0130Z\u2019DE BAZI \u015e\u0130DDET SAHNELER\u0130 KES\u0130LD\u0130<\/h3>\n<p>TRT 1 ekranlar\u0131nda yay\u0131nlanan \u201c<a href=\"https:\/\/www.tgrthaber.com\/mavikadin\/tasacak-bu-denizin-setinde-surpriz-iddia-burcu-cavrar-ve-onur-dilber-gercekten-asik-mi\/\">Ta\u015facak Bu Deniz<\/a>\u201d dizisinin bu haftaki b\u00f6l\u00fcm\u00fc, al\u0131nan \u00f6nemli bir kararla g\u00fcndeme geldi. Dizinin yeni b\u00f6l\u00fcm\u00fcnde yer alan baz\u0131 \u015fiddet i\u00e7erikli sahneler, Kahramanmara\u015f\u2019ta ya\u015fanan okul sald\u0131r\u0131s\u0131 nedeniyle yay\u0131ndan \u00e7\u0131kar\u0131ld\u0131. Kanal y\u00f6netimi, toplumsal hassasiyetleri g\u00f6z \u00f6n\u00fcnde bulundurarak bu sahneleri izleyiciyle bulu\u015fturmama karar\u0131 ald\u0131.<\/p>\n<p><img loading=\"lazy\" decoding=\"async\" class=\"aligncenter size-full wp-image-315460\" src=\"https:\/\/www.tgrthaber.com\/mavikadin\/wp-content\/uploads\/2026\/04\/Tasacak-Bu-Deniz-1.webp\" alt=\"\" width=\"800\" height=\"450\" title=\"\" srcset=\"https:\/\/www.tgrthaber.com\/mavikadin\/wp-content\/uploads\/2026\/04\/Tasacak-Bu-Deniz-1.webp 800w, https:\/\/www.tgrthaber.com\/mavikadin\/wp-content\/uploads\/2026\/04\/Tasacak-Bu-Deniz-1-300x169.webp 300w, https:\/\/www.tgrthaber.com\/mavikadin\/wp-content\/uploads\/2026\/04\/Tasacak-Bu-Deniz-1-768x432.webp 768w\" sizes=\"(max-width: 800px) 100vw, 800px\" \/><\/p>\n<hr \/>\n<h3>TOPLUMSAL HASSAS\u0130YET \u00d6N PLANDA<\/h3>\n<p>Son d\u00f6nemde ya\u015fanan trajik olaylar\u0131n medya i\u00e7eriklerine etkisi bir kez daha g\u00f6zler \u00f6n\u00fcne serildi. Kahramanmara\u015f\u2019ta meydana gelen okul sald\u0131r\u0131s\u0131n\u0131n ard\u0131ndan, \u00f6zellikle \u015fiddet i\u00e7eren sahnelerin ekrana getirilmesi konusunda daha dikkatli davran\u0131lmas\u0131 gerekti\u011fi y\u00f6n\u00fcnde kamuoyunda geni\u015f bir g\u00f6r\u00fc\u015f birli\u011fi olu\u015ftu. TRT 1 y\u00f6netimi de bu do\u011frultuda hareket ederek dizinin ilgili sahnelerini yay\u0131ndan kald\u0131rd\u0131.<\/p>\n<p><img loading=\"lazy\" decoding=\"async\" class=\"aligncenter size-full wp-image-315461\" src=\"https:\/\/www.tgrthaber.com\/mavikadin\/wp-content\/uploads\/2026\/04\/Tasacak-Bu-Deniz-2.webp\" alt=\"\" width=\"800\" height=\"450\" title=\"\" srcset=\"https:\/\/www.tgrthaber.com\/mavikadin\/wp-content\/uploads\/2026\/04\/Tasacak-Bu-Deniz-2.webp 800w, https:\/\/www.tgrthaber.com\/mavikadin\/wp-content\/uploads\/2026\/04\/Tasacak-Bu-Deniz-2-300x169.webp 300w, https:\/\/www.tgrthaber.com\/mavikadin\/wp-content\/uploads\/2026\/04\/Tasacak-Bu-Deniz-2-768x432.webp 768w\" sizes=\"(max-width: 800px) 100vw, 800px\" \/><\/p>\n<hr \/>\n<h3>D\u0130Z\u0130 SEKT\u00d6R\u00dcNDE YEN\u0130 B\u0130R D\u00d6NEM M\u0130?<\/h3>\n<p>Uzmanlar, bu t\u00fcr kararlar\u0131n televizyon sekt\u00f6r\u00fcnde yeni bir d\u00f6nemin habercisi olabilece\u011fini belirtiyor. Son y\u0131llarda artan toplumsal fark\u0131ndal\u0131k, yap\u0131mc\u0131lar\u0131 ve yay\u0131nc\u0131lar\u0131 i\u00e7erik \u00fcretiminde daha sorumlu davranmaya y\u00f6nlendiriyor. \u015eiddet sahnelerinin s\u0131n\u0131rland\u0131r\u0131lmas\u0131 ya da ba\u011flama g\u00f6re yeniden de\u011ferlendirilmesi, izleyici al\u0131\u015fkanl\u0131klar\u0131n\u0131 da de\u011fi\u015ftirebilir.<\/p>\n<p><img loading=\"lazy\" decoding=\"async\" class=\"aligncenter size-full wp-image-315462\" src=\"https:\/\/www.tgrthaber.com\/mavikadin\/wp-content\/uploads\/2026\/04\/Tasacak-Bu-Deniz-3.webp\" alt=\"\" width=\"800\" height=\"450\" title=\"\" srcset=\"https:\/\/www.tgrthaber.com\/mavikadin\/wp-content\/uploads\/2026\/04\/Tasacak-Bu-Deniz-3.webp 800w, https:\/\/www.tgrthaber.com\/mavikadin\/wp-content\/uploads\/2026\/04\/Tasacak-Bu-Deniz-3-300x169.webp 300w, https:\/\/www.tgrthaber.com\/mavikadin\/wp-content\/uploads\/2026\/04\/Tasacak-Bu-Deniz-3-768x432.webp 768w\" sizes=\"(max-width: 800px) 100vw, 800px\" \/><\/p>\n<hr \/>\n<p>Medya ele\u015ftirmenleri ise bu t\u00fcr m\u00fcdahalelerin, sanat \u00f6zg\u00fcrl\u00fc\u011f\u00fc ile toplumsal sorumluluk aras\u0131nda hassas bir denge kurulmas\u0131n\u0131 gerektirdi\u011fini savunuyor. Bir yandan ger\u00e7ek\u00e7i anlat\u0131m\u0131n korunmas\u0131 gerekti\u011fi, di\u011fer yandan da toplumun travmatik olaylardan etkilenmemesi i\u00e7in dikkatli olunmas\u0131 gerekti\u011fi ifade ediliyor.<\/p>\n<p><img loading=\"lazy\" decoding=\"async\" class=\"aligncenter size-full wp-image-315463\" src=\"https:\/\/www.tgrthaber.com\/mavikadin\/wp-content\/uploads\/2026\/04\/Tasacak-Bu-Deniz-5.webp\" alt=\"\" width=\"800\" height=\"450\" title=\"\" srcset=\"https:\/\/www.tgrthaber.com\/mavikadin\/wp-content\/uploads\/2026\/04\/Tasacak-Bu-Deniz-5.webp 800w, https:\/\/www.tgrthaber.com\/mavikadin\/wp-content\/uploads\/2026\/04\/Tasacak-Bu-Deniz-5-300x169.webp 300w, https:\/\/www.tgrthaber.com\/mavikadin\/wp-content\/uploads\/2026\/04\/Tasacak-Bu-Deniz-5-768x432.webp 768w\" sizes=\"(max-width: 800px) 100vw, 800px\" \/><\/p>\n<hr \/>\n<h3>\u0130ZLEY\u0130C\u0130DEN DESTEK VE TARTI\u015eMA<\/h3>\n<p>Sosyal medyada konuyla ilgili yap\u0131lan yorumlar ikiye b\u00f6l\u00fcnm\u00fc\u015f durumda. Bir kesim TRT 1\u2019in ald\u0131\u011f\u0131 karar\u0131 yerinde bulurken, di\u011fer bir kesim ise bu t\u00fcr m\u00fcdahalelerin dizinin ak\u0131\u015f\u0131n\u0131 ve anlat\u0131m g\u00fcc\u00fcn\u00fc zay\u0131flatabilece\u011fini d\u00fc\u015f\u00fcn\u00fcyor. Ancak genel tabloya bak\u0131ld\u0131\u011f\u0131nda, \u00f6zellikle son ya\u015fanan olay\u0131n etkisiyle al\u0131nan bu karar\u0131n geni\u015f bir kesim taraf\u0131ndan anlay\u0131\u015fla kar\u015f\u0131land\u0131\u011f\u0131 g\u00f6r\u00fcl\u00fcyor.<\/p>\n<p><img loading=\"lazy\" decoding=\"async\" class=\"aligncenter size-full wp-image-315465\" src=\"https:\/\/www.tgrthaber.com\/mavikadin\/wp-content\/uploads\/2026\/04\/Tasacak-Bu-Deniz-6.webp\" alt=\"\" width=\"800\" height=\"450\" title=\"\" srcset=\"https:\/\/www.tgrthaber.com\/mavikadin\/wp-content\/uploads\/2026\/04\/Tasacak-Bu-Deniz-6.webp 800w, https:\/\/www.tgrthaber.com\/mavikadin\/wp-content\/uploads\/2026\/04\/Tasacak-Bu-Deniz-6-300x169.webp 300w, https:\/\/www.tgrthaber.com\/mavikadin\/wp-content\/uploads\/2026\/04\/Tasacak-Bu-Deniz-6-768x432.webp 768w\" sizes=\"(max-width: 800px) 100vw, 800px\" \/><\/p>\n<hr \/>\n<h3>TA\u015eACAK BU DEN\u0130Z SON B\u00d6L\u00dcMDE NELER YA\u015eANDI?<\/h3>\n<p>Dizinin son b\u00f6l\u00fcm\u00fcnde gerilim dozaj\u0131 belirgin \u015fekilde artt\u0131, olaylar adeta kontrolden \u00e7\u0131kt\u0131.<\/p>\n<p>\u015eerif, uzun s\u00fcredir planlad\u0131\u011f\u0131 intikam hamlesini hayata ge\u00e7irerek Ko\u00e7ari k\u00f6y\u00fcne a\u011f\u0131r bir darbe indirdi. K\u00f6y\u00fcn su kaynaklar\u0131n\u0131 zehirlemesi, b\u00f6lge halk\u0131n\u0131 \u00f6l\u00fcmc\u00fcl bir tehditle kar\u015f\u0131 kar\u015f\u0131ya b\u0131rak\u0131rken panik ortam\u0131n\u0131 da beraberinde getirdi. Bununla da yetinmeyen \u015eerif, Ko\u00e7arilere ait<\/p>\n<p>Rusya\u2019daki depoyu patlatarak ekonomik anlamda da ciddi bir y\u0131k\u0131ma neden oldu.<\/p>\n<p>T\u00fcm bu geli\u015fmeler k\u00f6yde kaosu derinle\u015ftirirken dengeler tamamen sars\u0131ld\u0131.<\/p>\n<p>Adil, kurulan sinsi planlar\u0131n ortas\u0131nda s\u0131k\u0131\u015f\u0131p kal\u0131rken, Esme\u2019nin ka\u00e7\u0131r\u0131lma ihtimali ise b\u00f6l\u00fcm\u00fcn tansiyonunu zirveye ta\u015f\u0131yan en kritik geli\u015fmelerden biri oldu.<\/p>\n<p>&nbsp;<\/p>\n","protected":false},"excerpt":{"rendered":"<p>TRT 1\u2019de bu hafta ekranlara gelen Ta\u015facak Bu Deniz dizisinin yeni b\u00f6l\u00fcm\u00fcnde, Kahramanmara\u015f\u2019ta ya\u015fanan okul sald\u0131r\u0131s\u0131 nedeniyle baz\u0131 \u015fiddet sahneleri \u00e7\u0131kar\u0131ld\u0131 ve s\u00f6z konusu sahneler yay\u0131na dahil edilmedi. Bu karar \u00f6zellikle aileleri sevindirirken ak\u0131llara dizi sekt\u00f6r\u00fcnde yeni bir d\u00f6nem mi ba\u015fl\u0131yor sorusunu getirdi.<\/p>\n","protected":false},"author":5,"featured_media":315464,"comment_status":"closed","ping_status":"closed","sticky":false,"template":"","format":"standard","meta":{"rank_math_lock_modified_date":false,"footnotes":""},"categories":[602],"tags":[3602,61052,74094],"class_list":["post-315459","post","type-post","status-publish","format-standard","has-post-thumbnail","hentry","category-diziler","tag-diziler","tag-tasacak-bu-deniz","tag-tasacak-bu-deniz-siddet-sahneleri"],"_links":{"self":[{"href":"https:\/\/www.tgrthaber.com\/mavikadin\/wp-json\/wp\/v2\/posts\/315459"}],"collection":[{"href":"https:\/\/www.tgrthaber.com\/mavikadin\/wp-json\/wp\/v2\/posts"}],"about":[{"href":"https:\/\/www.tgrthaber.com\/mavikadin\/wp-json\/wp\/v2\/types\/post"}],"author":[{"embeddable":true,"href":"https:\/\/www.tgrthaber.com\/mavikadin\/wp-json\/wp\/v2\/users\/5"}],"replies":[{"embeddable":true,"href":"https:\/\/www.tgrthaber.com\/mavikadin\/wp-json\/wp\/v2\/comments?post=315459"}],"version-history":[{"count":1,"href":"https:\/\/www.tgrthaber.com\/mavikadin\/wp-json\/wp\/v2\/posts\/315459\/revisions"}],"predecessor-version":[{"id":315466,"href":"https:\/\/www.tgrthaber.com\/mavikadin\/wp-json\/wp\/v2\/posts\/315459\/revisions\/315466"}],"wp:featuredmedia":[{"embeddable":true,"href":"https:\/\/www.tgrthaber.com\/mavikadin\/wp-json\/wp\/v2\/media\/315464"}],"wp:attachment":[{"href":"https:\/\/www.tgrthaber.com\/mavikadin\/wp-json\/wp\/v2\/media?parent=315459"}],"wp:term":[{"taxonomy":"category","embeddable":true,"href":"https:\/\/www.tgrthaber.com\/mavikadin\/wp-json\/wp\/v2\/categories?post=315459"},{"taxonomy":"post_tag","embeddable":true,"href":"https:\/\/www.tgrthaber.com\/mavikadin\/wp-json\/wp\/v2\/tags?post=315459"}],"curies":[{"name":"wp","href":"https:\/\/api.w.org\/{rel}","templated":true}]}}