{"id":315510,"date":"2026-04-25T15:49:57","date_gmt":"2026-04-25T12:49:57","guid":{"rendered":"https:\/\/www.tgrthaber.com\/mavikadin\/?p=315510"},"modified":"2026-04-25T15:49:57","modified_gmt":"2026-04-25T12:49:57","slug":"gozenek-kucultmenin-en-farkli-yollari-2026","status":"publish","type":"post","link":"https:\/\/www.tgrthaber.com\/mavikadin\/gozenek-kucultmenin-en-farkli-yollari-2026\/","title":{"rendered":"G\u00f6zenek k\u00fc\u00e7\u00fcltmenin en farkl\u0131 yollar\u0131 2026!"},"content":{"rendered":"<p>2026 y\u0131l\u0131yla beraber cilt bak\u0131m\u0131nda temiz i\u00e7erik ak\u0131m\u0131n\u0131n yerini ak\u0131ll\u0131 i\u00e7erik ak\u0131m\u0131 yer ald\u0131. Evde uygulanan geleneksel maskeler ve sert peelingler istenileni kar\u015f\u0131lamay\u0131nca, biyoteknolojik \u00e7\u00f6z\u00fcmlere olan merak da artmaya ba\u015flad\u0131. Y\u0131llard\u0131r cildinizde bulunan g\u00f6zeneklere veda etmek istiyorsan\u0131z, 2026 y\u0131l\u0131n\u0131n en farkl\u0131 <a href=\"https:\/\/www.tgrthaber.com\/mavikadin\/burun-ve-yanaklardaki-gozenekleri-kucucuk-yapacak-karisim-30-yasindan-once-baslayin\/\">g\u00f6zenek<\/a> k\u00fc\u00e7\u00fcltme yollar\u0131n\u0131 sizler i\u00e7in ara\u015ft\u0131rd\u0131k. Peki g\u00f6zenekler nas\u0131l k\u00fc\u00e7\u00fclt\u00fcl\u00fcr? \u0130\u015fte 2026&#8217;n\u0131n cilt bak\u0131m\u0131nda en farkl\u0131 g\u00f6zenek s\u0131k\u0131la\u015ft\u0131rma teknikleri&#8230;<\/p>\n<h3>G\u00d6ZENEK K\u00dc\u00c7\u00dcLTMEN\u0130N EN FARKLI YOLLARI 2026!<\/h3>\n<p>2026 y\u0131l\u0131 itibar\u0131yla <a href=\"https:\/\/www.tgrthaber.com\/mavikadin\/tonlarca-para-vermeden-evde-gozenekleri-kuculten-maske-tarifi\/\">g\u00f6zenek<\/a> tedavilerinde \u00f6nemli olan, sadece y\u00fczeyi temizlemek de\u011fil, g\u00f6zenek duvarlar\u0131n\u0131 biyolojik olarak g\u00fc\u00e7lendirmektir. Bu y\u0131l\u0131n en dikkat \u00e7ekici fark\u0131, mikro-botoks uygulamalar\u0131n\u0131n ev tipi versiyonlar\u0131n\u0131n yayg\u0131nla\u015fmas\u0131 oldu.<\/p>\n<p><img loading=\"lazy\" decoding=\"async\" class=\"alignnone wp-image-315513 \" src=\"https:\/\/www.tgrthaber.com\/mavikadin\/wp-content\/uploads\/2026\/04\/Ekran-goruntusu-2026-04-25-151632.png\" alt=\"\" width=\"1183\" height=\"782\" title=\"\" srcset=\"https:\/\/www.tgrthaber.com\/mavikadin\/wp-content\/uploads\/2026\/04\/Ekran-goruntusu-2026-04-25-151632.png 805w, https:\/\/www.tgrthaber.com\/mavikadin\/wp-content\/uploads\/2026\/04\/Ekran-goruntusu-2026-04-25-151632-300x198.png 300w, https:\/\/www.tgrthaber.com\/mavikadin\/wp-content\/uploads\/2026\/04\/Ekran-goruntusu-2026-04-25-151632-768x508.png 768w\" sizes=\"(max-width: 1183px) 100vw, 1183px\" \/><\/p>\n<hr \/>\n<p>Bununla beraber cilt bak\u0131m\u0131nda DNA onaran enzimlerin kozmetik \u00fcr\u00fcnlerle harmanlanmas\u0131 da b\u00fcy\u00fck \u00f6nem ta\u015f\u0131yor. Cilt alt\u0131ndaki kolajen liflerini hedef alan baz\u0131 cihazlar art\u0131k ak\u0131ll\u0131 telefonlarla entegre edilebiliyor. Bu y\u00f6ntemle g\u00f6zeneklerin g\u00fcn i\u00e7indeki geni\u015fleme oran\u0131na g\u00f6re anl\u0131k bak\u0131m tavsiyeleri de al\u0131nabiliyor. \u0130\u015fte p\u00fcr\u00fczs\u00fcz bir cilt ve g\u00f6zeneklerin k\u00fc\u00e7\u00fclmesi i\u00e7in 2026&#8217;n\u0131n en pop\u00fcler form\u00fclleri&#8230;<\/p>\n<p><img loading=\"lazy\" decoding=\"async\" class=\"alignnone wp-image-315515 size-full\" src=\"https:\/\/www.tgrthaber.com\/mavikadin\/wp-content\/uploads\/2026\/04\/Eksozom-Tedavisi.webp\" alt=\"\" width=\"1208\" height=\"700\" title=\"\" srcset=\"https:\/\/www.tgrthaber.com\/mavikadin\/wp-content\/uploads\/2026\/04\/Eksozom-Tedavisi.webp 1208w, https:\/\/www.tgrthaber.com\/mavikadin\/wp-content\/uploads\/2026\/04\/Eksozom-Tedavisi-300x174.webp 300w, https:\/\/www.tgrthaber.com\/mavikadin\/wp-content\/uploads\/2026\/04\/Eksozom-Tedavisi-1024x593.webp 1024w, https:\/\/www.tgrthaber.com\/mavikadin\/wp-content\/uploads\/2026\/04\/Eksozom-Tedavisi-768x445.webp 768w\" sizes=\"(max-width: 1208px) 100vw, 1208px\" \/><\/p>\n<hr \/>\n<h3>Ekzozom Terapili Serumlar<\/h3>\n<p>Bu teknolojiyi, cildinizin alt\u0131ndaki h\u00fccrelere g\u00f6nderilen acil durum mesajlar\u0131 gibi d\u00fc\u015f\u00fcnebilirsiniz. Bu serumlar cilde s\u00fcr\u00fcld\u00fc\u011f\u00fcnde, g\u00f6zeneklerin etraf\u0131ndaki dokuya gev\u015femeyi b\u0131rak ve toparlan komutu gider. B\u00f6ylece cilt kendi kendini i\u00e7eriden tamir eder ve <a href=\"https:\/\/www.tgrthaber.com\/mavikadin\/gozenek-kucultmede-en-hizli-sonuc-veren-maskeler-2026\/\">g\u00f6zenekler<\/a> k\u00fc\u00e7\u00fclmeye ba\u015flar.<\/p>\n<p><img loading=\"lazy\" decoding=\"async\" class=\"alignnone wp-image-315512 \" src=\"https:\/\/www.tgrthaber.com\/mavikadin\/wp-content\/uploads\/2026\/04\/Ekran-goruntusu-2026-04-25-151518.png\" alt=\"\" width=\"1395\" height=\"920\" title=\"\" srcset=\"https:\/\/www.tgrthaber.com\/mavikadin\/wp-content\/uploads\/2026\/04\/Ekran-goruntusu-2026-04-25-151518.png 813w, https:\/\/www.tgrthaber.com\/mavikadin\/wp-content\/uploads\/2026\/04\/Ekran-goruntusu-2026-04-25-151518-300x198.png 300w, https:\/\/www.tgrthaber.com\/mavikadin\/wp-content\/uploads\/2026\/04\/Ekran-goruntusu-2026-04-25-151518-768x506.png 768w\" sizes=\"(max-width: 1395px) 100vw, 1395px\" \/><\/p>\n<hr \/>\n<h3>Likid Kristal Teknolojisi<\/h3>\n<p>Bu y\u00f6ntem, a\u011f\u0131r makyaj \u00fcr\u00fcnleri gibi g\u00f6zeneklerin i\u00e7ine dolup onlar\u0131 t\u0131kamaz. Bunun yerine cildinizin \u00fczerinde, d\u0131\u015far\u0131dan bak\u0131ld\u0131\u011f\u0131nda fark edilmeyen ve vparlak bir z\u0131rh olu\u015fturur. Bu \u00f6zel tabaka, \u00fczerine gelen \u0131\u015f\u0131\u011f\u0131 an\u0131nda da\u011f\u0131t\u0131r. G\u00f6zeneklerin olu\u015fturdu\u011fu g\u00f6lgeli ve \u00e7ukurlu g\u00f6r\u00fcnt\u00fc an\u0131nda yok olur. Cildiniz adeta dijital bir filtre uygulanm\u0131\u015f gibi p\u00fcr\u00fczs\u00fcz ve canl\u0131 g\u00f6r\u00fcn\u00fcr.<\/p>\n<p><img loading=\"lazy\" decoding=\"async\" class=\"alignnone wp-image-315516 \" src=\"https:\/\/www.tgrthaber.com\/mavikadin\/wp-content\/uploads\/2026\/04\/skartedavisii.jpeg\" alt=\"\" width=\"1179\" height=\"796\" title=\"\" srcset=\"https:\/\/www.tgrthaber.com\/mavikadin\/wp-content\/uploads\/2026\/04\/skartedavisii.jpeg 1000w, https:\/\/www.tgrthaber.com\/mavikadin\/wp-content\/uploads\/2026\/04\/skartedavisii-300x203.jpeg 300w, https:\/\/www.tgrthaber.com\/mavikadin\/wp-content\/uploads\/2026\/04\/skartedavisii-768x518.jpeg 768w\" sizes=\"(max-width: 1179px) 100vw, 1179px\" \/><\/p>\n<hr \/>\n<h3>Biyo-Peptit Kompleksleri<\/h3>\n<p>G\u00f6zeneklerin geni\u015f g\u00f6r\u00fcnmesinin en b\u00fcy\u00fck sebebi, cildin yer \u00e7ekimine yenik d\u00fc\u015f\u00fcp sarkmas\u0131d\u0131r. Bitki k\u00f6k h\u00fccrelerinden ilham alan bu form\u00fcl, cildin alt katmanlar\u0131nda g\u00f6r\u00fcnmez ask\u0131lar kurar. Cilt bariyerini bir duvar gibi sa\u011flamla\u015ft\u0131r\u0131r. Cildiniz daha dolgun ve gergin g\u00f6r\u00fcn\u00fcr g\u00f6zenekler de do\u011fal olarak s\u0131k\u0131\u015f\u0131r ve k\u00fc\u00e7\u00fcl\u00fcr.<\/p>\n<p><img loading=\"lazy\" decoding=\"async\" class=\"alignnone wp-image-315514 \" src=\"https:\/\/www.tgrthaber.com\/mavikadin\/wp-content\/uploads\/2026\/04\/Ekran-goruntusu-2026-04-25-154244.png\" alt=\"g\u00f6zenek\" width=\"1392\" height=\"913\" title=\"\" srcset=\"https:\/\/www.tgrthaber.com\/mavikadin\/wp-content\/uploads\/2026\/04\/Ekran-goruntusu-2026-04-25-154244.png 945w, https:\/\/www.tgrthaber.com\/mavikadin\/wp-content\/uploads\/2026\/04\/Ekran-goruntusu-2026-04-25-154244-300x197.png 300w, https:\/\/www.tgrthaber.com\/mavikadin\/wp-content\/uploads\/2026\/04\/Ekran-goruntusu-2026-04-25-154244-768x504.png 768w\" sizes=\"(max-width: 1392px) 100vw, 1392px\" \/><\/p>\n<hr \/>\n<h3>Oksijenli Nanokaps\u00fcller<\/h3>\n<p>G\u00f6zeneklerin b\u00fcy\u00fcmesine neden olan en b\u00fcy\u00fck d\u00fc\u015fman, i\u00e7eride biriken ve kat\u0131la\u015fan sebum denilen ya\u011flard\u0131r. Bu teknoloji, g\u00f6zeneklerin en derinine iner ve mikroskobik baloncuklar f\u0131rlat\u0131r. Bu baloncuklar hedefe ula\u015ft\u0131\u011f\u0131nda patlar ve i\u00e7eriye sadece saf oksijen b\u0131rak\u0131r. Oksijen, oradaki ya\u011f\u0131 ve kiri t\u0131pk\u0131 bir deterjan\u0131n ya\u011f\u0131 s\u00f6kmesi gibi par\u00e7alar. G\u00f6zenekler de temiz havay\u0131 bulunca giderek k\u00fc\u00e7\u00fclmeye ba\u015flar.<\/p>\n<p><img loading=\"lazy\" decoding=\"async\" class=\"alignnone wp-image-315517 size-full\" src=\"https:\/\/www.tgrthaber.com\/mavikadin\/wp-content\/uploads\/2026\/04\/1827-peptit-nedir-ne-ise-yariyor-peptitler-cildinizi-nasil-yeniliyor.webp\" alt=\"\" width=\"1280\" height=\"720\" title=\"\" srcset=\"https:\/\/www.tgrthaber.com\/mavikadin\/wp-content\/uploads\/2026\/04\/1827-peptit-nedir-ne-ise-yariyor-peptitler-cildinizi-nasil-yeniliyor.webp 1280w, https:\/\/www.tgrthaber.com\/mavikadin\/wp-content\/uploads\/2026\/04\/1827-peptit-nedir-ne-ise-yariyor-peptitler-cildinizi-nasil-yeniliyor-300x169.webp 300w, https:\/\/www.tgrthaber.com\/mavikadin\/wp-content\/uploads\/2026\/04\/1827-peptit-nedir-ne-ise-yariyor-peptitler-cildinizi-nasil-yeniliyor-1024x576.webp 1024w, https:\/\/www.tgrthaber.com\/mavikadin\/wp-content\/uploads\/2026\/04\/1827-peptit-nedir-ne-ise-yariyor-peptitler-cildinizi-nasil-yeniliyor-768x432.webp 768w\" sizes=\"(max-width: 1280px) 100vw, 1280px\" \/><\/p>\n<hr \/>\n<h3>G\u00d6ZENEK NEDEN OLU\u015eUR?<\/h3>\n<p><a href=\"https:\/\/www.tgrthaber.com\/mavikadin\/cilt-gozeneklerini-gun-gun-azaltacak-uzman-isimlerden-serum-onerisi\/\">G\u00f6zenekler<\/a> asl\u0131nda cildimizin nefes ald\u0131\u011f\u0131, ter ve ya\u011f salg\u0131lad\u0131\u011f\u0131 do\u011fal kanallard\u0131r. Ancak bunlar\u0131n belirgin ve geni\u015f hale gelmesi \u00e7o\u011fu ki\u015finin can\u0131n\u0131 s\u0131kar. Bu durumun sebebi ise sebum \u00fcretimidir. Ya\u015f ald\u0131k\u00e7a cildin elastikiyetini sa\u011flayan kolajen ve elastin lifleri azalmaktad\u0131r. Bu a\u015fama sonras\u0131 g\u00f6zenekler sarkarak daha iri g\u00f6r\u00fcn\u00fcr. G\u00fcne\u015f, genetik yatk\u0131nl\u0131k ve yanl\u0131\u015f kozmetik kullan\u0131m\u0131 da g\u00f6zeneklerin kal\u0131c\u0131 olarak geni\u015flemesine neden olur.<\/p>\n<p><img loading=\"lazy\" decoding=\"async\" class=\"alignnone wp-image-315518 \" src=\"https:\/\/www.tgrthaber.com\/mavikadin\/wp-content\/uploads\/2026\/04\/66a3dfc92a36a3daf145a17e.webp\" alt=\"\" width=\"1249\" height=\"834\" title=\"\" srcset=\"https:\/\/www.tgrthaber.com\/mavikadin\/wp-content\/uploads\/2026\/04\/66a3dfc92a36a3daf145a17e.webp 831w, https:\/\/www.tgrthaber.com\/mavikadin\/wp-content\/uploads\/2026\/04\/66a3dfc92a36a3daf145a17e-300x200.webp 300w, https:\/\/www.tgrthaber.com\/mavikadin\/wp-content\/uploads\/2026\/04\/66a3dfc92a36a3daf145a17e-768x513.webp 768w\" sizes=\"(max-width: 1249px) 100vw, 1249px\" \/><\/p>\n<hr \/>\n<h3>EN SIK SORULAN SORULAR VE CEVAPLARI<\/h3>\n<h3>G\u00f6zenekler tamamen kapan\u0131r m\u0131?<\/h3>\n<p>G\u00f6zenekler cildin i\u015flevini s\u00fcrd\u00fcrmasi i\u00e7in faydal\u0131d\u0131r. Sa\u011fl\u0131k a\u00e7\u0131s\u0131ndan da tamamen kapanmalar\u0131 do\u011fru de\u011fildir ve m\u00fcmk\u00fcn de\u011fildir.<\/p>\n<h3>Buz s\u00fcrmek g\u00f6zenekleri k\u00fc\u00e7\u00fclt\u00fcr m\u00fc?<\/h3>\n<p>Buz s\u00fcr\u00fcld\u00fc\u011f\u00fc zaman cilde \u015fok etkisi verilir. G\u00f6zenekler k\u0131sa s\u00fcreli\u011fine s\u0131k\u0131 g\u00f6r\u00fcn\u00fcm al\u0131r.<\/p>\n","protected":false},"excerpt":{"rendered":"<p>G\u00fczellik sekt\u00f6r\u00fc, 2026 y\u0131l\u0131nda teknolojinin geli\u015fmesiyle beraber h\u00fccresel d\u00fczeyde yap\u0131lan m\u00fcdahalelerle \u00f6n plana \u00e7\u0131k\u0131yor. Geni\u015fleyen g\u00f6zenek sorunu ya\u015fayanlar, g\u00f6zenek k\u00fc\u00e7\u00fcltmenin farkl\u0131 yollar\u0131n\u0131 aramaya ba\u015flad\u0131. Porselen cilt hedefini ama\u00e7layan baz\u0131 t\u0131bbi yollar ise estetik d\u00fcnyas\u0131n\u0131 heyecanland\u0131rm\u0131\u015f durumda. Peki g\u00f6zenek neden olur ve nas\u0131l k\u00fc\u00e7\u00fcl\u00fcr? \u0130\u015fte 2026&#8217;da g\u00f6zenek k\u00fc\u00e7\u00fcltmenin en farkl\u0131 yollar\u0131&#8230;<\/p>\n","protected":false},"author":35,"featured_media":315511,"comment_status":"closed","ping_status":"closed","sticky":false,"template":"","format":"standard","meta":{"rank_math_lock_modified_date":false,"footnotes":""},"categories":[95],"tags":[3836,15382,73292,56596,106],"class_list":["post-315510","post","type-post","status-publish","format-standard","has-post-thumbnail","hentry","category-guzellik","tag-cilt-bakimi","tag-gozenek","tag-gozenek-kucultme","tag-gozenek-temizligi","tag-guzellik"],"_links":{"self":[{"href":"https:\/\/www.tgrthaber.com\/mavikadin\/wp-json\/wp\/v2\/posts\/315510"}],"collection":[{"href":"https:\/\/www.tgrthaber.com\/mavikadin\/wp-json\/wp\/v2\/posts"}],"about":[{"href":"https:\/\/www.tgrthaber.com\/mavikadin\/wp-json\/wp\/v2\/types\/post"}],"author":[{"embeddable":true,"href":"https:\/\/www.tgrthaber.com\/mavikadin\/wp-json\/wp\/v2\/users\/35"}],"replies":[{"embeddable":true,"href":"https:\/\/www.tgrthaber.com\/mavikadin\/wp-json\/wp\/v2\/comments?post=315510"}],"version-history":[{"count":2,"href":"https:\/\/www.tgrthaber.com\/mavikadin\/wp-json\/wp\/v2\/posts\/315510\/revisions"}],"predecessor-version":[{"id":315520,"href":"https:\/\/www.tgrthaber.com\/mavikadin\/wp-json\/wp\/v2\/posts\/315510\/revisions\/315520"}],"wp:featuredmedia":[{"embeddable":true,"href":"https:\/\/www.tgrthaber.com\/mavikadin\/wp-json\/wp\/v2\/media\/315511"}],"wp:attachment":[{"href":"https:\/\/www.tgrthaber.com\/mavikadin\/wp-json\/wp\/v2\/media?parent=315510"}],"wp:term":[{"taxonomy":"category","embeddable":true,"href":"https:\/\/www.tgrthaber.com\/mavikadin\/wp-json\/wp\/v2\/categories?post=315510"},{"taxonomy":"post_tag","embeddable":true,"href":"https:\/\/www.tgrthaber.com\/mavikadin\/wp-json\/wp\/v2\/tags?post=315510"}],"curies":[{"name":"wp","href":"https:\/\/api.w.org\/{rel}","templated":true}]}}