{"id":315536,"date":"2026-04-26T10:05:46","date_gmt":"2026-04-26T07:05:46","guid":{"rendered":"https:\/\/www.tgrthaber.com\/mavikadin\/?p=315536"},"modified":"2026-04-26T10:05:46","modified_gmt":"2026-04-26T07:05:46","slug":"ozlem-tokaslan-gassal-dizisiyle-ekranlara-geri-donuyor-merakli-komsu-roluyle-dikkat-cekecek","status":"publish","type":"post","link":"https:\/\/www.tgrthaber.com\/mavikadin\/ozlem-tokaslan-gassal-dizisiyle-ekranlara-geri-donuyor-merakli-komsu-roluyle-dikkat-cekecek\/","title":{"rendered":"\u00d6zlem Tokaslan Gassal dizisiyle ekranlara geri d\u00f6n\u00fcyor! Merakl\u0131 kom\u015fu rol\u00fcyle dikkat \u00e7ekecek"},"content":{"rendered":"<p>Ekranlar\u0131n en fenomen dizileri aras\u0131nda yer alan <a href=\"https:\/\/www.tgrthaber.com\/mavikadin\/gassal-4-sezonda-nihan-var-mi-gassal-nihan-karakteri-diziden-ayrildi-mi\/\">Gassal,<\/a> ge\u00e7ti\u011fimiz haftalarda 3. Sezonuyla ekranlara damga vurmu\u015ftu. \u015eimdilerde ise 4. sezonuyla ekranlara gelece\u011fi ifade edilen Gassal, oyuncu kadrosuyla da ara\u015ft\u0131r\u0131lmaya ba\u015fland\u0131. En son yeni sezonda oynayacak isimler B\u00fclent \u015eakrak ve Demet Cengiz yer al\u0131rken ba\u015far\u0131l\u0131 oyuncu \u00d6zelm Tokaslan\u2019da diziye dahil oldu. Ekranlar\u0131n sevilen ismi, merakl\u0131 kom\u015fu rol\u00fcyle dikkat \u00e7ekecek. \u0130\u015fte detaylar\u2026<\/p>\n<h3>\u00d6ZLEM TOKASLAN GASSAL D\u0130Z\u0130S\u0130YLE EKRANLARA GER\u0130 D\u00d6N\u00dcYOR!<\/h3>\n<p>TRT tabii\u2019nin sevilerek izlenen yap\u0131mlar\u0131ndan biri olan Gassal, ge\u00e7ti\u011fimiz haftalarda 3. sezonuyla ekranlara geldi. Her sahnesiyle olay olan Gassal, 3. sezonunda da izleyiciden tam not almay\u0131 ba\u015fard\u0131. Dizinin final b\u00f6l\u00fcm\u00fcnden sonra dizinin hayranlar\u0131 taraf\u0131ndan 4. sezon merak edilerek ara\u015ft\u0131r\u0131lmaya ba\u015fland\u0131.<\/p>\n<p><img loading=\"lazy\" decoding=\"async\" class=\"alignnone size-full wp-image-315540\" src=\"https:\/\/www.tgrthaber.com\/mavikadin\/wp-content\/uploads\/2026\/04\/ARZU-3-1.jpg\" alt=\"\u00d6zlem Tokaslan Gassal dizisiyle ekranlara geri d\u00f6n\u00fcyor! Merakl\u0131 kom\u015fu rol\u00fcyle dikkat \u00e7ekecek\" width=\"1208\" height=\"680\" title=\"\" srcset=\"https:\/\/www.tgrthaber.com\/mavikadin\/wp-content\/uploads\/2026\/04\/ARZU-3-1.jpg 1208w, https:\/\/www.tgrthaber.com\/mavikadin\/wp-content\/uploads\/2026\/04\/ARZU-3-1-300x169.jpg 300w, https:\/\/www.tgrthaber.com\/mavikadin\/wp-content\/uploads\/2026\/04\/ARZU-3-1-1024x576.jpg 1024w, https:\/\/www.tgrthaber.com\/mavikadin\/wp-content\/uploads\/2026\/04\/ARZU-3-1-768x432.jpg 768w\" sizes=\"(max-width: 1208px) 100vw, 1208px\" \/><\/p>\n<hr \/>\n<p>Zera Medya imzal\u0131 dizi Gassal, yeni sezonda da tabii ekranlar\u0131nda yer alacak. Ahmet Kural\u2019\u0131n ba\u015frol\u00fcnde oldu\u011fu Gassal dizisi, 4. sezonuyla ekranlara veda edecek. Yeni sezonda da oynayacak isimler yava\u015f yava\u015f belli olurken g\u00fczel oyuncu \u00d6zlem Tokaslan dizinin yeni sezonunda ekranlarda yer alacak.<\/p>\n<p><img loading=\"lazy\" decoding=\"async\" class=\"alignnone size-full wp-image-315541\" src=\"https:\/\/www.tgrthaber.com\/mavikadin\/wp-content\/uploads\/2026\/04\/ARZU-2-1.jpg\" alt=\"\u00d6zlem Tokaslan Gassal dizisiyle ekranlara geri d\u00f6n\u00fcyor! Merakl\u0131 kom\u015fu rol\u00fcyle dikkat \u00e7ekecek\" width=\"1208\" height=\"680\" title=\"\" srcset=\"https:\/\/www.tgrthaber.com\/mavikadin\/wp-content\/uploads\/2026\/04\/ARZU-2-1.jpg 1208w, https:\/\/www.tgrthaber.com\/mavikadin\/wp-content\/uploads\/2026\/04\/ARZU-2-1-300x169.jpg 300w, https:\/\/www.tgrthaber.com\/mavikadin\/wp-content\/uploads\/2026\/04\/ARZU-2-1-1024x576.jpg 1024w, https:\/\/www.tgrthaber.com\/mavikadin\/wp-content\/uploads\/2026\/04\/ARZU-2-1-768x432.jpg 768w\" sizes=\"(max-width: 1208px) 100vw, 1208px\" \/><\/p>\n<hr \/>\n<p>Birsen Altunta\u015f\u2019\u0131n haberine g\u00f6re, diziye B\u00fclent \u015eakrak ve Demet Cengiz gibi isimler dahil olurken oyuncu \u00d6zlem Tokaslan\u2019da de\u011ferli isimlerle bir arada yer ald\u0131. Fenomen yap\u0131mlar aras\u0131nda yer alan Gassal, yeni ve son sezonuyla da \u015fimdiden merakla bekleniyor.<\/p>\n<h3><img loading=\"lazy\" decoding=\"async\" class=\"alignnone size-full wp-image-315543\" src=\"https:\/\/www.tgrthaber.com\/mavikadin\/wp-content\/uploads\/2026\/04\/ARZU-7.jpg\" alt=\"\u00d6zlem Tokaslan Gassal dizisiyle ekranlara geri d\u00f6n\u00fcyor! Merakl\u0131 kom\u015fu rol\u00fcyle dikkat \u00e7ekecek\" width=\"1208\" height=\"680\" title=\"\" srcset=\"https:\/\/www.tgrthaber.com\/mavikadin\/wp-content\/uploads\/2026\/04\/ARZU-7.jpg 1208w, https:\/\/www.tgrthaber.com\/mavikadin\/wp-content\/uploads\/2026\/04\/ARZU-7-300x169.jpg 300w, https:\/\/www.tgrthaber.com\/mavikadin\/wp-content\/uploads\/2026\/04\/ARZU-7-1024x576.jpg 1024w, https:\/\/www.tgrthaber.com\/mavikadin\/wp-content\/uploads\/2026\/04\/ARZU-7-768x432.jpg 768w\" sizes=\"(max-width: 1208px) 100vw, 1208px\" \/><\/h3>\n<hr \/>\n<h3>MERAKLI KOM\u015eU ROL\u00dcYLE D\u0130KKAT \u00c7EKECEK<\/h3>\n<p>G\u00fc\u00e7l\u00fc oyunculu\u011fu ile ekranlar\u0131n sevilen isimlerinden \u00d6zlem Tokaslan, Gassal\u2019\u0131n 4. sezonuyla ekranlara konuk oluyor. \u00dc\u00e7\u00fcnc\u00fc sezonuyla ekranlara damga vuran Gassal, yeni sezonuyla merak edilerek ara\u015ft\u0131r\u0131lmaya ba\u015flanm\u0131\u015ft\u0131. Ge\u00e7ti\u011fimiz haftalarda yay\u0131nlanan 3. Sezonun ard\u0131ndan yeni sezon merak edilerek ara\u015ft\u0131r\u0131lm\u0131\u015ft\u0131.<\/p>\n<p><img loading=\"lazy\" decoding=\"async\" class=\"alignnone size-full wp-image-315542\" src=\"https:\/\/www.tgrthaber.com\/mavikadin\/wp-content\/uploads\/2026\/04\/ARZU-1-1.jpg\" alt=\"\u00d6zlem Tokaslan Gassal dizisiyle ekranlara geri d\u00f6n\u00fcyor! Merakl\u0131 kom\u015fu rol\u00fcyle dikkat \u00e7ekecek\" width=\"1208\" height=\"680\" title=\"\" srcset=\"https:\/\/www.tgrthaber.com\/mavikadin\/wp-content\/uploads\/2026\/04\/ARZU-1-1.jpg 1208w, https:\/\/www.tgrthaber.com\/mavikadin\/wp-content\/uploads\/2026\/04\/ARZU-1-1-300x169.jpg 300w, https:\/\/www.tgrthaber.com\/mavikadin\/wp-content\/uploads\/2026\/04\/ARZU-1-1-1024x576.jpg 1024w, https:\/\/www.tgrthaber.com\/mavikadin\/wp-content\/uploads\/2026\/04\/ARZU-1-1-768x432.jpg 768w\" sizes=\"(max-width: 1208px) 100vw, 1208px\" \/><\/p>\n<hr \/>\n<p>Yeni ve son sezonu olacak olan 4. sezonda oynayacak isimler yava\u015f yava\u015f belli olmaya ba\u015flad\u0131. Zera imzal\u0131 dizi de B\u00fclent \u015eakrak ve Demet Cengiz yer al\u0131rken \u015fimdilerde de \u00d6zlem Tokaslan\u2019\u0131n ismi dikkat \u00e7ekti. De\u011ferli oyuncular oynayacaklar\u0131 rollerle de ekranlara damga vuracaklar.<\/p>\n<p><img loading=\"lazy\" decoding=\"async\" class=\"alignnone size-full wp-image-315539\" src=\"https:\/\/www.tgrthaber.com\/mavikadin\/wp-content\/uploads\/2026\/04\/ARZU-4-1.jpg\" alt=\"\u00d6zlem Tokaslan Gassal dizisiyle ekranlara geri d\u00f6n\u00fcyor! Merakl\u0131 kom\u015fu rol\u00fcyle dikkat \u00e7ekecek\" width=\"1208\" height=\"680\" title=\"\" srcset=\"https:\/\/www.tgrthaber.com\/mavikadin\/wp-content\/uploads\/2026\/04\/ARZU-4-1.jpg 1208w, https:\/\/www.tgrthaber.com\/mavikadin\/wp-content\/uploads\/2026\/04\/ARZU-4-1-300x169.jpg 300w, https:\/\/www.tgrthaber.com\/mavikadin\/wp-content\/uploads\/2026\/04\/ARZU-4-1-1024x576.jpg 1024w, https:\/\/www.tgrthaber.com\/mavikadin\/wp-content\/uploads\/2026\/04\/ARZU-4-1-768x432.jpg 768w\" sizes=\"(max-width: 1208px) 100vw, 1208px\" \/><\/p>\n<hr \/>\n<p>Birsen Altunta\u015f\u2019\u0131n haberine g\u00f6re, \u00d6zlem Tokaslan, fenomen diziye G\u00fcl\u015fen karakteriyle konuk olurken merakl\u0131 kom\u015fu olarak senaryoya renk katacak. Baki\u2019nin merakl\u0131 kom\u015fusu olacak olan G\u00fcl\u015fen, oynayaca\u011f\u0131 sahneleriyle olduk\u00e7a \u00e7ok konu\u015fulacak.<\/p>\n<p><img loading=\"lazy\" decoding=\"async\" class=\"alignnone size-full wp-image-315538\" src=\"https:\/\/www.tgrthaber.com\/mavikadin\/wp-content\/uploads\/2026\/04\/ARZU-5-1.jpg\" alt=\"\u00d6zlem Tokaslan Gassal dizisiyle ekranlara geri d\u00f6n\u00fcyor! Merakl\u0131 kom\u015fu rol\u00fcyle dikkat \u00e7ekecek\" width=\"1208\" height=\"680\" title=\"\" srcset=\"https:\/\/www.tgrthaber.com\/mavikadin\/wp-content\/uploads\/2026\/04\/ARZU-5-1.jpg 1208w, https:\/\/www.tgrthaber.com\/mavikadin\/wp-content\/uploads\/2026\/04\/ARZU-5-1-300x169.jpg 300w, https:\/\/www.tgrthaber.com\/mavikadin\/wp-content\/uploads\/2026\/04\/ARZU-5-1-1024x576.jpg 1024w, https:\/\/www.tgrthaber.com\/mavikadin\/wp-content\/uploads\/2026\/04\/ARZU-5-1-768x432.jpg 768w\" sizes=\"(max-width: 1208px) 100vw, 1208px\" \/><\/p>\n<hr \/>\n<p>\u00d6te yandan \u00d6zlem Tokaslan\u2019\u0131n TRT tabii ekranlar\u0131nda yay\u0131nlanacak olan \u2018Temiz Para\u2019 dizisi de yak\u0131n zamanda izleyicisi ile bulu\u015fmaya haz\u0131rlan\u0131yor. \u00dcnl\u00fc oyuncu oynad\u0131\u011f\u0131 karakterlerle hayranlar\u0131 taraf\u0131ndan merakla takip ediliyor.<\/p>\n","protected":false},"excerpt":{"rendered":"<p>TRT tabii\u2019nin fenomen yap\u0131lar\u0131ndan biri olan Gassal, k\u00fc\u00e7\u00fckten b\u00fcy\u00fc\u011fe herkesin severek takip etti\u011fi yap\u0131mlar aras\u0131nda yer al\u0131yor. \u00d6yle ki ge\u00e7ti\u011fimiz g\u00fcnlerde 3. sezonuyla izleyicileriyle bulu\u015fan Gassal, yeni sezonuyla tekrardan g\u00fcndem oldu. Yeni sezonda ba\u015far\u0131l\u0131 isim \u00d6zlem Tokaslan, Gasssal\u2019la ekranlara geri d\u00f6nerken, merakl\u0131 kom\u015fu rol\u00fcyle de dikkatleri \u00fczerine \u00e7ekecek. <\/p>\n","protected":false},"author":34,"featured_media":315537,"comment_status":"closed","ping_status":"closed","sticky":false,"template":"","format":"standard","meta":{"rank_math_lock_modified_date":false,"footnotes":""},"categories":[602],"tags":[2628,4542,74100,26412],"class_list":["post-315536","post","type-post","status-publish","format-standard","has-post-thumbnail","hentry","category-diziler","tag-dizi-haberleri","tag-gassal","tag-gassal-ozlem-tokaslan","tag-ozlem-tokaslan"],"_links":{"self":[{"href":"https:\/\/www.tgrthaber.com\/mavikadin\/wp-json\/wp\/v2\/posts\/315536"}],"collection":[{"href":"https:\/\/www.tgrthaber.com\/mavikadin\/wp-json\/wp\/v2\/posts"}],"about":[{"href":"https:\/\/www.tgrthaber.com\/mavikadin\/wp-json\/wp\/v2\/types\/post"}],"author":[{"embeddable":true,"href":"https:\/\/www.tgrthaber.com\/mavikadin\/wp-json\/wp\/v2\/users\/34"}],"replies":[{"embeddable":true,"href":"https:\/\/www.tgrthaber.com\/mavikadin\/wp-json\/wp\/v2\/comments?post=315536"}],"version-history":[{"count":2,"href":"https:\/\/www.tgrthaber.com\/mavikadin\/wp-json\/wp\/v2\/posts\/315536\/revisions"}],"predecessor-version":[{"id":315545,"href":"https:\/\/www.tgrthaber.com\/mavikadin\/wp-json\/wp\/v2\/posts\/315536\/revisions\/315545"}],"wp:featuredmedia":[{"embeddable":true,"href":"https:\/\/www.tgrthaber.com\/mavikadin\/wp-json\/wp\/v2\/media\/315537"}],"wp:attachment":[{"href":"https:\/\/www.tgrthaber.com\/mavikadin\/wp-json\/wp\/v2\/media?parent=315536"}],"wp:term":[{"taxonomy":"category","embeddable":true,"href":"https:\/\/www.tgrthaber.com\/mavikadin\/wp-json\/wp\/v2\/categories?post=315536"},{"taxonomy":"post_tag","embeddable":true,"href":"https:\/\/www.tgrthaber.com\/mavikadin\/wp-json\/wp\/v2\/tags?post=315536"}],"curies":[{"name":"wp","href":"https:\/\/api.w.org\/{rel}","templated":true}]}}