{"id":315555,"date":"2026-04-26T12:16:10","date_gmt":"2026-04-26T09:16:10","guid":{"rendered":"https:\/\/www.tgrthaber.com\/mavikadin\/?p=315555"},"modified":"2026-04-26T12:16:10","modified_gmt":"2026-04-26T09:16:10","slug":"demet-ozdemirin-evinin-devasa-bahcesi-dikkat-cekti-o-kareler-olay-oldu","status":"publish","type":"post","link":"https:\/\/www.tgrthaber.com\/mavikadin\/demet-ozdemirin-evinin-devasa-bahcesi-dikkat-cekti-o-kareler-olay-oldu\/","title":{"rendered":"Demet \u00d6zdemir\u2019in evinin devasa bah\u00e7esi dikkat \u00e7ekti! O kareler olay oldu"},"content":{"rendered":"<p>E\u015fref R\u00fcya dizisiyle olduk\u00e7a dikkat \u00e7eken g\u00fczel oyuncu Demet \u00d6zdemir, sosyal medyada g\u00fcndem oldu. \u00d6zdemir\u2019in evini oldu\u011fu iddia edilen yerde bulunan devasa bah\u00e7enin l\u00fcks detaylar\u0131 olduk\u00e7a \u00e7ok konu\u015fuldu. \u0130\u015fte detaylar\u2026<\/p>\n<h3><strong>DEMET \u00d6ZDEM\u0130R\u2019\u0130N EV\u0130N\u0130N DEVASA BAH\u00c7ES\u0130 D\u0130KKAT \u00c7EKT\u0130!<\/strong><\/h3>\n<p>Kanal D\u2019nin iddial\u0131 yap\u0131mlar\u0131ndan biri olan <a href=\"https:\/\/www.tgrthaber.com\/mavikadin\/esref-ruya-42-bolum-fragmani-yayinlandi-mi-esref-ruya-son-bolum-neler-oldu\/\">E\u015fref R\u00fcya<\/a>, konusuyla dikkat \u00e7ekerken oyuncular\u0131yla da zaman zaman g\u00fcndeme geliyor. \u00d6yle ki E\u015fref R\u00fcya\u2019n\u0131n sevilen y\u0131ld\u0131zlar\u0131ndan olan Demet \u00d6zdemir hem \u00f6zel hayat\u0131 hem de oyunculu\u011fu ile s\u0131k s\u0131k g\u00fcndeme gelen isimlerden biri oluyor.<\/p>\n<p><img loading=\"lazy\" decoding=\"async\" class=\"alignnone size-full wp-image-315565\" src=\"https:\/\/www.tgrthaber.com\/mavikadin\/wp-content\/uploads\/2026\/04\/ARZU-18-3.jpg\" alt=\"Demet \u00d6zdemir\u2019in evinin devasa bah\u00e7esi dikkat \u00e7ekti! O kareler olay oldu\" width=\"1208\" height=\"680\" title=\"\" srcset=\"https:\/\/www.tgrthaber.com\/mavikadin\/wp-content\/uploads\/2026\/04\/ARZU-18-3.jpg 1208w, https:\/\/www.tgrthaber.com\/mavikadin\/wp-content\/uploads\/2026\/04\/ARZU-18-3-300x169.jpg 300w, https:\/\/www.tgrthaber.com\/mavikadin\/wp-content\/uploads\/2026\/04\/ARZU-18-3-1024x576.jpg 1024w, https:\/\/www.tgrthaber.com\/mavikadin\/wp-content\/uploads\/2026\/04\/ARZU-18-3-768x432.jpg 768w\" sizes=\"(max-width: 1208px) 100vw, 1208px\" \/><\/p>\n<hr \/>\n<p>G\u00fczel oyuncu ge\u00e7ti\u011fimiz aylarda b\u00f6l\u00fcm ba\u015f\u0131 1,5 milyon TL kazanan Demet \u00d6zdemir\u2019in evine ait oldu\u011fu iddia edilen bah\u00e7enin g\u00f6r\u00fcnt\u00fcleri sosyal medyada g\u00fcndem oldu. \u00d6zdemir\u2019in evinin bah\u00e7esine ait oldu\u011fu iddia edilen bah\u00e7enin g\u00f6r\u00fcnt\u00fcleri pek \u00e7ok sosyal medya kullan\u0131c\u0131lar\u0131 taraf\u0131ndan olduk\u00e7a \u00e7ok konu\u015fuldu.<\/p>\n<p><img loading=\"lazy\" decoding=\"async\" class=\"alignnone size-full wp-image-315566\" src=\"https:\/\/www.tgrthaber.com\/mavikadin\/wp-content\/uploads\/2026\/04\/ARZU-17-3.jpg\" alt=\"Demet \u00d6zdemir\u2019in evinin devasa bah\u00e7esi dikkat \u00e7ekti! O kareler olay oldu\" width=\"1208\" height=\"680\" title=\"\" srcset=\"https:\/\/www.tgrthaber.com\/mavikadin\/wp-content\/uploads\/2026\/04\/ARZU-17-3.jpg 1208w, https:\/\/www.tgrthaber.com\/mavikadin\/wp-content\/uploads\/2026\/04\/ARZU-17-3-300x169.jpg 300w, https:\/\/www.tgrthaber.com\/mavikadin\/wp-content\/uploads\/2026\/04\/ARZU-17-3-1024x576.jpg 1024w, https:\/\/www.tgrthaber.com\/mavikadin\/wp-content\/uploads\/2026\/04\/ARZU-17-3-768x432.jpg 768w\" sizes=\"(max-width: 1208px) 100vw, 1208px\" \/><\/p>\n<hr \/>\n<p>Son g\u00fcnlerde sosyal medya payla\u015f\u0131mlar\u0131 ile dikkatleri \u00fczerine \u00e7eken Demet \u00d6zdemir, kendisine ait oldu\u011fu iddia edilen evin devasa bah\u00e7esiyle g\u00fcndemdeki yerini ald\u0131. Olduk\u00e7a dikkat \u00e7eken evin bah\u00e7esi detaylar\u0131yla da b\u00fcy\u00fck ilgi g\u00f6rd\u00fc.<\/p>\n<h3><img loading=\"lazy\" decoding=\"async\" class=\"alignnone size-full wp-image-315569\" src=\"https:\/\/www.tgrthaber.com\/mavikadin\/wp-content\/uploads\/2026\/04\/ARZU-14-3.jpg\" alt=\"Demet \u00d6zdemir\u2019in evinin devasa bah\u00e7esi dikkat \u00e7ekti! O kareler olay oldu\" width=\"1208\" height=\"680\" title=\"\" srcset=\"https:\/\/www.tgrthaber.com\/mavikadin\/wp-content\/uploads\/2026\/04\/ARZU-14-3.jpg 1208w, https:\/\/www.tgrthaber.com\/mavikadin\/wp-content\/uploads\/2026\/04\/ARZU-14-3-300x169.jpg 300w, https:\/\/www.tgrthaber.com\/mavikadin\/wp-content\/uploads\/2026\/04\/ARZU-14-3-1024x576.jpg 1024w, https:\/\/www.tgrthaber.com\/mavikadin\/wp-content\/uploads\/2026\/04\/ARZU-14-3-768x432.jpg 768w\" sizes=\"(max-width: 1208px) 100vw, 1208px\" \/><\/h3>\n<hr \/>\n<h3>O KARELER OLAY OLDU<\/h3>\n<p>Ekranlar\u0131n en sevilen dizisi E\u015fref R\u00fcya ile g\u00fcndeme gelen Demet \u00d6zdemir, oyunculu\u011fu ile dikkat \u00e7ekerken, sosyal medyada yay\u0131nlanan kareler olay oldu. Son g\u00fcnlerde yay\u0131nlanan sosyal medya payla\u015f\u0131mlar\u0131yla \u00e7ok konu\u015fulan isimlerde biri olan Demet \u00d6zdemir, kendisine ait edilen ev ile b\u00fcy\u00fck ilgi g\u00f6rd\u00fc.<\/p>\n<p><img loading=\"lazy\" decoding=\"async\" class=\"alignnone size-full wp-image-315568\" src=\"https:\/\/www.tgrthaber.com\/mavikadin\/wp-content\/uploads\/2026\/04\/ARZU-15-3.jpg\" alt=\"Demet \u00d6zdemir\u2019in evinin devasa bah\u00e7esi dikkat \u00e7ekti! O kareler olay oldu\" width=\"1208\" height=\"680\" title=\"\" srcset=\"https:\/\/www.tgrthaber.com\/mavikadin\/wp-content\/uploads\/2026\/04\/ARZU-15-3.jpg 1208w, https:\/\/www.tgrthaber.com\/mavikadin\/wp-content\/uploads\/2026\/04\/ARZU-15-3-300x169.jpg 300w, https:\/\/www.tgrthaber.com\/mavikadin\/wp-content\/uploads\/2026\/04\/ARZU-15-3-1024x576.jpg 1024w, https:\/\/www.tgrthaber.com\/mavikadin\/wp-content\/uploads\/2026\/04\/ARZU-15-3-768x432.jpg 768w\" sizes=\"(max-width: 1208px) 100vw, 1208px\" \/><\/p>\n<hr \/>\n<p>Devasa bah\u00e7esiyle sosyal medyan\u0131n dikkat \u00e7eken konular\u0131ndan biri olan bu bah\u00e7e, minimal ama sofistike tasar\u0131m tercih edilen o bah\u00e7e, \u00f6zellikle de beyaz tonlar ve ye\u015filliklerle g\u00fc\u00e7l\u00fc bir kontrast olu\u015fturuyor. Evi g\u00f6ren hayranlar, sosyal medya \u00fczerinden yorum yapt\u0131lar. \u2018Bu nas\u0131l bah\u00e7e Maldivler sand\u0131m\u2019, \u2018Evi hayal edemiyorum\u2019 gibi yorumlarda dikkat \u00e7ekti.<\/p>\n<h3><img loading=\"lazy\" decoding=\"async\" class=\"alignnone size-full wp-image-315567\" src=\"https:\/\/www.tgrthaber.com\/mavikadin\/wp-content\/uploads\/2026\/04\/ARZU-16-3.jpg\" alt=\"Demet \u00d6zdemir\u2019in evinin devasa bah\u00e7esi dikkat \u00e7ekti! O kareler olay oldu\" width=\"1208\" height=\"680\" title=\"\" srcset=\"https:\/\/www.tgrthaber.com\/mavikadin\/wp-content\/uploads\/2026\/04\/ARZU-16-3.jpg 1208w, https:\/\/www.tgrthaber.com\/mavikadin\/wp-content\/uploads\/2026\/04\/ARZU-16-3-300x169.jpg 300w, https:\/\/www.tgrthaber.com\/mavikadin\/wp-content\/uploads\/2026\/04\/ARZU-16-3-1024x576.jpg 1024w, https:\/\/www.tgrthaber.com\/mavikadin\/wp-content\/uploads\/2026\/04\/ARZU-16-3-768x432.jpg 768w\" sizes=\"(max-width: 1208px) 100vw, 1208px\" \/><\/h3>\n<hr \/>\n<h3>DEMET \u00d6ZDEM\u0130R K\u0130MD\u0130R?<\/h3>\n<p>Demet \u00d6zdemir, 26 \u015eubat 1992 y\u0131l\u0131nda Kocaeli\u2019nde d\u00fcnyaya geldi. Dans performanslar\u0131yla dikkat \u00e7eken Demet \u00d6zdemir, ilk kez Sana Bir S\u0131r Verece\u011fim dizisi ile ilk kez oyunculuk deneyimi kazanm\u0131\u015ft\u0131r. Oradaki \u2018Aylin\u2019 karakteriyle sevilerek takip edilen Demet \u00d6zdemir, Kurt Seyit ve \u015eura adl\u0131 dizi de de rol alm\u0131\u015ft\u0131r.<\/p>\n<p><img loading=\"lazy\" decoding=\"async\" class=\"alignnone size-full wp-image-315563\" src=\"https:\/\/www.tgrthaber.com\/mavikadin\/wp-content\/uploads\/2026\/04\/ARZU-20-2.jpg\" alt=\"Demet \u00d6zdemir\u2019in evinin devasa bah\u00e7esi dikkat \u00e7ekti! O kareler olay oldu\" width=\"1208\" height=\"680\" title=\"\" srcset=\"https:\/\/www.tgrthaber.com\/mavikadin\/wp-content\/uploads\/2026\/04\/ARZU-20-2.jpg 1208w, https:\/\/www.tgrthaber.com\/mavikadin\/wp-content\/uploads\/2026\/04\/ARZU-20-2-300x169.jpg 300w, https:\/\/www.tgrthaber.com\/mavikadin\/wp-content\/uploads\/2026\/04\/ARZU-20-2-1024x576.jpg 1024w, https:\/\/www.tgrthaber.com\/mavikadin\/wp-content\/uploads\/2026\/04\/ARZU-20-2-768x432.jpg 768w\" sizes=\"(max-width: 1208px) 100vw, 1208px\" \/><\/p>\n<hr \/>\n<p>Ancak Demet \u00d6zdemir\u2019in geni\u015f kitlelerce tan\u0131nmas\u0131na yard\u0131mc\u0131 olan dizisi \u00c7ilek Kokusu olmu\u015ftur. Orada \u2018Asl\u0131\u2019 karakteriyle dikkat \u00e7ekmi\u015f olan Demet \u00d6zdemir, oynad\u0131\u011f\u0131 komedi dizileriyle hayranlar\u0131 taraf\u0131ndan olduk\u00e7a sevilen isimlerden biridir. Erkenci Ku\u015f, Do\u011fdu\u011fun Ev Kaderindir, E\u015fref R\u00fcya dizileriyle dikkat \u00e7eken isimlerden biri haline gelmi\u015ftir.<\/p>\n","protected":false},"excerpt":{"rendered":"<p>Kanal D ekranlar\u0131nda yay\u0131nlanan E\u015fref R\u00fcya dizisinin y\u0131ld\u0131z\u0131 Demet \u00d6zdemir, evinin devasa bah\u00e7esiyle olduk\u00e7a \u00e7ok konu\u015fuldu. \u00dcnl\u00fc ismin oldu\u011fu iddia edilen bah\u00e7e g\u00f6r\u00fcnt\u00fcleri sosyal medyada yay\u0131nlan\u0131rken, hayranlar\u0131 taraf\u0131ndan b\u00fcy\u00fck yank\u0131 uyand\u0131rd\u0131. \u0130\u015fte detaylar\u2026<\/p>\n","protected":false},"author":34,"featured_media":315562,"comment_status":"closed","ping_status":"closed","sticky":false,"template":"","format":"standard","meta":{"rank_math_lock_modified_date":false,"footnotes":""},"categories":[76],"tags":[38063,2570,74103,2218],"class_list":["post-315555","post","type-post","status-publish","format-standard","has-post-thumbnail","hentry","category-magazin","tag-bahce","tag-demet-ozdemir","tag-demet-ozdemir-ev","tag-magazin-haberleri"],"_links":{"self":[{"href":"https:\/\/www.tgrthaber.com\/mavikadin\/wp-json\/wp\/v2\/posts\/315555"}],"collection":[{"href":"https:\/\/www.tgrthaber.com\/mavikadin\/wp-json\/wp\/v2\/posts"}],"about":[{"href":"https:\/\/www.tgrthaber.com\/mavikadin\/wp-json\/wp\/v2\/types\/post"}],"author":[{"embeddable":true,"href":"https:\/\/www.tgrthaber.com\/mavikadin\/wp-json\/wp\/v2\/users\/34"}],"replies":[{"embeddable":true,"href":"https:\/\/www.tgrthaber.com\/mavikadin\/wp-json\/wp\/v2\/comments?post=315555"}],"version-history":[{"count":2,"href":"https:\/\/www.tgrthaber.com\/mavikadin\/wp-json\/wp\/v2\/posts\/315555\/revisions"}],"predecessor-version":[{"id":315571,"href":"https:\/\/www.tgrthaber.com\/mavikadin\/wp-json\/wp\/v2\/posts\/315555\/revisions\/315571"}],"wp:featuredmedia":[{"embeddable":true,"href":"https:\/\/www.tgrthaber.com\/mavikadin\/wp-json\/wp\/v2\/media\/315562"}],"wp:attachment":[{"href":"https:\/\/www.tgrthaber.com\/mavikadin\/wp-json\/wp\/v2\/media?parent=315555"}],"wp:term":[{"taxonomy":"category","embeddable":true,"href":"https:\/\/www.tgrthaber.com\/mavikadin\/wp-json\/wp\/v2\/categories?post=315555"},{"taxonomy":"post_tag","embeddable":true,"href":"https:\/\/www.tgrthaber.com\/mavikadin\/wp-json\/wp\/v2\/tags?post=315555"}],"curies":[{"name":"wp","href":"https:\/\/api.w.org\/{rel}","templated":true}]}}