{"id":315572,"date":"2026-04-26T13:32:49","date_gmt":"2026-04-26T10:32:49","guid":{"rendered":"https:\/\/www.tgrthaber.com\/mavikadin\/?p=315572"},"modified":"2026-04-26T13:32:49","modified_gmt":"2026-04-26T10:32:49","slug":"cagla-cacigi-sofralarin-yeni-yildizi-olacak-tam-mevsimiyken-mutlaka-deneyin","status":"publish","type":"post","link":"https:\/\/www.tgrthaber.com\/mavikadin\/cagla-cacigi-sofralarin-yeni-yildizi-olacak-tam-mevsimiyken-mutlaka-deneyin\/","title":{"rendered":"\u00c7a\u011fla cac\u0131\u011f\u0131 sofralar\u0131n yeni y\u0131ld\u0131z\u0131 olacak! Tam mevsimiyken mutlaka deneyin"},"content":{"rendered":"<p>\u00c7a\u011fla cac\u0131\u011f\u0131n\u0131n nas\u0131l yap\u0131ld\u0131\u011f\u0131n\u0131 merak ediyorsan\u0131z, do\u011fru yerdesiniz. Bahar\u0131n geli\u015fiyle tezgahlarda yerini alan \u00e7a\u011fla, \u015fimdilerde pek \u00e7ok farkl\u0131 tarifiyle dikkatleri \u00fczerine \u00e7ekiyor. Son zamanlar\u0131n en \u00e7ok tercih edilen meyveleri aras\u0131nda yer alan \u00e7a\u011fla, \u00f6zellikle cac\u0131k tarifiyle sofralar\u0131n yeni y\u0131ld\u0131z\u0131 olmaya geliyor. Sizde farkl\u0131 bir tat aray\u0131\u015f\u0131 i\u00e7erisindeyseniz, mutlaka \u00e7a\u011fla cac\u0131\u011f\u0131 tarifine bir \u015fans vermelisiniz. \u00c7a\u011fla ve erikle yap\u0131lan muhte\u015fem salata, diyet listenizin lideri olacak! Sizde tam mevsimi gelmi\u015fken mutlaka \u00e7a\u011fla cac\u0131\u011f\u0131 tarifini denemelisiniz. Hem ferahlat\u0131c\u0131 hem de besleyici \u00f6zelli\u011fe sahip olan \u00e7a\u011fla, bahar sofralar\u0131n\u0131z\u0131n vazge\u00e7ilmezi olmaya geliyor! \u0130\u015fte sofralar\u0131n yeni y\u0131ld\u0131z\u0131 \u00e7a\u011fla cac\u0131\u011f\u0131 tarifi\u2026<\/p>\n<h3>\u00c7A\u011eLA CACI\u011eI SOFRALARIN YEN\u0130 YILDIZI OLACAK!<\/h3>\n<p>Bahar\u0131n geli\u015fiyle birlikte <a href=\"https:\/\/www.tgrthaber.com\/mavikadin\/tezgahlardaki-yerini-almaya-basladi-e-vitamini-deposu-cagla-cep-yakmaya-basladi\/\">\u00e7a\u011fla<\/a> meyvesi tezgahlardaki yerini ald\u0131. \u00d6zellikle son y\u0131llarda birbirinden farkl\u0131 tariflerle dikkatleri \u00fczerine \u00e7eken \u00e7a\u011fla, \u015fimdilerde cac\u0131k lezzetiyle \u00f6n plana \u00e7\u0131k\u0131yor. \u015eimdilerde bir\u00e7ok farkl\u0131 tarifi bulunan \u00e7a\u011fla, en s\u0131k tercih edilen meyveler aras\u0131nda yer al\u0131yor. \u00c7a\u011fla cac\u0131\u011f\u0131 ise sofralar\u0131n yeni y\u0131ld\u0131z\u0131 olmaya geliyor.<\/p>\n<p><img loading=\"lazy\" decoding=\"async\" class=\"size-full wp-image-315574\" src=\"https:\/\/www.tgrthaber.com\/mavikadin\/wp-content\/uploads\/2026\/04\/cagla-cacigi-3.jpg\" alt=\"\u00c7a\u011fla cac\u0131\u011f\u0131 sofralar\u0131n yeni y\u0131ld\u0131z\u0131 olacak! Tam mevsimiyken mutlaka deneyin \" width=\"1208\" height=\"680\" title=\"\" srcset=\"https:\/\/www.tgrthaber.com\/mavikadin\/wp-content\/uploads\/2026\/04\/cagla-cacigi-3.jpg 1208w, https:\/\/www.tgrthaber.com\/mavikadin\/wp-content\/uploads\/2026\/04\/cagla-cacigi-3-300x169.jpg 300w, https:\/\/www.tgrthaber.com\/mavikadin\/wp-content\/uploads\/2026\/04\/cagla-cacigi-3-1024x576.jpg 1024w, https:\/\/www.tgrthaber.com\/mavikadin\/wp-content\/uploads\/2026\/04\/cagla-cacigi-3-768x432.jpg 768w\" sizes=\"(max-width: 1208px) 100vw, 1208px\" \/><\/p>\n<hr \/>\n<p>Geleneksel cac\u0131k tarifinin aksine \u00e7ok daha ferahlat\u0131c\u0131 ve besleyici bir etkiye sahip olan \u00e7a\u011fla cac\u0131\u011f\u0131, son zamanlarda sofralarda kendine yer buluyor. Sizde baharda sofralar\u0131n\u0131z\u0131 \u015fenlendirmek ve farkl\u0131 tariflere \u015fans vermek istiyorsan\u0131z, k\u0131sa s\u00fcren bu \u00e7a\u011fla mevsimini kesinlikle ka\u00e7\u0131rmamal\u0131s\u0131n\u0131z.<\/p>\n<p><img loading=\"lazy\" decoding=\"async\" class=\"size-full wp-image-315575\" src=\"https:\/\/www.tgrthaber.com\/mavikadin\/wp-content\/uploads\/2026\/04\/cagla-cacigi-4.jpg\" alt=\"\u00c7a\u011fla cac\u0131\u011f\u0131 sofralar\u0131n yeni y\u0131ld\u0131z\u0131 olacak! Tam mevsimiyken mutlaka deneyin \" width=\"1208\" height=\"680\" title=\"\" srcset=\"https:\/\/www.tgrthaber.com\/mavikadin\/wp-content\/uploads\/2026\/04\/cagla-cacigi-4.jpg 1208w, https:\/\/www.tgrthaber.com\/mavikadin\/wp-content\/uploads\/2026\/04\/cagla-cacigi-4-300x169.jpg 300w, https:\/\/www.tgrthaber.com\/mavikadin\/wp-content\/uploads\/2026\/04\/cagla-cacigi-4-1024x576.jpg 1024w, https:\/\/www.tgrthaber.com\/mavikadin\/wp-content\/uploads\/2026\/04\/cagla-cacigi-4-768x432.jpg 768w\" sizes=\"(max-width: 1208px) 100vw, 1208px\" \/><\/p>\n<hr \/>\n<p>\u00d6zellikle s\u0131cak havalarda birebir ferahlat\u0131c\u0131 bir etkiye sahip olan \u00e7a\u011fla cac\u0131\u011f\u0131, hem mideyi yormuyor hem de kilo almadan beslemeye yard\u0131mc\u0131 oluyor. \u00c7a\u011fla cac\u0131\u011f\u0131, s\u0131cak havalarda hafif bir lezzet arayanlar\u0131n ise bir numaral\u0131 tercihi oluyor. Hafif ek\u015fimsi bir tada sahip olan \u00e7a\u011fla, yo\u011furt ve cac\u0131k malzemeleriyle birle\u015fti\u011finde hem d\u00fc\u015f\u00fck kalorili hem de lezzetli bir alternatif sunuyor.<\/p>\n<p><img loading=\"lazy\" decoding=\"async\" class=\"size-full wp-image-315578\" src=\"https:\/\/www.tgrthaber.com\/mavikadin\/wp-content\/uploads\/2026\/04\/cagla-cacigi-7.jpg\" alt=\"\u00c7a\u011fla cac\u0131\u011f\u0131 sofralar\u0131n yeni y\u0131ld\u0131z\u0131 olacak! Tam mevsimiyken mutlaka deneyin \" width=\"1208\" height=\"680\" title=\"\" srcset=\"https:\/\/www.tgrthaber.com\/mavikadin\/wp-content\/uploads\/2026\/04\/cagla-cacigi-7.jpg 1208w, https:\/\/www.tgrthaber.com\/mavikadin\/wp-content\/uploads\/2026\/04\/cagla-cacigi-7-300x169.jpg 300w, https:\/\/www.tgrthaber.com\/mavikadin\/wp-content\/uploads\/2026\/04\/cagla-cacigi-7-1024x576.jpg 1024w, https:\/\/www.tgrthaber.com\/mavikadin\/wp-content\/uploads\/2026\/04\/cagla-cacigi-7-768x432.jpg 768w\" sizes=\"(max-width: 1208px) 100vw, 1208px\" \/><\/p>\n<hr \/>\n<p>Diyet yapanlar\u0131n ve sa\u011fl\u0131kl\u0131 beslenmeye \u00f6zen g\u00f6sterenlerin vazge\u00e7ilmez tarifleri aras\u0131nda yer alan \u00e7a\u011fla cac\u0131\u011f\u0131, pratik ve doyurucu \u00f6zelli\u011fiyle sofralar\u0131n yeni y\u0131ld\u0131z\u0131 oluyor. Yer ald\u0131\u011f\u0131 tariflere farkl\u0131 bir aroma ve lezzet katan \u00e7a\u011fla, tad\u0131 kadar sa\u011fl\u0131\u011fa olan faydalar\u0131yla da dikkat \u00e7ekiyor.<\/p>\n<h3>\u00c7A\u011eLA CACI\u011eINI TAM MEVS\u0130M\u0130NDEYKEN MUTLAKA DENEY\u0130N!<\/h3>\n<p>Y\u0131l\u0131n yaln\u0131zca belirli d\u00f6nemlerinde t\u00fcketilebilen<a href=\"https:\/\/www.tgrthaber.com\/yemek-tarifleri\/cagla-ve-erikle-yapilan-muhtesem-salata-diyet-listelerinin-lideri-oldu-3293227\"> \u00e7a\u011fla<\/a>, \u00f6zellikle \u015fimdilerde cac\u0131k tarifiyle \u00f6n plana \u00e7\u0131k\u0131yor. Ayn\u0131 zamanda \u00e7a\u011flan\u0131n mevsiminde t\u00fcketilmesi hem lezzet hem de besin de\u011feri a\u00e7\u0131s\u0131ndan b\u00fcy\u00fck \u00f6nem ta\u015f\u0131yor. Taze t\u00fcketildi\u011finde daha y\u00fcksek vitamin ve mineral sa\u011flayan \u00e7a\u011fla, ba\u011f\u0131\u015f\u0131kl\u0131k sistemini g\u00fc\u00e7lendirerek vazge\u00e7ilmez bir lezzet sunuyor. Peki, \u00e7a\u011fla cac\u0131\u011f\u0131 nas\u0131l yap\u0131l\u0131r? \u0130\u015fte sofralar\u0131n yeni y\u0131ld\u0131z\u0131 \u00e7a\u011fla cac\u0131\u011f\u0131 tarifi\u2026<\/p>\n<p><img loading=\"lazy\" decoding=\"async\" class=\"size-full wp-image-315579\" src=\"https:\/\/www.tgrthaber.com\/mavikadin\/wp-content\/uploads\/2026\/04\/cagla-cacigi-8.jpg\" alt=\"\u00c7a\u011fla cac\u0131\u011f\u0131 sofralar\u0131n yeni y\u0131ld\u0131z\u0131 olacak! Tam mevsimiyken mutlaka deneyin \" width=\"1208\" height=\"680\" title=\"\" srcset=\"https:\/\/www.tgrthaber.com\/mavikadin\/wp-content\/uploads\/2026\/04\/cagla-cacigi-8.jpg 1208w, https:\/\/www.tgrthaber.com\/mavikadin\/wp-content\/uploads\/2026\/04\/cagla-cacigi-8-300x169.jpg 300w, https:\/\/www.tgrthaber.com\/mavikadin\/wp-content\/uploads\/2026\/04\/cagla-cacigi-8-1024x576.jpg 1024w, https:\/\/www.tgrthaber.com\/mavikadin\/wp-content\/uploads\/2026\/04\/cagla-cacigi-8-768x432.jpg 768w\" sizes=\"(max-width: 1208px) 100vw, 1208px\" \/><\/p>\n<hr \/>\n<p><strong>Malzemeler;<\/strong><\/p>\n<ul>\n<li>1 avu\u00e7 \u00e7a\u011fla<\/li>\n<li>2 adet salatal\u0131k<\/li>\n<li>1 ba\u011f semizotu<\/li>\n<li>1 limon suyu<\/li>\n<li>5-6 ka\u015f\u0131k yo\u011furt<\/li>\n<li>Tuz ve zeytinya\u011f\u0131<\/li>\n<\/ul>\n<p><img loading=\"lazy\" decoding=\"async\" class=\"size-full wp-image-315580\" src=\"https:\/\/www.tgrthaber.com\/mavikadin\/wp-content\/uploads\/2026\/04\/cagla-cacigi-1.jpg\" alt=\"\u00c7a\u011fla cac\u0131\u011f\u0131 sofralar\u0131n yeni y\u0131ld\u0131z\u0131 olacak! Tam mevsimiyken mutlaka deneyin \" width=\"1208\" height=\"680\" title=\"\" srcset=\"https:\/\/www.tgrthaber.com\/mavikadin\/wp-content\/uploads\/2026\/04\/cagla-cacigi-1.jpg 1208w, https:\/\/www.tgrthaber.com\/mavikadin\/wp-content\/uploads\/2026\/04\/cagla-cacigi-1-300x169.jpg 300w, https:\/\/www.tgrthaber.com\/mavikadin\/wp-content\/uploads\/2026\/04\/cagla-cacigi-1-1024x576.jpg 1024w, https:\/\/www.tgrthaber.com\/mavikadin\/wp-content\/uploads\/2026\/04\/cagla-cacigi-1-768x432.jpg 768w\" sizes=\"(max-width: 1208px) 100vw, 1208px\" \/><\/p>\n<p><strong>Haz\u0131rlan\u0131\u015f\u0131;<\/strong><\/p>\n<ul>\n<li>\u00d6ncelikle g\u00fczelce y\u0131kad\u0131\u011f\u0131n\u0131z \u00e7a\u011flalar\u0131, semiz otunu ve salatal\u0131klar\u0131 ince ince do\u011fray\u0131n.<\/li>\n<li>\u0130nce ince do\u011frad\u0131\u011f\u0131n\u0131z malzemelerinizi geni\u015f bir k\u00e2se i\u00e7erisine al\u0131n.<\/li>\n<li>\u00dczerine limon suyu, yo\u011furt ve tuzu ekleyerek g\u00fczelce kar\u0131\u015ft\u0131r\u0131n.<\/li>\n<li>\u00c7a\u011fla cac\u0131\u011f\u0131 tarifiniz servise haz\u0131r.<\/li>\n<li>Afiyet, \u015fifa olsun.<\/li>\n<\/ul>\n","protected":false},"excerpt":{"rendered":"<p>Daha \u00f6nce \u00e7a\u011fla cac\u0131\u011f\u0131 denemediyseniz, do\u011fru yerdesiniz. Sizin i\u00e7in sofralar\u0131n yeni y\u0131ld\u0131z\u0131 olacak \u00e7a\u011fla cac\u0131\u011f\u0131 tarifini ara\u015ft\u0131rd\u0131k. Sizde tam mevsimi gelmi\u015fken mutlaka \u00e7a\u011fla cac\u0131\u011f\u0131 denemelisiniz. \u0130\u015fte \u00e7a\u011fla cac\u0131\u011f\u0131na dair merak edilenler\u2026<\/p>\n","protected":false},"author":26,"featured_media":315573,"comment_status":"closed","ping_status":"closed","sticky":false,"template":"","format":"standard","meta":{"rank_math_lock_modified_date":false,"footnotes":""},"categories":[191],"tags":[735,74104,74105,8205,17167],"class_list":["post-315572","post","type-post","status-publish","format-standard","has-post-thumbnail","hentry","category-yemek-tarifleri","tag-cagla","tag-cagla-cacigi","tag-cagla-cacigi-tarifi","tag-yemek-tarifi","tag-yemek-tarifi-haberleri"],"_links":{"self":[{"href":"https:\/\/www.tgrthaber.com\/mavikadin\/wp-json\/wp\/v2\/posts\/315572"}],"collection":[{"href":"https:\/\/www.tgrthaber.com\/mavikadin\/wp-json\/wp\/v2\/posts"}],"about":[{"href":"https:\/\/www.tgrthaber.com\/mavikadin\/wp-json\/wp\/v2\/types\/post"}],"author":[{"embeddable":true,"href":"https:\/\/www.tgrthaber.com\/mavikadin\/wp-json\/wp\/v2\/users\/26"}],"replies":[{"embeddable":true,"href":"https:\/\/www.tgrthaber.com\/mavikadin\/wp-json\/wp\/v2\/comments?post=315572"}],"version-history":[{"count":2,"href":"https:\/\/www.tgrthaber.com\/mavikadin\/wp-json\/wp\/v2\/posts\/315572\/revisions"}],"predecessor-version":[{"id":315582,"href":"https:\/\/www.tgrthaber.com\/mavikadin\/wp-json\/wp\/v2\/posts\/315572\/revisions\/315582"}],"wp:featuredmedia":[{"embeddable":true,"href":"https:\/\/www.tgrthaber.com\/mavikadin\/wp-json\/wp\/v2\/media\/315573"}],"wp:attachment":[{"href":"https:\/\/www.tgrthaber.com\/mavikadin\/wp-json\/wp\/v2\/media?parent=315572"}],"wp:term":[{"taxonomy":"category","embeddable":true,"href":"https:\/\/www.tgrthaber.com\/mavikadin\/wp-json\/wp\/v2\/categories?post=315572"},{"taxonomy":"post_tag","embeddable":true,"href":"https:\/\/www.tgrthaber.com\/mavikadin\/wp-json\/wp\/v2\/tags?post=315572"}],"curies":[{"name":"wp","href":"https:\/\/api.w.org\/{rel}","templated":true}]}}