{"id":315584,"date":"2026-04-26T17:27:09","date_gmt":"2026-04-26T14:27:09","guid":{"rendered":"https:\/\/www.tgrthaber.com\/mavikadin\/?p=315584"},"modified":"2026-04-26T17:27:10","modified_gmt":"2026-04-26T14:27:10","slug":"54-yasinda-baba-olan-ilker-aksum-gozyaslarini-tutamadi-esim-beni-karanliktan-cekip-aldi","status":"publish","type":"post","link":"https:\/\/www.tgrthaber.com\/mavikadin\/54-yasinda-baba-olan-ilker-aksum-gozyaslarini-tutamadi-esim-beni-karanliktan-cekip-aldi\/","title":{"rendered":"54 ya\u015f\u0131nda baba olan \u0130lker Aksum g\u00f6zya\u015flar\u0131n\u0131 tutamad\u0131! E\u015fim beni karanl\u0131ktan \u00e7ekip ald\u0131"},"content":{"rendered":"<p>54 ya\u015f\u0131ndaki ba\u015far\u0131l\u0131 oyuncu <a href=\"https:\/\/www.tgrthaber.com\/mavikadin\/yabanci-damatin-mustafa-cani-ve-rusen-enistesi-22-yil-sonra-bulustu-ozan-ugurlu-ve-ilker-aksumdan-duygulandiran-kare\/\">\u0130lker Aksum<\/a>, unutulmaz rollerindeki performanslar\u0131yla izleyiciyi hem duyguland\u0131rmay\u0131 hem de zaman zaman g\u00fcld\u00fcrmeyi ba\u015faran isimlerden biri olarak dikkat \u00e7ekiyor. Aksum, TGRT ekranlar\u0131nda her pazar yeni b\u00f6l\u00fcm\u00fc yay\u0131nlanan Yasemin\u2019in Penceresi program\u0131na konuk olarak ki\u015fisel hayat\u0131na dair merak edilenleri anlatt\u0131. \u00d6zellikle baba olman\u0131n hayat\u0131nda etki etti\u011fi de\u011fi\u015fimi samimi bir dille payla\u015fan <a href=\"https:\/\/www.tgrthaber.com\/mavikadin\/ilker-aksum-kizi-lilanin-yeni-fotografini-paylasti-mavis-guzel-ayni-babasi\/\">Aksum<\/a>, anne, baba ve \u00e7ocuk konusu a\u00e7\u0131ld\u0131\u011f\u0131nda hissettiklerini anlat\u0131rken duygusal anlar ya\u015fad\u0131. Program boyunca zaman zaman g\u00f6zya\u015flar\u0131na hakim olamayan oyuncunun i\u00e7ten a\u00e7\u0131klamalar\u0131 izleyicilerin de kalbine dokundu. \u0130\u015fte dikkat \u00e7eken o anlar\u2026<\/p>\n<h3>\u0130LKER AKSUM CANLI YAYINDA G\u00d6ZYA\u015eLARINA BO\u011eULDU!<\/h3>\n<p><a href=\"https:\/\/www.tgrthaber.com\/mavikadin\/carpinti-dizisine-bomba-transfer-ilker-aksumun-rolu-dengeleri-altust-edecek\/\">\u0130lker Aksum<\/a>, Yasemin\u2019in Penceresi program\u0131nda e\u015fi ve k\u0131z\u0131yla birlikte hayat\u0131nda ya\u015fad\u0131\u011f\u0131 b\u00fcy\u00fck de\u011fi\u015fimi samimi s\u00f6zlerle anlatt\u0131. 54 ya\u015f\u0131ndan sonra baba olman\u0131n kendisinde de\u011fi\u015ftirdi\u011fi duygular\u0131 payla\u015fan Aksum, ge\u00e7mi\u015fte hissetti\u011fi bo\u015flu\u011fu ilk olarak e\u015fi Dilay Ekmek\u00e7io\u011flu ile doldurdu\u011funu ifade etti.<\/p>\n<p><img loading=\"lazy\" decoding=\"async\" class=\"alignnone size-full wp-image-315641\" src=\"https:\/\/www.tgrthaber.com\/mavikadin\/wp-content\/uploads\/2026\/04\/Asli-2026-04-26T170908.940.png\" alt=\"\" width=\"1208\" height=\"680\" title=\"\" srcset=\"https:\/\/www.tgrthaber.com\/mavikadin\/wp-content\/uploads\/2026\/04\/Asli-2026-04-26T170908.940.png 1208w, https:\/\/www.tgrthaber.com\/mavikadin\/wp-content\/uploads\/2026\/04\/Asli-2026-04-26T170908.940-300x169.png 300w, https:\/\/www.tgrthaber.com\/mavikadin\/wp-content\/uploads\/2026\/04\/Asli-2026-04-26T170908.940-1024x576.png 1024w, https:\/\/www.tgrthaber.com\/mavikadin\/wp-content\/uploads\/2026\/04\/Asli-2026-04-26T170908.940-768x432.png 768w\" sizes=\"(max-width: 1208px) 100vw, 1208px\" \/><\/p>\n<hr \/>\n<p>&#8220;Yani bir bo\u015fluk var ve ilk \u00f6nce bunu Dila\u2019yla ya\u015fad\u0131m. Ger\u00e7ek a\u015fk neymi\u015f, ger\u00e7ek e\u015f ve koca neymi\u015f, \u00e7ocuk ve baba olmak neymi\u015f; hepsini son bir bu\u00e7uk y\u0131lda ya\u015f\u0131yorsun&#8221; s\u00f6zleriyle duygular\u0131n\u0131 dile getiren oyuncu, e\u015fine duydu\u011fu minneti de a\u00e7\u0131k\u00e7a ifade etti.<\/p>\n<p><img loading=\"lazy\" decoding=\"async\" class=\"alignnone size-full wp-image-315643\" src=\"https:\/\/www.tgrthaber.com\/mavikadin\/wp-content\/uploads\/2026\/04\/Asli-2026-04-26T171535.948.png\" alt=\"\" width=\"1208\" height=\"680\" title=\"\" srcset=\"https:\/\/www.tgrthaber.com\/mavikadin\/wp-content\/uploads\/2026\/04\/Asli-2026-04-26T171535.948.png 1208w, https:\/\/www.tgrthaber.com\/mavikadin\/wp-content\/uploads\/2026\/04\/Asli-2026-04-26T171535.948-300x169.png 300w, https:\/\/www.tgrthaber.com\/mavikadin\/wp-content\/uploads\/2026\/04\/Asli-2026-04-26T171535.948-1024x576.png 1024w, https:\/\/www.tgrthaber.com\/mavikadin\/wp-content\/uploads\/2026\/04\/Asli-2026-04-26T171535.948-768x432.png 768w\" sizes=\"(max-width: 1208px) 100vw, 1208px\" \/><\/p>\n<hr \/>\n<h3>AKSUM\u2019UN &#8220;E\u015e\u0130M BEN\u0130 HAYATA D\u00d6ND\u00dcRD\u00dc&#8221; S\u00d6ZLER\u0130 DUYGULANDIRDI!<\/h3>\n<p>Aksum, e\u015finden bahsederken ise \u015fu ifadeleri kulland\u0131:<br \/>\n&#8220;34 ya\u015f\u0131nda, \u015fu anda benden \u00e7ok daha olgun, \u00e7ok daha ana\u00e7, muhte\u015fem bir insan ger\u00e7ekten. Kar\u0131m diye demiyorum, kar\u0131m diye diyorum ayn\u0131 zamanda. \u00c7\u00fcnk\u00fc zorlu bir d\u00f6nemim oldu. Bizim meslekteki bir\u00e7ok ki\u015finin ba\u015f\u0131na gelir; mesleki deformasyonlar, depresyonlar\u2026 Ger\u00e7ekten de nefes ko\u00e7udur ve bu konuda tan\u0131nm\u0131\u015f biridir. Antropoloji mezunu. Beni o \u00e7ukurdan, o karanl\u0131ktan ald\u0131, \u00e7ekti, \u00e7evirdi. Yeniden ayaklar\u0131m\u0131n \u00fcst\u00fcne bast\u0131rd\u0131 ve bana muhte\u015fem bir evlat verdi. \u0130nan\u0131lmaz. Bu bir \u015fans m\u0131d\u0131r, kader midir? Allah b\u00f6yle istedi. \u00c7ok \u015fansl\u0131 oldu\u011fumu d\u00fc\u015f\u00fcn\u00fcyorum, ma\u015fallah.&#8221;<\/p>\n<p><img loading=\"lazy\" decoding=\"async\" class=\"alignnone size-full wp-image-315640\" src=\"https:\/\/www.tgrthaber.com\/mavikadin\/wp-content\/uploads\/2026\/04\/Asli-2026-04-26T170959.960.png\" alt=\"\" width=\"1208\" height=\"680\" title=\"\" srcset=\"https:\/\/www.tgrthaber.com\/mavikadin\/wp-content\/uploads\/2026\/04\/Asli-2026-04-26T170959.960.png 1208w, https:\/\/www.tgrthaber.com\/mavikadin\/wp-content\/uploads\/2026\/04\/Asli-2026-04-26T170959.960-300x169.png 300w, https:\/\/www.tgrthaber.com\/mavikadin\/wp-content\/uploads\/2026\/04\/Asli-2026-04-26T170959.960-1024x576.png 1024w, https:\/\/www.tgrthaber.com\/mavikadin\/wp-content\/uploads\/2026\/04\/Asli-2026-04-26T170959.960-768x432.png 768w\" sizes=\"(max-width: 1208px) 100vw, 1208px\" \/><\/p>\n<hr \/>\n<p>Bu s\u00f6zlerin ard\u0131ndan canl\u0131 yay\u0131nda duygular\u0131na hakim olamayan \u0130lker Aksum\u2019un g\u00f6zleri doldu. Program\u0131n sunucusu Yasemin Bozkurt ise o anlarda, &#8220;Duygusalla\u015ft\u0131n, mavi g\u00f6zlerin bulutland\u0131. \u00c7ocuk i\u015fte b\u00f6yle yap\u0131yor, baba olmak b\u00f6yle bir \u015fey. Anne olmak da b\u00f6yle bir \u015fey&#8221; diyerek Aksum\u2019a o anlarda destek oldu.<\/p>\n<div style=\"width: 640px;\" class=\"wp-video\"><!--[if lt IE 9]><script>document.createElement('video');<\/script><![endif]-->\n<video class=\"wp-video-shortcode\" id=\"video-315584-1\" width=\"640\" height=\"1138\" preload=\"metadata\" controls=\"controls\"><source type=\"video\/mp4\" src=\"https:\/\/www.tgrthaber.com\/mavikadin\/wp-content\/uploads\/2026\/04\/reels-sessiz-48.mp4?_=1\" \/><a href=\"https:\/\/www.tgrthaber.com\/mavikadin\/wp-content\/uploads\/2026\/04\/reels-sessiz-48.mp4\">https:\/\/www.tgrthaber.com\/mavikadin\/wp-content\/uploads\/2026\/04\/reels-sessiz-48.mp4<\/a><\/video><\/div>\n<hr \/>\n<p>Duygular\u0131na daha fazla hakim olamayan Aksum, canl\u0131 yay\u0131nda g\u00f6zya\u015flar\u0131na bo\u011fuldu. G\u00f6zya\u015flar\u0131n\u0131n ard\u0131ndan ise,<br \/>\n&#8220;Ne diyeyim? Hayat\u0131mda ilk defa b\u00f6yle bir \u015fey oluyor. Gen\u00e7 baba olunca, bir de b\u00f6yle bir \u015fey olunca, bir de Dilay olunca\u2026 Mutluluktan a\u011fl\u0131yorsun. Bu ger\u00e7ekten bir mutluluk a\u011flay\u0131\u015f\u0131&#8221; s\u00f6zleriyle hislerini ifade etti.<\/p>\n<p><img loading=\"lazy\" decoding=\"async\" class=\"alignnone size-full wp-image-315639\" src=\"https:\/\/www.tgrthaber.com\/mavikadin\/wp-content\/uploads\/2026\/04\/Asli-2026-04-26T171600.841.png\" alt=\"\" width=\"1208\" height=\"680\" title=\"\"><\/p>\n<p><a href=\"https:\/\/www.tgrthaber.com\/mavikadin\/esref-ruya-dizisinde-cagatay-ulusoy-ve-ilker-aksumun-sahnesi-cok-konusuldu-ilker-aksumun-dizi-tarihinin-en-kisa-konugu-olarak-tarihe-gecti\/\">\u0130lker Aksum<\/a>\u2019un bu i\u00e7ten ve duygusal anlar\u0131, izleyenlere hem baba olman\u0131n hem de aile olman\u0131n de\u011ferini bir kez daha hat\u0131rlatt\u0131.<\/p>\n","protected":false},"excerpt":{"rendered":"<p>TGRT ekranlar\u0131nda yay\u0131nlanan Yasemin\u2019in Penceresi program\u0131na konuk olan ba\u015far\u0131l\u0131 oyuncu \u0130lker Aksum, konu anne, baba ve \u00e7ocuk olunca duygusal anlar ya\u015fad\u0131. G\u00f6zya\u015flar\u0131n\u0131 tutamayan Aksum\u2019un o anlar\u0131 izleyenleri de derinden etkiledi.<\/p>\n","protected":false},"author":37,"featured_media":315644,"comment_status":"closed","ping_status":"closed","sticky":false,"template":"","format":"standard","meta":{"rank_math_lock_modified_date":false,"footnotes":""},"categories":[76],"tags":[141,18571,74111,133,7370,70367,65567],"class_list":["post-315584","post","type-post","status-publish","format-standard","has-post-thumbnail","hentry","category-magazin","tag-bebek","tag-ilker-aksum","tag-lila","tag-magazin","tag-oyuncu","tag-yasemin-bozkurt","tag-yaseminin-penceresi"],"_links":{"self":[{"href":"https:\/\/www.tgrthaber.com\/mavikadin\/wp-json\/wp\/v2\/posts\/315584"}],"collection":[{"href":"https:\/\/www.tgrthaber.com\/mavikadin\/wp-json\/wp\/v2\/posts"}],"about":[{"href":"https:\/\/www.tgrthaber.com\/mavikadin\/wp-json\/wp\/v2\/types\/post"}],"author":[{"embeddable":true,"href":"https:\/\/www.tgrthaber.com\/mavikadin\/wp-json\/wp\/v2\/users\/37"}],"replies":[{"embeddable":true,"href":"https:\/\/www.tgrthaber.com\/mavikadin\/wp-json\/wp\/v2\/comments?post=315584"}],"version-history":[{"count":2,"href":"https:\/\/www.tgrthaber.com\/mavikadin\/wp-json\/wp\/v2\/posts\/315584\/revisions"}],"predecessor-version":[{"id":315646,"href":"https:\/\/www.tgrthaber.com\/mavikadin\/wp-json\/wp\/v2\/posts\/315584\/revisions\/315646"}],"wp:featuredmedia":[{"embeddable":true,"href":"https:\/\/www.tgrthaber.com\/mavikadin\/wp-json\/wp\/v2\/media\/315644"}],"wp:attachment":[{"href":"https:\/\/www.tgrthaber.com\/mavikadin\/wp-json\/wp\/v2\/media?parent=315584"}],"wp:term":[{"taxonomy":"category","embeddable":true,"href":"https:\/\/www.tgrthaber.com\/mavikadin\/wp-json\/wp\/v2\/categories?post=315584"},{"taxonomy":"post_tag","embeddable":true,"href":"https:\/\/www.tgrthaber.com\/mavikadin\/wp-json\/wp\/v2\/tags?post=315584"}],"curies":[{"name":"wp","href":"https:\/\/api.w.org\/{rel}","templated":true}]}}