{"id":315610,"date":"2026-04-26T16:14:05","date_gmt":"2026-04-26T13:14:05","guid":{"rendered":"https:\/\/www.tgrthaber.com\/mavikadin\/?p=315610"},"modified":"2026-04-26T16:14:05","modified_gmt":"2026-04-26T13:14:05","slug":"reynmenden-sasirtan-degisim-3-ayda-fit-gorunumuyle-gundemde","status":"publish","type":"post","link":"https:\/\/www.tgrthaber.com\/mavikadin\/reynmenden-sasirtan-degisim-3-ayda-fit-gorunumuyle-gundemde\/","title":{"rendered":"Reynmen\u2019den \u015fa\u015f\u0131rtan de\u011fi\u015fim! 3 ayda fit g\u00f6r\u00fcn\u00fcm\u00fcyle g\u00fcndemde"},"content":{"rendered":"<p>Sosyal medya da hem i\u00e7erik \u00fcreten hem de yapm\u0131\u015f oldu\u011fu \u015fark\u0131larla sevilerek takip edilen <a href=\"https:\/\/www.tgrthaber.com\/mavikadin\/reynmen-nasil-unlu-oldu-reymenin-babasi-kimdir-meslegi-ne\/\">Reynmen<\/a>, son zamanlarda magazin g\u00fcndemine bomba gibi d\u00fc\u015fmeye devam ediyor. Sosyal medya payla\u015f\u0131mlar\u0131, annesiyle ya\u015fad\u0131\u011f\u0131 polemikler olduk\u00e7a dikkat \u00e7ekici oluyor. Ancak, son g\u00fcnlerde ald\u0131\u011f\u0131 kilolarla dikkatleri \u00fczerine \u00e7ekmi\u015fti. \u015eimdilerde ise 3 ayda fit bir g\u00f6r\u00fcn\u00fcme kavu\u015fan Reynmen, de\u011fi\u015fimiyle herkesi \u015fa\u015f\u0131rt\u0131yor.<\/p>\n<h3>REYNMEN\u2019DEN \u015eA\u015eIRTAN DE\u011e\u0130\u015e\u0130M!<\/h3>\n<p>Sosyal medyada i\u00e7erik \u00fcreticisi olarak bilinen Reynmen lakapl\u0131 Yusuf Akta\u015f, son zamanlarda olduk\u00e7a magazin g\u00fcndeme gelmeye devam ediyor. \u00d6zellikle de kendi \u00f6zel hayat\u0131yla olduk\u00e7a dikkatleri \u00fczerine \u00e7eken Reynmen, son g\u00fcnlerde kilo ald\u0131\u011f\u0131na dair yay\u0131nlanan g\u00f6r\u00fcnt\u00fclerle dikkatleri \u00fczerine \u00e7ekmi\u015fti.<\/p>\n<p><img loading=\"lazy\" decoding=\"async\" class=\"alignnone size-full wp-image-315611\" src=\"https:\/\/www.tgrthaber.com\/mavikadin\/wp-content\/uploads\/2026\/04\/ARZU-50-1.jpg\" alt=\"Reynmen\u2019den \u015fa\u015f\u0131rtan de\u011fi\u015fim! 3 ayda fit g\u00f6r\u00fcn\u00fcm\u00fcyle g\u00fcndemde\" width=\"1208\" height=\"680\" title=\"\" srcset=\"https:\/\/www.tgrthaber.com\/mavikadin\/wp-content\/uploads\/2026\/04\/ARZU-50-1.jpg 1208w, https:\/\/www.tgrthaber.com\/mavikadin\/wp-content\/uploads\/2026\/04\/ARZU-50-1-300x169.jpg 300w, https:\/\/www.tgrthaber.com\/mavikadin\/wp-content\/uploads\/2026\/04\/ARZU-50-1-1024x576.jpg 1024w, https:\/\/www.tgrthaber.com\/mavikadin\/wp-content\/uploads\/2026\/04\/ARZU-50-1-768x432.jpg 768w\" sizes=\"(max-width: 1208px) 100vw, 1208px\" \/><\/p>\n<hr \/>\n<p>E\u015fi Cansu Emire\u2019nin kendisine yapm\u0131\u015f oldu\u011fu makyaj videosuyla k\u0131sa s\u00fcrede g\u00fcndem olmu\u015ftu. Milyonlar dinlenen \u015fark\u0131lar\u0131yla uzun s\u00fcre g\u00fcndemden d\u00fc\u015fmeyen Reynmen, ge\u00e7ti\u011fimiz y\u0131llarda e\u015fi Cansu Emire ile evlenmi\u015fti. D\u00fc\u011f\u00fcnleri olduk\u00e7a dikkat \u00e7ekerken, annesi ile ya\u015fad\u0131\u011f\u0131 durumlarda magazin g\u00fcndeminin en \u00e7ok takip etti\u011fi konulardan biri oluyor.<\/p>\n<p><img loading=\"lazy\" decoding=\"async\" class=\"alignnone size-full wp-image-315612\" src=\"https:\/\/www.tgrthaber.com\/mavikadin\/wp-content\/uploads\/2026\/04\/ARZU-49-1.jpg\" alt=\"Reynmen\u2019den \u015fa\u015f\u0131rtan de\u011fi\u015fim! 3 ayda fit g\u00f6r\u00fcn\u00fcm\u00fcyle g\u00fcndemde\" width=\"1208\" height=\"680\" title=\"\" srcset=\"https:\/\/www.tgrthaber.com\/mavikadin\/wp-content\/uploads\/2026\/04\/ARZU-49-1.jpg 1208w, https:\/\/www.tgrthaber.com\/mavikadin\/wp-content\/uploads\/2026\/04\/ARZU-49-1-300x169.jpg 300w, https:\/\/www.tgrthaber.com\/mavikadin\/wp-content\/uploads\/2026\/04\/ARZU-49-1-1024x576.jpg 1024w, https:\/\/www.tgrthaber.com\/mavikadin\/wp-content\/uploads\/2026\/04\/ARZU-49-1-768x432.jpg 768w\" sizes=\"(max-width: 1208px) 100vw, 1208px\" \/><\/p>\n<hr \/>\n<p>\u0130li\u015fkilerinin ba\u015f\u0131nda annesine d\u00fc\u015fk\u00fcnl\u00fc\u011f\u00fc ile bilindi\u011fi iddia edilen Reynmen, meydana gelen baz\u0131 olaylar\u0131n ard\u0131ndan e\u015finin yan\u0131nda durarak annesiyle aralar\u0131n\u0131n iyi olmad\u0131\u011f\u0131 yap\u0131lan sosyal medya payla\u015f\u0131mlar\u0131 ile ortaya \u00e7\u0131km\u0131\u015ft\u0131.<\/p>\n<p><img loading=\"lazy\" decoding=\"async\" class=\"alignnone size-full wp-image-315616\" src=\"https:\/\/www.tgrthaber.com\/mavikadin\/wp-content\/uploads\/2026\/04\/ARZU-45-1.jpg\" alt=\"Reynmen\u2019den \u015fa\u015f\u0131rtan de\u011fi\u015fim! 3 ayda fit g\u00f6r\u00fcn\u00fcm\u00fcyle g\u00fcndemde\" width=\"1208\" height=\"680\" title=\"\" srcset=\"https:\/\/www.tgrthaber.com\/mavikadin\/wp-content\/uploads\/2026\/04\/ARZU-45-1.jpg 1208w, https:\/\/www.tgrthaber.com\/mavikadin\/wp-content\/uploads\/2026\/04\/ARZU-45-1-300x169.jpg 300w, https:\/\/www.tgrthaber.com\/mavikadin\/wp-content\/uploads\/2026\/04\/ARZU-45-1-1024x576.jpg 1024w, https:\/\/www.tgrthaber.com\/mavikadin\/wp-content\/uploads\/2026\/04\/ARZU-45-1-768x432.jpg 768w\" sizes=\"(max-width: 1208px) 100vw, 1208px\" \/><\/p>\n<hr \/>\n<p>Ge\u00e7ti\u011fimiz haftalarda Reynmen\u2019in e\u015finin kendisine makyaj yapt\u0131\u011f\u0131 anlar\u0131 payla\u015fmas\u0131 olduk\u00e7a dikkat \u00e7ekti. Sosyal medyada olduk\u00e7a g\u00fcndem olan o g\u00f6r\u00fcnt\u00fclerden sonra kilo ald\u0131\u011f\u0131 iddialar\u0131 ortaya \u00e7\u0131km\u0131\u015ft\u0131. Ancak \u00fcnl\u00fc ismin \u015fa\u015f\u0131rtan de\u011fi\u015fimi k\u0131sa s\u00fcrede b\u00fcy\u00fck bir ilgi g\u00f6rd\u00fc.<\/p>\n<h3><img loading=\"lazy\" decoding=\"async\" class=\"alignnone size-full wp-image-315614\" src=\"https:\/\/www.tgrthaber.com\/mavikadin\/wp-content\/uploads\/2026\/04\/ARZU-47-1.jpg\" alt=\"Reynmen\u2019den \u015fa\u015f\u0131rtan de\u011fi\u015fim! 3 ayda fit g\u00f6r\u00fcn\u00fcm\u00fcyle g\u00fcndemde\" width=\"1208\" height=\"680\" title=\"\" srcset=\"https:\/\/www.tgrthaber.com\/mavikadin\/wp-content\/uploads\/2026\/04\/ARZU-47-1.jpg 1208w, https:\/\/www.tgrthaber.com\/mavikadin\/wp-content\/uploads\/2026\/04\/ARZU-47-1-300x169.jpg 300w, https:\/\/www.tgrthaber.com\/mavikadin\/wp-content\/uploads\/2026\/04\/ARZU-47-1-1024x576.jpg 1024w, https:\/\/www.tgrthaber.com\/mavikadin\/wp-content\/uploads\/2026\/04\/ARZU-47-1-768x432.jpg 768w\" sizes=\"(max-width: 1208px) 100vw, 1208px\" \/><\/h3>\n<hr \/>\n<h3>3 AYDA F\u0130T G\u00d6R\u00dcN\u00dcM\u00dcYLE G\u00dcNDEMDE<\/h3>\n<p>3 ayda fit bir g\u00f6r\u00fcn\u00fcm kazanan Reynmen\u2019in son g\u00f6r\u00fcnt\u00fcs\u00fc magazin g\u00fcndemine bomba gibi d\u00fc\u015ft\u00fc. Sosyal medyada g\u00fcndeme gelen g\u00f6r\u00fcnt\u00fcler k\u0131sa s\u00fcrede dikkat \u00e7ekti. 3 ayda fit bir hale gelen Reynmen, do\u011fru yemek program\u0131 ve spor yaparak bu g\u00f6r\u00fcnt\u00fcy\u00fc kazand\u0131\u011f\u0131 d\u00fc\u015f\u00fcn\u00fcl\u00fcyor.<\/p>\n<p><img loading=\"lazy\" decoding=\"async\" class=\"alignnone size-full wp-image-315613\" src=\"https:\/\/www.tgrthaber.com\/mavikadin\/wp-content\/uploads\/2026\/04\/ARZU-48-1.jpg\" alt=\"Reynmen\u2019den \u015fa\u015f\u0131rtan de\u011fi\u015fim! 3 ayda fit g\u00f6r\u00fcn\u00fcm\u00fcyle g\u00fcndemde\" width=\"1208\" height=\"680\" title=\"\" srcset=\"https:\/\/www.tgrthaber.com\/mavikadin\/wp-content\/uploads\/2026\/04\/ARZU-48-1.jpg 1208w, https:\/\/www.tgrthaber.com\/mavikadin\/wp-content\/uploads\/2026\/04\/ARZU-48-1-300x169.jpg 300w, https:\/\/www.tgrthaber.com\/mavikadin\/wp-content\/uploads\/2026\/04\/ARZU-48-1-1024x576.jpg 1024w, https:\/\/www.tgrthaber.com\/mavikadin\/wp-content\/uploads\/2026\/04\/ARZU-48-1-768x432.jpg 768w\" sizes=\"(max-width: 1208px) 100vw, 1208px\" \/><\/p>\n<hr \/>\n<p>Reynmen lakab\u0131yla tan\u0131nan Yusuf Akta\u015f, fit g\u00f6r\u00fcn\u00fcm\u00fcyle olduk\u00e7a dikkat \u00e7ekerken sosyal medyada da ald\u0131\u011f\u0131 yorumlarla dikkat \u00e7ekti. K\u0131sa s\u00fcrede bu g\u00f6r\u00fcn\u00fcme kavu\u015fan Reynmen, hayranlar\u0131 taraf\u0131ndan sevilerek takip edilen isimler aras\u0131nda yer al\u0131yor.<\/p>\n<p><img loading=\"lazy\" decoding=\"async\" class=\"alignnone size-full wp-image-315617\" src=\"https:\/\/www.tgrthaber.com\/mavikadin\/wp-content\/uploads\/2026\/04\/ARZU-44-1.jpg\" alt=\"Reynmen\u2019den \u015fa\u015f\u0131rtan de\u011fi\u015fim! 3 ayda fit g\u00f6r\u00fcn\u00fcm\u00fcyle g\u00fcndemde\" width=\"1208\" height=\"680\" title=\"\" srcset=\"https:\/\/www.tgrthaber.com\/mavikadin\/wp-content\/uploads\/2026\/04\/ARZU-44-1.jpg 1208w, https:\/\/www.tgrthaber.com\/mavikadin\/wp-content\/uploads\/2026\/04\/ARZU-44-1-300x169.jpg 300w, https:\/\/www.tgrthaber.com\/mavikadin\/wp-content\/uploads\/2026\/04\/ARZU-44-1-1024x576.jpg 1024w, https:\/\/www.tgrthaber.com\/mavikadin\/wp-content\/uploads\/2026\/04\/ARZU-44-1-768x432.jpg 768w\" sizes=\"(max-width: 1208px) 100vw, 1208px\" \/><\/p>\n<hr \/>\n<p><strong>Reynmen kimdir?<\/strong><\/p>\n<p>Yusuf Akta\u015f, 6 Aral\u0131k 1995 y\u0131l\u0131nda d\u00fcnyaya geldi. \u0130lk\u00f6\u011fretimini Ahmet Kabakl\u0131 Okulu\u2019nda okuyan Yusuf Akta\u015f, Bah\u00e7e\u015fehir Lisesi\u2019nden mezun olmu\u015ftur. Daha sonra sosyal medyada k\u0131sa k\u0131sa vine videolar\u0131 \u00e7ekerek, \u00fcnl\u00fc olmu\u015ftur. Daha sonra canl\u0131 yay\u0131nlar, Youtube videolar\u0131 derken sevilen fenomenler aras\u0131nda yer alm\u0131\u015ft\u0131r.<\/p>\n","protected":false},"excerpt":{"rendered":"<p>Sosyal medya fenomeni ve \u015fark\u0131c\u0131 olan Reynmen, fiziksel de\u011fi\u015fimiyle adeta magazin g\u00fcndemine bomba gibi d\u00fc\u015ft\u00fc. \u2018Leila\u2019, \u2018Renklensin\u2019 gibi par\u00e7alarla milyonlarca dinlenmeye ula\u015fan Reynmen, 3 ayda elde etti\u011fi fit g\u00f6r\u00fcn\u00fcm\u00fcyle dikkat \u00e7ekerek g\u00fcndeme geldi. \u0130\u015fte detaylar\u2026<\/p>\n","protected":false},"author":34,"featured_media":315615,"comment_status":"closed","ping_status":"closed","sticky":false,"template":"","format":"standard","meta":{"rank_math_lock_modified_date":false,"footnotes":""},"categories":[76],"tags":[2218,5796,74109,24262],"class_list":["post-315610","post","type-post","status-publish","format-standard","has-post-thumbnail","hentry","category-magazin","tag-magazin-haberleri","tag-reynmen","tag-reynmen-zayiflama","tag-yusuf-aktas"],"_links":{"self":[{"href":"https:\/\/www.tgrthaber.com\/mavikadin\/wp-json\/wp\/v2\/posts\/315610"}],"collection":[{"href":"https:\/\/www.tgrthaber.com\/mavikadin\/wp-json\/wp\/v2\/posts"}],"about":[{"href":"https:\/\/www.tgrthaber.com\/mavikadin\/wp-json\/wp\/v2\/types\/post"}],"author":[{"embeddable":true,"href":"https:\/\/www.tgrthaber.com\/mavikadin\/wp-json\/wp\/v2\/users\/34"}],"replies":[{"embeddable":true,"href":"https:\/\/www.tgrthaber.com\/mavikadin\/wp-json\/wp\/v2\/comments?post=315610"}],"version-history":[{"count":2,"href":"https:\/\/www.tgrthaber.com\/mavikadin\/wp-json\/wp\/v2\/posts\/315610\/revisions"}],"predecessor-version":[{"id":315619,"href":"https:\/\/www.tgrthaber.com\/mavikadin\/wp-json\/wp\/v2\/posts\/315610\/revisions\/315619"}],"wp:featuredmedia":[{"embeddable":true,"href":"https:\/\/www.tgrthaber.com\/mavikadin\/wp-json\/wp\/v2\/media\/315615"}],"wp:attachment":[{"href":"https:\/\/www.tgrthaber.com\/mavikadin\/wp-json\/wp\/v2\/media?parent=315610"}],"wp:term":[{"taxonomy":"category","embeddable":true,"href":"https:\/\/www.tgrthaber.com\/mavikadin\/wp-json\/wp\/v2\/categories?post=315610"},{"taxonomy":"post_tag","embeddable":true,"href":"https:\/\/www.tgrthaber.com\/mavikadin\/wp-json\/wp\/v2\/tags?post=315610"}],"curies":[{"name":"wp","href":"https:\/\/api.w.org\/{rel}","templated":true}]}}