{"id":315620,"date":"2026-04-26T16:51:02","date_gmt":"2026-04-26T13:51:02","guid":{"rendered":"https:\/\/www.tgrthaber.com\/mavikadin\/?p=315620"},"modified":"2026-04-26T16:51:02","modified_gmt":"2026-04-26T13:51:02","slug":"en-kolay-orgu-modeliyle-yazin-tarzini-siz-olusturun-2026","status":"publish","type":"post","link":"https:\/\/www.tgrthaber.com\/mavikadin\/en-kolay-orgu-modeliyle-yazin-tarzini-siz-olusturun-2026\/","title":{"rendered":"En kolay \u00f6rg\u00fc modeliyle yaz\u0131n tarz\u0131n\u0131 siz olu\u015fturun 2026!"},"content":{"rendered":"<p>El eme\u011finin y\u00fckseli\u015fi h\u0131zla devam ederken 2026 y\u0131l\u0131 do\u011fall\u0131\u011f\u0131 ve sadeli\u011fiyle \u00f6ne \u00e7\u0131kan \u00f6rg\u00fc modelleri modaya yeni bir soluk getiriyor. \u00d6zellikle el i\u015fi \u00fcr\u00fcnlere olan ilgi hem nostaljik hem de s\u00fcrd\u00fcr\u00fclebilir ya\u015fam tarz\u0131na y\u00f6nelenlerin tercihi haline gelirken, g\u00f6rsel platformlar da bu trendin nabz\u0131n\u0131 tutuyor. \u00d6zellikle de yaz aylar\u0131n\u0131n gelmesiyle ortaya \u00e7\u0131kan \u00f6rg\u00fcler tekrardan tarz\u0131n\u0131z\u0131 olu\u015fturuyor. \u0130\u015fte detaylar\u2026<\/p>\n<h3>EN KOLAY \u00d6RG\u00dc MODEL\u0130YLE YAZIN TARZINI S\u0130Z OLU\u015eTURUN 2026!<\/h3>\n<p>Son g\u00fcnlerde en \u00e7ok tercih edilen <a href=\"https:\/\/www.tgrthaber.com\/mavikadin\/eviniz-pinterestten-firlamis-gibi-olacak-orgu-sikligi-2026\/\">\u00f6rg\u00fc<\/a> modelleri, art\u0131k k\u00fc\u00e7\u00fckten b\u00fcy\u00fc\u011fe herkesin heyecanla ve merakla yapt\u0131klar\u0131 i\u015flerden biri oluyor. \u00c7\u00fcnk\u00fc art\u0131k do\u011fayla da uyumlu malzemeler kullanarak hem tarz\u0131n\u0131z\u0131 yans\u0131tabilirsiniz hem de g\u00fczel modellerle dikkatleri \u00fczerinize \u00e7ekebilirsiniz.\u00a0Bu yaz\u0131m\u0131zda da sizlere, s\u0131cak havalarda hem hafif hem de nefes alabilen \u00fcr\u00fcnler tercih ediliyor.<\/p>\n<p><img loading=\"lazy\" decoding=\"async\" class=\"alignnone size-full wp-image-315621\" src=\"https:\/\/www.tgrthaber.com\/mavikadin\/wp-content\/uploads\/2026\/04\/ARZU-57-1.jpg\" alt=\"En kolay \u00f6rg\u00fc modeliyle yaz\u0131n tarz\u0131n\u0131 siz olu\u015fturun 2026!\" width=\"1208\" height=\"680\" title=\"\" srcset=\"https:\/\/www.tgrthaber.com\/mavikadin\/wp-content\/uploads\/2026\/04\/ARZU-57-1.jpg 1208w, https:\/\/www.tgrthaber.com\/mavikadin\/wp-content\/uploads\/2026\/04\/ARZU-57-1-300x169.jpg 300w, https:\/\/www.tgrthaber.com\/mavikadin\/wp-content\/uploads\/2026\/04\/ARZU-57-1-1024x576.jpg 1024w, https:\/\/www.tgrthaber.com\/mavikadin\/wp-content\/uploads\/2026\/04\/ARZU-57-1-768x432.jpg 768w\" sizes=\"(max-width: 1208px) 100vw, 1208px\" \/><\/p>\n<hr \/>\n<p>\u00d6rg\u00fc par\u00e7alar do\u011fal iplerle tercih edildi\u011fi zaman yaz stilinde de vazge\u00e7ilmezler aras\u0131na yer al\u0131yor. \u00dcstelik kendi yapt\u0131\u011f\u0131n\u0131z \u015fapka, k\u0131yafet ya da herhangi bir aksesuar, pratik ve \u015f\u0131k tasar\u0131mlarla pop\u00fcler hale geliyor. \u00d6zellikle de yaz aylar\u0131n\u0131n gelmesiyle birlikte yeni <a href=\"https:\/\/www.tgrthaber.com\/mavikadin\/sosyal-medyada-viral-olan-orgu-abajur-modelleri-2026\/\">\u00f6rg\u00fc<\/a> modelleri de piyasaya \u00e7\u0131kmaya devam ediyor. Sosyal medyada bulunan \u00f6rg\u00fcler sezonun en \u00e7ok dikkat \u00e7eken trendlerinden biri haline geliyor.<\/p>\n<p><img loading=\"lazy\" decoding=\"async\" class=\"alignnone size-full wp-image-315622\" src=\"https:\/\/www.tgrthaber.com\/mavikadin\/wp-content\/uploads\/2026\/04\/ARZU-56-1.jpg\" alt=\"En kolay \u00f6rg\u00fc modeliyle yaz\u0131n tarz\u0131n\u0131 siz olu\u015fturun 2026!\" width=\"1208\" height=\"680\" title=\"\" srcset=\"https:\/\/www.tgrthaber.com\/mavikadin\/wp-content\/uploads\/2026\/04\/ARZU-56-1.jpg 1208w, https:\/\/www.tgrthaber.com\/mavikadin\/wp-content\/uploads\/2026\/04\/ARZU-56-1-300x169.jpg 300w, https:\/\/www.tgrthaber.com\/mavikadin\/wp-content\/uploads\/2026\/04\/ARZU-56-1-1024x576.jpg 1024w, https:\/\/www.tgrthaber.com\/mavikadin\/wp-content\/uploads\/2026\/04\/ARZU-56-1-768x432.jpg 768w\" sizes=\"(max-width: 1208px) 100vw, 1208px\" \/><\/p>\n<hr \/>\n<p><strong>\u00d6rg\u00fc modelleri neden trend?<\/strong><\/p>\n<p>Son y\u0131llarda da s\u00fcrd\u00fcr\u00fclebilir ya\u015fam tarz\u0131 stili benimsenirken moda anlay\u0131\u015f\u0131ndan ki\u015fisel \u00fcr\u00fcnler \u00f6n plana \u00e7\u0131k\u0131yor. H\u0131zl\u0131 t\u00fcketimle birlikte de uzun \u00f6m\u00fcrl\u00fc ve ki\u015fisel \u00fcr\u00fcnler tercih ediliyor. Bu sebeple de \u00f6rg\u00fc devreye giriyor. Ayr\u0131ca \u00f6rg\u00fc modellerinde meydana gelen bu art\u0131\u015flar genellikle de sosyal medyan\u0131n da etkisi oluyor. \u00c7\u00fcnk\u00fc renkli renkli ya da desenli modeller olduk\u00e7a dikkat \u00e7ekiyor.<\/p>\n<p><img loading=\"lazy\" decoding=\"async\" class=\"alignnone size-full wp-image-315624\" src=\"https:\/\/www.tgrthaber.com\/mavikadin\/wp-content\/uploads\/2026\/04\/ARZU-54-1.jpg\" alt=\"En kolay \u00f6rg\u00fc modeliyle yaz\u0131n tarz\u0131n\u0131 siz olu\u015fturun 2026!\" width=\"1208\" height=\"680\" title=\"\" srcset=\"https:\/\/www.tgrthaber.com\/mavikadin\/wp-content\/uploads\/2026\/04\/ARZU-54-1.jpg 1208w, https:\/\/www.tgrthaber.com\/mavikadin\/wp-content\/uploads\/2026\/04\/ARZU-54-1-300x169.jpg 300w, https:\/\/www.tgrthaber.com\/mavikadin\/wp-content\/uploads\/2026\/04\/ARZU-54-1-1024x576.jpg 1024w, https:\/\/www.tgrthaber.com\/mavikadin\/wp-content\/uploads\/2026\/04\/ARZU-54-1-768x432.jpg 768w\" sizes=\"(max-width: 1208px) 100vw, 1208px\" \/><\/p>\n<hr \/>\n<p>\u00d6zellikle de gen\u00e7ler aras\u0131nda k\u0131sa s\u00fcrede h\u0131zla yay\u0131lan bu g\u00f6r\u00fcnt\u00fcler, kolay ve \u015f\u0131k anlay\u0131\u015f\u0131n\u0131 ortaya \u00e7\u0131kar\u0131yor. \u00d6zellikle de \u00f6rg\u00fcye yeni ba\u015flayan ya da \u00f6rg\u00fc yapmay\u0131 temelden yapmay\u0131 bilenler i\u00e7in bile olduk\u00e7a kolayl\u0131k sa\u011flayan \u00f6rg\u00fc trendleri ile yazl\u0131k \u00e7antalar, \u015fapka ve bandalar, yaza uygun k\u0131yafetler ve plaj \u00fcr\u00fcnleri gibi \u00f6rg\u00fc modelleri olduk\u00e7a dikkat \u00e7eker.<\/p>\n<p><img loading=\"lazy\" decoding=\"async\" class=\"alignnone size-full wp-image-315625\" src=\"https:\/\/www.tgrthaber.com\/mavikadin\/wp-content\/uploads\/2026\/04\/ARZU-53-1.jpg\" alt=\"En kolay \u00f6rg\u00fc modeliyle yaz\u0131n tarz\u0131n\u0131 siz olu\u015fturun 2026!\" width=\"1208\" height=\"680\" title=\"\" srcset=\"https:\/\/www.tgrthaber.com\/mavikadin\/wp-content\/uploads\/2026\/04\/ARZU-53-1.jpg 1208w, https:\/\/www.tgrthaber.com\/mavikadin\/wp-content\/uploads\/2026\/04\/ARZU-53-1-300x169.jpg 300w, https:\/\/www.tgrthaber.com\/mavikadin\/wp-content\/uploads\/2026\/04\/ARZU-53-1-1024x576.jpg 1024w, https:\/\/www.tgrthaber.com\/mavikadin\/wp-content\/uploads\/2026\/04\/ARZU-53-1-768x432.jpg 768w\" sizes=\"(max-width: 1208px) 100vw, 1208px\" \/><\/p>\n<hr \/>\n<p>\u00d6rg\u00fcde kendi stilinizi olu\u015fturmak i\u00e7in:<\/p>\n<p>Farkl\u0131 renkleri bir arada kullanarak \u00f6zg\u00fcn tasar\u0131mlar olu\u015fturabilirsiniz.<\/p>\n<p>P\u00fcsk\u00fcl, boncuk ya da k\u00fc\u00e7\u00fck aksesuarlarla \u00fcr\u00fcnlerinizi hareket katabilirsiniz.<\/p>\n<p>Oversize yani bol kesim par\u00e7alar daha modern bir g\u00f6r\u00fcn\u00fcm de katabilirsiniz.<\/p>\n<p><img loading=\"lazy\" decoding=\"async\" class=\"alignnone size-full wp-image-315626\" src=\"https:\/\/www.tgrthaber.com\/mavikadin\/wp-content\/uploads\/2026\/04\/ARZU-52-1.jpg\" alt=\"En kolay \u00f6rg\u00fc modeliyle yaz\u0131n tarz\u0131n\u0131 siz olu\u015fturun 2026!\" width=\"1208\" height=\"680\" title=\"\" srcset=\"https:\/\/www.tgrthaber.com\/mavikadin\/wp-content\/uploads\/2026\/04\/ARZU-52-1.jpg 1208w, https:\/\/www.tgrthaber.com\/mavikadin\/wp-content\/uploads\/2026\/04\/ARZU-52-1-300x169.jpg 300w, https:\/\/www.tgrthaber.com\/mavikadin\/wp-content\/uploads\/2026\/04\/ARZU-52-1-1024x576.jpg 1024w, https:\/\/www.tgrthaber.com\/mavikadin\/wp-content\/uploads\/2026\/04\/ARZU-52-1-768x432.jpg 768w\" sizes=\"(max-width: 1208px) 100vw, 1208px\" \/><\/p>\n<hr \/>\n<p>\u00d6rg\u00fc bir model yapmak isterseniz, \u00fcretim a\u015famas\u0131 da olduk\u00e7a \u00f6nemli bir yer tutar. \u00c7\u00fcnk\u00fc haz\u0131r \u00fcr\u00fcnlerde meydana gelen beden uyumsuzlu\u011fu burada meydana gelmiyor. Ayr\u0131ca \u00f6rg\u00fcy\u00fc bir k\u0131yafet giyip \u00e7\u0131karmak olarak d\u00fc\u015f\u00fcnmemek laz\u0131m. Bir k\u0131yafeti satarak da gelir edebilirsiniz. Yaz aylar\u0131 i\u00e7in \u00f6zellikle de istedi\u011finiz k\u0131yafeti yaparak k\u00fc\u00e7\u00fck giri\u015fimlerde de bulunabilirsiniz.<\/p>\n<p><img loading=\"lazy\" decoding=\"async\" class=\"alignnone size-full wp-image-315627\" src=\"https:\/\/www.tgrthaber.com\/mavikadin\/wp-content\/uploads\/2026\/04\/ARZU-51-1.jpg\" alt=\"En kolay \u00f6rg\u00fc modeliyle yaz\u0131n tarz\u0131n\u0131 siz olu\u015fturun 2026!\" width=\"1208\" height=\"680\" title=\"\" srcset=\"https:\/\/www.tgrthaber.com\/mavikadin\/wp-content\/uploads\/2026\/04\/ARZU-51-1.jpg 1208w, https:\/\/www.tgrthaber.com\/mavikadin\/wp-content\/uploads\/2026\/04\/ARZU-51-1-300x169.jpg 300w, https:\/\/www.tgrthaber.com\/mavikadin\/wp-content\/uploads\/2026\/04\/ARZU-51-1-1024x576.jpg 1024w, https:\/\/www.tgrthaber.com\/mavikadin\/wp-content\/uploads\/2026\/04\/ARZU-51-1-768x432.jpg 768w\" sizes=\"(max-width: 1208px) 100vw, 1208px\" \/><\/p>\n<hr \/>\n<p>Yaz aylar\u0131nda istedi\u011finiz bir k\u0131yafeti ya da herhangi bir aksesuar\u0131 \u00f6rg\u00fc modelini yaparak kolayl\u0131kla kendiniz yapabilirsiniz. \u0130stedi\u011finiz zaman ya da istedi\u011finiz yerde kolayl\u0131kla \u00f6rg\u00fc yapabilirsiniz. Kombinlerinize farkl\u0131 bir hava katarak kolayl\u0131kla yaz ay\u0131 i\u00e7in stilinize stil ekleyebilirsiniz.<\/p>\n","protected":false},"excerpt":{"rendered":"<p>Yaz aylar\u0131n\u0131n en kolay \u00f6rg\u00fc modeliyle yaz\u0131n tarz\u0131n\u0131 siz kendiniz tekrardan olu\u015fturun. \u00d6zellikle de 2026 yaz sezonunda el eme\u011fi i\u015fler tekrardan y\u00fckseli\u015fe ge\u00e7mi\u015fken yaz ay\u0131nda da tarz\u0131n\u0131z\u0131 tekrardan olu\u015fturun. \u0130\u015fte detaylar\u2026<\/p>\n","protected":false},"author":34,"featured_media":315623,"comment_status":"closed","ping_status":"closed","sticky":false,"template":"","format":"standard","meta":{"rank_math_lock_modified_date":false,"footnotes":""},"categories":[1797],"tags":[19154,17869,38883,14669,74110],"class_list":["post-315620","post","type-post","status-publish","format-standard","has-post-thumbnail","hentry","category-orgu-hobi","tag-kiyafet","tag-orgu-ve-hobi-haberleri","tag-stil","tag-yaz-ayi","tag-yaz-ayi-orgu"],"_links":{"self":[{"href":"https:\/\/www.tgrthaber.com\/mavikadin\/wp-json\/wp\/v2\/posts\/315620"}],"collection":[{"href":"https:\/\/www.tgrthaber.com\/mavikadin\/wp-json\/wp\/v2\/posts"}],"about":[{"href":"https:\/\/www.tgrthaber.com\/mavikadin\/wp-json\/wp\/v2\/types\/post"}],"author":[{"embeddable":true,"href":"https:\/\/www.tgrthaber.com\/mavikadin\/wp-json\/wp\/v2\/users\/34"}],"replies":[{"embeddable":true,"href":"https:\/\/www.tgrthaber.com\/mavikadin\/wp-json\/wp\/v2\/comments?post=315620"}],"version-history":[{"count":1,"href":"https:\/\/www.tgrthaber.com\/mavikadin\/wp-json\/wp\/v2\/posts\/315620\/revisions"}],"predecessor-version":[{"id":315628,"href":"https:\/\/www.tgrthaber.com\/mavikadin\/wp-json\/wp\/v2\/posts\/315620\/revisions\/315628"}],"wp:featuredmedia":[{"embeddable":true,"href":"https:\/\/www.tgrthaber.com\/mavikadin\/wp-json\/wp\/v2\/media\/315623"}],"wp:attachment":[{"href":"https:\/\/www.tgrthaber.com\/mavikadin\/wp-json\/wp\/v2\/media?parent=315620"}],"wp:term":[{"taxonomy":"category","embeddable":true,"href":"https:\/\/www.tgrthaber.com\/mavikadin\/wp-json\/wp\/v2\/categories?post=315620"},{"taxonomy":"post_tag","embeddable":true,"href":"https:\/\/www.tgrthaber.com\/mavikadin\/wp-json\/wp\/v2\/tags?post=315620"}],"curies":[{"name":"wp","href":"https:\/\/api.w.org\/{rel}","templated":true}]}}