{"id":315648,"date":"2026-04-27T09:36:36","date_gmt":"2026-04-27T06:36:36","guid":{"rendered":"https:\/\/www.tgrthaber.com\/mavikadin\/?p=315648"},"modified":"2026-04-27T09:36:36","modified_gmt":"2026-04-27T06:36:36","slug":"diz-agrisinin-hafife-almayin-nedeni-bel-fitigi-olabilir","status":"publish","type":"post","link":"https:\/\/www.tgrthaber.com\/mavikadin\/diz-agrisinin-hafife-almayin-nedeni-bel-fitigi-olabilir\/","title":{"rendered":"Diz a\u011fr\u0131s\u0131n\u0131n hafife almay\u0131n! Nedeni bel f\u0131t\u0131\u011f\u0131 olabilir"},"content":{"rendered":"<p>Hemen bir\u00e7o\u011fumuzun g\u00fcnl\u00fck ya\u015fant\u0131s\u0131nda kar\u015f\u0131 kar\u015f\u0131ya kald\u0131\u011f\u0131 diz a\u011fr\u0131s\u0131, \u00e7o\u011fu zaman normal bir a\u011fr\u0131 gibi g\u00f6z\u00fckse de bel f\u0131t\u0131\u011f\u0131 gibi b\u00fcy\u00fck bir rahats\u0131zl\u0131\u011f\u0131n habercisi olabilir. Diz a\u011fr\u0131s\u0131, genellikle ya\u015flanmaya ba\u011fl\u0131 ya da basit bir zorlama sonucu ortaya \u00e7\u0131kan bir sorun gibi g\u00f6z\u00fckse de arkas\u0131nda yatan nedenler bel f\u0131t\u0131\u011f\u0131 gibi olduk\u00e7a ciddi hastal\u0131klar\u0131 beraberinde getirebiliyor. Sizde s\u0131k s\u0131k diz a\u011fr\u0131s\u0131 problemiyle kar\u015f\u0131 kar\u015f\u0131ya kal\u0131yorsan\u0131z, nedeni bel f\u0131t\u0131\u011f\u0131 olabilir. Ge\u00e7mek bilmeyen diz a\u011fr\u0131s\u0131 probleminizi kesinlikle hafife almay\u0131n! G\u00f6z ard\u0131 etti\u011finiz diz a\u011fr\u0131lar\u0131n\u0131n altta yatan en b\u00fcy\u00fck nedeni bel f\u0131t\u0131\u011f\u0131 olabilir. Uzun s\u00fcren, ge\u00e7mek bilmeyen ve giderek artan diz a\u011fr\u0131lar\u0131 bel f\u0131t\u0131\u011f\u0131 gibi farkl\u0131 sa\u011fl\u0131k sorunlar\u0131n\u0131n habercisi olabilir. Sizde diz a\u011fr\u0131n\u0131z\u0131n bel f\u0131t\u0131\u011f\u0131 olup olmad\u0131\u011f\u0131n\u0131 merak ediyorsan\u0131z, do\u011fru yerdesiniz. \u0130\u015fte diz a\u011fr\u0131s\u0131 ve bel f\u0131t\u0131\u011f\u0131 hakk\u0131nda merak edilenler\u2026<\/p>\n<h3>D\u0130Z A\u011eRISININ HAF\u0130FE ALMAYIN!<\/h3>\n<p><a href=\"https:\/\/www.tgrthaber.com\/mavikadin\/kadinlarda-ayak-sismesi-neyin-habercisi-corap-izi-cikiyorsa-aman-dikkat\/\">Diz a\u011fr\u0131s\u0131<\/a>, hemen hemen bir\u00e7o\u011fumuzun g\u00fcnl\u00fck ya\u015fant\u0131s\u0131nda kar\u015f\u0131 kar\u015f\u0131ya kald\u0131\u011f\u0131 bir problemdir. \u00c7o\u011fu zaman basit bir zorlanma ya da ya\u015fa ba\u011fl\u0131 y\u0131pranma gibi nedenlerle kendini g\u00f6steren diz a\u011fr\u0131lar\u0131, bel f\u0131t\u0131\u011f\u0131 gibi farkl\u0131 hastal\u0131klar\u0131n habercisi de olabilir. Dizde hissedilen her a\u011fr\u0131 diz kaynakl\u0131 olmayabilir. Sizde \u00f6zellikle uzun s\u00fcredir ge\u00e7meyen ve giderek art\u0131\u015f g\u00f6steren diz a\u011fr\u0131lar\u0131yla kar\u015f\u0131 kar\u015f\u0131ya kal\u0131yorsan\u0131z, bel f\u0131t\u0131\u011f\u0131 ihtimalini mutlaka g\u00f6z \u00f6n\u00fcnde bulundurmal\u0131s\u0131n\u0131z.<\/p>\n<p><img loading=\"lazy\" decoding=\"async\" class=\"size-full wp-image-315657\" src=\"https:\/\/www.tgrthaber.com\/mavikadin\/wp-content\/uploads\/2026\/04\/diz-agrisi-1.jpg\" alt=\"Diz a\u011fr\u0131s\u0131n\u0131n hafife almay\u0131n! Nedeni bel f\u0131t\u0131\u011f\u0131 olabilir\" width=\"1208\" height=\"680\" title=\"\" srcset=\"https:\/\/www.tgrthaber.com\/mavikadin\/wp-content\/uploads\/2026\/04\/diz-agrisi-1.jpg 1208w, https:\/\/www.tgrthaber.com\/mavikadin\/wp-content\/uploads\/2026\/04\/diz-agrisi-1-300x169.jpg 300w, https:\/\/www.tgrthaber.com\/mavikadin\/wp-content\/uploads\/2026\/04\/diz-agrisi-1-1024x576.jpg 1024w, https:\/\/www.tgrthaber.com\/mavikadin\/wp-content\/uploads\/2026\/04\/diz-agrisi-1-768x432.jpg 768w\" sizes=\"(max-width: 1208px) 100vw, 1208px\" \/><\/p>\n<hr \/>\n<p>Genellikle diz a\u011fr\u0131s\u0131 \u015fikayetiyle kar\u015f\u0131 kar\u015f\u0131ya kalanlar \u00e7o\u011fu zaman a\u011fr\u0131n\u0131n kayna\u011f\u0131n\u0131 anlamakta zorlanabilir. Diz a\u011fr\u0131s\u0131 her zaman dizden kaynakl\u0131 bir a\u011fr\u0131 olarak kar\u015f\u0131m\u0131za \u00e7\u0131kmayabilir. \u0130\u015fte tam da bu noktada farkl\u0131 sebepler kendini g\u00f6sterebilir. Ge\u00e7mek bilmeyen, uzun s\u00fcreli devam eden ve gittik\u00e7e \u00e7o\u011falan diz a\u011fr\u0131lar\u0131 kesinlikle hafife al\u0131nmamas\u0131 gereken sorunlar aras\u0131ndad\u0131r.<\/p>\n<p><img loading=\"lazy\" decoding=\"async\" class=\"size-full wp-image-315654\" src=\"https:\/\/www.tgrthaber.com\/mavikadin\/wp-content\/uploads\/2026\/04\/diz-agrisi-7.jpg\" alt=\"Diz a\u011fr\u0131s\u0131n\u0131n hafife almay\u0131n! Nedeni bel f\u0131t\u0131\u011f\u0131 olabilir\" width=\"1208\" height=\"680\" title=\"\" srcset=\"https:\/\/www.tgrthaber.com\/mavikadin\/wp-content\/uploads\/2026\/04\/diz-agrisi-7.jpg 1208w, https:\/\/www.tgrthaber.com\/mavikadin\/wp-content\/uploads\/2026\/04\/diz-agrisi-7-300x169.jpg 300w, https:\/\/www.tgrthaber.com\/mavikadin\/wp-content\/uploads\/2026\/04\/diz-agrisi-7-1024x576.jpg 1024w, https:\/\/www.tgrthaber.com\/mavikadin\/wp-content\/uploads\/2026\/04\/diz-agrisi-7-768x432.jpg 768w\" sizes=\"(max-width: 1208px) 100vw, 1208px\" \/><\/p>\n<hr \/>\n<p>Diz a\u011fr\u0131s\u0131 bel f\u0131t\u0131\u011f\u0131n\u0131n bir habercisi olabilir. Bel b\u00f6lgesinde olu\u015fan sinir s\u0131k\u0131\u015fmalar\u0131 diz a\u011fr\u0131s\u0131 \u015feklinde kendini g\u00f6sterebilir. Omurgadaki disklerin yer de\u011fi\u015ftirmesi sonucu sinirlere bask\u0131 yap\u0131lmas\u0131yla ortaya \u00e7\u0131kan durum bel f\u0131t\u0131\u011f\u0131 olarak adland\u0131r\u0131l\u0131r. Bel f\u0131t\u0131\u011f\u0131 ve sinirlere yerle\u015fen bu bask\u0131 sadece bel k\u0131sm\u0131nda g\u00f6r\u00fclmez. Kal\u00e7a, bacak ve diz \u00e7evresini de yak\u0131ndan ilgilendiren bel f\u0131t\u0131\u011f\u0131 \u00e7o\u011fu zaman diz a\u011fr\u0131s\u0131 \u015feklinde g\u00f6r\u00fclebilir. Bu y\u00fczden genellikle ciddiye al\u0131nmayan diz a\u011fr\u0131s\u0131, bel f\u0131t\u0131\u011f\u0131 gibi olduk\u00e7a ciddi bir hastal\u0131\u011f\u0131n tetikleyicisi olabilir.<\/p>\n<p><img loading=\"lazy\" decoding=\"async\" class=\"size-full wp-image-315652\" src=\"https:\/\/www.tgrthaber.com\/mavikadin\/wp-content\/uploads\/2026\/04\/diz-agrisi-5.jpg\" alt=\"Diz a\u011fr\u0131s\u0131n\u0131n hafife almay\u0131n! Nedeni bel f\u0131t\u0131\u011f\u0131 olabilir\" width=\"1208\" height=\"680\" title=\"\" srcset=\"https:\/\/www.tgrthaber.com\/mavikadin\/wp-content\/uploads\/2026\/04\/diz-agrisi-5.jpg 1208w, https:\/\/www.tgrthaber.com\/mavikadin\/wp-content\/uploads\/2026\/04\/diz-agrisi-5-300x169.jpg 300w, https:\/\/www.tgrthaber.com\/mavikadin\/wp-content\/uploads\/2026\/04\/diz-agrisi-5-1024x576.jpg 1024w, https:\/\/www.tgrthaber.com\/mavikadin\/wp-content\/uploads\/2026\/04\/diz-agrisi-5-768x432.jpg 768w\" sizes=\"(max-width: 1208px) 100vw, 1208px\" \/><\/p>\n<hr \/>\n<h3>D\u0130Z A\u011eRISININ NEDEN\u0130 BEL FITI\u011eI OLAB\u0130L\u0130R!<\/h3>\n<p>Bel f\u0131t\u0131\u011f\u0131 probleminde yaln\u0131zca dize odaklanmak do\u011fru olmasa da <a href=\"https:\/\/www.tgrthaber.com\/mavikadin\/demir-eksikliginin-ardindaki-sir-cogu-kadin-bunu-bilmiyor\/\">diz a\u011fr\u0131s\u0131<\/a>, bel f\u0131t\u0131\u011f\u0131na neden olan \u00f6nemli bir etkendir. \u00d6zellikle dizde yanma, elektrik \u00e7arpmas\u0131 ve uyu\u015fma gibi hissedilen belirtiler bel f\u0131t\u0131\u011f\u0131n\u0131n en b\u00fcy\u00fck habercisidir.<\/p>\n<p><img loading=\"lazy\" decoding=\"async\" class=\"size-full wp-image-315655\" src=\"https:\/\/www.tgrthaber.com\/mavikadin\/wp-content\/uploads\/2026\/04\/diz-agrisi-8.jpg\" alt=\"Diz a\u011fr\u0131s\u0131n\u0131n hafife almay\u0131n! Nedeni bel f\u0131t\u0131\u011f\u0131 olabilir\" width=\"1208\" height=\"680\" title=\"\" srcset=\"https:\/\/www.tgrthaber.com\/mavikadin\/wp-content\/uploads\/2026\/04\/diz-agrisi-8.jpg 1208w, https:\/\/www.tgrthaber.com\/mavikadin\/wp-content\/uploads\/2026\/04\/diz-agrisi-8-300x169.jpg 300w, https:\/\/www.tgrthaber.com\/mavikadin\/wp-content\/uploads\/2026\/04\/diz-agrisi-8-1024x576.jpg 1024w, https:\/\/www.tgrthaber.com\/mavikadin\/wp-content\/uploads\/2026\/04\/diz-agrisi-8-768x432.jpg 768w\" sizes=\"(max-width: 1208px) 100vw, 1208px\" \/><\/p>\n<hr \/>\n<p>Bel f\u0131t\u0131\u011f\u0131nda disk dokusu omurga sinirlerine bask\u0131 yapt\u0131\u011f\u0131nda olu\u015fan bu a\u011fr\u0131 sinir hatt\u0131 boyunca ilerleyebilir. Bu durum sonucunda a\u011fr\u0131, kal\u00e7adan ba\u015flayarak bacak boyunca diz alt\u0131na kadar yay\u0131labilir. Hatta a\u011fr\u0131 d\u0131\u015f\u0131nda uyu\u015fma ve kar\u0131ncalanma hissi gibi \u015fikayetlerde s\u0131kl\u0131kla g\u00f6r\u00fcl\u00fcr.<\/p>\n<p><img loading=\"lazy\" decoding=\"async\" class=\"size-full wp-image-315653\" src=\"https:\/\/www.tgrthaber.com\/mavikadin\/wp-content\/uploads\/2026\/04\/diz-agrisi-6.jpg\" alt=\"Diz a\u011fr\u0131s\u0131n\u0131n hafife almay\u0131n! Nedeni bel f\u0131t\u0131\u011f\u0131 olabilir\" width=\"1208\" height=\"680\" title=\"\" srcset=\"https:\/\/www.tgrthaber.com\/mavikadin\/wp-content\/uploads\/2026\/04\/diz-agrisi-6.jpg 1208w, https:\/\/www.tgrthaber.com\/mavikadin\/wp-content\/uploads\/2026\/04\/diz-agrisi-6-300x169.jpg 300w, https:\/\/www.tgrthaber.com\/mavikadin\/wp-content\/uploads\/2026\/04\/diz-agrisi-6-1024x576.jpg 1024w, https:\/\/www.tgrthaber.com\/mavikadin\/wp-content\/uploads\/2026\/04\/diz-agrisi-6-768x432.jpg 768w\" sizes=\"(max-width: 1208px) 100vw, 1208px\" \/><\/p>\n<hr \/>\n<p>Sizde dizinizdeki a\u011fr\u0131n\u0131n bel f\u0131t\u0131\u011f\u0131 oldu\u011funu d\u00fc\u015f\u00fcn\u00fcyorsan\u0131z, a\u015fa\u011f\u0131daki belirtileri g\u00f6z \u00f6n\u00fcnde bulundurmal\u0131s\u0131n\u0131z:<\/p>\n<ul>\n<li>Kal\u00e7adan baca\u011fa yay\u0131lan a\u011fr\u0131<\/li>\n<li>Diz alt\u0131na inen a\u011fr\u0131<\/li>\n<li>Uyu\u015fma ve kar\u0131ncalanma<\/li>\n<li>Bacakta g\u00fc\u00e7 kayb\u0131<\/li>\n<\/ul>\n","protected":false},"excerpt":{"rendered":"<p>Ge\u00e7mek bilmeyen diz a\u011fr\u0131s\u0131 \u015fikayetiyle kar\u015f\u0131 kar\u015f\u0131ya kal\u0131yorsan\u0131z, sebebi bel f\u0131t\u0131\u011f\u0131 olabilir. Diz a\u011fr\u0131s\u0131n\u0131 kesinlikle hafife almay\u0131n! G\u00f6z ard\u0131 etti\u011finiz diz a\u011fr\u0131lar\u0131n\u0131n altta yatan en b\u00fcy\u00fck nedeni bel f\u0131t\u0131\u011f\u0131 olabilir. \u0130\u015fte detaylar\u2026<\/p>\n","protected":false},"author":26,"featured_media":315649,"comment_status":"closed","ping_status":"closed","sticky":false,"template":"","format":"standard","meta":{"rank_math_lock_modified_date":false,"footnotes":""},"categories":[1991],"tags":[21368,22661,74112,173,16668],"class_list":["post-315648","post","type-post","status-publish","format-standard","has-post-thumbnail","hentry","category-saglik","tag-bel-fitigi","tag-diz-agrisi","tag-diz-agrisi-bel-fitigi","tag-saglik","tag-saglik-haberleri"],"_links":{"self":[{"href":"https:\/\/www.tgrthaber.com\/mavikadin\/wp-json\/wp\/v2\/posts\/315648"}],"collection":[{"href":"https:\/\/www.tgrthaber.com\/mavikadin\/wp-json\/wp\/v2\/posts"}],"about":[{"href":"https:\/\/www.tgrthaber.com\/mavikadin\/wp-json\/wp\/v2\/types\/post"}],"author":[{"embeddable":true,"href":"https:\/\/www.tgrthaber.com\/mavikadin\/wp-json\/wp\/v2\/users\/26"}],"replies":[{"embeddable":true,"href":"https:\/\/www.tgrthaber.com\/mavikadin\/wp-json\/wp\/v2\/comments?post=315648"}],"version-history":[{"count":2,"href":"https:\/\/www.tgrthaber.com\/mavikadin\/wp-json\/wp\/v2\/posts\/315648\/revisions"}],"predecessor-version":[{"id":315659,"href":"https:\/\/www.tgrthaber.com\/mavikadin\/wp-json\/wp\/v2\/posts\/315648\/revisions\/315659"}],"wp:featuredmedia":[{"embeddable":true,"href":"https:\/\/www.tgrthaber.com\/mavikadin\/wp-json\/wp\/v2\/media\/315649"}],"wp:attachment":[{"href":"https:\/\/www.tgrthaber.com\/mavikadin\/wp-json\/wp\/v2\/media?parent=315648"}],"wp:term":[{"taxonomy":"category","embeddable":true,"href":"https:\/\/www.tgrthaber.com\/mavikadin\/wp-json\/wp\/v2\/categories?post=315648"},{"taxonomy":"post_tag","embeddable":true,"href":"https:\/\/www.tgrthaber.com\/mavikadin\/wp-json\/wp\/v2\/tags?post=315648"}],"curies":[{"name":"wp","href":"https:\/\/api.w.org\/{rel}","templated":true}]}}