{"id":315660,"date":"2026-04-27T10:09:50","date_gmt":"2026-04-27T07:09:50","guid":{"rendered":"https:\/\/www.tgrthaber.com\/mavikadin\/?p=315660"},"modified":"2026-04-27T10:09:50","modified_gmt":"2026-04-27T07:09:50","slug":"yildiz-tilbeden-dikkat-ceken-itiraf-artik-yaslandim","status":"publish","type":"post","link":"https:\/\/www.tgrthaber.com\/mavikadin\/yildiz-tilbeden-dikkat-ceken-itiraf-artik-yaslandim\/","title":{"rendered":"Y\u0131ld\u0131z Tilbe\u2019den dikkat \u00e7eken itiraf! \u201cArt\u0131k ya\u015fland\u0131m\u201d"},"content":{"rendered":"<p>Y\u0131llard\u0131r g\u00fc\u00e7l\u00fc sesi, duygusal \u015fark\u0131lar\u0131 ve sahnedeki enerjisiyle geni\u015f bir dinleyici kitlesine ula\u015fan <a href=\"https:\/\/www.tgrthaber.com\/mavikadin\/yildiz-tilbe-enerjisiyle-herkesi-costurdu-perugunu-cikartip-dans-etti\/\">Y\u0131ld\u0131z Tilbe<\/a>, samimi tav\u0131rlar\u0131 ve filtresiz a\u00e7\u0131klamalar\u0131yla da ad\u0131ndan s\u00f6z ettirmeye devam ediyor. Kendine has tarz\u0131 sayesinde magazin d\u00fcnyas\u0131nda her zaman farkl\u0131 bir yerde duran sanat\u00e7\u0131, bu kez sosyal medya al\u0131\u015fkanl\u0131klar\u0131ndaki de\u011fi\u015fiklikle dikkat \u00e7ekti.<\/p>\n<h3>YILDIZ T\u0130LBE\u2019DEN D\u0130KKAT \u00c7EKEN \u0130T\u0130RAF<\/h3>\n<p>Takip\u00e7ileriyle do\u011frudan ileti\u015fim kurmay\u0131 seven <a href=\"https:\/\/www.tgrthaber.com\/mavikadin\/yildiz-tilbe-59-yas-gununu-boyle-kutladi-tarzi-yine-cok-konusuldu\/\">Y\u0131ld\u0131z Tilbe<\/a>, \u00f6zellikle konser sonras\u0131 yapt\u0131\u011f\u0131 payla\u015f\u0131mlarla s\u0131k s\u0131k g\u00fcndeme geliyordu. Ancak \u00fcnl\u00fc isim, yo\u011fun sahne temposunun ard\u0131ndan art\u0131k anl\u0131k payla\u015f\u0131mlar yapmakta zorland\u0131\u011f\u0131n\u0131 ifade etti.<\/p>\n<p><img loading=\"lazy\" decoding=\"async\" class=\"aligncenter size-full wp-image-315662\" src=\"https:\/\/www.tgrthaber.com\/mavikadin\/wp-content\/uploads\/2026\/04\/Yildiz-Tilbe-1.jpg\" alt=\"\" width=\"1200\" height=\"793\" title=\"\" srcset=\"https:\/\/www.tgrthaber.com\/mavikadin\/wp-content\/uploads\/2026\/04\/Yildiz-Tilbe-1.jpg 1200w, https:\/\/www.tgrthaber.com\/mavikadin\/wp-content\/uploads\/2026\/04\/Yildiz-Tilbe-1-300x198.jpg 300w, https:\/\/www.tgrthaber.com\/mavikadin\/wp-content\/uploads\/2026\/04\/Yildiz-Tilbe-1-1024x677.jpg 1024w, https:\/\/www.tgrthaber.com\/mavikadin\/wp-content\/uploads\/2026\/04\/Yildiz-Tilbe-1-768x508.jpg 768w\" sizes=\"(max-width: 1200px) 100vw, 1200px\" \/><\/p>\n<hr \/>\n<p>Yeni karar\u0131n\u0131 duyuran Tilbe, sahne sonras\u0131 ya\u015fad\u0131\u011f\u0131 yorgunlu\u011fa dikkat \u00e7ekerek \u015fu s\u00f6zlerle de\u011fi\u015fikli\u011fin nedenini a\u00e7\u0131klad\u0131:<\/p>\n<p>\u201cArt\u0131k ya\u015fland\u0131m. Sahne sonras\u0131 eve geldi\u011fimde pilim bitiyor. O y\u00fczden sahnemden foto\u011fraflar\u0131 daha sonra sizinle payla\u015f\u0131yorum.\u201d<\/p>\n<p>Bu a\u00e7\u0131klamas\u0131yla hayranlar\u0131ndan anlay\u0131\u015f bekleyen Tilbe, sosyal medyada daha sakin ve planl\u0131 bir payla\u015f\u0131m s\u00fcrecine ge\u00e7ece\u011finin sinyalini verdi.<\/p>\n<p><img loading=\"lazy\" decoding=\"async\" class=\"aligncenter size-full wp-image-315663\" src=\"https:\/\/www.tgrthaber.com\/mavikadin\/wp-content\/uploads\/2026\/04\/Yildiz-Tilbe-1.png\" alt=\"\" width=\"1136\" height=\"672\" title=\"\" srcset=\"https:\/\/www.tgrthaber.com\/mavikadin\/wp-content\/uploads\/2026\/04\/Yildiz-Tilbe-1.png 1136w, https:\/\/www.tgrthaber.com\/mavikadin\/wp-content\/uploads\/2026\/04\/Yildiz-Tilbe-1-300x177.png 300w, https:\/\/www.tgrthaber.com\/mavikadin\/wp-content\/uploads\/2026\/04\/Yildiz-Tilbe-1-1024x606.png 1024w, https:\/\/www.tgrthaber.com\/mavikadin\/wp-content\/uploads\/2026\/04\/Yildiz-Tilbe-1-768x454.png 768w\" sizes=\"(max-width: 1136px) 100vw, 1136px\" \/><\/p>\n<hr \/>\n<h3>YILDIZ T\u0130LBE K\u0130MD\u0130R?<\/h3>\n<p>T\u00fcrk m\u00fczi\u011finde kendine has \u00fcslubu, g\u00fc\u00e7l\u00fc yorumu ve derinlikli s\u00f6zleriyle ayr\u0131 bir yere sahip olan Y\u0131ld\u0131z Tilbe, sadece bir \u015fark\u0131c\u0131 de\u011fil; ayn\u0131 zamanda \u00fcretken bir s\u00f6z yazar\u0131 ve besteci olarak da \u00f6ne \u00e7\u0131k\u0131yor. 16 Temmuz 1966\u2019da \u0130zmir\u2019de d\u00fcnyaya gelen sanat\u00e7\u0131, y\u0131llar i\u00e7inde kurdu\u011fu duygusal ba\u011f ve sahnedeki etkileyici performanslar\u0131yla geni\u015f bir dinleyici kitlesinin g\u00f6nl\u00fcnde taht kurdu.<\/p>\n<p><img loading=\"lazy\" decoding=\"async\" class=\"aligncenter size-full wp-image-315664\" src=\"https:\/\/www.tgrthaber.com\/mavikadin\/wp-content\/uploads\/2026\/04\/Yildiz-Tilbe-2.jpg\" alt=\"\" width=\"1280\" height=\"640\" title=\"\" srcset=\"https:\/\/www.tgrthaber.com\/mavikadin\/wp-content\/uploads\/2026\/04\/Yildiz-Tilbe-2.jpg 1280w, https:\/\/www.tgrthaber.com\/mavikadin\/wp-content\/uploads\/2026\/04\/Yildiz-Tilbe-2-300x150.jpg 300w, https:\/\/www.tgrthaber.com\/mavikadin\/wp-content\/uploads\/2026\/04\/Yildiz-Tilbe-2-1024x512.jpg 1024w, https:\/\/www.tgrthaber.com\/mavikadin\/wp-content\/uploads\/2026\/04\/Yildiz-Tilbe-2-768x384.jpg 768w\" sizes=\"(max-width: 1280px) 100vw, 1280px\" \/><\/p>\n<hr \/>\n<h3>M\u00fczikle yo\u011frulan bir hayat<\/h3>\n<p>M\u00fczi\u011fe gen\u00e7 ya\u015flarda ad\u0131m atan Tilbe, uzun y\u0131llar sahnelerde \u015fark\u0131 s\u00f6yleyerek kendini geli\u015ftirdi. Sanat hayat\u0131ndaki en \u00f6nemli k\u0131r\u0131lma noktalar\u0131ndan biri ise Sezen Aksu ile \u00e7al\u0131\u015ft\u0131\u011f\u0131 d\u00f6nem oldu. Bu s\u00fcre\u00e7te hem sahne deneyimini peki\u015ftirdi hem de m\u00fczik d\u00fcnyas\u0131nda daha g\u00f6r\u00fcn\u00fcr hale gelerek ad\u0131n\u0131 geni\u015f kitlelere duyurdu.<\/p>\n<p>1990\u2019l\u0131 y\u0131llarda yay\u0131mlad\u0131\u011f\u0131 alb\u00fcmlerle b\u00fcy\u00fck bir \u00e7\u0131k\u0131\u015f yakalayan sanat\u00e7\u0131, k\u0131sa s\u00fcrede T\u00fcrk pop ve arabesk m\u00fczi\u011fin en g\u00fc\u00e7l\u00fc kad\u0131n seslerinden biri olarak konumland\u0131. Kendine \u00f6zg\u00fc tarz\u0131 sayesinde m\u00fczikte kal\u0131plar\u0131n d\u0131\u015f\u0131na \u00e7\u0131kmay\u0131 ba\u015faran Tilbe, y\u0131llar ge\u00e7se de pop\u00fclerli\u011fini korumay\u0131 ba\u015fard\u0131.<\/p>\n<p><img loading=\"lazy\" decoding=\"async\" class=\"aligncenter size-full wp-image-315665\" src=\"https:\/\/www.tgrthaber.com\/mavikadin\/wp-content\/uploads\/2026\/04\/Yildiz-Tilbe-1.webp\" alt=\"\" width=\"1280\" height=\"720\" title=\"\" srcset=\"https:\/\/www.tgrthaber.com\/mavikadin\/wp-content\/uploads\/2026\/04\/Yildiz-Tilbe-1.webp 1280w, https:\/\/www.tgrthaber.com\/mavikadin\/wp-content\/uploads\/2026\/04\/Yildiz-Tilbe-1-300x169.webp 300w, https:\/\/www.tgrthaber.com\/mavikadin\/wp-content\/uploads\/2026\/04\/Yildiz-Tilbe-1-1024x576.webp 1024w, https:\/\/www.tgrthaber.com\/mavikadin\/wp-content\/uploads\/2026\/04\/Yildiz-Tilbe-1-768x432.webp 768w\" sizes=\"(max-width: 1280px) 100vw, 1280px\" \/><\/p>\n<hr \/>\n<h3>Y\u0131ld\u0131z Tilbe\u2019yi farkl\u0131 k\u0131lan ne?<\/h3>\n<p>Y\u0131ld\u0131z Tilbe\u2019yi benzerlerinden ay\u0131ran en \u00f6nemli unsurlar\u0131n ba\u015f\u0131nda, \u015fark\u0131 s\u00f6zlerindeki yo\u011fun duygu ve samimiyet geliyor. A\u015fk, ayr\u0131l\u0131k ve hayat\u0131n i\u00e7inden temalar\u0131 yal\u0131n ama etkileyici bir dille anlatan sanat\u00e7\u0131, dinleyicisine do\u011frudan dokunmay\u0131 ba\u015far\u0131yor. G\u00fc\u00e7l\u00fc ve \u00f6zg\u00fcn vokali, \u015fark\u0131lara katt\u0131\u011f\u0131 yorum g\u00fcc\u00fc ve sahnedeki y\u00fcksek enerjisi de onun en dikkat \u00e7eken \u00f6zellikleri aras\u0131nda yer al\u0131yor.<\/p>\n<p>Ayr\u0131ca filtresiz ki\u015fili\u011fi, do\u011fal tav\u0131rlar\u0131 ve zaman zaman g\u00fcndem olan a\u00e7\u0131klamalar\u0131, Tilbe\u2019yi sadece m\u00fczikte de\u011fil magazin d\u00fcnyas\u0131nda da konu\u015fulan bir fig\u00fcr haline getiriyor.<\/p>\n<p><img loading=\"lazy\" decoding=\"async\" class=\"aligncenter size-full wp-image-315666\" src=\"https:\/\/www.tgrthaber.com\/mavikadin\/wp-content\/uploads\/2026\/04\/Yildiz-Tilbe-2.webp\" alt=\"\" width=\"1230\" height=\"692\" title=\"\" srcset=\"https:\/\/www.tgrthaber.com\/mavikadin\/wp-content\/uploads\/2026\/04\/Yildiz-Tilbe-2.webp 1230w, https:\/\/www.tgrthaber.com\/mavikadin\/wp-content\/uploads\/2026\/04\/Yildiz-Tilbe-2-300x169.webp 300w, https:\/\/www.tgrthaber.com\/mavikadin\/wp-content\/uploads\/2026\/04\/Yildiz-Tilbe-2-1024x576.webp 1024w, https:\/\/www.tgrthaber.com\/mavikadin\/wp-content\/uploads\/2026\/04\/Yildiz-Tilbe-2-768x432.webp 768w\" sizes=\"(max-width: 1230px) 100vw, 1230px\" \/><\/p>\n<hr \/>\n<h3>Dillerden d\u00fc\u015fmeyen \u015fark\u0131lar<\/h3>\n<p>Y\u0131ld\u0131z Tilbe\u2019nin y\u0131llar i\u00e7inde haf\u0131zalara kaz\u0131nan pek \u00e7ok eseri bulunuyor. Bu \u015fark\u0131lar yaln\u0131zca d\u00f6neminin de\u011fil, g\u00fcn\u00fcm\u00fcz\u00fcn de en \u00e7ok dinlenen par\u00e7alar\u0131 aras\u0131nda yer al\u0131yor:<\/p>\n<p>\u201cDelikanl\u0131m\u201d<br \/>\n\u201c\u00c7abuk Olal\u0131m A\u015fk\u0131m\u201d<br \/>\n\u201cA\u015fk Laftan Anlamaz Ki\u201d<br \/>\n\u201cVazge\u00e7tim\u201d<\/p>\n","protected":false},"excerpt":{"rendered":"<p>Magazin d\u00fcnyas\u0131n\u0131n en \u00f6zg\u00fcn isimlerinden Y\u0131ld\u0131z Tilbe, sosyal medya kullan\u0131m\u0131na dair ald\u0131\u011f\u0131 yeni kararla g\u00fcndeme geldi. \u00dcnl\u00fc sanat\u00e7\u0131, konser sonras\u0131 anl\u0131k payla\u015f\u0131m bekleyen hayranlar\u0131na seslenerek art\u0131k i\u00e7eriklerini hemen de\u011fil, daha sonra payla\u015faca\u011f\u0131n\u0131 a\u00e7\u0131klad\u0131. Tilbe, \u201cArt\u0131k ya\u015fland\u0131m. Sahne sonras\u0131 eve geldi\u011fimde pilim bitiyor\u201d dedi.<\/p>\n","protected":false},"author":5,"featured_media":315661,"comment_status":"closed","ping_status":"closed","sticky":false,"template":"","format":"standard","meta":{"rank_math_lock_modified_date":false,"footnotes":""},"categories":[76],"tags":[133,2826,25843],"class_list":["post-315660","post","type-post","status-publish","format-standard","has-post-thumbnail","hentry","category-magazin","tag-magazin","tag-yildiz-tilbe","tag-yildiz-tilbe-konser"],"_links":{"self":[{"href":"https:\/\/www.tgrthaber.com\/mavikadin\/wp-json\/wp\/v2\/posts\/315660"}],"collection":[{"href":"https:\/\/www.tgrthaber.com\/mavikadin\/wp-json\/wp\/v2\/posts"}],"about":[{"href":"https:\/\/www.tgrthaber.com\/mavikadin\/wp-json\/wp\/v2\/types\/post"}],"author":[{"embeddable":true,"href":"https:\/\/www.tgrthaber.com\/mavikadin\/wp-json\/wp\/v2\/users\/5"}],"replies":[{"embeddable":true,"href":"https:\/\/www.tgrthaber.com\/mavikadin\/wp-json\/wp\/v2\/comments?post=315660"}],"version-history":[{"count":2,"href":"https:\/\/www.tgrthaber.com\/mavikadin\/wp-json\/wp\/v2\/posts\/315660\/revisions"}],"predecessor-version":[{"id":315668,"href":"https:\/\/www.tgrthaber.com\/mavikadin\/wp-json\/wp\/v2\/posts\/315660\/revisions\/315668"}],"wp:featuredmedia":[{"embeddable":true,"href":"https:\/\/www.tgrthaber.com\/mavikadin\/wp-json\/wp\/v2\/media\/315661"}],"wp:attachment":[{"href":"https:\/\/www.tgrthaber.com\/mavikadin\/wp-json\/wp\/v2\/media?parent=315660"}],"wp:term":[{"taxonomy":"category","embeddable":true,"href":"https:\/\/www.tgrthaber.com\/mavikadin\/wp-json\/wp\/v2\/categories?post=315660"},{"taxonomy":"post_tag","embeddable":true,"href":"https:\/\/www.tgrthaber.com\/mavikadin\/wp-json\/wp\/v2\/tags?post=315660"}],"curies":[{"name":"wp","href":"https:\/\/api.w.org\/{rel}","templated":true}]}}