{"id":315669,"date":"2026-04-27T10:48:56","date_gmt":"2026-04-27T07:48:56","guid":{"rendered":"https:\/\/www.tgrthaber.com\/mavikadin\/?p=315669"},"modified":"2026-04-27T10:48:56","modified_gmt":"2026-04-27T07:48:56","slug":"tig-isi-canta-yeniden-moda-oldu-2026","status":"publish","type":"post","link":"https:\/\/www.tgrthaber.com\/mavikadin\/tig-isi-canta-yeniden-moda-oldu-2026\/","title":{"rendered":"T\u0131\u011f i\u015fi \u00e7anta yeniden moda oldu 2026"},"content":{"rendered":"<p>El eme\u011finin zarafetini modern moda anlay\u0131\u015f\u0131yla bulu\u015fturan <a href=\"https:\/\/www.tgrthaber.com\/mavikadin\/en-kolay-orgu-modeliyle-yazin-tarzini-siz-olusturun-2026\/\">t\u0131\u011f i\u015fi<\/a> \u00e7antalar, 2026 y\u0131l\u0131nda g\u00fc\u00e7l\u00fc bir geri d\u00f6n\u00fc\u015f yaparak sokak stilinin en dikkat \u00e7eken aksesuarlar\u0131 aras\u0131nda yerini ald\u0131. Bir d\u00f6nem yaln\u0131zca \u201cnostaljik el i\u015fi\u201d olarak de\u011ferlendirilen bu \u00e7antalar, bug\u00fcn hem \u00fcnl\u00fc tasar\u0131mc\u0131lar\u0131n koleksiyonlar\u0131nda hem de sosyal medya trendlerinde yeniden \u00f6ne \u00e7\u0131k\u0131yor.<\/p>\n<h3>TI\u011e \u0130\u015e\u0130 \u00c7ANTA YEN\u0130DEN MODA OLDU 2026<\/h3>\n<p>Son y\u0131llarda moda d\u00fcnyas\u0131nda \u201ch\u0131zl\u0131 t\u00fcketim\u201d yerine s\u00fcrd\u00fcr\u00fclebilir ve uzun \u00f6m\u00fcrl\u00fc \u00fcr\u00fcnlere y\u00f6nelim artt\u0131. <a href=\"https:\/\/www.tgrthaber.com\/mavikadin\/herkesin-bayilarak-yaptigi-orgu-modeli-2026-yilinda-yeniden-populer-oldu\/\">T\u0131\u011f i\u015fi<\/a> \u00e7antalar da bu d\u00f6n\u00fc\u015f\u00fcm\u00fcn en g\u00fc\u00e7l\u00fc temsilcilerinden biri olarak \u00f6ne \u00e7\u0131k\u0131yor. El eme\u011fiyle \u00fcretildikleri i\u00e7in her biri benzersiz olan bu \u00e7antalar, seri \u00fcretim \u00fcr\u00fcnlere alternatif olarak g\u00f6r\u00fcl\u00fcyor.<\/p>\n<p><img loading=\"lazy\" decoding=\"async\" class=\"aligncenter size-full wp-image-315671\" src=\"https:\/\/www.tgrthaber.com\/mavikadin\/wp-content\/uploads\/2026\/04\/canta-1.png\" alt=\"\" width=\"1208\" height=\"680\" title=\"\" srcset=\"https:\/\/www.tgrthaber.com\/mavikadin\/wp-content\/uploads\/2026\/04\/canta-1.png 1208w, https:\/\/www.tgrthaber.com\/mavikadin\/wp-content\/uploads\/2026\/04\/canta-1-300x169.png 300w, https:\/\/www.tgrthaber.com\/mavikadin\/wp-content\/uploads\/2026\/04\/canta-1-1024x576.png 1024w, https:\/\/www.tgrthaber.com\/mavikadin\/wp-content\/uploads\/2026\/04\/canta-1-768x432.png 768w\" sizes=\"(max-width: 1208px) 100vw, 1208px\" \/><\/p>\n<hr \/>\n<p>Ayr\u0131ca \u00e7evre dostu ipliklerin kullan\u0131lmas\u0131 ve geri d\u00f6n\u00fc\u015ft\u00fcr\u00fclebilir materyallerle \u00fcretilmesi, t\u0131\u011f i\u015fi \u00e7antalar\u0131n \u00e7evre bilincine sahip t\u00fcketiciler aras\u0131nda daha da yayg\u0131nla\u015fmas\u0131n\u0131 sa\u011flad\u0131. \u00d6zellikle gen\u00e7 t\u00fcketiciler, \u201caz ama anlaml\u0131 t\u00fcketim\u201d anlay\u0131\u015f\u0131yla bu tarz \u00fcr\u00fcnlere y\u00f6neliyor.<\/p>\n<h3>SOSYAL MEDYA ETK\u0130S\u0130 VE \u0130NFLUENCER TREND\u0130<\/h3>\n<p>T\u0131\u011f i\u015fi \u00e7antalar\u0131n yeniden g\u00fcndeme gelmesinde sosyal medya platformlar\u0131n\u0131n etkisi olduk\u00e7a b\u00fcy\u00fck. Instagram, TikTok ve Pinterest gibi platformlarda payla\u015f\u0131lan kombinler, bu \u00e7antalar\u0131n pop\u00fclerli\u011fini k\u0131sa s\u00fcrede art\u0131rd\u0131. \u00d6zellikle yaz aylar\u0131nda plaj kombinlerinde, festival stillerinde ve g\u00fcnl\u00fck \u015fehir kombinlerinde s\u0131k\u00e7a tercih ediliyor.<\/p>\n<p><img loading=\"lazy\" decoding=\"async\" class=\"aligncenter size-full wp-image-315672\" src=\"https:\/\/www.tgrthaber.com\/mavikadin\/wp-content\/uploads\/2026\/04\/canta-2.png\" alt=\"\" width=\"1208\" height=\"680\" title=\"\" srcset=\"https:\/\/www.tgrthaber.com\/mavikadin\/wp-content\/uploads\/2026\/04\/canta-2.png 1208w, https:\/\/www.tgrthaber.com\/mavikadin\/wp-content\/uploads\/2026\/04\/canta-2-300x169.png 300w, https:\/\/www.tgrthaber.com\/mavikadin\/wp-content\/uploads\/2026\/04\/canta-2-1024x576.png 1024w, https:\/\/www.tgrthaber.com\/mavikadin\/wp-content\/uploads\/2026\/04\/canta-2-768x432.png 768w\" sizes=\"(max-width: 1208px) 100vw, 1208px\" \/><\/p>\n<hr \/>\n<p>Moda influencer\u2019lar\u0131, renkli ve desenli t\u0131\u011f i\u015fi \u00e7antalar\u0131 sade k\u0131yafetlerle kombinleyerek bu par\u00e7alar\u0131 adeta stilin odak noktas\u0131 haline getiriyor. Bu durum, t\u00fcketicilerde \u201cben de yapabilirim\u201d alg\u0131s\u0131 olu\u015fturarak DIY (kendin yap) trendini de destekliyor.<\/p>\n<h3>2026 MODA TRENDLER\u0130NDE TI\u011e \u0130\u015e\u0130 DETAYLAR<\/h3>\n<p>2026 moda trendleri incelendi\u011finde yaln\u0131zca \u00e7antalarda de\u011fil, k\u0131yafet ve aksesuarlar\u0131n genelinde de t\u0131\u011f i\u015fi detaylar\u0131n \u00f6ne \u00e7\u0131kt\u0131\u011f\u0131 g\u00f6r\u00fcl\u00fcyor.<\/p>\n<p>\u00d6zellikle yaz koleksiyonlar\u0131nda:<\/p>\n<p>T\u0131\u011f i\u015fi mini \u00e7antalar<br \/>\nB\u00fcy\u00fck ve renkli tote modeller<br \/>\nBoncuk detayl\u0131 bohem tasar\u0131mlar<br \/>\nMinimal pastel tonlu el yap\u0131m\u0131 \u00e7antalar<br \/>\ndikkat \u00e7ekiyor. Tasar\u0131mc\u0131lar, bu par\u00e7alar\u0131 hem g\u00fcnl\u00fck giyimde hem de l\u00fcks koleksiyonlarda yeniden yorumluyor.<\/p>\n<p><img loading=\"lazy\" decoding=\"async\" class=\"aligncenter size-full wp-image-315673\" src=\"https:\/\/www.tgrthaber.com\/mavikadin\/wp-content\/uploads\/2026\/04\/canta-3.png\" alt=\"\" width=\"1208\" height=\"680\" title=\"\" srcset=\"https:\/\/www.tgrthaber.com\/mavikadin\/wp-content\/uploads\/2026\/04\/canta-3.png 1208w, https:\/\/www.tgrthaber.com\/mavikadin\/wp-content\/uploads\/2026\/04\/canta-3-300x169.png 300w, https:\/\/www.tgrthaber.com\/mavikadin\/wp-content\/uploads\/2026\/04\/canta-3-1024x576.png 1024w, https:\/\/www.tgrthaber.com\/mavikadin\/wp-content\/uploads\/2026\/04\/canta-3-768x432.png 768w\" sizes=\"(max-width: 1208px) 100vw, 1208px\" \/><\/p>\n<hr \/>\n<h3>KOMB\u0130N \u00d6NER\u0130LER\u0130: TI\u011e \u0130\u015e\u0130 \u00c7ANTA NASIL KULLANILIR?<\/h3>\n<p>T\u0131\u011f i\u015fi \u00e7antalar, \u00e7ok y\u00f6nl\u00fc yap\u0131lar\u0131 sayesinde farkl\u0131 stillerle kolayca uyum sa\u011flar. G\u00fcnl\u00fck kullan\u0131mda sade bir jean ve beyaz ti\u015f\u00f6rt kombiniyle do\u011fal bir g\u00f6r\u00fcn\u00fcm elde edilebilir. Yaz aylar\u0131nda ise elbiselerle birlikte kullan\u0131ld\u0131\u011f\u0131nda bohem bir hava sunar.<\/p>\n<p><img loading=\"lazy\" decoding=\"async\" class=\"aligncenter size-full wp-image-315675\" src=\"https:\/\/www.tgrthaber.com\/mavikadin\/wp-content\/uploads\/2026\/04\/canta-6.png\" alt=\"\" width=\"1208\" height=\"680\" title=\"\" srcset=\"https:\/\/www.tgrthaber.com\/mavikadin\/wp-content\/uploads\/2026\/04\/canta-6.png 1208w, https:\/\/www.tgrthaber.com\/mavikadin\/wp-content\/uploads\/2026\/04\/canta-6-300x169.png 300w, https:\/\/www.tgrthaber.com\/mavikadin\/wp-content\/uploads\/2026\/04\/canta-6-1024x576.png 1024w, https:\/\/www.tgrthaber.com\/mavikadin\/wp-content\/uploads\/2026\/04\/canta-6-768x432.png 768w\" sizes=\"(max-width: 1208px) 100vw, 1208px\" \/><\/p>\n<hr \/>\n<p>Plaj stilinde ise b\u00fcy\u00fck boy t\u0131\u011f i\u015fi \u00e7antalar hem \u015f\u0131k hem de pratik bir se\u00e7enek sunar. \u0130\u00e7ine havlu, g\u00fcne\u015f kremi ve ki\u015fisel e\u015fyalar rahatl\u0131kla yerle\u015ftirilebilir. Daha \u015fehirli bir stil i\u00e7in ise pastel tonlarda k\u00fc\u00e7\u00fck t\u0131\u011f i\u015fi \u00e7antalar minimal kombinleri tamamlayan g\u00fc\u00e7l\u00fc bir aksesuar olur.<\/p>\n<p><img loading=\"lazy\" decoding=\"async\" class=\"aligncenter size-full wp-image-315674\" src=\"https:\/\/www.tgrthaber.com\/mavikadin\/wp-content\/uploads\/2026\/04\/canta-4.png\" alt=\"\" width=\"1208\" height=\"680\" title=\"\" srcset=\"https:\/\/www.tgrthaber.com\/mavikadin\/wp-content\/uploads\/2026\/04\/canta-4.png 1208w, https:\/\/www.tgrthaber.com\/mavikadin\/wp-content\/uploads\/2026\/04\/canta-4-300x169.png 300w, https:\/\/www.tgrthaber.com\/mavikadin\/wp-content\/uploads\/2026\/04\/canta-4-1024x576.png 1024w, https:\/\/www.tgrthaber.com\/mavikadin\/wp-content\/uploads\/2026\/04\/canta-4-768x432.png 768w\" sizes=\"(max-width: 1208px) 100vw, 1208px\" \/><\/p>\n<hr \/>\n<h3>DIY AKIMIYLA K\u0130\u015e\u0130SELLE\u015eT\u0130RME TREND\u0130<\/h3>\n<p>T\u0131\u011f i\u015fi \u00e7antalar\u0131n en dikkat \u00e7ekici y\u00f6nlerinden biri de ki\u015fiselle\u015ftirilebilir olmas\u0131d\u0131r. Bir\u00e7ok ki\u015fi kendi \u00e7antas\u0131n\u0131 yapmak i\u00e7in t\u0131\u011f i\u015fi \u00f6\u011frenmeye y\u00f6neliyor. Renk se\u00e7imi, desenler ve eklenen aksesuarlarla tamamen \u00f6zg\u00fcn tasar\u0131mlar ortaya \u00e7\u0131k\u0131yor.<\/p>\n<p>Boncuklar, p\u00fcsk\u00fcller ve metal detaylar eklenerek her \u00e7anta ki\u015fisel bir sanat eserine d\u00f6n\u00fc\u015febiliyor.<\/p>\n","protected":false},"excerpt":{"rendered":"<p>El eme\u011finin zarafetini modern moda ile bulu\u015fturan t\u0131\u011f i\u015fi \u00e7antalar, 2026 y\u0131l\u0131nda yeniden g\u00fc\u00e7l\u00fc bir d\u00f6n\u00fc\u015f yaparak sokak modas\u0131n\u0131n en dikkat \u00e7ekici par\u00e7alar\u0131ndan biri haline geldi. Bir d\u00f6nem \u201cnostaljik el i\u015fi\u201d olarak g\u00f6r\u00fclen bu aksesuarlar, bug\u00fcn hem tasar\u0131mc\u0131 koleksiyonlar\u0131nda hem de sosyal medya trendlerinde \u00f6ne \u00e7\u0131k\u0131yor. \u00d6zellikle s\u00fcrd\u00fcr\u00fclebilir moda ak\u0131m\u0131n\u0131n g\u00fc\u00e7lenmesi, t\u0131\u011f i\u015fi \u00e7antalar\u0131n yeniden pop\u00fcler olmas\u0131nda \u00f6nemli bir rol oynuyor.<\/p>\n","protected":false},"author":5,"featured_media":315670,"comment_status":"closed","ping_status":"closed","sticky":false,"template":"","format":"standard","meta":{"rank_math_lock_modified_date":false,"footnotes":""},"categories":[1797],"tags":[26510,24835,74113],"class_list":["post-315669","post","type-post","status-publish","format-standard","has-post-thumbnail","hentry","category-orgu-hobi","tag-orgu-canta","tag-orgu-hobi","tag-tig-isi-canta"],"_links":{"self":[{"href":"https:\/\/www.tgrthaber.com\/mavikadin\/wp-json\/wp\/v2\/posts\/315669"}],"collection":[{"href":"https:\/\/www.tgrthaber.com\/mavikadin\/wp-json\/wp\/v2\/posts"}],"about":[{"href":"https:\/\/www.tgrthaber.com\/mavikadin\/wp-json\/wp\/v2\/types\/post"}],"author":[{"embeddable":true,"href":"https:\/\/www.tgrthaber.com\/mavikadin\/wp-json\/wp\/v2\/users\/5"}],"replies":[{"embeddable":true,"href":"https:\/\/www.tgrthaber.com\/mavikadin\/wp-json\/wp\/v2\/comments?post=315669"}],"version-history":[{"count":2,"href":"https:\/\/www.tgrthaber.com\/mavikadin\/wp-json\/wp\/v2\/posts\/315669\/revisions"}],"predecessor-version":[{"id":315677,"href":"https:\/\/www.tgrthaber.com\/mavikadin\/wp-json\/wp\/v2\/posts\/315669\/revisions\/315677"}],"wp:featuredmedia":[{"embeddable":true,"href":"https:\/\/www.tgrthaber.com\/mavikadin\/wp-json\/wp\/v2\/media\/315670"}],"wp:attachment":[{"href":"https:\/\/www.tgrthaber.com\/mavikadin\/wp-json\/wp\/v2\/media?parent=315669"}],"wp:term":[{"taxonomy":"category","embeddable":true,"href":"https:\/\/www.tgrthaber.com\/mavikadin\/wp-json\/wp\/v2\/categories?post=315669"},{"taxonomy":"post_tag","embeddable":true,"href":"https:\/\/www.tgrthaber.com\/mavikadin\/wp-json\/wp\/v2\/tags?post=315669"}],"curies":[{"name":"wp","href":"https:\/\/api.w.org\/{rel}","templated":true}]}}