{"id":315678,"date":"2026-04-27T11:08:26","date_gmt":"2026-04-27T08:08:26","guid":{"rendered":"https:\/\/www.tgrthaber.com\/mavikadin\/?p=315678"},"modified":"2026-04-27T11:08:27","modified_gmt":"2026-04-27T08:08:27","slug":"ince-telli-saclar-neden-cabuk-yaglanir-yagli-saclar-icin-muhtesem-maske","status":"publish","type":"post","link":"https:\/\/www.tgrthaber.com\/mavikadin\/ince-telli-saclar-neden-cabuk-yaglanir-yagli-saclar-icin-muhtesem-maske\/","title":{"rendered":"\u0130nce telli sa\u00e7lar neden \u00e7abuk ya\u011flan\u0131r? Ya\u011fl\u0131 sa\u00e7lar i\u00e7in muhte\u015fem maske!"},"content":{"rendered":"<p>\u0130nce telli sa\u00e7lar neden \u00e7abuk ya\u011flan\u0131r? Sorusu merakla ara\u015ft\u0131r\u0131lmaya ba\u015fland\u0131. \u00c7\u00fcnk\u00fc ince telli bir <a href=\"https:\/\/www.tgrthaber.com\/mavikadin\/sac-dokulmesini-gizli-nedeni-ortaya-cikti-cogu-kisi-bunu-bilmiyor\/\">sa\u00e7<\/a>lar yap\u0131lar\u0131 nedeniyle ya\u011f\u0131 daha h\u0131zl\u0131 emdikleri i\u00e7in daha kolay ya\u011flanabilir. Bu sebeple de ince telli sa\u00e7lar her g\u00fcn y\u0131kama ile g\u00fcndeme geliyor. Ancak her g\u00fcn y\u0131kanan sa\u00e7\u0131n yap\u0131s\u0131nda ya da lafa derisinde istenmeyen durumlar meydana gelebilir. Bizde sizin i\u00e7in ya\u011fl\u0131 sa\u00e7lar i\u00e7in muhte\u015fem maske tarifini ara\u015ft\u0131rd\u0131k. \u0130\u015fte detaylar\u2026<\/p>\n<h3>\u0130NCE TELL\u0130 SA\u00c7LAR NEDEN \u00c7ABUK YA\u011eLANIR?<\/h3>\n<p><a href=\"https:\/\/www.tgrthaber.com\/mavikadin\/sac-diplerini-guclendirir-koparak-dokulmeleri-azaltir-evde-denemeyi-unutmayin\/\">Sa\u00e7<\/a> derimizde bulunan sebase bezleri, sebum ad\u0131 verilen do\u011fal bir ya\u011f olarak kar\u015f\u0131m\u0131za \u00e7\u0131kmaktad\u0131r. Asl\u0131nda bu sa\u00e7\u0131n temel i\u015flevi, sa\u00e7 tellerimizi ve sa\u00e7 derimizi nemlendirmek, korumak ve sa\u011flamaktad\u0131r. Bu sebeple de bu sorunun cevab\u0131n\u0131n temelinde bu biyolojik s\u00fcre\u00e7 yat\u0131yor. Sebum \u00fcretimi, v\u00fccudumuzun do\u011fal bir savunma mekanizmas\u0131d\u0131r asl\u0131nda.<\/p>\n<p><img loading=\"lazy\" decoding=\"async\" class=\"alignnone size-full wp-image-315681\" src=\"https:\/\/www.tgrthaber.com\/mavikadin\/wp-content\/uploads\/2026\/04\/ARZU-86-4.jpg\" alt=\"\u0130nce telli sa\u00e7lar neden \u00e7abuk ya\u011flan\u0131r? Ya\u011fl\u0131 sa\u00e7lar i\u00e7in muhte\u015fem maske!\" width=\"1208\" height=\"680\" title=\"\" srcset=\"https:\/\/www.tgrthaber.com\/mavikadin\/wp-content\/uploads\/2026\/04\/ARZU-86-4.jpg 1208w, https:\/\/www.tgrthaber.com\/mavikadin\/wp-content\/uploads\/2026\/04\/ARZU-86-4-300x169.jpg 300w, https:\/\/www.tgrthaber.com\/mavikadin\/wp-content\/uploads\/2026\/04\/ARZU-86-4-1024x576.jpg 1024w, https:\/\/www.tgrthaber.com\/mavikadin\/wp-content\/uploads\/2026\/04\/ARZU-86-4-768x432.jpg 768w\" sizes=\"(max-width: 1208px) 100vw, 1208px\" \/><\/p>\n<hr \/>\n<p>Bu durumda da tamamen durmas\u0131 sa\u00e7lar\u0131n kurumas\u0131na yol a\u00e7ar. Kuruyan sa\u00e7lar k\u0131r\u0131lganla\u015fmas\u0131na ve sa\u00e7 derisinin tahri\u015f olmas\u0131na neden olur. Ancak bu \u00fcretim dengesiz hale gelirse sa\u00e7lar\u0131n \u00e7abuk ya\u011flanmas\u0131 durumu da meydana gelebilir. G\u00fcnl\u00fc olarak sebum \u00fcreten ki\u015fiden ki\u015fiye de\u011fi\u015firken ortalama 1-4 mg aras\u0131nda oldu\u011fu belirtilmi\u015ftir.<\/p>\n<p><img loading=\"lazy\" decoding=\"async\" class=\"alignnone size-full wp-image-315683\" src=\"https:\/\/www.tgrthaber.com\/mavikadin\/wp-content\/uploads\/2026\/04\/ARZU-84-4.jpg\" alt=\"\u0130nce telli sa\u00e7lar neden \u00e7abuk ya\u011flan\u0131r? Ya\u011fl\u0131 sa\u00e7lar i\u00e7in muhte\u015fem maske!\" width=\"1208\" height=\"680\" title=\"\" srcset=\"https:\/\/www.tgrthaber.com\/mavikadin\/wp-content\/uploads\/2026\/04\/ARZU-84-4.jpg 1208w, https:\/\/www.tgrthaber.com\/mavikadin\/wp-content\/uploads\/2026\/04\/ARZU-84-4-300x169.jpg 300w, https:\/\/www.tgrthaber.com\/mavikadin\/wp-content\/uploads\/2026\/04\/ARZU-84-4-1024x576.jpg 1024w, https:\/\/www.tgrthaber.com\/mavikadin\/wp-content\/uploads\/2026\/04\/ARZU-84-4-768x432.jpg 768w\" sizes=\"(max-width: 1208px) 100vw, 1208px\" \/><\/p>\n<hr \/>\n<p>Asl\u0131nda sa\u00e7lar\u0131n\u0131z\u0131n neden s\u00fcrekli olarak ya\u011flanmas\u0131n\u0131n en \u00f6nemli nedenlerinden biri de ailevi yatk\u0131nl\u0131k oluyor. \u00c7\u00fcnk\u00fc sebase bezlerin yap\u0131s\u0131n\u0131 ve aktivitesinin belirleyen en temel unsurlar aras\u0131nda yer al\u0131r. E\u011fer ki ya\u011fl\u0131 bir sa\u00e7 tipine sahip anne ve baban\u0131n \u00e7ocu\u011fu da muhtemel sa\u00e7l\u0131 olacakt\u0131r. Ayr\u0131ca stresin de sa\u00e7 ya\u011flanma durumuna etkisi vard\u0131r. \u00c7\u00fcnk\u00fc kronik stres, kortizol hormonunu sal\u0131n\u0131m\u0131 artar ve sebum \u00fcretimini h\u0131zland\u0131rabilir.<\/p>\n<p><img loading=\"lazy\" decoding=\"async\" class=\"alignnone size-full wp-image-315684\" src=\"https:\/\/www.tgrthaber.com\/mavikadin\/wp-content\/uploads\/2026\/04\/ARZU-83-2.jpg\" alt=\"\u0130nce telli sa\u00e7lar neden \u00e7abuk ya\u011flan\u0131r? Ya\u011fl\u0131 sa\u00e7lar i\u00e7in muhte\u015fem maske!\" width=\"1208\" height=\"680\" title=\"\" srcset=\"https:\/\/www.tgrthaber.com\/mavikadin\/wp-content\/uploads\/2026\/04\/ARZU-83-2.jpg 1208w, https:\/\/www.tgrthaber.com\/mavikadin\/wp-content\/uploads\/2026\/04\/ARZU-83-2-300x169.jpg 300w, https:\/\/www.tgrthaber.com\/mavikadin\/wp-content\/uploads\/2026\/04\/ARZU-83-2-1024x576.jpg 1024w, https:\/\/www.tgrthaber.com\/mavikadin\/wp-content\/uploads\/2026\/04\/ARZU-83-2-768x432.jpg 768w\" sizes=\"(max-width: 1208px) 100vw, 1208px\" \/><\/p>\n<hr \/>\n<p>Beslenme al\u0131\u015fkanl\u0131klar\u0131, sa\u00e7\u0131n \u00e7abuk ya\u011flanmas\u0131na da neden olur. Y\u00fcksek indeksli karbonhidratlar ya da i\u015flenmi\u015f g\u0131dalar, a\u015f\u0131r\u0131 \u015feker gibi durumlar ya\u011f t\u00fcketimini art\u0131r\u0131r. Bu da dolayl\u0131 yoldan sa\u00e7lar\u0131n daha fazla ya\u011flanmas\u0131na neden olur. Ayr\u0131ca fazla \u015fampuan kullanmakta sa\u00e7lar\u0131n ya\u011flanmas\u0131nda denen olabilir. Sa\u00e7lar\u0131 her zaman y\u0131kamak, otomatik olarak her zaman sebum \u00fcretimini art\u0131r\u0131r. Sa\u00e7 serisinin ya\u011flanmas\u0131, v\u00fccudun daha fazla sebum \u00fcretmesine neden olur.<\/p>\n<p><img loading=\"lazy\" decoding=\"async\" class=\"alignnone size-full wp-image-315685\" src=\"https:\/\/www.tgrthaber.com\/mavikadin\/wp-content\/uploads\/2026\/04\/ARZU-82-2.jpg\" alt=\"\u0130nce telli sa\u00e7lar neden \u00e7abuk ya\u011flan\u0131r? Ya\u011fl\u0131 sa\u00e7lar i\u00e7in muhte\u015fem maske!\" width=\"1208\" height=\"680\" title=\"\" srcset=\"https:\/\/www.tgrthaber.com\/mavikadin\/wp-content\/uploads\/2026\/04\/ARZU-82-2.jpg 1208w, https:\/\/www.tgrthaber.com\/mavikadin\/wp-content\/uploads\/2026\/04\/ARZU-82-2-300x169.jpg 300w, https:\/\/www.tgrthaber.com\/mavikadin\/wp-content\/uploads\/2026\/04\/ARZU-82-2-1024x576.jpg 1024w, https:\/\/www.tgrthaber.com\/mavikadin\/wp-content\/uploads\/2026\/04\/ARZU-82-2-768x432.jpg 768w\" sizes=\"(max-width: 1208px) 100vw, 1208px\" \/><\/p>\n<hr \/>\n<p>Bu sebeple e\u011fer ya\u011fl\u0131 bir sa\u00e7\u0131n\u0131z varsa hafta da 2 ya 3 g\u00fcn sonra y\u0131kayabilirsiniz. \u015eampuanlarda bulunan a\u011f\u0131r nemlendiriciler sa\u00e7 diplerini h\u0131zla ya\u011fland\u0131r\u0131r. Bizde ince telli sa\u00e7lar\u0131n ba\u015f\u0131na gelen bu durumlar sonucunda muhte\u015fem sa\u00e7 maskelerini ara\u015ft\u0131rd\u0131k. \u00dcstelik evde bulunan malzemeden bile maske olabiliyor.<\/p>\n<h3><img loading=\"lazy\" decoding=\"async\" class=\"alignnone size-full wp-image-315686\" src=\"https:\/\/www.tgrthaber.com\/mavikadin\/wp-content\/uploads\/2026\/04\/ARZU-81-2.jpg\" alt=\"\u0130nce telli sa\u00e7lar neden \u00e7abuk ya\u011flan\u0131r? Ya\u011fl\u0131 sa\u00e7lar i\u00e7in muhte\u015fem maske!\" width=\"1208\" height=\"680\" title=\"\" srcset=\"https:\/\/www.tgrthaber.com\/mavikadin\/wp-content\/uploads\/2026\/04\/ARZU-81-2.jpg 1208w, https:\/\/www.tgrthaber.com\/mavikadin\/wp-content\/uploads\/2026\/04\/ARZU-81-2-300x169.jpg 300w, https:\/\/www.tgrthaber.com\/mavikadin\/wp-content\/uploads\/2026\/04\/ARZU-81-2-1024x576.jpg 1024w, https:\/\/www.tgrthaber.com\/mavikadin\/wp-content\/uploads\/2026\/04\/ARZU-81-2-768x432.jpg 768w\" sizes=\"(max-width: 1208px) 100vw, 1208px\" \/><\/h3>\n<hr \/>\n<h3>YA\u011eLI SA\u00c7LAR \u0130\u00c7\u0130N MUHTE\u015eEM MASKE!<\/h3>\n<p><strong>Elma Sirkesi<\/strong><\/p>\n<p><strong>Malzemeler:<\/strong><\/p>\n<ul>\n<li>1 su barda\u011f\u0131 su<\/li>\n<li>2 ya da 3 yemek ka\u015f\u0131\u011f\u0131 elma sirkesi<\/li>\n<\/ul>\n<p><img loading=\"lazy\" decoding=\"async\" class=\"alignnone size-full wp-image-315688\" src=\"https:\/\/www.tgrthaber.com\/mavikadin\/wp-content\/uploads\/2026\/04\/ARZU-79-2.jpg\" alt=\"\u0130nce telli sa\u00e7lar neden \u00e7abuk ya\u011flan\u0131r? Ya\u011fl\u0131 sa\u00e7lar i\u00e7in muhte\u015fem maske!\" width=\"1208\" height=\"680\" title=\"\" srcset=\"https:\/\/www.tgrthaber.com\/mavikadin\/wp-content\/uploads\/2026\/04\/ARZU-79-2.jpg 1208w, https:\/\/www.tgrthaber.com\/mavikadin\/wp-content\/uploads\/2026\/04\/ARZU-79-2-300x169.jpg 300w, https:\/\/www.tgrthaber.com\/mavikadin\/wp-content\/uploads\/2026\/04\/ARZU-79-2-1024x576.jpg 1024w, https:\/\/www.tgrthaber.com\/mavikadin\/wp-content\/uploads\/2026\/04\/ARZU-79-2-768x432.jpg 768w\" sizes=\"(max-width: 1208px) 100vw, 1208px\" \/><\/p>\n<hr \/>\n<p><strong>Yap\u0131l\u0131\u015f\u0131:<\/strong><\/p>\n<ul>\n<li>Elma sirkesi maskesi i\u00e7in ilk \u00f6nce bir dardan kadar suyun i\u00e7erisine sirke koyun.<\/li>\n<li>Daha sonra her zaman kulland\u0131\u011f\u0131n\u0131z \u015fampuanla sa\u00e7\u0131n\u0131z\u0131 g\u00fczelce y\u0131kay\u0131n.<\/li>\n<li>Elma sirkeli suyunuzla sa\u00e7\u0131n\u0131z\u0131 iyice de durulay\u0131n.<\/li>\n<li>Birka\u00e7 dakika bekledikten sonra sa\u00e7\u0131n\u0131z\u0131 so\u011fuk su ile tekrardan durulay\u0131n.<\/li>\n<\/ul>\n<p><img loading=\"lazy\" decoding=\"async\" class=\"alignnone size-full wp-image-315687\" src=\"https:\/\/www.tgrthaber.com\/mavikadin\/wp-content\/uploads\/2026\/04\/ARZU-80-2.jpg\" alt=\"\u0130nce telli sa\u00e7lar neden \u00e7abuk ya\u011flan\u0131r? Ya\u011fl\u0131 sa\u00e7lar i\u00e7in muhte\u015fem maske!\" width=\"1208\" height=\"680\" title=\"\" srcset=\"https:\/\/www.tgrthaber.com\/mavikadin\/wp-content\/uploads\/2026\/04\/ARZU-80-2.jpg 1208w, https:\/\/www.tgrthaber.com\/mavikadin\/wp-content\/uploads\/2026\/04\/ARZU-80-2-300x169.jpg 300w, https:\/\/www.tgrthaber.com\/mavikadin\/wp-content\/uploads\/2026\/04\/ARZU-80-2-1024x576.jpg 1024w, https:\/\/www.tgrthaber.com\/mavikadin\/wp-content\/uploads\/2026\/04\/ARZU-80-2-768x432.jpg 768w\" sizes=\"(max-width: 1208px) 100vw, 1208px\" \/><\/p>\n<hr \/>\n<p>Sizinde sa\u00e7lar\u0131n\u0131za da fazla ya\u011f oldu\u011funu d\u00fc\u015f\u00fcm\u00fcyordan\u0131z, bunu kolayl\u0131kla yapabilirsiniz. \u00c7\u00fcnk\u00fc elma sirkesi sayesinde ya\u011flarda bulunan kimyasallar nedeniyle sa\u00e7lar\u0131n\u0131n\u0131z da istenmeyen sonraada pe\u015finde getirir.<\/p>\n","protected":false},"excerpt":{"rendered":"<p>\u0130nce telli sa\u00e7lar \u00e7o\u011fu zaman istenmeyen bir g\u00f6r\u00fcnt\u00fcn\u00fcn meydana gelmesine neden olabilir. \u0130stenmeyen g\u00f6r\u00fcnt\u00fclerle birlikte s\u0131k s\u0131k ya\u011flanma durumunun olmas\u0131yla y\u0131kama gereksinimi do\u011furabilir. Ancak bu durumu ya\u015fayanlar\u0131n tela\u015f yapman\u0131za gerek yok \u00e7\u00fcnk\u00fc ya\u011fl\u0131 sa\u00e7lar i\u00e7in muhte\u015fem maskeyi ara\u015ft\u0131rd\u0131k. \u00d6zellikle de ya\u011fl\u0131 sa\u00e7lar i\u00e7in birebirdir. \u0130\u015fte detaylar&#8230;<\/p>\n","protected":false},"author":34,"featured_media":315682,"comment_status":"closed","ping_status":"closed","sticky":false,"template":"","format":"standard","meta":{"rank_math_lock_modified_date":false,"footnotes":""},"categories":[166],"tags":[74114,74116,73839,74115,9386],"class_list":["post-315678","post","type-post","status-publish","format-standard","has-post-thumbnail","hentry","category-sac-bakimi-sac-uzatma","tag-elma-sirkess","tag-ince-telli","tag-sac-bakimi-ve-sac-uzatma","tag-sas","tag-yagli-sac"],"_links":{"self":[{"href":"https:\/\/www.tgrthaber.com\/mavikadin\/wp-json\/wp\/v2\/posts\/315678"}],"collection":[{"href":"https:\/\/www.tgrthaber.com\/mavikadin\/wp-json\/wp\/v2\/posts"}],"about":[{"href":"https:\/\/www.tgrthaber.com\/mavikadin\/wp-json\/wp\/v2\/types\/post"}],"author":[{"embeddable":true,"href":"https:\/\/www.tgrthaber.com\/mavikadin\/wp-json\/wp\/v2\/users\/34"}],"replies":[{"embeddable":true,"href":"https:\/\/www.tgrthaber.com\/mavikadin\/wp-json\/wp\/v2\/comments?post=315678"}],"version-history":[{"count":2,"href":"https:\/\/www.tgrthaber.com\/mavikadin\/wp-json\/wp\/v2\/posts\/315678\/revisions"}],"predecessor-version":[{"id":315690,"href":"https:\/\/www.tgrthaber.com\/mavikadin\/wp-json\/wp\/v2\/posts\/315678\/revisions\/315690"}],"wp:featuredmedia":[{"embeddable":true,"href":"https:\/\/www.tgrthaber.com\/mavikadin\/wp-json\/wp\/v2\/media\/315682"}],"wp:attachment":[{"href":"https:\/\/www.tgrthaber.com\/mavikadin\/wp-json\/wp\/v2\/media?parent=315678"}],"wp:term":[{"taxonomy":"category","embeddable":true,"href":"https:\/\/www.tgrthaber.com\/mavikadin\/wp-json\/wp\/v2\/categories?post=315678"},{"taxonomy":"post_tag","embeddable":true,"href":"https:\/\/www.tgrthaber.com\/mavikadin\/wp-json\/wp\/v2\/tags?post=315678"}],"curies":[{"name":"wp","href":"https:\/\/api.w.org\/{rel}","templated":true}]}}